{"id":28477,"date":"2016-04-13T10:59:42","date_gmt":"2016-04-13T08:59:42","guid":{"rendered":"http:\/\/hudo.com\/si\/2016\/04\/13\/preminulega-tomaza-pandurja-se-spominjajo-tudi-v-tujini\/"},"modified":"2016-04-14T08:21:53","modified_gmt":"2016-04-14T06:21:53","slug":"preminulega-tomaza-pandurja-se-spominjajo-tudi-v-tujini","status":"publish","type":"post","link":"https:\/\/hudo.com\/si\/aktualno\/preminulega-tomaza-pandurja-se-spominjajo-tudi-v-tujini\/","title":{"rendered":"Preminulega Toma\u017ea Pandurja se spominjajo tudi v tujini"},"content":{"rendered":"<p>Gledali\u0161ki re\u017eiser Toma\u017e Pandur je bil znan po tem, da je po nesoglasjih v slovenskih gledali\u0161kih krogih veliko ustvarjal v tujini. Hrva\u0161ki minister za kulturo Zlatko Hasanbegovi\u0107 je poudaril, da je bil neponovljiva umetni\u0161ka osebnost tudi za hrva\u0161ko gledali\u0161\u010de, igralka Blanca Portillo pa je menila, da je bilo njegovo delo izraz njega samega. Ve\u010d na Svet24.si<\/p>\n","protected":false},"excerpt":{"rendered":"<p>Gledali\u0161ki re\u017eiser Toma\u017e Pandur je bil znan po tem, da je po nesoglasjih v slovenskih gledali\u0161kih krogih veliko ustvarjal v tujini. Hrva\u0161ki minister za kulturo Zlatko Hasanbegovi\u0107 je poudaril, da je bil neponovljiva umetni\u0161ka osebnost tudi za hrva\u0161ko gledali\u0161\u010de, igralka Blanca Portillo pa je menila, da je bilo njegovo delo izraz njega samega. Ve\u010d na Svet24.si<\/p>\n","protected":false},"author":1,"featured_media":0,"comment_status":"closed","ping_status":"closed","sticky":false,"template":"","format":"standard","meta":{"footnotes":""},"categories":[1179],"tags":[],"source":[1705],"supertag":[],"acf":[],"yoast_head":"<!-- This site is optimized with the Yoast SEO plugin v21.3 - https:\/\/yoast.com\/wordpress\/plugins\/seo\/ -->\n<title>Preminulega Toma\u017ea Pandurja se spominjajo tudi v tujini - Hudo Slovenija<\/title>\n<meta name=\"robots\" content=\"index, follow, max-snippet:-1, max-image-preview:large, max-video-preview:-1\" \/>\n<link rel=\"canonical\" href=\"https:\/\/hudo.com\/si\/aktualno\/preminulega-tomaza-pandurja-se-spominjajo-tudi-v-tujini\/\" \/>\n<meta property=\"og:locale\" content=\"sl_SI\" \/>\n<meta property=\"og:type\" content=\"article\" \/>\n<meta property=\"og:title\" content=\"Preminulega Toma\u017ea Pandurja se spominjajo tudi v tujini - Hudo Slovenija\" \/>\n<meta property=\"og:description\" content=\"Gledali\u0161ki re\u017eiser Toma\u017e Pandur je bil znan po tem, da je po nesoglasjih v slovenskih gledali\u0161kih krogih veliko ustvarjal v tujini. Hrva\u0161ki minister za kulturo Zlatko Hasanbegovi\u0107 je poudaril, da je bil neponovljiva umetni\u0161ka osebnost tudi za hrva\u0161ko gledali\u0161\u010de, igralka Blanca Portillo pa je menila, da je bilo njegovo delo izraz njega samega. Ve\u010d na Svet24.si\" \/>\n<meta property=\"og:url\" content=\"https:\/\/hudo.com\/si\/aktualno\/preminulega-tomaza-pandurja-se-spominjajo-tudi-v-tujini\/\" \/>\n<meta property=\"og:site_name\" content=\"Hudo Slovenija\" \/>\n<meta property=\"article:publisher\" content=\"https:\/\/www.facebook.com\/hudo.si\" \/>\n<meta property=\"article:published_time\" content=\"2016-04-13T08:59:42+00:00\" \/>\n<meta property=\"article:modified_time\" content=\"2016-04-14T06:21:53+00:00\" \/>\n<meta property=\"og:image\" content=\"https:\/\/hudo.com\/si\/wp-content\/uploads\/sites\/2\/2016\/04\/c573f9d9925adf8445f77d22212c103c.jpeg\" \/>\n\t<meta property=\"og:image:width\" content=\"800\" \/>\n\t<meta property=\"og:image:height\" content=\"600\" \/>\n\t<meta property=\"og:image:type\" content=\"image\/jpeg\" \/>\n<meta name=\"author\" content=\"hudo\" \/>\n<meta name=\"twitter:card\" content=\"summary_large_image\" \/>\n<meta name=\"twitter:creator\" content=\"@hudo_si\" \/>\n<meta name=\"twitter:site\" content=\"@hudo_si\" \/>\n<meta name=\"twitter:label1\" content=\"Written by\" \/>\n\t<meta name=\"twitter:data1\" content=\"hudo\" \/>\n<script type=\"application\/ld+json\" class=\"yoast-schema-graph\">{\"@context\":\"https:\/\/schema.org\",\"@graph\":[{\"@type\":\"Article\",\"@id\":\"https:\/\/hudo.com\/si\/aktualno\/preminulega-tomaza-pandurja-se-spominjajo-tudi-v-tujini\/#article\",\"isPartOf\":{\"@id\":\"https:\/\/hudo.com\/si\/aktualno\/preminulega-tomaza-pandurja-se-spominjajo-tudi-v-tujini\/\"},\"author\":{\"name\":\"hudo\",\"@id\":\"https:\/\/hudo.com\/si\/#\/schema\/person\/601cf3379633985b20f7e50f2bb47707\"},\"headline\":\"Preminulega Toma\u017ea Pandurja se spominjajo tudi v tujini\",\"datePublished\":\"2016-04-13T08:59:42+00:00\",\"dateModified\":\"2016-04-14T06:21:53+00:00\",\"mainEntityOfPage\":{\"@id\":\"https:\/\/hudo.com\/si\/aktualno\/preminulega-tomaza-pandurja-se-spominjajo-tudi-v-tujini\/\"},\"wordCount\":73,\"publisher\":{\"@id\":\"https:\/\/hudo.com\/si\/#organization\"},\"articleSection\":[\"Aktualno\"],\"inLanguage\":\"sl-SI\"},{\"@type\":\"WebPage\",\"@id\":\"https:\/\/hudo.com\/si\/aktualno\/preminulega-tomaza-pandurja-se-spominjajo-tudi-v-tujini\/\",\"url\":\"https:\/\/hudo.com\/si\/aktualno\/preminulega-tomaza-pandurja-se-spominjajo-tudi-v-tujini\/\",\"name\":\"Preminulega Toma\u017ea Pandurja se spominjajo tudi v tujini - Hudo Slovenija\",\"isPartOf\":{\"@id\":\"https:\/\/hudo.com\/si\/#website\"},\"datePublished\":\"2016-04-13T08:59:42+00:00\",\"dateModified\":\"2016-04-14T06:21:53+00:00\",\"breadcrumb\":{\"@id\":\"https:\/\/hudo.com\/si\/aktualno\/preminulega-tomaza-pandurja-se-spominjajo-tudi-v-tujini\/#breadcrumb\"},\"inLanguage\":\"sl-SI\",\"potentialAction\":[{\"@type\":\"ReadAction\",\"target\":[\"https:\/\/hudo.com\/si\/aktualno\/preminulega-tomaza-pandurja-se-spominjajo-tudi-v-tujini\/\"]}]},{\"@type\":\"BreadcrumbList\",\"@id\":\"https:\/\/hudo.com\/si\/aktualno\/preminulega-tomaza-pandurja-se-spominjajo-tudi-v-tujini\/#breadcrumb\",\"itemListElement\":[{\"@type\":\"ListItem\",\"position\":1,\"name\":\"Home\",\"item\":\"https:\/\/hudo.com\/si\/\"},{\"@type\":\"ListItem\",\"position\":2,\"name\":\"Preminulega Toma\u017ea Pandurja se spominjajo tudi v tujini\"}]},{\"@type\":\"WebSite\",\"@id\":\"https:\/\/hudo.com\/si\/#website\",\"url\":\"https:\/\/hudo.com\/si\/\",\"name\":\"Hudo Slovenija\",\"description\":\"Vse novice iz Slovenije in sveta\",\"publisher\":{\"@id\":\"https:\/\/hudo.com\/si\/#organization\"},\"potentialAction\":[{\"@type\":\"SearchAction\",\"target\":{\"@type\":\"EntryPoint\",\"urlTemplate\":\"https:\/\/hudo.com\/si\/?s={search_term_string}\"},\"query-input\":\"required name=search_term_string\"}],\"inLanguage\":\"sl-SI\"},{\"@type\":\"Organization\",\"@id\":\"https:\/\/hudo.com\/si\/#organization\",\"name\":\"VSN Media\",\"url\":\"https:\/\/hudo.com\/si\/\",\"logo\":{\"@type\":\"ImageObject\",\"inLanguage\":\"sl-SI\",\"@id\":\"https:\/\/hudo.com\/si\/#\/schema\/logo\/image\/\",\"url\":\"https:\/\/hudo.com\/si\/wp-content\/uploads\/sites\/2\/2021\/03\/hudo-app-2.png\",\"contentUrl\":\"https:\/\/hudo.com\/si\/wp-content\/uploads\/sites\/2\/2021\/03\/hudo-app-2.png\",\"width\":2185,\"height\":2167,\"caption\":\"VSN Media\"},\"image\":{\"@id\":\"https:\/\/hudo.com\/si\/#\/schema\/logo\/image\/\"},\"sameAs\":[\"https:\/\/www.facebook.com\/hudo.si\",\"https:\/\/twitter.com\/hudo_si\"]},{\"@type\":\"Person\",\"@id\":\"https:\/\/hudo.com\/si\/#\/schema\/person\/601cf3379633985b20f7e50f2bb47707\",\"name\":\"hudo\",\"image\":{\"@type\":\"ImageObject\",\"inLanguage\":\"sl-SI\",\"@id\":\"https:\/\/hudo.com\/si\/#\/schema\/person\/image\/\",\"url\":\"https:\/\/secure.gravatar.com\/avatar\/c4ca25fa72cace7a696b52ff5db9e095?s=96&d=mm&r=g\",\"contentUrl\":\"https:\/\/secure.gravatar.com\/avatar\/c4ca25fa72cace7a696b52ff5db9e095?s=96&d=mm&r=g\",\"caption\":\"hudo\"},\"url\":\"https:\/\/hudo.com\/si\/author\/hudo\/\"}]}<\/script>\n<!-- \/ Yoast SEO plugin. -->","yoast_head_json":{"title":"Preminulega Toma\u017ea Pandurja se spominjajo tudi v tujini - Hudo Slovenija","robots":{"index":"index","follow":"follow","max-snippet":"max-snippet:-1","max-image-preview":"max-image-preview:large","max-video-preview":"max-video-preview:-1"},"canonical":"https:\/\/hudo.com\/si\/aktualno\/preminulega-tomaza-pandurja-se-spominjajo-tudi-v-tujini\/","og_locale":"sl_SI","og_type":"article","og_title":"Preminulega Toma\u017ea Pandurja se spominjajo tudi v tujini - Hudo Slovenija","og_description":"Gledali\u0161ki re\u017eiser Toma\u017e Pandur je bil znan po tem, da je po nesoglasjih v slovenskih gledali\u0161kih krogih veliko ustvarjal v tujini. Hrva\u0161ki minister za kulturo Zlatko Hasanbegovi\u0107 je poudaril, da je bil neponovljiva umetni\u0161ka osebnost tudi za hrva\u0161ko gledali\u0161\u010de, igralka Blanca Portillo pa je menila, da je bilo njegovo delo izraz njega samega. Ve\u010d na Svet24.si","og_url":"https:\/\/hudo.com\/si\/aktualno\/preminulega-tomaza-pandurja-se-spominjajo-tudi-v-tujini\/","og_site_name":"Hudo Slovenija","article_publisher":"https:\/\/www.facebook.com\/hudo.si","article_published_time":"2016-04-13T08:59:42+00:00","article_modified_time":"2016-04-14T06:21:53+00:00","og_image":[{"width":800,"height":600,"url":"https:\/\/hudo.com\/si\/wp-content\/uploads\/sites\/2\/2016\/04\/c573f9d9925adf8445f77d22212c103c.jpeg","type":"image\/jpeg"}],"author":"hudo","twitter_card":"summary_large_image","twitter_creator":"@hudo_si","twitter_site":"@hudo_si","twitter_misc":{"Written by":"hudo"},"schema":{"@context":"https:\/\/schema.org","@graph":[{"@type":"Article","@id":"https:\/\/hudo.com\/si\/aktualno\/preminulega-tomaza-pandurja-se-spominjajo-tudi-v-tujini\/#article","isPartOf":{"@id":"https:\/\/hudo.com\/si\/aktualno\/preminulega-tomaza-pandurja-se-spominjajo-tudi-v-tujini\/"},"author":{"name":"hudo","@id":"https:\/\/hudo.com\/si\/#\/schema\/person\/601cf3379633985b20f7e50f2bb47707"},"headline":"Preminulega Toma\u017ea Pandurja se spominjajo tudi v tujini","datePublished":"2016-04-13T08:59:42+00:00","dateModified":"2016-04-14T06:21:53+00:00","mainEntityOfPage":{"@id":"https:\/\/hudo.com\/si\/aktualno\/preminulega-tomaza-pandurja-se-spominjajo-tudi-v-tujini\/"},"wordCount":73,"publisher":{"@id":"https:\/\/hudo.com\/si\/#organization"},"articleSection":["Aktualno"],"inLanguage":"sl-SI"},{"@type":"WebPage","@id":"https:\/\/hudo.com\/si\/aktualno\/preminulega-tomaza-pandurja-se-spominjajo-tudi-v-tujini\/","url":"https:\/\/hudo.com\/si\/aktualno\/preminulega-tomaza-pandurja-se-spominjajo-tudi-v-tujini\/","name":"Preminulega Toma\u017ea Pandurja se spominjajo tudi v tujini - Hudo Slovenija","isPartOf":{"@id":"https:\/\/hudo.com\/si\/#website"},"datePublished":"2016-04-13T08:59:42+00:00","dateModified":"2016-04-14T06:21:53+00:00","breadcrumb":{"@id":"https:\/\/hudo.com\/si\/aktualno\/preminulega-tomaza-pandurja-se-spominjajo-tudi-v-tujini\/#breadcrumb"},"inLanguage":"sl-SI","potentialAction":[{"@type":"ReadAction","target":["https:\/\/hudo.com\/si\/aktualno\/preminulega-tomaza-pandurja-se-spominjajo-tudi-v-tujini\/"]}]},{"@type":"BreadcrumbList","@id":"https:\/\/hudo.com\/si\/aktualno\/preminulega-tomaza-pandurja-se-spominjajo-tudi-v-tujini\/#breadcrumb","itemListElement":[{"@type":"ListItem","position":1,"name":"Home","item":"https:\/\/hudo.com\/si\/"},{"@type":"ListItem","position":2,"name":"Preminulega Toma\u017ea Pandurja se spominjajo tudi v tujini"}]},{"@type":"WebSite","@id":"https:\/\/hudo.com\/si\/#website","url":"https:\/\/hudo.com\/si\/","name":"Hudo Slovenija","description":"Vse novice iz Slovenije in sveta","publisher":{"@id":"https:\/\/hudo.com\/si\/#organization"},"potentialAction":[{"@type":"SearchAction","target":{"@type":"EntryPoint","urlTemplate":"https:\/\/hudo.com\/si\/?s={search_term_string}"},"query-input":"required name=search_term_string"}],"inLanguage":"sl-SI"},{"@type":"Organization","@id":"https:\/\/hudo.com\/si\/#organization","name":"VSN Media","url":"https:\/\/hudo.com\/si\/","logo":{"@type":"ImageObject","inLanguage":"sl-SI","@id":"https:\/\/hudo.com\/si\/#\/schema\/logo\/image\/","url":"https:\/\/hudo.com\/si\/wp-content\/uploads\/sites\/2\/2021\/03\/hudo-app-2.png","contentUrl":"https:\/\/hudo.com\/si\/wp-content\/uploads\/sites\/2\/2021\/03\/hudo-app-2.png","width":2185,"height":2167,"caption":"VSN Media"},"image":{"@id":"https:\/\/hudo.com\/si\/#\/schema\/logo\/image\/"},"sameAs":["https:\/\/www.facebook.com\/hudo.si","https:\/\/twitter.com\/hudo_si"]},{"@type":"Person","@id":"https:\/\/hudo.com\/si\/#\/schema\/person\/601cf3379633985b20f7e50f2bb47707","name":"hudo","image":{"@type":"ImageObject","inLanguage":"sl-SI","@id":"https:\/\/hudo.com\/si\/#\/schema\/person\/image\/","url":"https:\/\/secure.gravatar.com\/avatar\/c4ca25fa72cace7a696b52ff5db9e095?s=96&d=mm&r=g","contentUrl":"https:\/\/secure.gravatar.com\/avatar\/c4ca25fa72cace7a696b52ff5db9e095?s=96&d=mm&r=g","caption":"hudo"},"url":"https:\/\/hudo.com\/si\/author\/hudo\/"}]}},"amp_enabled":true,"_links":{"self":[{"href":"https:\/\/hudo.com\/si\/wp-json\/wp\/v2\/posts\/28477"}],"collection":[{"href":"https:\/\/hudo.com\/si\/wp-json\/wp\/v2\/posts"}],"about":[{"href":"https:\/\/hudo.com\/si\/wp-json\/wp\/v2\/types\/post"}],"author":[{"embeddable":true,"href":"https:\/\/hudo.com\/si\/wp-json\/wp\/v2\/users\/1"}],"replies":[{"embeddable":true,"href":"https:\/\/hudo.com\/si\/wp-json\/wp\/v2\/comments?post=28477"}],"version-history":[{"count":1,"href":"https:\/\/hudo.com\/si\/wp-json\/wp\/v2\/posts\/28477\/revisions"}],"predecessor-version":[{"id":28555,"href":"https:\/\/hudo.com\/si\/wp-json\/wp\/v2\/posts\/28477\/revisions\/28555"}],"wp:attachment":[{"href":"https:\/\/hudo.com\/si\/wp-json\/wp\/v2\/media?parent=28477"}],"wp:term":[{"taxonomy":"category","embeddable":true,"href":"https:\/\/hudo.com\/si\/wp-json\/wp\/v2\/categories?post=28477"},{"taxonomy":"post_tag","embeddable":true,"href":"https:\/\/hudo.com\/si\/wp-json\/wp\/v2\/tags?post=28477"},{"taxonomy":"source","embeddable":true,"href":"https:\/\/hudo.com\/si\/wp-json\/wp\/v2\/source?post=28477"},{"taxonomy":"supertag","embeddable":true,"href":"https:\/\/hudo.com\/si\/wp-json\/wp\/v2\/supertag?post=28477"}],"curies":[{"name":"wp","href":"https:\/\/api.w.org\/{rel}","templated":true}]}}