{"id":285022,"date":"2017-08-07T16:12:13","date_gmt":"2017-08-07T14:12:13","guid":{"rendered":"http:\/\/hudo.com\/si\/?p=285022"},"modified":"2017-08-07T16:12:13","modified_gmt":"2017-08-07T14:12:13","slug":"policisti-obravnavajo-smrt-29-letnika-v-mariborskih-zaporih","status":"publish","type":"post","link":"https:\/\/hudo.com\/si\/aktualno\/policisti-obravnavajo-smrt-29-letnika-v-mariborskih-zaporih\/","title":{"rendered":"Policisti obravnavajo smrt 29-letnika v mariborskih zaporih"},"content":{"rendered":"<div class=\"text\">\n<p>Na Upravi RS za izvr\u0161evanje kazenskih sankcij pa so za STA povedali, da je bil pripornik v petek za nekaj ur hospitaliziran v mariborskem klini\u010dnem centru, v ve\u010dernih urah pa odpu\u0161\u010den in vrnjen nazaj v pripor.<\/p>\n<p>&#8220;Vzrok smrti bo pokazala sodna obdukcija, po doslej znanih okoli\u0161\u010dinah pa gre za naravno smrt,&#8221; so \u0161e dejali na omenjeni upravi.<\/p>\n<p>Po poro\u010danju \u010dasnika Ve\u010der gre za 29-letnika, ki je osumljen, da je junija letos na Dogo\u0161ki cesti v Mariboru z no\u017eem poskusil ubiti svoje dekle.<\/p>\n<\/div>\n","protected":false},"excerpt":{"rendered":"<p>Mariborski policisti obravnavajo smrt 29-letnika, ki je v mariborskih zaporih umrl v soboto. Kot so za STA danes povedali na Policijski upravi Maribor, je preiskovalna sodnica odredila sodno obdukcijo, dosedanja kriminalisti\u010dna preiskava pa ni potrdila razlogov za sum, da je bilo storjeno kaznivo dejanja. Preiskava se nadaljuje.<\/p>\n","protected":false},"author":5,"featured_media":153210,"comment_status":"closed","ping_status":"closed","sticky":false,"template":"","format":"standard","meta":{"footnotes":""},"categories":[1179],"tags":[1595,1650,2160],"source":[4511],"supertag":[7150],"acf":[],"yoast_head":"<!-- This site is optimized with the Yoast SEO plugin v21.3 - https:\/\/yoast.com\/wordpress\/plugins\/seo\/ -->\n<title>Policisti obravnavajo smrt 29-letnika v mariborskih zaporih - Hudo Slovenija<\/title>\n<meta name=\"robots\" content=\"index, follow, max-snippet:-1, max-image-preview:large, max-video-preview:-1\" \/>\n<link rel=\"canonical\" href=\"https:\/\/hudo.com\/si\/aktualno\/policisti-obravnavajo-smrt-29-letnika-v-mariborskih-zaporih\/\" \/>\n<meta property=\"og:locale\" content=\"sl_SI\" \/>\n<meta property=\"og:type\" content=\"article\" \/>\n<meta property=\"og:title\" content=\"Policisti obravnavajo smrt 29-letnika v mariborskih zaporih - Hudo Slovenija\" \/>\n<meta property=\"og:description\" content=\"Mariborski policisti obravnavajo smrt 29-letnika, ki je v mariborskih zaporih umrl v soboto. Kot so za STA danes povedali na Policijski upravi Maribor, je preiskovalna sodnica odredila sodno obdukcijo, dosedanja kriminalisti\u010dna preiskava pa ni potrdila razlogov za sum, da je bilo storjeno kaznivo dejanja. Preiskava se nadaljuje.\" \/>\n<meta property=\"og:url\" content=\"https:\/\/hudo.com\/si\/aktualno\/policisti-obravnavajo-smrt-29-letnika-v-mariborskih-zaporih\/\" \/>\n<meta property=\"og:site_name\" content=\"Hudo Slovenija\" \/>\n<meta property=\"article:publisher\" content=\"https:\/\/www.facebook.com\/hudo.si\" \/>\n<meta property=\"article:published_time\" content=\"2017-08-07T14:12:13+00:00\" \/>\n<meta property=\"og:image\" content=\"https:\/\/hudo.com\/si\/wp-content\/uploads\/sites\/2\/2016\/10\/profimedia-0202432859.jpg\" \/>\n\t<meta property=\"og:image:width\" content=\"1250\" \/>\n\t<meta property=\"og:image:height\" content=\"1250\" \/>\n\t<meta property=\"og:image:type\" content=\"image\/jpeg\" \/>\n<meta name=\"author\" content=\"A. G., STA\" \/>\n<meta name=\"twitter:card\" content=\"summary_large_image\" \/>\n<meta name=\"twitter:creator\" content=\"@hudo_si\" \/>\n<meta name=\"twitter:site\" content=\"@hudo_si\" \/>\n<meta name=\"twitter:label1\" content=\"Written by\" \/>\n\t<meta name=\"twitter:data1\" content=\"A. G., STA\" \/>\n<script type=\"application\/ld+json\" class=\"yoast-schema-graph\">{\"@context\":\"https:\/\/schema.org\",\"@graph\":[{\"@type\":\"Article\",\"@id\":\"https:\/\/hudo.com\/si\/aktualno\/policisti-obravnavajo-smrt-29-letnika-v-mariborskih-zaporih\/#article\",\"isPartOf\":{\"@id\":\"https:\/\/hudo.com\/si\/aktualno\/policisti-obravnavajo-smrt-29-letnika-v-mariborskih-zaporih\/\"},\"author\":{\"name\":\"A. G., STA\",\"@id\":\"https:\/\/hudo.com\/si\/#\/schema\/person\/2391667a63ea075ba94f2f2dc6b77537\"},\"headline\":\"Policisti obravnavajo smrt 29-letnika v mariborskih zaporih\",\"datePublished\":\"2017-08-07T14:12:13+00:00\",\"dateModified\":\"2017-08-07T14:12:13+00:00\",\"mainEntityOfPage\":{\"@id\":\"https:\/\/hudo.com\/si\/aktualno\/policisti-obravnavajo-smrt-29-letnika-v-mariborskih-zaporih\/\"},\"wordCount\":98,\"publisher\":{\"@id\":\"https:\/\/hudo.com\/si\/#organization\"},\"keywords\":[\"Slovenija\",\"smrt\",\"zapor\"],\"articleSection\":[\"Aktualno\"],\"inLanguage\":\"sl-SI\"},{\"@type\":\"WebPage\",\"@id\":\"https:\/\/hudo.com\/si\/aktualno\/policisti-obravnavajo-smrt-29-letnika-v-mariborskih-zaporih\/\",\"url\":\"https:\/\/hudo.com\/si\/aktualno\/policisti-obravnavajo-smrt-29-letnika-v-mariborskih-zaporih\/\",\"name\":\"Policisti obravnavajo smrt 29-letnika v mariborskih zaporih - Hudo Slovenija\",\"isPartOf\":{\"@id\":\"https:\/\/hudo.com\/si\/#website\"},\"datePublished\":\"2017-08-07T14:12:13+00:00\",\"dateModified\":\"2017-08-07T14:12:13+00:00\",\"breadcrumb\":{\"@id\":\"https:\/\/hudo.com\/si\/aktualno\/policisti-obravnavajo-smrt-29-letnika-v-mariborskih-zaporih\/#breadcrumb\"},\"inLanguage\":\"sl-SI\",\"potentialAction\":[{\"@type\":\"ReadAction\",\"target\":[\"https:\/\/hudo.com\/si\/aktualno\/policisti-obravnavajo-smrt-29-letnika-v-mariborskih-zaporih\/\"]}]},{\"@type\":\"BreadcrumbList\",\"@id\":\"https:\/\/hudo.com\/si\/aktualno\/policisti-obravnavajo-smrt-29-letnika-v-mariborskih-zaporih\/#breadcrumb\",\"itemListElement\":[{\"@type\":\"ListItem\",\"position\":1,\"name\":\"Home\",\"item\":\"https:\/\/hudo.com\/si\/\"},{\"@type\":\"ListItem\",\"position\":2,\"name\":\"Policisti obravnavajo smrt 29-letnika v mariborskih zaporih\"}]},{\"@type\":\"WebSite\",\"@id\":\"https:\/\/hudo.com\/si\/#website\",\"url\":\"https:\/\/hudo.com\/si\/\",\"name\":\"Hudo Slovenija\",\"description\":\"Vse novice iz Slovenije in sveta\",\"publisher\":{\"@id\":\"https:\/\/hudo.com\/si\/#organization\"},\"potentialAction\":[{\"@type\":\"SearchAction\",\"target\":{\"@type\":\"EntryPoint\",\"urlTemplate\":\"https:\/\/hudo.com\/si\/?s={search_term_string}\"},\"query-input\":\"required name=search_term_string\"}],\"inLanguage\":\"sl-SI\"},{\"@type\":\"Organization\",\"@id\":\"https:\/\/hudo.com\/si\/#organization\",\"name\":\"VSN Media\",\"url\":\"https:\/\/hudo.com\/si\/\",\"logo\":{\"@type\":\"ImageObject\",\"inLanguage\":\"sl-SI\",\"@id\":\"https:\/\/hudo.com\/si\/#\/schema\/logo\/image\/\",\"url\":\"https:\/\/hudo.com\/si\/wp-content\/uploads\/sites\/2\/2021\/03\/hudo-app-2.png\",\"contentUrl\":\"https:\/\/hudo.com\/si\/wp-content\/uploads\/sites\/2\/2021\/03\/hudo-app-2.png\",\"width\":2185,\"height\":2167,\"caption\":\"VSN Media\"},\"image\":{\"@id\":\"https:\/\/hudo.com\/si\/#\/schema\/logo\/image\/\"},\"sameAs\":[\"https:\/\/www.facebook.com\/hudo.si\",\"https:\/\/twitter.com\/hudo_si\"]},{\"@type\":\"Person\",\"@id\":\"https:\/\/hudo.com\/si\/#\/schema\/person\/2391667a63ea075ba94f2f2dc6b77537\",\"name\":\"A. G., STA\",\"image\":{\"@type\":\"ImageObject\",\"inLanguage\":\"sl-SI\",\"@id\":\"https:\/\/hudo.com\/si\/#\/schema\/person\/image\/\",\"url\":\"https:\/\/secure.gravatar.com\/avatar\/e13d22ac3e442658d5025fbbe6238a79?s=96&d=mm&r=g\",\"contentUrl\":\"https:\/\/secure.gravatar.com\/avatar\/e13d22ac3e442658d5025fbbe6238a79?s=96&d=mm&r=g\",\"caption\":\"A. G., STA\"},\"url\":\"https:\/\/hudo.com\/si\/author\/alenka\/\"}]}<\/script>\n<!-- \/ Yoast SEO plugin. -->","yoast_head_json":{"title":"Policisti obravnavajo smrt 29-letnika v mariborskih zaporih - Hudo Slovenija","robots":{"index":"index","follow":"follow","max-snippet":"max-snippet:-1","max-image-preview":"max-image-preview:large","max-video-preview":"max-video-preview:-1"},"canonical":"https:\/\/hudo.com\/si\/aktualno\/policisti-obravnavajo-smrt-29-letnika-v-mariborskih-zaporih\/","og_locale":"sl_SI","og_type":"article","og_title":"Policisti obravnavajo smrt 29-letnika v mariborskih zaporih - Hudo Slovenija","og_description":"Mariborski policisti obravnavajo smrt 29-letnika, ki je v mariborskih zaporih umrl v soboto. Kot so za STA danes povedali na Policijski upravi Maribor, je preiskovalna sodnica odredila sodno obdukcijo, dosedanja kriminalisti\u010dna preiskava pa ni potrdila razlogov za sum, da je bilo storjeno kaznivo dejanja. Preiskava se nadaljuje.","og_url":"https:\/\/hudo.com\/si\/aktualno\/policisti-obravnavajo-smrt-29-letnika-v-mariborskih-zaporih\/","og_site_name":"Hudo Slovenija","article_publisher":"https:\/\/www.facebook.com\/hudo.si","article_published_time":"2017-08-07T14:12:13+00:00","og_image":[{"width":1250,"height":1250,"url":"https:\/\/hudo.com\/si\/wp-content\/uploads\/sites\/2\/2016\/10\/profimedia-0202432859.jpg","type":"image\/jpeg"}],"author":"A. G., STA","twitter_card":"summary_large_image","twitter_creator":"@hudo_si","twitter_site":"@hudo_si","twitter_misc":{"Written by":"A. G., STA"},"schema":{"@context":"https:\/\/schema.org","@graph":[{"@type":"Article","@id":"https:\/\/hudo.com\/si\/aktualno\/policisti-obravnavajo-smrt-29-letnika-v-mariborskih-zaporih\/#article","isPartOf":{"@id":"https:\/\/hudo.com\/si\/aktualno\/policisti-obravnavajo-smrt-29-letnika-v-mariborskih-zaporih\/"},"author":{"name":"A. G., STA","@id":"https:\/\/hudo.com\/si\/#\/schema\/person\/2391667a63ea075ba94f2f2dc6b77537"},"headline":"Policisti obravnavajo smrt 29-letnika v mariborskih zaporih","datePublished":"2017-08-07T14:12:13+00:00","dateModified":"2017-08-07T14:12:13+00:00","mainEntityOfPage":{"@id":"https:\/\/hudo.com\/si\/aktualno\/policisti-obravnavajo-smrt-29-letnika-v-mariborskih-zaporih\/"},"wordCount":98,"publisher":{"@id":"https:\/\/hudo.com\/si\/#organization"},"keywords":["Slovenija","smrt","zapor"],"articleSection":["Aktualno"],"inLanguage":"sl-SI"},{"@type":"WebPage","@id":"https:\/\/hudo.com\/si\/aktualno\/policisti-obravnavajo-smrt-29-letnika-v-mariborskih-zaporih\/","url":"https:\/\/hudo.com\/si\/aktualno\/policisti-obravnavajo-smrt-29-letnika-v-mariborskih-zaporih\/","name":"Policisti obravnavajo smrt 29-letnika v mariborskih zaporih - Hudo Slovenija","isPartOf":{"@id":"https:\/\/hudo.com\/si\/#website"},"datePublished":"2017-08-07T14:12:13+00:00","dateModified":"2017-08-07T14:12:13+00:00","breadcrumb":{"@id":"https:\/\/hudo.com\/si\/aktualno\/policisti-obravnavajo-smrt-29-letnika-v-mariborskih-zaporih\/#breadcrumb"},"inLanguage":"sl-SI","potentialAction":[{"@type":"ReadAction","target":["https:\/\/hudo.com\/si\/aktualno\/policisti-obravnavajo-smrt-29-letnika-v-mariborskih-zaporih\/"]}]},{"@type":"BreadcrumbList","@id":"https:\/\/hudo.com\/si\/aktualno\/policisti-obravnavajo-smrt-29-letnika-v-mariborskih-zaporih\/#breadcrumb","itemListElement":[{"@type":"ListItem","position":1,"name":"Home","item":"https:\/\/hudo.com\/si\/"},{"@type":"ListItem","position":2,"name":"Policisti obravnavajo smrt 29-letnika v mariborskih zaporih"}]},{"@type":"WebSite","@id":"https:\/\/hudo.com\/si\/#website","url":"https:\/\/hudo.com\/si\/","name":"Hudo Slovenija","description":"Vse novice iz Slovenije in sveta","publisher":{"@id":"https:\/\/hudo.com\/si\/#organization"},"potentialAction":[{"@type":"SearchAction","target":{"@type":"EntryPoint","urlTemplate":"https:\/\/hudo.com\/si\/?s={search_term_string}"},"query-input":"required name=search_term_string"}],"inLanguage":"sl-SI"},{"@type":"Organization","@id":"https:\/\/hudo.com\/si\/#organization","name":"VSN Media","url":"https:\/\/hudo.com\/si\/","logo":{"@type":"ImageObject","inLanguage":"sl-SI","@id":"https:\/\/hudo.com\/si\/#\/schema\/logo\/image\/","url":"https:\/\/hudo.com\/si\/wp-content\/uploads\/sites\/2\/2021\/03\/hudo-app-2.png","contentUrl":"https:\/\/hudo.com\/si\/wp-content\/uploads\/sites\/2\/2021\/03\/hudo-app-2.png","width":2185,"height":2167,"caption":"VSN Media"},"image":{"@id":"https:\/\/hudo.com\/si\/#\/schema\/logo\/image\/"},"sameAs":["https:\/\/www.facebook.com\/hudo.si","https:\/\/twitter.com\/hudo_si"]},{"@type":"Person","@id":"https:\/\/hudo.com\/si\/#\/schema\/person\/2391667a63ea075ba94f2f2dc6b77537","name":"A. G., STA","image":{"@type":"ImageObject","inLanguage":"sl-SI","@id":"https:\/\/hudo.com\/si\/#\/schema\/person\/image\/","url":"https:\/\/secure.gravatar.com\/avatar\/e13d22ac3e442658d5025fbbe6238a79?s=96&d=mm&r=g","contentUrl":"https:\/\/secure.gravatar.com\/avatar\/e13d22ac3e442658d5025fbbe6238a79?s=96&d=mm&r=g","caption":"A. G., STA"},"url":"https:\/\/hudo.com\/si\/author\/alenka\/"}]}},"amp_enabled":true,"_links":{"self":[{"href":"https:\/\/hudo.com\/si\/wp-json\/wp\/v2\/posts\/285022"}],"collection":[{"href":"https:\/\/hudo.com\/si\/wp-json\/wp\/v2\/posts"}],"about":[{"href":"https:\/\/hudo.com\/si\/wp-json\/wp\/v2\/types\/post"}],"author":[{"embeddable":true,"href":"https:\/\/hudo.com\/si\/wp-json\/wp\/v2\/users\/5"}],"replies":[{"embeddable":true,"href":"https:\/\/hudo.com\/si\/wp-json\/wp\/v2\/comments?post=285022"}],"version-history":[{"count":1,"href":"https:\/\/hudo.com\/si\/wp-json\/wp\/v2\/posts\/285022\/revisions"}],"predecessor-version":[{"id":285043,"href":"https:\/\/hudo.com\/si\/wp-json\/wp\/v2\/posts\/285022\/revisions\/285043"}],"wp:featuredmedia":[{"embeddable":true,"href":"https:\/\/hudo.com\/si\/wp-json\/wp\/v2\/media\/153210"}],"wp:attachment":[{"href":"https:\/\/hudo.com\/si\/wp-json\/wp\/v2\/media?parent=285022"}],"wp:term":[{"taxonomy":"category","embeddable":true,"href":"https:\/\/hudo.com\/si\/wp-json\/wp\/v2\/categories?post=285022"},{"taxonomy":"post_tag","embeddable":true,"href":"https:\/\/hudo.com\/si\/wp-json\/wp\/v2\/tags?post=285022"},{"taxonomy":"source","embeddable":true,"href":"https:\/\/hudo.com\/si\/wp-json\/wp\/v2\/source?post=285022"},{"taxonomy":"supertag","embeddable":true,"href":"https:\/\/hudo.com\/si\/wp-json\/wp\/v2\/supertag?post=285022"}],"curies":[{"name":"wp","href":"https:\/\/api.w.org\/{rel}","templated":true}]}}