{"id":28536,"date":"2016-04-13T11:55:00","date_gmt":"2016-04-13T09:55:00","guid":{"rendered":"http:\/\/hudo.com\/si\/2016\/04\/13\/vodstvo-tesa-bi-se-poslovilo-od-92-zaposlenih\/"},"modified":"2016-04-13T11:55:00","modified_gmt":"2016-04-13T09:55:00","slug":"vodstvo-tesa-bi-se-poslovilo-od-92-zaposlenih","status":"publish","type":"post","link":"https:\/\/hudo.com\/si\/aktualno\/vodstvo-tesa-bi-se-poslovilo-od-92-zaposlenih\/","title":{"rendered":"Vodstvo Te\u0161a bi se poslovilo od 92 zaposlenih"},"content":{"rendered":"<p>Kategorija: Podjetja Wed, 13 Apr 2016 13:55:00 +0200  \u0160o\u0161tanj \u2212 Direktor Termoelektrarne \u0160o\u0161tanj (Te\u0161) Arman Koritnik je danes podjetni\u0161kemu sindikatu predstavil program prese\u017eenih delavcev, v katerem se je zna\u0161lo 118 zaposlenih. Kot je za STA povedal podpredsednik podjetni\u0161kega sindikata Marko Pe\u010dovnik, se vodstvo Te\u0161a zavzema, da bi 92 delavcev dru\u017ebo zapustilo, 26 pa bi jih prezaposlili znotraj podjetja. Pe\u010dovnik je pojasnil, da bi Te\u0161 26 zaposlenim ponudil prerazporeditev na druga delovna mesta znotraj dru\u017ebe, 92 pa bi jih bodisi odpustili bodisi prezaposlili k drugim delodajalcem. Napovedal je, da bo podjetni\u0161ki sindikat, ki je program prese\u017enih delavcev prejel v petek, do konca tega tedna ugotavljal morebitne nepravilnosti pri oblikovanju programa. \u010ce bodo ugotovili kakr\u0161nekoli nepravilnosti, bodo spro\u017eili arbitra\u017eni postopek. V podjetni\u0161kem sindikatu si sicer prizadevajo, da se zaposleni v Te\u0161u prerazporedijo tako, da bodo vsi imeli slu\u017ebo in da ne bo tehnolo\u0161kih\u00a0&#8230;<\/p>\n","protected":false},"excerpt":{"rendered":"<p>Kategorija: Podjetja Wed, 13 Apr 2016 13:55:00 +0200  \u0160o\u0161tanj \u2212 Direktor Termoelektrarne \u0160o\u0161tanj (Te\u0161) Arman Koritnik je danes podjetni\u0161kemu sindikatu predstavil program prese\u017eenih delavcev, v katerem se je zna\u0161lo 118 zaposlenih. Kot je za STA povedal podpredsednik podjetni\u0161kega sindikata Marko Pe\u010dovnik, se vodstvo Te\u0161a zavzema, da bi 92 delavcev dru\u017ebo zapustilo, 26 pa bi jih prezaposlili znotraj podjetja. Pe\u010dovnik je pojasnil, da bi Te\u0161 26 zaposlenim ponudil prerazporeditev na druga delovna mesta znotraj dru\u017ebe, 92 pa bi jih bodisi odpustili bodisi prezaposlili k drugim delodajalcem. Napovedal je, da bo podjetni\u0161ki sindikat, ki je program prese\u017enih delavcev prejel v petek, do konca tega tedna ugotavljal morebitne nepravilnosti pri oblikovanju programa. \u010ce bodo ugotovili kakr\u0161nekoli nepravilnosti, bodo spro\u017eili arbitra\u017eni postopek. V podjetni\u0161kem sindikatu si sicer prizadevajo, da se zaposleni v Te\u0161u prerazporedijo tako, da bodo vsi imeli slu\u017ebo in da ne bo tehnolo\u0161kih\u00a0&#8230;<\/p>\n","protected":false},"author":1,"featured_media":0,"comment_status":"closed","ping_status":"closed","sticky":false,"template":"","format":"standard","meta":{"footnotes":""},"categories":[1179],"tags":[],"source":[4511],"supertag":[],"acf":[],"yoast_head":"<!-- This site is optimized with the Yoast SEO plugin v21.3 - https:\/\/yoast.com\/wordpress\/plugins\/seo\/ -->\n<title>Vodstvo Te\u0161a bi se poslovilo od 92 zaposlenih - Hudo Slovenija<\/title>\n<meta name=\"robots\" content=\"index, follow, max-snippet:-1, max-image-preview:large, max-video-preview:-1\" \/>\n<link rel=\"canonical\" href=\"https:\/\/hudo.com\/si\/aktualno\/vodstvo-tesa-bi-se-poslovilo-od-92-zaposlenih\/\" \/>\n<meta property=\"og:locale\" content=\"sl_SI\" \/>\n<meta property=\"og:type\" content=\"article\" \/>\n<meta property=\"og:title\" content=\"Vodstvo Te\u0161a bi se poslovilo od 92 zaposlenih - Hudo Slovenija\" \/>\n<meta property=\"og:description\" content=\"Kategorija: Podjetja Wed, 13 Apr 2016 13:55:00 +0200 \u0160o\u0161tanj \u2212 Direktor Termoelektrarne \u0160o\u0161tanj (Te\u0161) Arman Koritnik je danes podjetni\u0161kemu sindikatu predstavil program prese\u017eenih delavcev, v katerem se je zna\u0161lo 118 zaposlenih. Kot je za STA povedal podpredsednik podjetni\u0161kega sindikata Marko Pe\u010dovnik, se vodstvo Te\u0161a zavzema, da bi 92 delavcev dru\u017ebo zapustilo, 26 pa bi jih prezaposlili znotraj podjetja. Pe\u010dovnik je pojasnil, da bi Te\u0161 26 zaposlenim ponudil prerazporeditev na druga delovna mesta znotraj dru\u017ebe, 92 pa bi jih bodisi odpustili bodisi prezaposlili k drugim delodajalcem. Napovedal je, da bo podjetni\u0161ki sindikat, ki je program prese\u017enih delavcev prejel v petek, do konca tega tedna ugotavljal morebitne nepravilnosti pri oblikovanju programa. \u010ce bodo ugotovili kakr\u0161nekoli nepravilnosti, bodo spro\u017eili arbitra\u017eni postopek. V podjetni\u0161kem sindikatu si sicer prizadevajo, da se zaposleni v Te\u0161u prerazporedijo tako, da bodo vsi imeli slu\u017ebo in da ne bo tehnolo\u0161kih\u00a0...\" \/>\n<meta property=\"og:url\" content=\"https:\/\/hudo.com\/si\/aktualno\/vodstvo-tesa-bi-se-poslovilo-od-92-zaposlenih\/\" \/>\n<meta property=\"og:site_name\" content=\"Hudo Slovenija\" \/>\n<meta property=\"article:publisher\" content=\"https:\/\/www.facebook.com\/hudo.si\" \/>\n<meta property=\"article:published_time\" content=\"2016-04-13T09:55:00+00:00\" \/>\n<meta property=\"og:image\" content=\"https:\/\/hudo.com\/si\/wp-content\/uploads\/sites\/2\/2016\/04\/480x290_djvu_2005564_petancic_lvu-TE.jpeg\" \/>\n\t<meta property=\"og:image:width\" content=\"480\" \/>\n\t<meta property=\"og:image:height\" content=\"290\" \/>\n\t<meta property=\"og:image:type\" content=\"image\/jpeg\" \/>\n<meta name=\"author\" content=\"hudo\" \/>\n<meta name=\"twitter:card\" content=\"summary_large_image\" \/>\n<meta name=\"twitter:creator\" content=\"@hudo_si\" \/>\n<meta name=\"twitter:site\" content=\"@hudo_si\" \/>\n<meta name=\"twitter:label1\" content=\"Written by\" \/>\n\t<meta name=\"twitter:data1\" content=\"hudo\" \/>\n\t<meta name=\"twitter:label2\" content=\"Est. reading time\" \/>\n\t<meta name=\"twitter:data2\" content=\"1 minuta\" \/>\n<script type=\"application\/ld+json\" class=\"yoast-schema-graph\">{\"@context\":\"https:\/\/schema.org\",\"@graph\":[{\"@type\":\"Article\",\"@id\":\"https:\/\/hudo.com\/si\/aktualno\/vodstvo-tesa-bi-se-poslovilo-od-92-zaposlenih\/#article\",\"isPartOf\":{\"@id\":\"https:\/\/hudo.com\/si\/aktualno\/vodstvo-tesa-bi-se-poslovilo-od-92-zaposlenih\/\"},\"author\":{\"name\":\"hudo\",\"@id\":\"https:\/\/hudo.com\/si\/#\/schema\/person\/601cf3379633985b20f7e50f2bb47707\"},\"headline\":\"Vodstvo Te\u0161a bi se poslovilo od 92 zaposlenih\",\"datePublished\":\"2016-04-13T09:55:00+00:00\",\"dateModified\":\"2016-04-13T09:55:00+00:00\",\"mainEntityOfPage\":{\"@id\":\"https:\/\/hudo.com\/si\/aktualno\/vodstvo-tesa-bi-se-poslovilo-od-92-zaposlenih\/\"},\"wordCount\":159,\"publisher\":{\"@id\":\"https:\/\/hudo.com\/si\/#organization\"},\"articleSection\":[\"Aktualno\"],\"inLanguage\":\"sl-SI\"},{\"@type\":\"WebPage\",\"@id\":\"https:\/\/hudo.com\/si\/aktualno\/vodstvo-tesa-bi-se-poslovilo-od-92-zaposlenih\/\",\"url\":\"https:\/\/hudo.com\/si\/aktualno\/vodstvo-tesa-bi-se-poslovilo-od-92-zaposlenih\/\",\"name\":\"Vodstvo Te\u0161a bi se poslovilo od 92 zaposlenih - Hudo Slovenija\",\"isPartOf\":{\"@id\":\"https:\/\/hudo.com\/si\/#website\"},\"datePublished\":\"2016-04-13T09:55:00+00:00\",\"dateModified\":\"2016-04-13T09:55:00+00:00\",\"breadcrumb\":{\"@id\":\"https:\/\/hudo.com\/si\/aktualno\/vodstvo-tesa-bi-se-poslovilo-od-92-zaposlenih\/#breadcrumb\"},\"inLanguage\":\"sl-SI\",\"potentialAction\":[{\"@type\":\"ReadAction\",\"target\":[\"https:\/\/hudo.com\/si\/aktualno\/vodstvo-tesa-bi-se-poslovilo-od-92-zaposlenih\/\"]}]},{\"@type\":\"BreadcrumbList\",\"@id\":\"https:\/\/hudo.com\/si\/aktualno\/vodstvo-tesa-bi-se-poslovilo-od-92-zaposlenih\/#breadcrumb\",\"itemListElement\":[{\"@type\":\"ListItem\",\"position\":1,\"name\":\"Home\",\"item\":\"https:\/\/hudo.com\/si\/\"},{\"@type\":\"ListItem\",\"position\":2,\"name\":\"Vodstvo Te\u0161a bi se poslovilo od 92 zaposlenih\"}]},{\"@type\":\"WebSite\",\"@id\":\"https:\/\/hudo.com\/si\/#website\",\"url\":\"https:\/\/hudo.com\/si\/\",\"name\":\"Hudo Slovenija\",\"description\":\"Vse novice iz Slovenije in sveta\",\"publisher\":{\"@id\":\"https:\/\/hudo.com\/si\/#organization\"},\"potentialAction\":[{\"@type\":\"SearchAction\",\"target\":{\"@type\":\"EntryPoint\",\"urlTemplate\":\"https:\/\/hudo.com\/si\/?s={search_term_string}\"},\"query-input\":\"required name=search_term_string\"}],\"inLanguage\":\"sl-SI\"},{\"@type\":\"Organization\",\"@id\":\"https:\/\/hudo.com\/si\/#organization\",\"name\":\"VSN Media\",\"url\":\"https:\/\/hudo.com\/si\/\",\"logo\":{\"@type\":\"ImageObject\",\"inLanguage\":\"sl-SI\",\"@id\":\"https:\/\/hudo.com\/si\/#\/schema\/logo\/image\/\",\"url\":\"https:\/\/hudo.com\/si\/wp-content\/uploads\/sites\/2\/2021\/03\/hudo-app-2.png\",\"contentUrl\":\"https:\/\/hudo.com\/si\/wp-content\/uploads\/sites\/2\/2021\/03\/hudo-app-2.png\",\"width\":2185,\"height\":2167,\"caption\":\"VSN Media\"},\"image\":{\"@id\":\"https:\/\/hudo.com\/si\/#\/schema\/logo\/image\/\"},\"sameAs\":[\"https:\/\/www.facebook.com\/hudo.si\",\"https:\/\/twitter.com\/hudo_si\"]},{\"@type\":\"Person\",\"@id\":\"https:\/\/hudo.com\/si\/#\/schema\/person\/601cf3379633985b20f7e50f2bb47707\",\"name\":\"hudo\",\"image\":{\"@type\":\"ImageObject\",\"inLanguage\":\"sl-SI\",\"@id\":\"https:\/\/hudo.com\/si\/#\/schema\/person\/image\/\",\"url\":\"https:\/\/secure.gravatar.com\/avatar\/c4ca25fa72cace7a696b52ff5db9e095?s=96&d=mm&r=g\",\"contentUrl\":\"https:\/\/secure.gravatar.com\/avatar\/c4ca25fa72cace7a696b52ff5db9e095?s=96&d=mm&r=g\",\"caption\":\"hudo\"},\"url\":\"https:\/\/hudo.com\/si\/author\/hudo\/\"}]}<\/script>\n<!-- \/ Yoast SEO plugin. -->","yoast_head_json":{"title":"Vodstvo Te\u0161a bi se poslovilo od 92 zaposlenih - Hudo Slovenija","robots":{"index":"index","follow":"follow","max-snippet":"max-snippet:-1","max-image-preview":"max-image-preview:large","max-video-preview":"max-video-preview:-1"},"canonical":"https:\/\/hudo.com\/si\/aktualno\/vodstvo-tesa-bi-se-poslovilo-od-92-zaposlenih\/","og_locale":"sl_SI","og_type":"article","og_title":"Vodstvo Te\u0161a bi se poslovilo od 92 zaposlenih - Hudo Slovenija","og_description":"Kategorija: Podjetja Wed, 13 Apr 2016 13:55:00 +0200 \u0160o\u0161tanj \u2212 Direktor Termoelektrarne \u0160o\u0161tanj (Te\u0161) Arman Koritnik je danes podjetni\u0161kemu sindikatu predstavil program prese\u017eenih delavcev, v katerem se je zna\u0161lo 118 zaposlenih. Kot je za STA povedal podpredsednik podjetni\u0161kega sindikata Marko Pe\u010dovnik, se vodstvo Te\u0161a zavzema, da bi 92 delavcev dru\u017ebo zapustilo, 26 pa bi jih prezaposlili znotraj podjetja. Pe\u010dovnik je pojasnil, da bi Te\u0161 26 zaposlenim ponudil prerazporeditev na druga delovna mesta znotraj dru\u017ebe, 92 pa bi jih bodisi odpustili bodisi prezaposlili k drugim delodajalcem. Napovedal je, da bo podjetni\u0161ki sindikat, ki je program prese\u017enih delavcev prejel v petek, do konca tega tedna ugotavljal morebitne nepravilnosti pri oblikovanju programa. \u010ce bodo ugotovili kakr\u0161nekoli nepravilnosti, bodo spro\u017eili arbitra\u017eni postopek. V podjetni\u0161kem sindikatu si sicer prizadevajo, da se zaposleni v Te\u0161u prerazporedijo tako, da bodo vsi imeli slu\u017ebo in da ne bo tehnolo\u0161kih\u00a0...","og_url":"https:\/\/hudo.com\/si\/aktualno\/vodstvo-tesa-bi-se-poslovilo-od-92-zaposlenih\/","og_site_name":"Hudo Slovenija","article_publisher":"https:\/\/www.facebook.com\/hudo.si","article_published_time":"2016-04-13T09:55:00+00:00","og_image":[{"width":480,"height":290,"url":"https:\/\/hudo.com\/si\/wp-content\/uploads\/sites\/2\/2016\/04\/480x290_djvu_2005564_petancic_lvu-TE.jpeg","type":"image\/jpeg"}],"author":"hudo","twitter_card":"summary_large_image","twitter_creator":"@hudo_si","twitter_site":"@hudo_si","twitter_misc":{"Written by":"hudo","Est. reading time":"1 minuta"},"schema":{"@context":"https:\/\/schema.org","@graph":[{"@type":"Article","@id":"https:\/\/hudo.com\/si\/aktualno\/vodstvo-tesa-bi-se-poslovilo-od-92-zaposlenih\/#article","isPartOf":{"@id":"https:\/\/hudo.com\/si\/aktualno\/vodstvo-tesa-bi-se-poslovilo-od-92-zaposlenih\/"},"author":{"name":"hudo","@id":"https:\/\/hudo.com\/si\/#\/schema\/person\/601cf3379633985b20f7e50f2bb47707"},"headline":"Vodstvo Te\u0161a bi se poslovilo od 92 zaposlenih","datePublished":"2016-04-13T09:55:00+00:00","dateModified":"2016-04-13T09:55:00+00:00","mainEntityOfPage":{"@id":"https:\/\/hudo.com\/si\/aktualno\/vodstvo-tesa-bi-se-poslovilo-od-92-zaposlenih\/"},"wordCount":159,"publisher":{"@id":"https:\/\/hudo.com\/si\/#organization"},"articleSection":["Aktualno"],"inLanguage":"sl-SI"},{"@type":"WebPage","@id":"https:\/\/hudo.com\/si\/aktualno\/vodstvo-tesa-bi-se-poslovilo-od-92-zaposlenih\/","url":"https:\/\/hudo.com\/si\/aktualno\/vodstvo-tesa-bi-se-poslovilo-od-92-zaposlenih\/","name":"Vodstvo Te\u0161a bi se poslovilo od 92 zaposlenih - Hudo Slovenija","isPartOf":{"@id":"https:\/\/hudo.com\/si\/#website"},"datePublished":"2016-04-13T09:55:00+00:00","dateModified":"2016-04-13T09:55:00+00:00","breadcrumb":{"@id":"https:\/\/hudo.com\/si\/aktualno\/vodstvo-tesa-bi-se-poslovilo-od-92-zaposlenih\/#breadcrumb"},"inLanguage":"sl-SI","potentialAction":[{"@type":"ReadAction","target":["https:\/\/hudo.com\/si\/aktualno\/vodstvo-tesa-bi-se-poslovilo-od-92-zaposlenih\/"]}]},{"@type":"BreadcrumbList","@id":"https:\/\/hudo.com\/si\/aktualno\/vodstvo-tesa-bi-se-poslovilo-od-92-zaposlenih\/#breadcrumb","itemListElement":[{"@type":"ListItem","position":1,"name":"Home","item":"https:\/\/hudo.com\/si\/"},{"@type":"ListItem","position":2,"name":"Vodstvo Te\u0161a bi se poslovilo od 92 zaposlenih"}]},{"@type":"WebSite","@id":"https:\/\/hudo.com\/si\/#website","url":"https:\/\/hudo.com\/si\/","name":"Hudo Slovenija","description":"Vse novice iz Slovenije in sveta","publisher":{"@id":"https:\/\/hudo.com\/si\/#organization"},"potentialAction":[{"@type":"SearchAction","target":{"@type":"EntryPoint","urlTemplate":"https:\/\/hudo.com\/si\/?s={search_term_string}"},"query-input":"required name=search_term_string"}],"inLanguage":"sl-SI"},{"@type":"Organization","@id":"https:\/\/hudo.com\/si\/#organization","name":"VSN Media","url":"https:\/\/hudo.com\/si\/","logo":{"@type":"ImageObject","inLanguage":"sl-SI","@id":"https:\/\/hudo.com\/si\/#\/schema\/logo\/image\/","url":"https:\/\/hudo.com\/si\/wp-content\/uploads\/sites\/2\/2021\/03\/hudo-app-2.png","contentUrl":"https:\/\/hudo.com\/si\/wp-content\/uploads\/sites\/2\/2021\/03\/hudo-app-2.png","width":2185,"height":2167,"caption":"VSN Media"},"image":{"@id":"https:\/\/hudo.com\/si\/#\/schema\/logo\/image\/"},"sameAs":["https:\/\/www.facebook.com\/hudo.si","https:\/\/twitter.com\/hudo_si"]},{"@type":"Person","@id":"https:\/\/hudo.com\/si\/#\/schema\/person\/601cf3379633985b20f7e50f2bb47707","name":"hudo","image":{"@type":"ImageObject","inLanguage":"sl-SI","@id":"https:\/\/hudo.com\/si\/#\/schema\/person\/image\/","url":"https:\/\/secure.gravatar.com\/avatar\/c4ca25fa72cace7a696b52ff5db9e095?s=96&d=mm&r=g","contentUrl":"https:\/\/secure.gravatar.com\/avatar\/c4ca25fa72cace7a696b52ff5db9e095?s=96&d=mm&r=g","caption":"hudo"},"url":"https:\/\/hudo.com\/si\/author\/hudo\/"}]}},"amp_enabled":true,"_links":{"self":[{"href":"https:\/\/hudo.com\/si\/wp-json\/wp\/v2\/posts\/28536"}],"collection":[{"href":"https:\/\/hudo.com\/si\/wp-json\/wp\/v2\/posts"}],"about":[{"href":"https:\/\/hudo.com\/si\/wp-json\/wp\/v2\/types\/post"}],"author":[{"embeddable":true,"href":"https:\/\/hudo.com\/si\/wp-json\/wp\/v2\/users\/1"}],"replies":[{"embeddable":true,"href":"https:\/\/hudo.com\/si\/wp-json\/wp\/v2\/comments?post=28536"}],"version-history":[{"count":0,"href":"https:\/\/hudo.com\/si\/wp-json\/wp\/v2\/posts\/28536\/revisions"}],"wp:attachment":[{"href":"https:\/\/hudo.com\/si\/wp-json\/wp\/v2\/media?parent=28536"}],"wp:term":[{"taxonomy":"category","embeddable":true,"href":"https:\/\/hudo.com\/si\/wp-json\/wp\/v2\/categories?post=28536"},{"taxonomy":"post_tag","embeddable":true,"href":"https:\/\/hudo.com\/si\/wp-json\/wp\/v2\/tags?post=28536"},{"taxonomy":"source","embeddable":true,"href":"https:\/\/hudo.com\/si\/wp-json\/wp\/v2\/source?post=28536"},{"taxonomy":"supertag","embeddable":true,"href":"https:\/\/hudo.com\/si\/wp-json\/wp\/v2\/supertag?post=28536"}],"curies":[{"name":"wp","href":"https:\/\/api.w.org\/{rel}","templated":true}]}}