{"id":285860,"date":"2017-08-10T05:00:00","date_gmt":"2017-08-10T03:00:00","guid":{"rendered":"http:\/\/hudo.com\/si\/2017\/08\/10\/konec-tedna-v-portorozu-in-piranu-kar-40-000-ljudi\/"},"modified":"2017-08-10T05:00:00","modified_gmt":"2017-08-10T03:00:00","slug":"konec-tedna-v-portorozu-in-piranu-kar-40-000-ljudi","status":"publish","type":"post","link":"https:\/\/hudo.com\/si\/aktualno\/konec-tedna-v-portorozu-in-piranu-kar-40-000-ljudi\/","title":{"rendered":"Konec tedna v Portoro\u017eu in Piranu kar 40.000 ljudi"},"content":{"rendered":"<p>Kategorija: Slovenija Thu, 10 Aug 2017 07:00:00 +0200  Piran \u2013 \u00bbVse ima svoje meje. Tudi turisti\u010dni rekordi,\u00ab po fekalnem onesna\u017eenju morja pred Bernardinom pravi direktor koprske obmo\u010dne enote Nacionalnega in\u0161tituta za javno zdravje Milan Krek. \u00bbNemalokrat opa\u017eamo, da posamezni \u010dleni turisti\u010dne verige skrbijo za vrhunskost predvsem v lastnem \u017eepu ali blagajni.\u00ab V piranski ob\u010dini imajo 17.500 prebivalcev, za turiste pa imajo uradno na voljo \u0161e 12.500 le\u017ei\u0161\u010d. Ker pa je poleg teh v konicah \u0161e vsaj 10.000 turistov v tako imenovanih po\u010ditni\u0161kih stanovanjih, je dejansko \u0161tevilo turistov \u017ee zdavnaj preseglo \u0161tevilo stalnih prebivalcev, ob\u010dina pa se resno soo\u010da s problemom, da prostor in vse vse kapacitete komaj \u0161e zmorejo tak\u0161ne obremenitve. Podatek o dejanskem \u0161tevilu turistov je zelo pomemben pri na\u010drtovanju infrastrukture, ki omogo\u010da normalno bivanje. Ko so pred ve\u010d kot 40 leti na\u010drtovali tedaj sodobno kanalizacijsko omre\u017eje\u00a0&#8230;<\/p>\n","protected":false},"excerpt":{"rendered":"<p>Kategorija: Slovenija Thu, 10 Aug 2017 07:00:00 +0200  Piran \u2013 \u00bbVse ima svoje meje. Tudi turisti\u010dni rekordi,\u00ab po fekalnem onesna\u017eenju morja pred Bernardinom pravi direktor koprske obmo\u010dne enote Nacionalnega in\u0161tituta za javno zdravje Milan Krek. \u00bbNemalokrat opa\u017eamo, da posamezni \u010dleni turisti\u010dne verige skrbijo za vrhunskost predvsem v lastnem \u017eepu ali blagajni.\u00ab V piranski ob\u010dini imajo 17.500 prebivalcev, za turiste pa imajo uradno na voljo \u0161e 12.500 le\u017ei\u0161\u010d. Ker pa je poleg teh v konicah \u0161e vsaj 10.000 turistov v tako imenovanih po\u010ditni\u0161kih stanovanjih, je dejansko \u0161tevilo turistov \u017ee zdavnaj preseglo \u0161tevilo stalnih prebivalcev, ob\u010dina pa se resno soo\u010da s problemom, da prostor in vse vse kapacitete komaj \u0161e zmorejo tak\u0161ne obremenitve. Podatek o dejanskem \u0161tevilu turistov je zelo pomemben pri na\u010drtovanju infrastrukture, ki omogo\u010da normalno bivanje. Ko so pred ve\u010d kot 40 leti na\u010drtovali tedaj sodobno kanalizacijsko omre\u017eje\u00a0&#8230;<\/p>\n","protected":false},"author":1,"featured_media":0,"comment_status":"closed","ping_status":"closed","sticky":false,"template":"","format":"standard","meta":{"footnotes":""},"categories":[1179],"tags":[],"source":[1703],"supertag":[],"acf":[],"yoast_head":"<!-- This site is optimized with the Yoast SEO plugin v21.3 - https:\/\/yoast.com\/wordpress\/plugins\/seo\/ -->\n<title>Konec tedna v Portoro\u017eu in Piranu kar 40.000 ljudi - Hudo Slovenija<\/title>\n<meta name=\"robots\" content=\"index, follow, max-snippet:-1, max-image-preview:large, max-video-preview:-1\" \/>\n<link rel=\"canonical\" href=\"https:\/\/hudo.com\/si\/aktualno\/konec-tedna-v-portorozu-in-piranu-kar-40-000-ljudi\/\" \/>\n<meta property=\"og:locale\" content=\"sl_SI\" \/>\n<meta property=\"og:type\" content=\"article\" \/>\n<meta property=\"og:title\" content=\"Konec tedna v Portoro\u017eu in Piranu kar 40.000 ljudi - Hudo Slovenija\" \/>\n<meta property=\"og:description\" content=\"Kategorija: Slovenija Thu, 10 Aug 2017 07:00:00 +0200 Piran \u2013 \u00bbVse ima svoje meje. Tudi turisti\u010dni rekordi,\u00ab po fekalnem onesna\u017eenju morja pred Bernardinom pravi direktor koprske obmo\u010dne enote Nacionalnega in\u0161tituta za javno zdravje Milan Krek. \u00bbNemalokrat opa\u017eamo, da posamezni \u010dleni turisti\u010dne verige skrbijo za vrhunskost predvsem v lastnem \u017eepu ali blagajni.\u00ab V piranski ob\u010dini imajo 17.500 prebivalcev, za turiste pa imajo uradno na voljo \u0161e 12.500 le\u017ei\u0161\u010d. Ker pa je poleg teh v konicah \u0161e vsaj 10.000 turistov v tako imenovanih po\u010ditni\u0161kih stanovanjih, je dejansko \u0161tevilo turistov \u017ee zdavnaj preseglo \u0161tevilo stalnih prebivalcev, ob\u010dina pa se resno soo\u010da s problemom, da prostor in vse vse kapacitete komaj \u0161e zmorejo tak\u0161ne obremenitve. Podatek o dejanskem \u0161tevilu turistov je zelo pomemben pri na\u010drtovanju infrastrukture, ki omogo\u010da normalno bivanje. Ko so pred ve\u010d kot 40 leti na\u010drtovali tedaj sodobno kanalizacijsko omre\u017eje\u00a0...\" \/>\n<meta property=\"og:url\" content=\"https:\/\/hudo.com\/si\/aktualno\/konec-tedna-v-portorozu-in-piranu-kar-40-000-ljudi\/\" \/>\n<meta property=\"og:site_name\" content=\"Hudo Slovenija\" \/>\n<meta property=\"article:publisher\" content=\"https:\/\/www.facebook.com\/hudo.si\" \/>\n<meta property=\"article:published_time\" content=\"2017-08-10T03:00:00+00:00\" \/>\n<meta property=\"og:image\" content=\"https:\/\/hudo.com\/si\/wp-content\/uploads\/sites\/2\/2017\/08\/480x290_4_stran__djvu_2357068_mdr_b_hires1.jpeg\" \/>\n\t<meta property=\"og:image:width\" content=\"480\" \/>\n\t<meta property=\"og:image:height\" content=\"290\" \/>\n\t<meta property=\"og:image:type\" content=\"image\/jpeg\" \/>\n<meta name=\"author\" content=\"hudo\" \/>\n<meta name=\"twitter:card\" content=\"summary_large_image\" \/>\n<meta name=\"twitter:creator\" content=\"@hudo_si\" \/>\n<meta name=\"twitter:site\" content=\"@hudo_si\" \/>\n<meta name=\"twitter:label1\" content=\"Written by\" \/>\n\t<meta name=\"twitter:data1\" content=\"hudo\" \/>\n\t<meta name=\"twitter:label2\" content=\"Est. reading time\" \/>\n\t<meta name=\"twitter:data2\" content=\"1 minuta\" \/>\n<script type=\"application\/ld+json\" class=\"yoast-schema-graph\">{\"@context\":\"https:\/\/schema.org\",\"@graph\":[{\"@type\":\"Article\",\"@id\":\"https:\/\/hudo.com\/si\/aktualno\/konec-tedna-v-portorozu-in-piranu-kar-40-000-ljudi\/#article\",\"isPartOf\":{\"@id\":\"https:\/\/hudo.com\/si\/aktualno\/konec-tedna-v-portorozu-in-piranu-kar-40-000-ljudi\/\"},\"author\":{\"name\":\"hudo\",\"@id\":\"https:\/\/hudo.com\/si\/#\/schema\/person\/601cf3379633985b20f7e50f2bb47707\"},\"headline\":\"Konec tedna v Portoro\u017eu in Piranu kar 40.000 ljudi\",\"datePublished\":\"2017-08-10T03:00:00+00:00\",\"dateModified\":\"2017-08-10T03:00:00+00:00\",\"mainEntityOfPage\":{\"@id\":\"https:\/\/hudo.com\/si\/aktualno\/konec-tedna-v-portorozu-in-piranu-kar-40-000-ljudi\/\"},\"wordCount\":155,\"publisher\":{\"@id\":\"https:\/\/hudo.com\/si\/#organization\"},\"articleSection\":[\"Aktualno\"],\"inLanguage\":\"sl-SI\"},{\"@type\":\"WebPage\",\"@id\":\"https:\/\/hudo.com\/si\/aktualno\/konec-tedna-v-portorozu-in-piranu-kar-40-000-ljudi\/\",\"url\":\"https:\/\/hudo.com\/si\/aktualno\/konec-tedna-v-portorozu-in-piranu-kar-40-000-ljudi\/\",\"name\":\"Konec tedna v Portoro\u017eu in Piranu kar 40.000 ljudi - Hudo Slovenija\",\"isPartOf\":{\"@id\":\"https:\/\/hudo.com\/si\/#website\"},\"datePublished\":\"2017-08-10T03:00:00+00:00\",\"dateModified\":\"2017-08-10T03:00:00+00:00\",\"breadcrumb\":{\"@id\":\"https:\/\/hudo.com\/si\/aktualno\/konec-tedna-v-portorozu-in-piranu-kar-40-000-ljudi\/#breadcrumb\"},\"inLanguage\":\"sl-SI\",\"potentialAction\":[{\"@type\":\"ReadAction\",\"target\":[\"https:\/\/hudo.com\/si\/aktualno\/konec-tedna-v-portorozu-in-piranu-kar-40-000-ljudi\/\"]}]},{\"@type\":\"BreadcrumbList\",\"@id\":\"https:\/\/hudo.com\/si\/aktualno\/konec-tedna-v-portorozu-in-piranu-kar-40-000-ljudi\/#breadcrumb\",\"itemListElement\":[{\"@type\":\"ListItem\",\"position\":1,\"name\":\"Home\",\"item\":\"https:\/\/hudo.com\/si\/\"},{\"@type\":\"ListItem\",\"position\":2,\"name\":\"Konec tedna v Portoro\u017eu in Piranu kar 40.000 ljudi\"}]},{\"@type\":\"WebSite\",\"@id\":\"https:\/\/hudo.com\/si\/#website\",\"url\":\"https:\/\/hudo.com\/si\/\",\"name\":\"Hudo Slovenija\",\"description\":\"Vse novice iz Slovenije in sveta\",\"publisher\":{\"@id\":\"https:\/\/hudo.com\/si\/#organization\"},\"potentialAction\":[{\"@type\":\"SearchAction\",\"target\":{\"@type\":\"EntryPoint\",\"urlTemplate\":\"https:\/\/hudo.com\/si\/?s={search_term_string}\"},\"query-input\":\"required name=search_term_string\"}],\"inLanguage\":\"sl-SI\"},{\"@type\":\"Organization\",\"@id\":\"https:\/\/hudo.com\/si\/#organization\",\"name\":\"VSN Media\",\"url\":\"https:\/\/hudo.com\/si\/\",\"logo\":{\"@type\":\"ImageObject\",\"inLanguage\":\"sl-SI\",\"@id\":\"https:\/\/hudo.com\/si\/#\/schema\/logo\/image\/\",\"url\":\"https:\/\/hudo.com\/si\/wp-content\/uploads\/sites\/2\/2021\/03\/hudo-app-2.png\",\"contentUrl\":\"https:\/\/hudo.com\/si\/wp-content\/uploads\/sites\/2\/2021\/03\/hudo-app-2.png\",\"width\":2185,\"height\":2167,\"caption\":\"VSN Media\"},\"image\":{\"@id\":\"https:\/\/hudo.com\/si\/#\/schema\/logo\/image\/\"},\"sameAs\":[\"https:\/\/www.facebook.com\/hudo.si\",\"https:\/\/twitter.com\/hudo_si\"]},{\"@type\":\"Person\",\"@id\":\"https:\/\/hudo.com\/si\/#\/schema\/person\/601cf3379633985b20f7e50f2bb47707\",\"name\":\"hudo\",\"image\":{\"@type\":\"ImageObject\",\"inLanguage\":\"sl-SI\",\"@id\":\"https:\/\/hudo.com\/si\/#\/schema\/person\/image\/\",\"url\":\"https:\/\/secure.gravatar.com\/avatar\/c4ca25fa72cace7a696b52ff5db9e095?s=96&d=mm&r=g\",\"contentUrl\":\"https:\/\/secure.gravatar.com\/avatar\/c4ca25fa72cace7a696b52ff5db9e095?s=96&d=mm&r=g\",\"caption\":\"hudo\"},\"url\":\"https:\/\/hudo.com\/si\/author\/hudo\/\"}]}<\/script>\n<!-- \/ Yoast SEO plugin. -->","yoast_head_json":{"title":"Konec tedna v Portoro\u017eu in Piranu kar 40.000 ljudi - Hudo Slovenija","robots":{"index":"index","follow":"follow","max-snippet":"max-snippet:-1","max-image-preview":"max-image-preview:large","max-video-preview":"max-video-preview:-1"},"canonical":"https:\/\/hudo.com\/si\/aktualno\/konec-tedna-v-portorozu-in-piranu-kar-40-000-ljudi\/","og_locale":"sl_SI","og_type":"article","og_title":"Konec tedna v Portoro\u017eu in Piranu kar 40.000 ljudi - Hudo Slovenija","og_description":"Kategorija: Slovenija Thu, 10 Aug 2017 07:00:00 +0200 Piran \u2013 \u00bbVse ima svoje meje. Tudi turisti\u010dni rekordi,\u00ab po fekalnem onesna\u017eenju morja pred Bernardinom pravi direktor koprske obmo\u010dne enote Nacionalnega in\u0161tituta za javno zdravje Milan Krek. \u00bbNemalokrat opa\u017eamo, da posamezni \u010dleni turisti\u010dne verige skrbijo za vrhunskost predvsem v lastnem \u017eepu ali blagajni.\u00ab V piranski ob\u010dini imajo 17.500 prebivalcev, za turiste pa imajo uradno na voljo \u0161e 12.500 le\u017ei\u0161\u010d. Ker pa je poleg teh v konicah \u0161e vsaj 10.000 turistov v tako imenovanih po\u010ditni\u0161kih stanovanjih, je dejansko \u0161tevilo turistov \u017ee zdavnaj preseglo \u0161tevilo stalnih prebivalcev, ob\u010dina pa se resno soo\u010da s problemom, da prostor in vse vse kapacitete komaj \u0161e zmorejo tak\u0161ne obremenitve. Podatek o dejanskem \u0161tevilu turistov je zelo pomemben pri na\u010drtovanju infrastrukture, ki omogo\u010da normalno bivanje. Ko so pred ve\u010d kot 40 leti na\u010drtovali tedaj sodobno kanalizacijsko omre\u017eje\u00a0...","og_url":"https:\/\/hudo.com\/si\/aktualno\/konec-tedna-v-portorozu-in-piranu-kar-40-000-ljudi\/","og_site_name":"Hudo Slovenija","article_publisher":"https:\/\/www.facebook.com\/hudo.si","article_published_time":"2017-08-10T03:00:00+00:00","og_image":[{"width":480,"height":290,"url":"https:\/\/hudo.com\/si\/wp-content\/uploads\/sites\/2\/2017\/08\/480x290_4_stran__djvu_2357068_mdr_b_hires1.jpeg","type":"image\/jpeg"}],"author":"hudo","twitter_card":"summary_large_image","twitter_creator":"@hudo_si","twitter_site":"@hudo_si","twitter_misc":{"Written by":"hudo","Est. reading time":"1 minuta"},"schema":{"@context":"https:\/\/schema.org","@graph":[{"@type":"Article","@id":"https:\/\/hudo.com\/si\/aktualno\/konec-tedna-v-portorozu-in-piranu-kar-40-000-ljudi\/#article","isPartOf":{"@id":"https:\/\/hudo.com\/si\/aktualno\/konec-tedna-v-portorozu-in-piranu-kar-40-000-ljudi\/"},"author":{"name":"hudo","@id":"https:\/\/hudo.com\/si\/#\/schema\/person\/601cf3379633985b20f7e50f2bb47707"},"headline":"Konec tedna v Portoro\u017eu in Piranu kar 40.000 ljudi","datePublished":"2017-08-10T03:00:00+00:00","dateModified":"2017-08-10T03:00:00+00:00","mainEntityOfPage":{"@id":"https:\/\/hudo.com\/si\/aktualno\/konec-tedna-v-portorozu-in-piranu-kar-40-000-ljudi\/"},"wordCount":155,"publisher":{"@id":"https:\/\/hudo.com\/si\/#organization"},"articleSection":["Aktualno"],"inLanguage":"sl-SI"},{"@type":"WebPage","@id":"https:\/\/hudo.com\/si\/aktualno\/konec-tedna-v-portorozu-in-piranu-kar-40-000-ljudi\/","url":"https:\/\/hudo.com\/si\/aktualno\/konec-tedna-v-portorozu-in-piranu-kar-40-000-ljudi\/","name":"Konec tedna v Portoro\u017eu in Piranu kar 40.000 ljudi - Hudo Slovenija","isPartOf":{"@id":"https:\/\/hudo.com\/si\/#website"},"datePublished":"2017-08-10T03:00:00+00:00","dateModified":"2017-08-10T03:00:00+00:00","breadcrumb":{"@id":"https:\/\/hudo.com\/si\/aktualno\/konec-tedna-v-portorozu-in-piranu-kar-40-000-ljudi\/#breadcrumb"},"inLanguage":"sl-SI","potentialAction":[{"@type":"ReadAction","target":["https:\/\/hudo.com\/si\/aktualno\/konec-tedna-v-portorozu-in-piranu-kar-40-000-ljudi\/"]}]},{"@type":"BreadcrumbList","@id":"https:\/\/hudo.com\/si\/aktualno\/konec-tedna-v-portorozu-in-piranu-kar-40-000-ljudi\/#breadcrumb","itemListElement":[{"@type":"ListItem","position":1,"name":"Home","item":"https:\/\/hudo.com\/si\/"},{"@type":"ListItem","position":2,"name":"Konec tedna v Portoro\u017eu in Piranu kar 40.000 ljudi"}]},{"@type":"WebSite","@id":"https:\/\/hudo.com\/si\/#website","url":"https:\/\/hudo.com\/si\/","name":"Hudo Slovenija","description":"Vse novice iz Slovenije in sveta","publisher":{"@id":"https:\/\/hudo.com\/si\/#organization"},"potentialAction":[{"@type":"SearchAction","target":{"@type":"EntryPoint","urlTemplate":"https:\/\/hudo.com\/si\/?s={search_term_string}"},"query-input":"required name=search_term_string"}],"inLanguage":"sl-SI"},{"@type":"Organization","@id":"https:\/\/hudo.com\/si\/#organization","name":"VSN Media","url":"https:\/\/hudo.com\/si\/","logo":{"@type":"ImageObject","inLanguage":"sl-SI","@id":"https:\/\/hudo.com\/si\/#\/schema\/logo\/image\/","url":"https:\/\/hudo.com\/si\/wp-content\/uploads\/sites\/2\/2021\/03\/hudo-app-2.png","contentUrl":"https:\/\/hudo.com\/si\/wp-content\/uploads\/sites\/2\/2021\/03\/hudo-app-2.png","width":2185,"height":2167,"caption":"VSN Media"},"image":{"@id":"https:\/\/hudo.com\/si\/#\/schema\/logo\/image\/"},"sameAs":["https:\/\/www.facebook.com\/hudo.si","https:\/\/twitter.com\/hudo_si"]},{"@type":"Person","@id":"https:\/\/hudo.com\/si\/#\/schema\/person\/601cf3379633985b20f7e50f2bb47707","name":"hudo","image":{"@type":"ImageObject","inLanguage":"sl-SI","@id":"https:\/\/hudo.com\/si\/#\/schema\/person\/image\/","url":"https:\/\/secure.gravatar.com\/avatar\/c4ca25fa72cace7a696b52ff5db9e095?s=96&d=mm&r=g","contentUrl":"https:\/\/secure.gravatar.com\/avatar\/c4ca25fa72cace7a696b52ff5db9e095?s=96&d=mm&r=g","caption":"hudo"},"url":"https:\/\/hudo.com\/si\/author\/hudo\/"}]}},"amp_enabled":true,"_links":{"self":[{"href":"https:\/\/hudo.com\/si\/wp-json\/wp\/v2\/posts\/285860"}],"collection":[{"href":"https:\/\/hudo.com\/si\/wp-json\/wp\/v2\/posts"}],"about":[{"href":"https:\/\/hudo.com\/si\/wp-json\/wp\/v2\/types\/post"}],"author":[{"embeddable":true,"href":"https:\/\/hudo.com\/si\/wp-json\/wp\/v2\/users\/1"}],"replies":[{"embeddable":true,"href":"https:\/\/hudo.com\/si\/wp-json\/wp\/v2\/comments?post=285860"}],"version-history":[{"count":0,"href":"https:\/\/hudo.com\/si\/wp-json\/wp\/v2\/posts\/285860\/revisions"}],"wp:attachment":[{"href":"https:\/\/hudo.com\/si\/wp-json\/wp\/v2\/media?parent=285860"}],"wp:term":[{"taxonomy":"category","embeddable":true,"href":"https:\/\/hudo.com\/si\/wp-json\/wp\/v2\/categories?post=285860"},{"taxonomy":"post_tag","embeddable":true,"href":"https:\/\/hudo.com\/si\/wp-json\/wp\/v2\/tags?post=285860"},{"taxonomy":"source","embeddable":true,"href":"https:\/\/hudo.com\/si\/wp-json\/wp\/v2\/source?post=285860"},{"taxonomy":"supertag","embeddable":true,"href":"https:\/\/hudo.com\/si\/wp-json\/wp\/v2\/supertag?post=285860"}],"curies":[{"name":"wp","href":"https:\/\/api.w.org\/{rel}","templated":true}]}}