{"id":286461,"date":"2017-08-11T13:19:04","date_gmt":"2017-08-11T11:19:04","guid":{"rendered":"http:\/\/hudo.com\/si\/?p=286461"},"modified":"2017-08-11T13:19:04","modified_gmt":"2017-08-11T11:19:04","slug":"kolar-celarceva-v-mojem-mandatu-smo-naredili-najvec-doslej","status":"publish","type":"post","link":"https:\/\/hudo.com\/si\/aktualno\/kolar-celarceva-v-mojem-mandatu-smo-naredili-najvec-doslej\/","title":{"rendered":"Kolar Celar\u010deva: V mojem mandatu smo naredili najve\u010d doslej"},"content":{"rendered":"<div class=\"text\">\n<p>Po mnenju Kolar Celar\u010deve vse to\u010dke v interpelaciji, ki so jo vlo\u017eili poslanci SDS, temeljijo na govoricah, nepreverjenih trditvah in populisti\u010dnih ocenah, v odgovorih pa da je vsako od postavk interpelacije &#8220;z argumenti, podatki in primeri temeljito&#8221; zavrnila.<\/p>\n<p>&#8220;V celotnem besedilu interpelacije me predlagatelji namenoma osebno diskreditirajo, mestoma tudi \u017ealijo, predvsem pa z zatiskanjem o\u010di pred dejanskimi dobrimi rezultati slovenskega zdravstva prav oni sami spodbujajo neupravi\u010deno nezadovoljstvo med prebivalkami in prebivalci Slovenije ter med zdravstvenimi delavci,&#8221; je zapisala.<\/p>\n<p>Na o\u010ditek, da je soodgovorna za neukrepanje na podro\u010dju koruptivnih dejanj v zdravstvu, je odgovorila, da je odgovornost in pristojnost prepre\u010devanja in odkrivanja korupcije v pristojnosti vodstev javnih zdravstvenih zavodov in organov pregona. Ob tem pa tudi sama skupaj s slu\u017ebami ministrstva ukrepa v primerih suma korupcije, pri \u010demer je navedla, da je podala kazenski ovadbi zaradi protipo\u017earnega sistema na onkolo\u0161kem in\u0161titutu in zaradi energetske sanacije bolni\u0161nice Topol\u0161ica.<\/p>\n<p>Predlagatelji v interpelaciji Kolar Celar\u010devi o\u010ditajo tudi odgovornost za zaplete na otro\u0161ki kardiologiji na pediatri\u010dni kliniki UKC Ljubljana. Ministrica je v odgovoru nanizala celotno kronologijo poteka dogodkov na programu otro\u0161ke sr\u010dne kirurgije in pri slu\u017ebi za kardiologijo na omenjeni kliniki ter aktivnosti ministrstva.<\/p>\n<p>Tako je kot popolnoma neutemeljeno je ozna\u010dila trditev predlagateljev v interpelaciji, da ni nikoli zares ukrepala po poro\u010dilu mednarodne komisije o stanju na podro\u010dju otro\u0161ke sr\u010dne kirurgije. Zapisala je, da na ministrstvu namenjajo vse svoje mo\u010di iskanju re\u0161itve, ki bo najbolj\u0161a za zdravljenje otrok.<\/p>\n<p>O\u010ditek v interpelaciji leti tudi na odgovornost za dolge \u010dakalne dobe. Kolar Celar\u010deva je pojasnila, da se Slovenija tako kot vse dr\u017eave EU sre\u010duje z dolgimi \u010dakalnimi dobami, zato zavra\u010da trditev, da je kriva za problem dolgih \u010dakalnih dob. Vzroki za dolge \u010dakalne dobe pa so po njenih navedbah ve\u010d napotitev na sekundarni nivo, kar je posledica podalj\u0161anja \u017eivljenjske dobe, pa tudi stavke zdravnikov ter poziv sindikata Praktikum k ve\u010djim napotitvam na sekundarni nivo.<\/p>\n<p>Poudarila je, da so se \u010dakalne dobe v Sloveniji pove\u010devale \u017ee v letih pred njenim nastopom mandata, njihovo skraj\u0161evanje pa da je prednostna naloga njenega dela in vlade. Kot je navedla, je ministrstvo skupaj z vlado izvedlo \u0161tevilne ukrepe za skraj\u0161evanje \u010dakalnih dob, aktualno stanje pa po njenih navedbah ka\u017ee, da se na nekaterih \u010dakalnih dobah \u017ee ka\u017eejo prvi u\u010dinki. \u0160tevilo \u010dakajo\u010dih na prvi pregled v specialisti\u010dno-ambulantni dejavnosti se je od 1. maja do 1. julija letos zmanj\u0161alo za pet odstotkov, medtem ko se je \u0161tevilo \u010dakajo\u010dih na storitve v enakem obdobju zmanj\u0161alo za \u0161tiri odstotke. Odlo\u010dno zavra\u010da o\u010ditke o nedelujo\u010dem sistemu eNapotnice, saj da tako eNapotnica in eNaro\u010danje v celoti in polno delujeta.<\/p>\n<p>Glede o\u010ditka, da je soodgovorna za slabo poslovanje in vedno ve\u010djo zadol\u017eenost javnih zdravstvenih zavodov, pa je ministrica zapisala, da \u017ee od za\u010detka mandata opozarja, da var\u010devanje v zdravstvu ni ve\u010d mogo\u010de, saj je v \u010dasu krize zaradi var\u010devalnih ukrepov zgubilo veliko sredstev. Kot je navedla, je prvi\u010d po letih stagnacije zagotovila dodatna sredstva za zdravstvo in za\u010dela z ukinjanjem var\u010devalnih ukrepov.<\/p>\n<p>\u0160iroko je tudi pojasnila, kateri zakoni in podzakonski akti so bili v \u010dasu njenega mandata sprejeti in kateri so \u0161e v pripravi oz. v postopku sprejemanja, predlagateljem pa vra\u010da \u017eogico, da o\u010ditki v interpelaciji glede zakonodaje izvirajo iz konceptualno razli\u010dnih stali\u0161\u010d.<\/p>\n<p>&#8220;\u010ce smo res vsi za dobrobit dr\u017eavljank in dr\u017eavljanov Slovenije, boste vse predlagane zakonske spremembe sprejeli. Navedeni sve\u017eenj zakonov se vsebinsko navezuje in skupaj predstavlja napovedane nujno potrebne spremembe v zdravstvu. Zato nikakor ne dr\u017ei o\u010ditek predlagatelja, da zakonodaja prihaja nepovezano,&#8221; je tudi navedla.<\/p>\n<p>Sicer pa Kolar Celar\u010deva trdi, da so v njenem mandatu glede na dejstvo, da se je v \u0161estih letih pred za\u010detkom njenega mandata na tem mestu zamenjalo \u0161est ministrov in sta doslej mandat v celoti izpeljala le Du\u0161an Keber ter Bo\u017eidar Volj\u010d, storili doslej najve\u010d.<\/p>\n<p>Odgovor na interpelacijo so nedavno objavili na spletni strani DZ. Pri\u010dakuje se, da bodo poslanci o usodi ministrice glasovalo na redni septembrski seji DZ. Podpora Kolar Celar\u010devi je sicer znotraj koalicije negotova.<\/p>\n<\/div>\n","protected":false},"excerpt":{"rendered":"<p>Ministrica za zdravje Milojka Kolar Celarc je v odgovoru na interpelacijo v celoti zavrgla o\u010ditke kot neutemeljene. Trdi, da predlagatelji interpelacije niso predstavili niti enega samega argumenta, s katerim bi uspeli utemeljiti, da kr\u0161i prisego ob imenovanju. Meni tudi, da so v njenem mandatu naredili najve\u010d doslej.<\/p>\n","protected":false},"author":5,"featured_media":128043,"comment_status":"closed","ping_status":"closed","sticky":false,"template":"","format":"standard","meta":{"footnotes":""},"categories":[1179],"tags":[4580,1595,4997],"source":[4511],"supertag":[],"acf":[],"yoast_head":"<!-- This site is optimized with the Yoast SEO plugin v21.3 - https:\/\/yoast.com\/wordpress\/plugins\/seo\/ -->\n<title>Kolar Celar\u010deva: V mojem mandatu smo naredili najve\u010d doslej - Hudo Slovenija<\/title>\n<meta name=\"robots\" content=\"index, follow, max-snippet:-1, max-image-preview:large, max-video-preview:-1\" \/>\n<link rel=\"canonical\" href=\"https:\/\/hudo.com\/si\/aktualno\/kolar-celarceva-v-mojem-mandatu-smo-naredili-najvec-doslej\/\" \/>\n<meta property=\"og:locale\" content=\"sl_SI\" \/>\n<meta property=\"og:type\" content=\"article\" \/>\n<meta property=\"og:title\" content=\"Kolar Celar\u010deva: V mojem mandatu smo naredili najve\u010d doslej - Hudo Slovenija\" \/>\n<meta property=\"og:description\" content=\"Ministrica za zdravje Milojka Kolar Celarc je v odgovoru na interpelacijo v celoti zavrgla o\u010ditke kot neutemeljene. Trdi, da predlagatelji interpelacije niso predstavili niti enega samega argumenta, s katerim bi uspeli utemeljiti, da kr\u0161i prisego ob imenovanju. Meni tudi, da so v njenem mandatu naredili najve\u010d doslej.\" \/>\n<meta property=\"og:url\" content=\"https:\/\/hudo.com\/si\/aktualno\/kolar-celarceva-v-mojem-mandatu-smo-naredili-najvec-doslej\/\" \/>\n<meta property=\"og:site_name\" content=\"Hudo Slovenija\" \/>\n<meta property=\"article:publisher\" content=\"https:\/\/www.facebook.com\/hudo.si\" \/>\n<meta property=\"article:published_time\" content=\"2017-08-11T11:19:04+00:00\" \/>\n<meta property=\"og:image\" content=\"https:\/\/hudo.com\/si\/wp-content\/uploads\/sites\/2\/2016\/09\/20160824-00718661.jpg\" \/>\n\t<meta property=\"og:image:width\" content=\"640\" \/>\n\t<meta property=\"og:image:height\" content=\"426\" \/>\n\t<meta property=\"og:image:type\" content=\"image\/jpeg\" \/>\n<meta name=\"author\" content=\"A. G., STA\" \/>\n<meta name=\"twitter:card\" content=\"summary_large_image\" \/>\n<meta name=\"twitter:creator\" content=\"@hudo_si\" \/>\n<meta name=\"twitter:site\" content=\"@hudo_si\" \/>\n<meta name=\"twitter:label1\" content=\"Written by\" \/>\n\t<meta name=\"twitter:data1\" content=\"A. G., STA\" \/>\n\t<meta name=\"twitter:label2\" content=\"Est. reading time\" \/>\n\t<meta name=\"twitter:data2\" content=\"4 minute\" \/>\n<script type=\"application\/ld+json\" class=\"yoast-schema-graph\">{\"@context\":\"https:\/\/schema.org\",\"@graph\":[{\"@type\":\"Article\",\"@id\":\"https:\/\/hudo.com\/si\/aktualno\/kolar-celarceva-v-mojem-mandatu-smo-naredili-najvec-doslej\/#article\",\"isPartOf\":{\"@id\":\"https:\/\/hudo.com\/si\/aktualno\/kolar-celarceva-v-mojem-mandatu-smo-naredili-najvec-doslej\/\"},\"author\":{\"name\":\"A. G., STA\",\"@id\":\"https:\/\/hudo.com\/si\/#\/schema\/person\/2391667a63ea075ba94f2f2dc6b77537\"},\"headline\":\"Kolar Celar\u010deva: V mojem mandatu smo naredili najve\u010d doslej\",\"datePublished\":\"2017-08-11T11:19:04+00:00\",\"dateModified\":\"2017-08-11T11:19:04+00:00\",\"mainEntityOfPage\":{\"@id\":\"https:\/\/hudo.com\/si\/aktualno\/kolar-celarceva-v-mojem-mandatu-smo-naredili-najvec-doslej\/\"},\"wordCount\":729,\"publisher\":{\"@id\":\"https:\/\/hudo.com\/si\/#organization\"},\"keywords\":[\"Milojka Kolar Celarc\",\"Slovenija\",\"zdravstvo\"],\"articleSection\":[\"Aktualno\"],\"inLanguage\":\"sl-SI\"},{\"@type\":\"WebPage\",\"@id\":\"https:\/\/hudo.com\/si\/aktualno\/kolar-celarceva-v-mojem-mandatu-smo-naredili-najvec-doslej\/\",\"url\":\"https:\/\/hudo.com\/si\/aktualno\/kolar-celarceva-v-mojem-mandatu-smo-naredili-najvec-doslej\/\",\"name\":\"Kolar Celar\u010deva: V mojem mandatu smo naredili najve\u010d doslej - Hudo Slovenija\",\"isPartOf\":{\"@id\":\"https:\/\/hudo.com\/si\/#website\"},\"datePublished\":\"2017-08-11T11:19:04+00:00\",\"dateModified\":\"2017-08-11T11:19:04+00:00\",\"breadcrumb\":{\"@id\":\"https:\/\/hudo.com\/si\/aktualno\/kolar-celarceva-v-mojem-mandatu-smo-naredili-najvec-doslej\/#breadcrumb\"},\"inLanguage\":\"sl-SI\",\"potentialAction\":[{\"@type\":\"ReadAction\",\"target\":[\"https:\/\/hudo.com\/si\/aktualno\/kolar-celarceva-v-mojem-mandatu-smo-naredili-najvec-doslej\/\"]}]},{\"@type\":\"BreadcrumbList\",\"@id\":\"https:\/\/hudo.com\/si\/aktualno\/kolar-celarceva-v-mojem-mandatu-smo-naredili-najvec-doslej\/#breadcrumb\",\"itemListElement\":[{\"@type\":\"ListItem\",\"position\":1,\"name\":\"Home\",\"item\":\"https:\/\/hudo.com\/si\/\"},{\"@type\":\"ListItem\",\"position\":2,\"name\":\"Kolar Celar\u010deva: V mojem mandatu smo naredili najve\u010d doslej\"}]},{\"@type\":\"WebSite\",\"@id\":\"https:\/\/hudo.com\/si\/#website\",\"url\":\"https:\/\/hudo.com\/si\/\",\"name\":\"Hudo Slovenija\",\"description\":\"Vse novice iz Slovenije in sveta\",\"publisher\":{\"@id\":\"https:\/\/hudo.com\/si\/#organization\"},\"potentialAction\":[{\"@type\":\"SearchAction\",\"target\":{\"@type\":\"EntryPoint\",\"urlTemplate\":\"https:\/\/hudo.com\/si\/?s={search_term_string}\"},\"query-input\":\"required name=search_term_string\"}],\"inLanguage\":\"sl-SI\"},{\"@type\":\"Organization\",\"@id\":\"https:\/\/hudo.com\/si\/#organization\",\"name\":\"VSN Media\",\"url\":\"https:\/\/hudo.com\/si\/\",\"logo\":{\"@type\":\"ImageObject\",\"inLanguage\":\"sl-SI\",\"@id\":\"https:\/\/hudo.com\/si\/#\/schema\/logo\/image\/\",\"url\":\"https:\/\/hudo.com\/si\/wp-content\/uploads\/sites\/2\/2021\/03\/hudo-app-2.png\",\"contentUrl\":\"https:\/\/hudo.com\/si\/wp-content\/uploads\/sites\/2\/2021\/03\/hudo-app-2.png\",\"width\":2185,\"height\":2167,\"caption\":\"VSN Media\"},\"image\":{\"@id\":\"https:\/\/hudo.com\/si\/#\/schema\/logo\/image\/\"},\"sameAs\":[\"https:\/\/www.facebook.com\/hudo.si\",\"https:\/\/twitter.com\/hudo_si\"]},{\"@type\":\"Person\",\"@id\":\"https:\/\/hudo.com\/si\/#\/schema\/person\/2391667a63ea075ba94f2f2dc6b77537\",\"name\":\"A. G., STA\",\"image\":{\"@type\":\"ImageObject\",\"inLanguage\":\"sl-SI\",\"@id\":\"https:\/\/hudo.com\/si\/#\/schema\/person\/image\/\",\"url\":\"https:\/\/secure.gravatar.com\/avatar\/e13d22ac3e442658d5025fbbe6238a79?s=96&d=mm&r=g\",\"contentUrl\":\"https:\/\/secure.gravatar.com\/avatar\/e13d22ac3e442658d5025fbbe6238a79?s=96&d=mm&r=g\",\"caption\":\"A. G., STA\"},\"url\":\"https:\/\/hudo.com\/si\/author\/alenka\/\"}]}<\/script>\n<!-- \/ Yoast SEO plugin. -->","yoast_head_json":{"title":"Kolar Celar\u010deva: V mojem mandatu smo naredili najve\u010d doslej - Hudo Slovenija","robots":{"index":"index","follow":"follow","max-snippet":"max-snippet:-1","max-image-preview":"max-image-preview:large","max-video-preview":"max-video-preview:-1"},"canonical":"https:\/\/hudo.com\/si\/aktualno\/kolar-celarceva-v-mojem-mandatu-smo-naredili-najvec-doslej\/","og_locale":"sl_SI","og_type":"article","og_title":"Kolar Celar\u010deva: V mojem mandatu smo naredili najve\u010d doslej - Hudo Slovenija","og_description":"Ministrica za zdravje Milojka Kolar Celarc je v odgovoru na interpelacijo v celoti zavrgla o\u010ditke kot neutemeljene. Trdi, da predlagatelji interpelacije niso predstavili niti enega samega argumenta, s katerim bi uspeli utemeljiti, da kr\u0161i prisego ob imenovanju. Meni tudi, da so v njenem mandatu naredili najve\u010d doslej.","og_url":"https:\/\/hudo.com\/si\/aktualno\/kolar-celarceva-v-mojem-mandatu-smo-naredili-najvec-doslej\/","og_site_name":"Hudo Slovenija","article_publisher":"https:\/\/www.facebook.com\/hudo.si","article_published_time":"2017-08-11T11:19:04+00:00","og_image":[{"width":640,"height":426,"url":"https:\/\/hudo.com\/si\/wp-content\/uploads\/sites\/2\/2016\/09\/20160824-00718661.jpg","type":"image\/jpeg"}],"author":"A. G., STA","twitter_card":"summary_large_image","twitter_creator":"@hudo_si","twitter_site":"@hudo_si","twitter_misc":{"Written by":"A. G., STA","Est. reading time":"4 minute"},"schema":{"@context":"https:\/\/schema.org","@graph":[{"@type":"Article","@id":"https:\/\/hudo.com\/si\/aktualno\/kolar-celarceva-v-mojem-mandatu-smo-naredili-najvec-doslej\/#article","isPartOf":{"@id":"https:\/\/hudo.com\/si\/aktualno\/kolar-celarceva-v-mojem-mandatu-smo-naredili-najvec-doslej\/"},"author":{"name":"A. G., STA","@id":"https:\/\/hudo.com\/si\/#\/schema\/person\/2391667a63ea075ba94f2f2dc6b77537"},"headline":"Kolar Celar\u010deva: V mojem mandatu smo naredili najve\u010d doslej","datePublished":"2017-08-11T11:19:04+00:00","dateModified":"2017-08-11T11:19:04+00:00","mainEntityOfPage":{"@id":"https:\/\/hudo.com\/si\/aktualno\/kolar-celarceva-v-mojem-mandatu-smo-naredili-najvec-doslej\/"},"wordCount":729,"publisher":{"@id":"https:\/\/hudo.com\/si\/#organization"},"keywords":["Milojka Kolar Celarc","Slovenija","zdravstvo"],"articleSection":["Aktualno"],"inLanguage":"sl-SI"},{"@type":"WebPage","@id":"https:\/\/hudo.com\/si\/aktualno\/kolar-celarceva-v-mojem-mandatu-smo-naredili-najvec-doslej\/","url":"https:\/\/hudo.com\/si\/aktualno\/kolar-celarceva-v-mojem-mandatu-smo-naredili-najvec-doslej\/","name":"Kolar Celar\u010deva: V mojem mandatu smo naredili najve\u010d doslej - Hudo Slovenija","isPartOf":{"@id":"https:\/\/hudo.com\/si\/#website"},"datePublished":"2017-08-11T11:19:04+00:00","dateModified":"2017-08-11T11:19:04+00:00","breadcrumb":{"@id":"https:\/\/hudo.com\/si\/aktualno\/kolar-celarceva-v-mojem-mandatu-smo-naredili-najvec-doslej\/#breadcrumb"},"inLanguage":"sl-SI","potentialAction":[{"@type":"ReadAction","target":["https:\/\/hudo.com\/si\/aktualno\/kolar-celarceva-v-mojem-mandatu-smo-naredili-najvec-doslej\/"]}]},{"@type":"BreadcrumbList","@id":"https:\/\/hudo.com\/si\/aktualno\/kolar-celarceva-v-mojem-mandatu-smo-naredili-najvec-doslej\/#breadcrumb","itemListElement":[{"@type":"ListItem","position":1,"name":"Home","item":"https:\/\/hudo.com\/si\/"},{"@type":"ListItem","position":2,"name":"Kolar Celar\u010deva: V mojem mandatu smo naredili najve\u010d doslej"}]},{"@type":"WebSite","@id":"https:\/\/hudo.com\/si\/#website","url":"https:\/\/hudo.com\/si\/","name":"Hudo Slovenija","description":"Vse novice iz Slovenije in sveta","publisher":{"@id":"https:\/\/hudo.com\/si\/#organization"},"potentialAction":[{"@type":"SearchAction","target":{"@type":"EntryPoint","urlTemplate":"https:\/\/hudo.com\/si\/?s={search_term_string}"},"query-input":"required name=search_term_string"}],"inLanguage":"sl-SI"},{"@type":"Organization","@id":"https:\/\/hudo.com\/si\/#organization","name":"VSN Media","url":"https:\/\/hudo.com\/si\/","logo":{"@type":"ImageObject","inLanguage":"sl-SI","@id":"https:\/\/hudo.com\/si\/#\/schema\/logo\/image\/","url":"https:\/\/hudo.com\/si\/wp-content\/uploads\/sites\/2\/2021\/03\/hudo-app-2.png","contentUrl":"https:\/\/hudo.com\/si\/wp-content\/uploads\/sites\/2\/2021\/03\/hudo-app-2.png","width":2185,"height":2167,"caption":"VSN Media"},"image":{"@id":"https:\/\/hudo.com\/si\/#\/schema\/logo\/image\/"},"sameAs":["https:\/\/www.facebook.com\/hudo.si","https:\/\/twitter.com\/hudo_si"]},{"@type":"Person","@id":"https:\/\/hudo.com\/si\/#\/schema\/person\/2391667a63ea075ba94f2f2dc6b77537","name":"A. G., STA","image":{"@type":"ImageObject","inLanguage":"sl-SI","@id":"https:\/\/hudo.com\/si\/#\/schema\/person\/image\/","url":"https:\/\/secure.gravatar.com\/avatar\/e13d22ac3e442658d5025fbbe6238a79?s=96&d=mm&r=g","contentUrl":"https:\/\/secure.gravatar.com\/avatar\/e13d22ac3e442658d5025fbbe6238a79?s=96&d=mm&r=g","caption":"A. G., STA"},"url":"https:\/\/hudo.com\/si\/author\/alenka\/"}]}},"amp_enabled":true,"_links":{"self":[{"href":"https:\/\/hudo.com\/si\/wp-json\/wp\/v2\/posts\/286461"}],"collection":[{"href":"https:\/\/hudo.com\/si\/wp-json\/wp\/v2\/posts"}],"about":[{"href":"https:\/\/hudo.com\/si\/wp-json\/wp\/v2\/types\/post"}],"author":[{"embeddable":true,"href":"https:\/\/hudo.com\/si\/wp-json\/wp\/v2\/users\/5"}],"replies":[{"embeddable":true,"href":"https:\/\/hudo.com\/si\/wp-json\/wp\/v2\/comments?post=286461"}],"version-history":[{"count":1,"href":"https:\/\/hudo.com\/si\/wp-json\/wp\/v2\/posts\/286461\/revisions"}],"predecessor-version":[{"id":286462,"href":"https:\/\/hudo.com\/si\/wp-json\/wp\/v2\/posts\/286461\/revisions\/286462"}],"wp:featuredmedia":[{"embeddable":true,"href":"https:\/\/hudo.com\/si\/wp-json\/wp\/v2\/media\/128043"}],"wp:attachment":[{"href":"https:\/\/hudo.com\/si\/wp-json\/wp\/v2\/media?parent=286461"}],"wp:term":[{"taxonomy":"category","embeddable":true,"href":"https:\/\/hudo.com\/si\/wp-json\/wp\/v2\/categories?post=286461"},{"taxonomy":"post_tag","embeddable":true,"href":"https:\/\/hudo.com\/si\/wp-json\/wp\/v2\/tags?post=286461"},{"taxonomy":"source","embeddable":true,"href":"https:\/\/hudo.com\/si\/wp-json\/wp\/v2\/source?post=286461"},{"taxonomy":"supertag","embeddable":true,"href":"https:\/\/hudo.com\/si\/wp-json\/wp\/v2\/supertag?post=286461"}],"curies":[{"name":"wp","href":"https:\/\/api.w.org\/{rel}","templated":true}]}}