{"id":286556,"date":"2017-08-11T16:00:00","date_gmt":"2017-08-11T14:00:00","guid":{"rendered":"http:\/\/hudo.com\/si\/2017\/08\/11\/iz-oci-v-oci-z-novo-grozeco-jedrsko-katastrofo\/"},"modified":"2017-08-11T16:00:00","modified_gmt":"2017-08-11T14:00:00","slug":"iz-oci-v-oci-z-novo-grozeco-jedrsko-katastrofo","status":"publish","type":"post","link":"https:\/\/hudo.com\/si\/aktualno\/iz-oci-v-oci-z-novo-grozeco-jedrsko-katastrofo\/","title":{"rendered":"Iz o\u010di v o\u010di z novo groze\u010do jedrsko katastrofo"},"content":{"rendered":"<p>Kategorija: Globalno Fri, 11 Aug 2017 18:00:00 +0200  \u00bbMi smo pripravljeni!\u00ab je pred novinarji izjavil obrambni minister James Mattis v \u010detrtek, ko je v Kaliforniji obiskal pred kratkim ustanovljen organ, namenjen pospe\u0161enemu vklju\u010devanju novih tehnologij v ameri\u0161ko vojsko. Mattis ni hotel odgovoriti na vpra\u0161anje, o katerih mo\u017enostih razmi\u0161lja. \u00bbSovra\u017eniku ne bom povedal, kaj nameravamo narediti,\u00ab je rekel. Tako ostaja dilema o tem, ali je voja\u0161ki spopad na Korejskem polotoku zdaj neizogiben ali \u0161e vedno ostaja nekaj mo\u017enosti za nekak\u0161no diplomacijo. Nova rde\u010da \u010drta Napetosti so se \u0161e okrepile, ko je ameri\u0161ki predsednik Donald Trump v torek zagrozil Severni Koreji, da se bosta nanjo usula \u00bbogenj in bes, kakr\u0161nih svet do zdaj \u0161e ni videl\u00ab. \u010ce sklepamo po razlagah njegovih najbli\u017ejih sodelavcev, je tako pravzaprav hotel \u00bbgovoriti z jezikom, ki ga (vodja) Kim D\u017eong Un razume\u00ab, kar ne pomeni, da ga je\u00a0&#8230;<\/p>\n","protected":false},"excerpt":{"rendered":"<p>Kategorija: Globalno Fri, 11 Aug 2017 18:00:00 +0200  \u00bbMi smo pripravljeni!\u00ab je pred novinarji izjavil obrambni minister James Mattis v \u010detrtek, ko je v Kaliforniji obiskal pred kratkim ustanovljen organ, namenjen pospe\u0161enemu vklju\u010devanju novih tehnologij v ameri\u0161ko vojsko. Mattis ni hotel odgovoriti na vpra\u0161anje, o katerih mo\u017enostih razmi\u0161lja. \u00bbSovra\u017eniku ne bom povedal, kaj nameravamo narediti,\u00ab je rekel. Tako ostaja dilema o tem, ali je voja\u0161ki spopad na Korejskem polotoku zdaj neizogiben ali \u0161e vedno ostaja nekaj mo\u017enosti za nekak\u0161no diplomacijo. Nova rde\u010da \u010drta Napetosti so se \u0161e okrepile, ko je ameri\u0161ki predsednik Donald Trump v torek zagrozil Severni Koreji, da se bosta nanjo usula \u00bbogenj in bes, kakr\u0161nih svet do zdaj \u0161e ni videl\u00ab. \u010ce sklepamo po razlagah njegovih najbli\u017ejih sodelavcev, je tako pravzaprav hotel \u00bbgovoriti z jezikom, ki ga (vodja) Kim D\u017eong Un razume\u00ab, kar ne pomeni, da ga je\u00a0&#8230;<\/p>\n","protected":false},"author":1,"featured_media":0,"comment_status":"closed","ping_status":"closed","sticky":false,"template":"","format":"standard","meta":{"footnotes":""},"categories":[1179],"tags":[],"source":[1703],"supertag":[],"acf":[],"yoast_head":"<!-- This site is optimized with the Yoast SEO plugin v21.3 - https:\/\/yoast.com\/wordpress\/plugins\/seo\/ -->\n<title>Iz o\u010di v o\u010di z novo groze\u010do jedrsko katastrofo - Hudo Slovenija<\/title>\n<meta name=\"robots\" content=\"index, follow, max-snippet:-1, max-image-preview:large, max-video-preview:-1\" \/>\n<link rel=\"canonical\" href=\"https:\/\/hudo.com\/si\/aktualno\/iz-oci-v-oci-z-novo-grozeco-jedrsko-katastrofo\/\" \/>\n<meta property=\"og:locale\" content=\"sl_SI\" \/>\n<meta property=\"og:type\" content=\"article\" \/>\n<meta property=\"og:title\" content=\"Iz o\u010di v o\u010di z novo groze\u010do jedrsko katastrofo - Hudo Slovenija\" \/>\n<meta property=\"og:description\" content=\"Kategorija: Globalno Fri, 11 Aug 2017 18:00:00 +0200 \u00bbMi smo pripravljeni!\u00ab je pred novinarji izjavil obrambni minister James Mattis v \u010detrtek, ko je v Kaliforniji obiskal pred kratkim ustanovljen organ, namenjen pospe\u0161enemu vklju\u010devanju novih tehnologij v ameri\u0161ko vojsko. Mattis ni hotel odgovoriti na vpra\u0161anje, o katerih mo\u017enostih razmi\u0161lja. \u00bbSovra\u017eniku ne bom povedal, kaj nameravamo narediti,\u00ab je rekel. Tako ostaja dilema o tem, ali je voja\u0161ki spopad na Korejskem polotoku zdaj neizogiben ali \u0161e vedno ostaja nekaj mo\u017enosti za nekak\u0161no diplomacijo. Nova rde\u010da \u010drta Napetosti so se \u0161e okrepile, ko je ameri\u0161ki predsednik Donald Trump v torek zagrozil Severni Koreji, da se bosta nanjo usula \u00bbogenj in bes, kakr\u0161nih svet do zdaj \u0161e ni videl\u00ab. \u010ce sklepamo po razlagah njegovih najbli\u017ejih sodelavcev, je tako pravzaprav hotel \u00bbgovoriti z jezikom, ki ga (vodja) Kim D\u017eong Un razume\u00ab, kar ne pomeni, da ga je\u00a0...\" \/>\n<meta property=\"og:url\" content=\"https:\/\/hudo.com\/si\/aktualno\/iz-oci-v-oci-z-novo-grozeco-jedrsko-katastrofo\/\" \/>\n<meta property=\"og:site_name\" content=\"Hudo Slovenija\" \/>\n<meta property=\"article:publisher\" content=\"https:\/\/www.facebook.com\/hudo.si\" \/>\n<meta property=\"article:published_time\" content=\"2017-08-11T14:00:00+00:00\" \/>\n<meta property=\"og:image\" content=\"https:\/\/hudo.com\/si\/wp-content\/uploads\/sites\/2\/2017\/08\/480x290_Zunanja__AFP_Photo_20170810_hires0.jpeg\" \/>\n\t<meta property=\"og:image:width\" content=\"480\" \/>\n\t<meta property=\"og:image:height\" content=\"290\" \/>\n\t<meta property=\"og:image:type\" content=\"image\/jpeg\" \/>\n<meta name=\"author\" content=\"hudo\" \/>\n<meta name=\"twitter:card\" content=\"summary_large_image\" \/>\n<meta name=\"twitter:creator\" content=\"@hudo_si\" \/>\n<meta name=\"twitter:site\" content=\"@hudo_si\" \/>\n<meta name=\"twitter:label1\" content=\"Written by\" \/>\n\t<meta name=\"twitter:data1\" content=\"hudo\" \/>\n\t<meta name=\"twitter:label2\" content=\"Est. reading time\" \/>\n\t<meta name=\"twitter:data2\" content=\"1 minuta\" \/>\n<script type=\"application\/ld+json\" class=\"yoast-schema-graph\">{\"@context\":\"https:\/\/schema.org\",\"@graph\":[{\"@type\":\"Article\",\"@id\":\"https:\/\/hudo.com\/si\/aktualno\/iz-oci-v-oci-z-novo-grozeco-jedrsko-katastrofo\/#article\",\"isPartOf\":{\"@id\":\"https:\/\/hudo.com\/si\/aktualno\/iz-oci-v-oci-z-novo-grozeco-jedrsko-katastrofo\/\"},\"author\":{\"name\":\"hudo\",\"@id\":\"https:\/\/hudo.com\/si\/#\/schema\/person\/601cf3379633985b20f7e50f2bb47707\"},\"headline\":\"Iz o\u010di v o\u010di z novo groze\u010do jedrsko katastrofo\",\"datePublished\":\"2017-08-11T14:00:00+00:00\",\"dateModified\":\"2017-08-11T14:00:00+00:00\",\"mainEntityOfPage\":{\"@id\":\"https:\/\/hudo.com\/si\/aktualno\/iz-oci-v-oci-z-novo-grozeco-jedrsko-katastrofo\/\"},\"wordCount\":164,\"publisher\":{\"@id\":\"https:\/\/hudo.com\/si\/#organization\"},\"articleSection\":[\"Aktualno\"],\"inLanguage\":\"sl-SI\"},{\"@type\":\"WebPage\",\"@id\":\"https:\/\/hudo.com\/si\/aktualno\/iz-oci-v-oci-z-novo-grozeco-jedrsko-katastrofo\/\",\"url\":\"https:\/\/hudo.com\/si\/aktualno\/iz-oci-v-oci-z-novo-grozeco-jedrsko-katastrofo\/\",\"name\":\"Iz o\u010di v o\u010di z novo groze\u010do jedrsko katastrofo - Hudo Slovenija\",\"isPartOf\":{\"@id\":\"https:\/\/hudo.com\/si\/#website\"},\"datePublished\":\"2017-08-11T14:00:00+00:00\",\"dateModified\":\"2017-08-11T14:00:00+00:00\",\"breadcrumb\":{\"@id\":\"https:\/\/hudo.com\/si\/aktualno\/iz-oci-v-oci-z-novo-grozeco-jedrsko-katastrofo\/#breadcrumb\"},\"inLanguage\":\"sl-SI\",\"potentialAction\":[{\"@type\":\"ReadAction\",\"target\":[\"https:\/\/hudo.com\/si\/aktualno\/iz-oci-v-oci-z-novo-grozeco-jedrsko-katastrofo\/\"]}]},{\"@type\":\"BreadcrumbList\",\"@id\":\"https:\/\/hudo.com\/si\/aktualno\/iz-oci-v-oci-z-novo-grozeco-jedrsko-katastrofo\/#breadcrumb\",\"itemListElement\":[{\"@type\":\"ListItem\",\"position\":1,\"name\":\"Home\",\"item\":\"https:\/\/hudo.com\/si\/\"},{\"@type\":\"ListItem\",\"position\":2,\"name\":\"Iz o\u010di v o\u010di z novo groze\u010do jedrsko katastrofo\"}]},{\"@type\":\"WebSite\",\"@id\":\"https:\/\/hudo.com\/si\/#website\",\"url\":\"https:\/\/hudo.com\/si\/\",\"name\":\"Hudo Slovenija\",\"description\":\"Vse novice iz Slovenije in sveta\",\"publisher\":{\"@id\":\"https:\/\/hudo.com\/si\/#organization\"},\"potentialAction\":[{\"@type\":\"SearchAction\",\"target\":{\"@type\":\"EntryPoint\",\"urlTemplate\":\"https:\/\/hudo.com\/si\/?s={search_term_string}\"},\"query-input\":\"required name=search_term_string\"}],\"inLanguage\":\"sl-SI\"},{\"@type\":\"Organization\",\"@id\":\"https:\/\/hudo.com\/si\/#organization\",\"name\":\"VSN Media\",\"url\":\"https:\/\/hudo.com\/si\/\",\"logo\":{\"@type\":\"ImageObject\",\"inLanguage\":\"sl-SI\",\"@id\":\"https:\/\/hudo.com\/si\/#\/schema\/logo\/image\/\",\"url\":\"https:\/\/hudo.com\/si\/wp-content\/uploads\/sites\/2\/2021\/03\/hudo-app-2.png\",\"contentUrl\":\"https:\/\/hudo.com\/si\/wp-content\/uploads\/sites\/2\/2021\/03\/hudo-app-2.png\",\"width\":2185,\"height\":2167,\"caption\":\"VSN Media\"},\"image\":{\"@id\":\"https:\/\/hudo.com\/si\/#\/schema\/logo\/image\/\"},\"sameAs\":[\"https:\/\/www.facebook.com\/hudo.si\",\"https:\/\/twitter.com\/hudo_si\"]},{\"@type\":\"Person\",\"@id\":\"https:\/\/hudo.com\/si\/#\/schema\/person\/601cf3379633985b20f7e50f2bb47707\",\"name\":\"hudo\",\"image\":{\"@type\":\"ImageObject\",\"inLanguage\":\"sl-SI\",\"@id\":\"https:\/\/hudo.com\/si\/#\/schema\/person\/image\/\",\"url\":\"https:\/\/secure.gravatar.com\/avatar\/c4ca25fa72cace7a696b52ff5db9e095?s=96&d=mm&r=g\",\"contentUrl\":\"https:\/\/secure.gravatar.com\/avatar\/c4ca25fa72cace7a696b52ff5db9e095?s=96&d=mm&r=g\",\"caption\":\"hudo\"},\"url\":\"https:\/\/hudo.com\/si\/author\/hudo\/\"}]}<\/script>\n<!-- \/ Yoast SEO plugin. -->","yoast_head_json":{"title":"Iz o\u010di v o\u010di z novo groze\u010do jedrsko katastrofo - Hudo Slovenija","robots":{"index":"index","follow":"follow","max-snippet":"max-snippet:-1","max-image-preview":"max-image-preview:large","max-video-preview":"max-video-preview:-1"},"canonical":"https:\/\/hudo.com\/si\/aktualno\/iz-oci-v-oci-z-novo-grozeco-jedrsko-katastrofo\/","og_locale":"sl_SI","og_type":"article","og_title":"Iz o\u010di v o\u010di z novo groze\u010do jedrsko katastrofo - Hudo Slovenija","og_description":"Kategorija: Globalno Fri, 11 Aug 2017 18:00:00 +0200 \u00bbMi smo pripravljeni!\u00ab je pred novinarji izjavil obrambni minister James Mattis v \u010detrtek, ko je v Kaliforniji obiskal pred kratkim ustanovljen organ, namenjen pospe\u0161enemu vklju\u010devanju novih tehnologij v ameri\u0161ko vojsko. Mattis ni hotel odgovoriti na vpra\u0161anje, o katerih mo\u017enostih razmi\u0161lja. \u00bbSovra\u017eniku ne bom povedal, kaj nameravamo narediti,\u00ab je rekel. Tako ostaja dilema o tem, ali je voja\u0161ki spopad na Korejskem polotoku zdaj neizogiben ali \u0161e vedno ostaja nekaj mo\u017enosti za nekak\u0161no diplomacijo. Nova rde\u010da \u010drta Napetosti so se \u0161e okrepile, ko je ameri\u0161ki predsednik Donald Trump v torek zagrozil Severni Koreji, da se bosta nanjo usula \u00bbogenj in bes, kakr\u0161nih svet do zdaj \u0161e ni videl\u00ab. \u010ce sklepamo po razlagah njegovih najbli\u017ejih sodelavcev, je tako pravzaprav hotel \u00bbgovoriti z jezikom, ki ga (vodja) Kim D\u017eong Un razume\u00ab, kar ne pomeni, da ga je\u00a0...","og_url":"https:\/\/hudo.com\/si\/aktualno\/iz-oci-v-oci-z-novo-grozeco-jedrsko-katastrofo\/","og_site_name":"Hudo Slovenija","article_publisher":"https:\/\/www.facebook.com\/hudo.si","article_published_time":"2017-08-11T14:00:00+00:00","og_image":[{"width":480,"height":290,"url":"https:\/\/hudo.com\/si\/wp-content\/uploads\/sites\/2\/2017\/08\/480x290_Zunanja__AFP_Photo_20170810_hires0.jpeg","type":"image\/jpeg"}],"author":"hudo","twitter_card":"summary_large_image","twitter_creator":"@hudo_si","twitter_site":"@hudo_si","twitter_misc":{"Written by":"hudo","Est. reading time":"1 minuta"},"schema":{"@context":"https:\/\/schema.org","@graph":[{"@type":"Article","@id":"https:\/\/hudo.com\/si\/aktualno\/iz-oci-v-oci-z-novo-grozeco-jedrsko-katastrofo\/#article","isPartOf":{"@id":"https:\/\/hudo.com\/si\/aktualno\/iz-oci-v-oci-z-novo-grozeco-jedrsko-katastrofo\/"},"author":{"name":"hudo","@id":"https:\/\/hudo.com\/si\/#\/schema\/person\/601cf3379633985b20f7e50f2bb47707"},"headline":"Iz o\u010di v o\u010di z novo groze\u010do jedrsko katastrofo","datePublished":"2017-08-11T14:00:00+00:00","dateModified":"2017-08-11T14:00:00+00:00","mainEntityOfPage":{"@id":"https:\/\/hudo.com\/si\/aktualno\/iz-oci-v-oci-z-novo-grozeco-jedrsko-katastrofo\/"},"wordCount":164,"publisher":{"@id":"https:\/\/hudo.com\/si\/#organization"},"articleSection":["Aktualno"],"inLanguage":"sl-SI"},{"@type":"WebPage","@id":"https:\/\/hudo.com\/si\/aktualno\/iz-oci-v-oci-z-novo-grozeco-jedrsko-katastrofo\/","url":"https:\/\/hudo.com\/si\/aktualno\/iz-oci-v-oci-z-novo-grozeco-jedrsko-katastrofo\/","name":"Iz o\u010di v o\u010di z novo groze\u010do jedrsko katastrofo - Hudo Slovenija","isPartOf":{"@id":"https:\/\/hudo.com\/si\/#website"},"datePublished":"2017-08-11T14:00:00+00:00","dateModified":"2017-08-11T14:00:00+00:00","breadcrumb":{"@id":"https:\/\/hudo.com\/si\/aktualno\/iz-oci-v-oci-z-novo-grozeco-jedrsko-katastrofo\/#breadcrumb"},"inLanguage":"sl-SI","potentialAction":[{"@type":"ReadAction","target":["https:\/\/hudo.com\/si\/aktualno\/iz-oci-v-oci-z-novo-grozeco-jedrsko-katastrofo\/"]}]},{"@type":"BreadcrumbList","@id":"https:\/\/hudo.com\/si\/aktualno\/iz-oci-v-oci-z-novo-grozeco-jedrsko-katastrofo\/#breadcrumb","itemListElement":[{"@type":"ListItem","position":1,"name":"Home","item":"https:\/\/hudo.com\/si\/"},{"@type":"ListItem","position":2,"name":"Iz o\u010di v o\u010di z novo groze\u010do jedrsko katastrofo"}]},{"@type":"WebSite","@id":"https:\/\/hudo.com\/si\/#website","url":"https:\/\/hudo.com\/si\/","name":"Hudo Slovenija","description":"Vse novice iz Slovenije in sveta","publisher":{"@id":"https:\/\/hudo.com\/si\/#organization"},"potentialAction":[{"@type":"SearchAction","target":{"@type":"EntryPoint","urlTemplate":"https:\/\/hudo.com\/si\/?s={search_term_string}"},"query-input":"required name=search_term_string"}],"inLanguage":"sl-SI"},{"@type":"Organization","@id":"https:\/\/hudo.com\/si\/#organization","name":"VSN Media","url":"https:\/\/hudo.com\/si\/","logo":{"@type":"ImageObject","inLanguage":"sl-SI","@id":"https:\/\/hudo.com\/si\/#\/schema\/logo\/image\/","url":"https:\/\/hudo.com\/si\/wp-content\/uploads\/sites\/2\/2021\/03\/hudo-app-2.png","contentUrl":"https:\/\/hudo.com\/si\/wp-content\/uploads\/sites\/2\/2021\/03\/hudo-app-2.png","width":2185,"height":2167,"caption":"VSN Media"},"image":{"@id":"https:\/\/hudo.com\/si\/#\/schema\/logo\/image\/"},"sameAs":["https:\/\/www.facebook.com\/hudo.si","https:\/\/twitter.com\/hudo_si"]},{"@type":"Person","@id":"https:\/\/hudo.com\/si\/#\/schema\/person\/601cf3379633985b20f7e50f2bb47707","name":"hudo","image":{"@type":"ImageObject","inLanguage":"sl-SI","@id":"https:\/\/hudo.com\/si\/#\/schema\/person\/image\/","url":"https:\/\/secure.gravatar.com\/avatar\/c4ca25fa72cace7a696b52ff5db9e095?s=96&d=mm&r=g","contentUrl":"https:\/\/secure.gravatar.com\/avatar\/c4ca25fa72cace7a696b52ff5db9e095?s=96&d=mm&r=g","caption":"hudo"},"url":"https:\/\/hudo.com\/si\/author\/hudo\/"}]}},"amp_enabled":true,"_links":{"self":[{"href":"https:\/\/hudo.com\/si\/wp-json\/wp\/v2\/posts\/286556"}],"collection":[{"href":"https:\/\/hudo.com\/si\/wp-json\/wp\/v2\/posts"}],"about":[{"href":"https:\/\/hudo.com\/si\/wp-json\/wp\/v2\/types\/post"}],"author":[{"embeddable":true,"href":"https:\/\/hudo.com\/si\/wp-json\/wp\/v2\/users\/1"}],"replies":[{"embeddable":true,"href":"https:\/\/hudo.com\/si\/wp-json\/wp\/v2\/comments?post=286556"}],"version-history":[{"count":0,"href":"https:\/\/hudo.com\/si\/wp-json\/wp\/v2\/posts\/286556\/revisions"}],"wp:attachment":[{"href":"https:\/\/hudo.com\/si\/wp-json\/wp\/v2\/media?parent=286556"}],"wp:term":[{"taxonomy":"category","embeddable":true,"href":"https:\/\/hudo.com\/si\/wp-json\/wp\/v2\/categories?post=286556"},{"taxonomy":"post_tag","embeddable":true,"href":"https:\/\/hudo.com\/si\/wp-json\/wp\/v2\/tags?post=286556"},{"taxonomy":"source","embeddable":true,"href":"https:\/\/hudo.com\/si\/wp-json\/wp\/v2\/source?post=286556"},{"taxonomy":"supertag","embeddable":true,"href":"https:\/\/hudo.com\/si\/wp-json\/wp\/v2\/supertag?post=286556"}],"curies":[{"name":"wp","href":"https:\/\/api.w.org\/{rel}","templated":true}]}}