{"id":286945,"date":"2017-08-13T12:55:20","date_gmt":"2017-08-13T10:55:20","guid":{"rendered":"http:\/\/hudo.com\/si\/?p=286945"},"modified":"2017-08-13T12:55:20","modified_gmt":"2017-08-13T10:55:20","slug":"na-obmocju-splita-iscejo-jadralca-ki-je-v-soboto-v-blizini-otoka-vis-padel-z-jadrnice-v-razburkano-morje","status":"publish","type":"post","link":"https:\/\/hudo.com\/si\/aktualno\/na-obmocju-splita-iscejo-jadralca-ki-je-v-soboto-v-blizini-otoka-vis-padel-z-jadrnice-v-razburkano-morje\/","title":{"rendered":"Na obmo\u010dju Splita i\u0161\u010dejo jadralca, ki je v soboto v bli\u017eini otoka Vis padel z jadrnice v razburkano morje"},"content":{"rendered":"<p>Glede na izjave 50-letne \u017eene jadralca, hrva\u0161ke dr\u017eavljanke, ki je bila z njim edina potnica na jadrnici, je do nesre\u010de pri\u0161lo v soboto popoldne okoli 14.30. Pokvaril se jima je motor na jadrnici in ko ga je sku\u0161al usposobiti, ga je udarilo jadro in vrglo v morje.<\/p>\n<p>\u017dena ga potem ni mogla re\u0161iti iz razburkanega morja, sam pa tudi ni mogel priplavati do jadrnice. \u017dena mu je potem odvrgla re\u0161evalni pas, njo pa je na jadrnici odneslo stran.<\/p>\n<p>Do nesre\u010de je pri\u0161lo nedale\u010d od otoka Vis, a zunaj obmo\u010dja signala mobilne telefonije. Na pomo\u010d je lahko poklicala \u0161ele kaki dve uri kasneje, navaja Hina.<\/p>\n<p>Hrva\u0161ka obalna stra\u017ea je nato takoj po prejetem obvestilu o dogodku okoli 16.45 spro\u017eila iskalno akcijo in na obmo\u010dje poslala re\u0161evalna plovila, pa tudi helikopter in letalo tipa pilatus.<\/p>\n<p>Po\u0161kodovano jadrnico so dosegli zve\u010der in jo odpeljali v Maslinico na \u0160olti, \u0161e navaja Hina.<\/p>\n<p>Zaradi neugodnih razmer na morju in teme so zve\u010der iskalno akcijo za pogre\u0161anim Nizozemcem prekinili, \u017ee pono\u010di ob 2.30 pa obnovili. Iskanje iz zraka so obnovili ob 6.25. A zaenkrat pogre\u0161anega jadralca \u0161e niso na\u0161li.<\/p>\n","protected":false},"excerpt":{"rendered":"<p>Iskali so tudi jadrnico, na kateri je bila \u017eena jadralca, ki mo\u017eu, 60-letnemu nizozemskemu dr\u017eavljanu ni mogla pomagati. Jadrnico so medtem uspe\u0161no na\u0161li in pripeljali v pristani\u0161\u010de na otoku \u0160olta, poro\u010da hrva\u0161ka tiskovna agencija Hina.<\/p>\n","protected":false},"author":8,"featured_media":286946,"comment_status":"closed","ping_status":"closed","sticky":false,"template":"","format":"standard","meta":{"footnotes":""},"categories":[1179],"tags":[1810,6480,4398],"source":[4511],"supertag":[6103],"acf":[],"yoast_head":"<!-- This site is optimized with the Yoast SEO plugin v21.3 - https:\/\/yoast.com\/wordpress\/plugins\/seo\/ -->\n<title>Na obmo\u010dju Splita i\u0161\u010dejo jadralca, ki je v soboto v bli\u017eini otoka Vis padel z jadrnice v razburkano morje - Hudo Slovenija<\/title>\n<meta name=\"robots\" content=\"index, follow, max-snippet:-1, max-image-preview:large, max-video-preview:-1\" \/>\n<link rel=\"canonical\" href=\"https:\/\/hudo.com\/si\/aktualno\/na-obmocju-splita-iscejo-jadralca-ki-je-v-soboto-v-blizini-otoka-vis-padel-z-jadrnice-v-razburkano-morje\/\" \/>\n<meta property=\"og:locale\" content=\"sl_SI\" \/>\n<meta property=\"og:type\" content=\"article\" \/>\n<meta property=\"og:title\" content=\"Na obmo\u010dju Splita i\u0161\u010dejo jadralca, ki je v soboto v bli\u017eini otoka Vis padel z jadrnice v razburkano morje - Hudo Slovenija\" \/>\n<meta property=\"og:description\" content=\"Iskali so tudi jadrnico, na kateri je bila \u017eena jadralca, ki mo\u017eu, 60-letnemu nizozemskemu dr\u017eavljanu ni mogla pomagati. Jadrnico so medtem uspe\u0161no na\u0161li in pripeljali v pristani\u0161\u010de na otoku \u0160olta, poro\u010da hrva\u0161ka tiskovna agencija Hina.\" \/>\n<meta property=\"og:url\" content=\"https:\/\/hudo.com\/si\/aktualno\/na-obmocju-splita-iscejo-jadralca-ki-je-v-soboto-v-blizini-otoka-vis-padel-z-jadrnice-v-razburkano-morje\/\" \/>\n<meta property=\"og:site_name\" content=\"Hudo Slovenija\" \/>\n<meta property=\"article:publisher\" content=\"https:\/\/www.facebook.com\/hudo.si\" \/>\n<meta property=\"article:published_time\" content=\"2017-08-13T10:55:20+00:00\" \/>\n<meta property=\"og:image\" content=\"https:\/\/hudo.com\/si\/wp-content\/uploads\/sites\/2\/2017\/08\/profimedia-0336207010.jpg\" \/>\n\t<meta property=\"og:image:width\" content=\"1250\" \/>\n\t<meta property=\"og:image:height\" content=\"909\" \/>\n\t<meta property=\"og:image:type\" content=\"image\/jpeg\" \/>\n<meta name=\"author\" content=\"M. N., STA\" \/>\n<meta name=\"twitter:card\" content=\"summary_large_image\" \/>\n<meta name=\"twitter:creator\" content=\"@hudo_si\" \/>\n<meta name=\"twitter:site\" content=\"@hudo_si\" \/>\n<meta name=\"twitter:label1\" content=\"Written by\" \/>\n\t<meta name=\"twitter:data1\" content=\"M. N., STA\" \/>\n\t<meta name=\"twitter:label2\" content=\"Est. reading time\" \/>\n\t<meta name=\"twitter:data2\" content=\"1 minuta\" \/>\n<script type=\"application\/ld+json\" class=\"yoast-schema-graph\">{\"@context\":\"https:\/\/schema.org\",\"@graph\":[{\"@type\":\"Article\",\"@id\":\"https:\/\/hudo.com\/si\/aktualno\/na-obmocju-splita-iscejo-jadralca-ki-je-v-soboto-v-blizini-otoka-vis-padel-z-jadrnice-v-razburkano-morje\/#article\",\"isPartOf\":{\"@id\":\"https:\/\/hudo.com\/si\/aktualno\/na-obmocju-splita-iscejo-jadralca-ki-je-v-soboto-v-blizini-otoka-vis-padel-z-jadrnice-v-razburkano-morje\/\"},\"author\":{\"name\":\"M. N., STA\",\"@id\":\"https:\/\/hudo.com\/si\/#\/schema\/person\/c2f10ce65d2e6ede2aeda5be2a0611fa\"},\"headline\":\"Na obmo\u010dju Splita i\u0161\u010dejo jadralca, ki je v soboto v bli\u017eini otoka Vis padel z jadrnice v razburkano morje\",\"datePublished\":\"2017-08-13T10:55:20+00:00\",\"dateModified\":\"2017-08-13T10:55:20+00:00\",\"mainEntityOfPage\":{\"@id\":\"https:\/\/hudo.com\/si\/aktualno\/na-obmocju-splita-iscejo-jadralca-ki-je-v-soboto-v-blizini-otoka-vis-padel-z-jadrnice-v-razburkano-morje\/\"},\"wordCount\":223,\"publisher\":{\"@id\":\"https:\/\/hudo.com\/si\/#organization\"},\"keywords\":[\"hrva\u0161ka\",\"jadranje\",\"Split\"],\"articleSection\":[\"Aktualno\"],\"inLanguage\":\"sl-SI\"},{\"@type\":\"WebPage\",\"@id\":\"https:\/\/hudo.com\/si\/aktualno\/na-obmocju-splita-iscejo-jadralca-ki-je-v-soboto-v-blizini-otoka-vis-padel-z-jadrnice-v-razburkano-morje\/\",\"url\":\"https:\/\/hudo.com\/si\/aktualno\/na-obmocju-splita-iscejo-jadralca-ki-je-v-soboto-v-blizini-otoka-vis-padel-z-jadrnice-v-razburkano-morje\/\",\"name\":\"Na obmo\u010dju Splita i\u0161\u010dejo jadralca, ki je v soboto v bli\u017eini otoka Vis padel z jadrnice v razburkano morje - Hudo Slovenija\",\"isPartOf\":{\"@id\":\"https:\/\/hudo.com\/si\/#website\"},\"datePublished\":\"2017-08-13T10:55:20+00:00\",\"dateModified\":\"2017-08-13T10:55:20+00:00\",\"breadcrumb\":{\"@id\":\"https:\/\/hudo.com\/si\/aktualno\/na-obmocju-splita-iscejo-jadralca-ki-je-v-soboto-v-blizini-otoka-vis-padel-z-jadrnice-v-razburkano-morje\/#breadcrumb\"},\"inLanguage\":\"sl-SI\",\"potentialAction\":[{\"@type\":\"ReadAction\",\"target\":[\"https:\/\/hudo.com\/si\/aktualno\/na-obmocju-splita-iscejo-jadralca-ki-je-v-soboto-v-blizini-otoka-vis-padel-z-jadrnice-v-razburkano-morje\/\"]}]},{\"@type\":\"BreadcrumbList\",\"@id\":\"https:\/\/hudo.com\/si\/aktualno\/na-obmocju-splita-iscejo-jadralca-ki-je-v-soboto-v-blizini-otoka-vis-padel-z-jadrnice-v-razburkano-morje\/#breadcrumb\",\"itemListElement\":[{\"@type\":\"ListItem\",\"position\":1,\"name\":\"Home\",\"item\":\"https:\/\/hudo.com\/si\/\"},{\"@type\":\"ListItem\",\"position\":2,\"name\":\"Na obmo\u010dju Splita i\u0161\u010dejo jadralca, ki je v soboto v bli\u017eini otoka Vis padel z jadrnice v razburkano morje\"}]},{\"@type\":\"WebSite\",\"@id\":\"https:\/\/hudo.com\/si\/#website\",\"url\":\"https:\/\/hudo.com\/si\/\",\"name\":\"Hudo Slovenija\",\"description\":\"Vse novice iz Slovenije in sveta\",\"publisher\":{\"@id\":\"https:\/\/hudo.com\/si\/#organization\"},\"potentialAction\":[{\"@type\":\"SearchAction\",\"target\":{\"@type\":\"EntryPoint\",\"urlTemplate\":\"https:\/\/hudo.com\/si\/?s={search_term_string}\"},\"query-input\":\"required name=search_term_string\"}],\"inLanguage\":\"sl-SI\"},{\"@type\":\"Organization\",\"@id\":\"https:\/\/hudo.com\/si\/#organization\",\"name\":\"VSN Media\",\"url\":\"https:\/\/hudo.com\/si\/\",\"logo\":{\"@type\":\"ImageObject\",\"inLanguage\":\"sl-SI\",\"@id\":\"https:\/\/hudo.com\/si\/#\/schema\/logo\/image\/\",\"url\":\"https:\/\/hudo.com\/si\/wp-content\/uploads\/sites\/2\/2021\/03\/hudo-app-2.png\",\"contentUrl\":\"https:\/\/hudo.com\/si\/wp-content\/uploads\/sites\/2\/2021\/03\/hudo-app-2.png\",\"width\":2185,\"height\":2167,\"caption\":\"VSN Media\"},\"image\":{\"@id\":\"https:\/\/hudo.com\/si\/#\/schema\/logo\/image\/\"},\"sameAs\":[\"https:\/\/www.facebook.com\/hudo.si\",\"https:\/\/twitter.com\/hudo_si\"]},{\"@type\":\"Person\",\"@id\":\"https:\/\/hudo.com\/si\/#\/schema\/person\/c2f10ce65d2e6ede2aeda5be2a0611fa\",\"name\":\"M. N., STA\",\"image\":{\"@type\":\"ImageObject\",\"inLanguage\":\"sl-SI\",\"@id\":\"https:\/\/hudo.com\/si\/#\/schema\/person\/image\/\",\"url\":\"https:\/\/secure.gravatar.com\/avatar\/f370d38daa10467f755c5c766a4cac20?s=96&d=mm&r=g\",\"contentUrl\":\"https:\/\/secure.gravatar.com\/avatar\/f370d38daa10467f755c5c766a4cac20?s=96&d=mm&r=g\",\"caption\":\"M. N., STA\"},\"url\":\"https:\/\/hudo.com\/si\/author\/mana\/\"}]}<\/script>\n<!-- \/ Yoast SEO plugin. -->","yoast_head_json":{"title":"Na obmo\u010dju Splita i\u0161\u010dejo jadralca, ki je v soboto v bli\u017eini otoka Vis padel z jadrnice v razburkano morje - Hudo Slovenija","robots":{"index":"index","follow":"follow","max-snippet":"max-snippet:-1","max-image-preview":"max-image-preview:large","max-video-preview":"max-video-preview:-1"},"canonical":"https:\/\/hudo.com\/si\/aktualno\/na-obmocju-splita-iscejo-jadralca-ki-je-v-soboto-v-blizini-otoka-vis-padel-z-jadrnice-v-razburkano-morje\/","og_locale":"sl_SI","og_type":"article","og_title":"Na obmo\u010dju Splita i\u0161\u010dejo jadralca, ki je v soboto v bli\u017eini otoka Vis padel z jadrnice v razburkano morje - Hudo Slovenija","og_description":"Iskali so tudi jadrnico, na kateri je bila \u017eena jadralca, ki mo\u017eu, 60-letnemu nizozemskemu dr\u017eavljanu ni mogla pomagati. Jadrnico so medtem uspe\u0161no na\u0161li in pripeljali v pristani\u0161\u010de na otoku \u0160olta, poro\u010da hrva\u0161ka tiskovna agencija Hina.","og_url":"https:\/\/hudo.com\/si\/aktualno\/na-obmocju-splita-iscejo-jadralca-ki-je-v-soboto-v-blizini-otoka-vis-padel-z-jadrnice-v-razburkano-morje\/","og_site_name":"Hudo Slovenija","article_publisher":"https:\/\/www.facebook.com\/hudo.si","article_published_time":"2017-08-13T10:55:20+00:00","og_image":[{"width":1250,"height":909,"url":"https:\/\/hudo.com\/si\/wp-content\/uploads\/sites\/2\/2017\/08\/profimedia-0336207010.jpg","type":"image\/jpeg"}],"author":"M. N., STA","twitter_card":"summary_large_image","twitter_creator":"@hudo_si","twitter_site":"@hudo_si","twitter_misc":{"Written by":"M. N., STA","Est. reading time":"1 minuta"},"schema":{"@context":"https:\/\/schema.org","@graph":[{"@type":"Article","@id":"https:\/\/hudo.com\/si\/aktualno\/na-obmocju-splita-iscejo-jadralca-ki-je-v-soboto-v-blizini-otoka-vis-padel-z-jadrnice-v-razburkano-morje\/#article","isPartOf":{"@id":"https:\/\/hudo.com\/si\/aktualno\/na-obmocju-splita-iscejo-jadralca-ki-je-v-soboto-v-blizini-otoka-vis-padel-z-jadrnice-v-razburkano-morje\/"},"author":{"name":"M. N., STA","@id":"https:\/\/hudo.com\/si\/#\/schema\/person\/c2f10ce65d2e6ede2aeda5be2a0611fa"},"headline":"Na obmo\u010dju Splita i\u0161\u010dejo jadralca, ki je v soboto v bli\u017eini otoka Vis padel z jadrnice v razburkano morje","datePublished":"2017-08-13T10:55:20+00:00","dateModified":"2017-08-13T10:55:20+00:00","mainEntityOfPage":{"@id":"https:\/\/hudo.com\/si\/aktualno\/na-obmocju-splita-iscejo-jadralca-ki-je-v-soboto-v-blizini-otoka-vis-padel-z-jadrnice-v-razburkano-morje\/"},"wordCount":223,"publisher":{"@id":"https:\/\/hudo.com\/si\/#organization"},"keywords":["hrva\u0161ka","jadranje","Split"],"articleSection":["Aktualno"],"inLanguage":"sl-SI"},{"@type":"WebPage","@id":"https:\/\/hudo.com\/si\/aktualno\/na-obmocju-splita-iscejo-jadralca-ki-je-v-soboto-v-blizini-otoka-vis-padel-z-jadrnice-v-razburkano-morje\/","url":"https:\/\/hudo.com\/si\/aktualno\/na-obmocju-splita-iscejo-jadralca-ki-je-v-soboto-v-blizini-otoka-vis-padel-z-jadrnice-v-razburkano-morje\/","name":"Na obmo\u010dju Splita i\u0161\u010dejo jadralca, ki je v soboto v bli\u017eini otoka Vis padel z jadrnice v razburkano morje - Hudo Slovenija","isPartOf":{"@id":"https:\/\/hudo.com\/si\/#website"},"datePublished":"2017-08-13T10:55:20+00:00","dateModified":"2017-08-13T10:55:20+00:00","breadcrumb":{"@id":"https:\/\/hudo.com\/si\/aktualno\/na-obmocju-splita-iscejo-jadralca-ki-je-v-soboto-v-blizini-otoka-vis-padel-z-jadrnice-v-razburkano-morje\/#breadcrumb"},"inLanguage":"sl-SI","potentialAction":[{"@type":"ReadAction","target":["https:\/\/hudo.com\/si\/aktualno\/na-obmocju-splita-iscejo-jadralca-ki-je-v-soboto-v-blizini-otoka-vis-padel-z-jadrnice-v-razburkano-morje\/"]}]},{"@type":"BreadcrumbList","@id":"https:\/\/hudo.com\/si\/aktualno\/na-obmocju-splita-iscejo-jadralca-ki-je-v-soboto-v-blizini-otoka-vis-padel-z-jadrnice-v-razburkano-morje\/#breadcrumb","itemListElement":[{"@type":"ListItem","position":1,"name":"Home","item":"https:\/\/hudo.com\/si\/"},{"@type":"ListItem","position":2,"name":"Na obmo\u010dju Splita i\u0161\u010dejo jadralca, ki je v soboto v bli\u017eini otoka Vis padel z jadrnice v razburkano morje"}]},{"@type":"WebSite","@id":"https:\/\/hudo.com\/si\/#website","url":"https:\/\/hudo.com\/si\/","name":"Hudo Slovenija","description":"Vse novice iz Slovenije in sveta","publisher":{"@id":"https:\/\/hudo.com\/si\/#organization"},"potentialAction":[{"@type":"SearchAction","target":{"@type":"EntryPoint","urlTemplate":"https:\/\/hudo.com\/si\/?s={search_term_string}"},"query-input":"required name=search_term_string"}],"inLanguage":"sl-SI"},{"@type":"Organization","@id":"https:\/\/hudo.com\/si\/#organization","name":"VSN Media","url":"https:\/\/hudo.com\/si\/","logo":{"@type":"ImageObject","inLanguage":"sl-SI","@id":"https:\/\/hudo.com\/si\/#\/schema\/logo\/image\/","url":"https:\/\/hudo.com\/si\/wp-content\/uploads\/sites\/2\/2021\/03\/hudo-app-2.png","contentUrl":"https:\/\/hudo.com\/si\/wp-content\/uploads\/sites\/2\/2021\/03\/hudo-app-2.png","width":2185,"height":2167,"caption":"VSN Media"},"image":{"@id":"https:\/\/hudo.com\/si\/#\/schema\/logo\/image\/"},"sameAs":["https:\/\/www.facebook.com\/hudo.si","https:\/\/twitter.com\/hudo_si"]},{"@type":"Person","@id":"https:\/\/hudo.com\/si\/#\/schema\/person\/c2f10ce65d2e6ede2aeda5be2a0611fa","name":"M. N., STA","image":{"@type":"ImageObject","inLanguage":"sl-SI","@id":"https:\/\/hudo.com\/si\/#\/schema\/person\/image\/","url":"https:\/\/secure.gravatar.com\/avatar\/f370d38daa10467f755c5c766a4cac20?s=96&d=mm&r=g","contentUrl":"https:\/\/secure.gravatar.com\/avatar\/f370d38daa10467f755c5c766a4cac20?s=96&d=mm&r=g","caption":"M. N., STA"},"url":"https:\/\/hudo.com\/si\/author\/mana\/"}]}},"amp_enabled":true,"_links":{"self":[{"href":"https:\/\/hudo.com\/si\/wp-json\/wp\/v2\/posts\/286945"}],"collection":[{"href":"https:\/\/hudo.com\/si\/wp-json\/wp\/v2\/posts"}],"about":[{"href":"https:\/\/hudo.com\/si\/wp-json\/wp\/v2\/types\/post"}],"author":[{"embeddable":true,"href":"https:\/\/hudo.com\/si\/wp-json\/wp\/v2\/users\/8"}],"replies":[{"embeddable":true,"href":"https:\/\/hudo.com\/si\/wp-json\/wp\/v2\/comments?post=286945"}],"version-history":[{"count":1,"href":"https:\/\/hudo.com\/si\/wp-json\/wp\/v2\/posts\/286945\/revisions"}],"predecessor-version":[{"id":286947,"href":"https:\/\/hudo.com\/si\/wp-json\/wp\/v2\/posts\/286945\/revisions\/286947"}],"wp:featuredmedia":[{"embeddable":true,"href":"https:\/\/hudo.com\/si\/wp-json\/wp\/v2\/media\/286946"}],"wp:attachment":[{"href":"https:\/\/hudo.com\/si\/wp-json\/wp\/v2\/media?parent=286945"}],"wp:term":[{"taxonomy":"category","embeddable":true,"href":"https:\/\/hudo.com\/si\/wp-json\/wp\/v2\/categories?post=286945"},{"taxonomy":"post_tag","embeddable":true,"href":"https:\/\/hudo.com\/si\/wp-json\/wp\/v2\/tags?post=286945"},{"taxonomy":"source","embeddable":true,"href":"https:\/\/hudo.com\/si\/wp-json\/wp\/v2\/source?post=286945"},{"taxonomy":"supertag","embeddable":true,"href":"https:\/\/hudo.com\/si\/wp-json\/wp\/v2\/supertag?post=286945"}],"curies":[{"name":"wp","href":"https:\/\/api.w.org\/{rel}","templated":true}]}}