{"id":287870,"date":"2017-08-16T13:54:34","date_gmt":"2017-08-16T11:54:34","guid":{"rendered":"http:\/\/hudo.com\/si\/?p=287870"},"modified":"2017-08-16T13:54:34","modified_gmt":"2017-08-16T11:54:34","slug":"zaradi-monsunskega-dezevja-umrlo-vec-kot-300-ljudi","status":"publish","type":"post","link":"https:\/\/hudo.com\/si\/aktualno\/zaradi-monsunskega-dezevja-umrlo-vec-kot-300-ljudi\/","title":{"rendered":"Zaradi monsunskega de\u017eevja umrlo ve\u010d  kot 300 ljudi"},"content":{"rendered":"<div class=\"text\">\n<p>V indijski zvezni dr\u017eavi Bihar na vzhodu dr\u017eave je od nedelje umrlo 56 ljudi, po podatkih civilne za\u0161\u010dite pa \u017eivi na obmo\u010dju poplav okoli sedem milijonov ljudi. Oblasti so sicer sporo\u010dile, da je od za\u010detka neurja v Indiji umrlo 150 ljudi, ve\u010d deset jih \u0161e vedno pogre\u0161ajo, poro\u010da nem\u0161ka tiskovna agencija dpa.<\/p>\n<p>Zaradi mo\u010dnega de\u017eevja pa se dviga nivo rek tudi v sosednjem Banglade\u0161u. Tamkaj\u0161nje oblasti so do sedaj potrdile 39 mrtvih. Najve\u010d \u017ertev se je utopilo ali pa jih je stresla elektrika. Poplave so prizadele ve\u010d kot 2,6 milijona ljudi, 350.000 jih je moralo zapustiti svoje domove.<\/p>\n<p>V himalajski dr\u017eavi Nepal je umrlo najmanj 120 ljudi, 35 jih \u0161e pogre\u0161ajo, so danes sporo\u010dile lokalne oblasti. Dr\u017eava tak\u0161nih poplav ni bele\u017eila \u017ee ve\u010d kot deset let. Oblasti na prizadeta obmo\u010dja s helikopterji po\u0161iljajo \u017eivila, vodo in \u0161otore.<\/p>\n<p>Meteorologi prihodnje dni pri\u010dakujejo \u0161e ve\u010d padavin. Ob upadanju nivoja vode pa oblasti v Nepalu opozarjajo pred mo\u017enim izbruhom bolezni, kot sta tifus in rumena mrzlica, prve primere so namre\u010d \u017ee zabele\u017eili, \u0161e pi\u0161e dpa.<\/p>\n<\/div>\n","protected":false},"excerpt":{"rendered":"<p>\u0160tevilo mrtvih po poplavah in zemeljskih plazovih v Nepalu, Indiji in Banglade\u0161u \u0161e vedno nara\u0161\u010da. Oblasti teh treh dr\u017eav so do danes potrdile ve\u010d kot 300 mrtvih. Posledice monsuna so prizadele ve\u010d milijonov ljudi. Od konca prej\u0161njega tedna pa zaradi mo\u010dnega de\u017eevja z ve\u010d obmo\u010dij poro\u010dajo o huj\u0161i \u0161kodi, uni\u010dene so hi\u0161e, mostovi in pridelki.<\/p>\n","protected":false},"author":5,"featured_media":287871,"comment_status":"closed","ping_status":"closed","sticky":false,"template":"","format":"standard","meta":{"footnotes":""},"categories":[1179],"tags":[1865,1683,4142,5405],"source":[4511],"supertag":[6103],"acf":[],"yoast_head":"<!-- This site is optimized with the Yoast SEO plugin v21.3 - https:\/\/yoast.com\/wordpress\/plugins\/seo\/ -->\n<title>Zaradi monsunskega de\u017eevja umrlo ve\u010d kot 300 ljudi - Hudo Slovenija<\/title>\n<meta name=\"robots\" content=\"index, follow, max-snippet:-1, max-image-preview:large, max-video-preview:-1\" \/>\n<link rel=\"canonical\" href=\"https:\/\/hudo.com\/si\/aktualno\/zaradi-monsunskega-dezevja-umrlo-vec-kot-300-ljudi\/\" \/>\n<meta property=\"og:locale\" content=\"sl_SI\" \/>\n<meta property=\"og:type\" content=\"article\" \/>\n<meta property=\"og:title\" content=\"Zaradi monsunskega de\u017eevja umrlo ve\u010d kot 300 ljudi - Hudo Slovenija\" \/>\n<meta property=\"og:description\" content=\"\u0160tevilo mrtvih po poplavah in zemeljskih plazovih v Nepalu, Indiji in Banglade\u0161u \u0161e vedno nara\u0161\u010da. Oblasti teh treh dr\u017eav so do danes potrdile ve\u010d kot 300 mrtvih. Posledice monsuna so prizadele ve\u010d milijonov ljudi. Od konca prej\u0161njega tedna pa zaradi mo\u010dnega de\u017eevja z ve\u010d obmo\u010dij poro\u010dajo o huj\u0161i \u0161kodi, uni\u010dene so hi\u0161e, mostovi in pridelki.\" \/>\n<meta property=\"og:url\" content=\"https:\/\/hudo.com\/si\/aktualno\/zaradi-monsunskega-dezevja-umrlo-vec-kot-300-ljudi\/\" \/>\n<meta property=\"og:site_name\" content=\"Hudo Slovenija\" \/>\n<meta property=\"article:publisher\" content=\"https:\/\/www.facebook.com\/hudo.si\" \/>\n<meta property=\"article:published_time\" content=\"2017-08-16T11:54:34+00:00\" \/>\n<meta property=\"og:image\" content=\"https:\/\/hudo.com\/si\/wp-content\/uploads\/sites\/2\/2017\/08\/profimedia-0344931314.jpg\" \/>\n\t<meta property=\"og:image:width\" content=\"1250\" \/>\n\t<meta property=\"og:image:height\" content=\"703\" \/>\n\t<meta property=\"og:image:type\" content=\"image\/jpeg\" \/>\n<meta name=\"author\" content=\"A. G., STA\" \/>\n<meta name=\"twitter:card\" content=\"summary_large_image\" \/>\n<meta name=\"twitter:creator\" content=\"@hudo_si\" \/>\n<meta name=\"twitter:site\" content=\"@hudo_si\" \/>\n<meta name=\"twitter:label1\" content=\"Written by\" \/>\n\t<meta name=\"twitter:data1\" content=\"A. G., STA\" \/>\n\t<meta name=\"twitter:label2\" content=\"Est. reading time\" \/>\n\t<meta name=\"twitter:data2\" content=\"1 minuta\" \/>\n<script type=\"application\/ld+json\" class=\"yoast-schema-graph\">{\"@context\":\"https:\/\/schema.org\",\"@graph\":[{\"@type\":\"Article\",\"@id\":\"https:\/\/hudo.com\/si\/aktualno\/zaradi-monsunskega-dezevja-umrlo-vec-kot-300-ljudi\/#article\",\"isPartOf\":{\"@id\":\"https:\/\/hudo.com\/si\/aktualno\/zaradi-monsunskega-dezevja-umrlo-vec-kot-300-ljudi\/\"},\"author\":{\"name\":\"A. G., STA\",\"@id\":\"https:\/\/hudo.com\/si\/#\/schema\/person\/2391667a63ea075ba94f2f2dc6b77537\"},\"headline\":\"Zaradi monsunskega de\u017eevja umrlo ve\u010d kot 300 ljudi\",\"datePublished\":\"2017-08-16T11:54:34+00:00\",\"dateModified\":\"2017-08-16T11:54:34+00:00\",\"mainEntityOfPage\":{\"@id\":\"https:\/\/hudo.com\/si\/aktualno\/zaradi-monsunskega-dezevja-umrlo-vec-kot-300-ljudi\/\"},\"wordCount\":198,\"publisher\":{\"@id\":\"https:\/\/hudo.com\/si\/#organization\"},\"keywords\":[\"banglade\u0161\",\"Indija\",\"Nepal\",\"poplave\"],\"articleSection\":[\"Aktualno\"],\"inLanguage\":\"sl-SI\"},{\"@type\":\"WebPage\",\"@id\":\"https:\/\/hudo.com\/si\/aktualno\/zaradi-monsunskega-dezevja-umrlo-vec-kot-300-ljudi\/\",\"url\":\"https:\/\/hudo.com\/si\/aktualno\/zaradi-monsunskega-dezevja-umrlo-vec-kot-300-ljudi\/\",\"name\":\"Zaradi monsunskega de\u017eevja umrlo ve\u010d kot 300 ljudi - Hudo Slovenija\",\"isPartOf\":{\"@id\":\"https:\/\/hudo.com\/si\/#website\"},\"datePublished\":\"2017-08-16T11:54:34+00:00\",\"dateModified\":\"2017-08-16T11:54:34+00:00\",\"breadcrumb\":{\"@id\":\"https:\/\/hudo.com\/si\/aktualno\/zaradi-monsunskega-dezevja-umrlo-vec-kot-300-ljudi\/#breadcrumb\"},\"inLanguage\":\"sl-SI\",\"potentialAction\":[{\"@type\":\"ReadAction\",\"target\":[\"https:\/\/hudo.com\/si\/aktualno\/zaradi-monsunskega-dezevja-umrlo-vec-kot-300-ljudi\/\"]}]},{\"@type\":\"BreadcrumbList\",\"@id\":\"https:\/\/hudo.com\/si\/aktualno\/zaradi-monsunskega-dezevja-umrlo-vec-kot-300-ljudi\/#breadcrumb\",\"itemListElement\":[{\"@type\":\"ListItem\",\"position\":1,\"name\":\"Home\",\"item\":\"https:\/\/hudo.com\/si\/\"},{\"@type\":\"ListItem\",\"position\":2,\"name\":\"Zaradi monsunskega de\u017eevja umrlo ve\u010d kot 300 ljudi\"}]},{\"@type\":\"WebSite\",\"@id\":\"https:\/\/hudo.com\/si\/#website\",\"url\":\"https:\/\/hudo.com\/si\/\",\"name\":\"Hudo Slovenija\",\"description\":\"Vse novice iz Slovenije in sveta\",\"publisher\":{\"@id\":\"https:\/\/hudo.com\/si\/#organization\"},\"potentialAction\":[{\"@type\":\"SearchAction\",\"target\":{\"@type\":\"EntryPoint\",\"urlTemplate\":\"https:\/\/hudo.com\/si\/?s={search_term_string}\"},\"query-input\":\"required name=search_term_string\"}],\"inLanguage\":\"sl-SI\"},{\"@type\":\"Organization\",\"@id\":\"https:\/\/hudo.com\/si\/#organization\",\"name\":\"VSN Media\",\"url\":\"https:\/\/hudo.com\/si\/\",\"logo\":{\"@type\":\"ImageObject\",\"inLanguage\":\"sl-SI\",\"@id\":\"https:\/\/hudo.com\/si\/#\/schema\/logo\/image\/\",\"url\":\"https:\/\/hudo.com\/si\/wp-content\/uploads\/sites\/2\/2021\/03\/hudo-app-2.png\",\"contentUrl\":\"https:\/\/hudo.com\/si\/wp-content\/uploads\/sites\/2\/2021\/03\/hudo-app-2.png\",\"width\":2185,\"height\":2167,\"caption\":\"VSN Media\"},\"image\":{\"@id\":\"https:\/\/hudo.com\/si\/#\/schema\/logo\/image\/\"},\"sameAs\":[\"https:\/\/www.facebook.com\/hudo.si\",\"https:\/\/twitter.com\/hudo_si\"]},{\"@type\":\"Person\",\"@id\":\"https:\/\/hudo.com\/si\/#\/schema\/person\/2391667a63ea075ba94f2f2dc6b77537\",\"name\":\"A. G., STA\",\"image\":{\"@type\":\"ImageObject\",\"inLanguage\":\"sl-SI\",\"@id\":\"https:\/\/hudo.com\/si\/#\/schema\/person\/image\/\",\"url\":\"https:\/\/secure.gravatar.com\/avatar\/e13d22ac3e442658d5025fbbe6238a79?s=96&d=mm&r=g\",\"contentUrl\":\"https:\/\/secure.gravatar.com\/avatar\/e13d22ac3e442658d5025fbbe6238a79?s=96&d=mm&r=g\",\"caption\":\"A. G., STA\"},\"url\":\"https:\/\/hudo.com\/si\/author\/alenka\/\"}]}<\/script>\n<!-- \/ Yoast SEO plugin. -->","yoast_head_json":{"title":"Zaradi monsunskega de\u017eevja umrlo ve\u010d kot 300 ljudi - Hudo Slovenija","robots":{"index":"index","follow":"follow","max-snippet":"max-snippet:-1","max-image-preview":"max-image-preview:large","max-video-preview":"max-video-preview:-1"},"canonical":"https:\/\/hudo.com\/si\/aktualno\/zaradi-monsunskega-dezevja-umrlo-vec-kot-300-ljudi\/","og_locale":"sl_SI","og_type":"article","og_title":"Zaradi monsunskega de\u017eevja umrlo ve\u010d kot 300 ljudi - Hudo Slovenija","og_description":"\u0160tevilo mrtvih po poplavah in zemeljskih plazovih v Nepalu, Indiji in Banglade\u0161u \u0161e vedno nara\u0161\u010da. Oblasti teh treh dr\u017eav so do danes potrdile ve\u010d kot 300 mrtvih. Posledice monsuna so prizadele ve\u010d milijonov ljudi. Od konca prej\u0161njega tedna pa zaradi mo\u010dnega de\u017eevja z ve\u010d obmo\u010dij poro\u010dajo o huj\u0161i \u0161kodi, uni\u010dene so hi\u0161e, mostovi in pridelki.","og_url":"https:\/\/hudo.com\/si\/aktualno\/zaradi-monsunskega-dezevja-umrlo-vec-kot-300-ljudi\/","og_site_name":"Hudo Slovenija","article_publisher":"https:\/\/www.facebook.com\/hudo.si","article_published_time":"2017-08-16T11:54:34+00:00","og_image":[{"width":1250,"height":703,"url":"https:\/\/hudo.com\/si\/wp-content\/uploads\/sites\/2\/2017\/08\/profimedia-0344931314.jpg","type":"image\/jpeg"}],"author":"A. G., STA","twitter_card":"summary_large_image","twitter_creator":"@hudo_si","twitter_site":"@hudo_si","twitter_misc":{"Written by":"A. G., STA","Est. reading time":"1 minuta"},"schema":{"@context":"https:\/\/schema.org","@graph":[{"@type":"Article","@id":"https:\/\/hudo.com\/si\/aktualno\/zaradi-monsunskega-dezevja-umrlo-vec-kot-300-ljudi\/#article","isPartOf":{"@id":"https:\/\/hudo.com\/si\/aktualno\/zaradi-monsunskega-dezevja-umrlo-vec-kot-300-ljudi\/"},"author":{"name":"A. G., STA","@id":"https:\/\/hudo.com\/si\/#\/schema\/person\/2391667a63ea075ba94f2f2dc6b77537"},"headline":"Zaradi monsunskega de\u017eevja umrlo ve\u010d kot 300 ljudi","datePublished":"2017-08-16T11:54:34+00:00","dateModified":"2017-08-16T11:54:34+00:00","mainEntityOfPage":{"@id":"https:\/\/hudo.com\/si\/aktualno\/zaradi-monsunskega-dezevja-umrlo-vec-kot-300-ljudi\/"},"wordCount":198,"publisher":{"@id":"https:\/\/hudo.com\/si\/#organization"},"keywords":["banglade\u0161","Indija","Nepal","poplave"],"articleSection":["Aktualno"],"inLanguage":"sl-SI"},{"@type":"WebPage","@id":"https:\/\/hudo.com\/si\/aktualno\/zaradi-monsunskega-dezevja-umrlo-vec-kot-300-ljudi\/","url":"https:\/\/hudo.com\/si\/aktualno\/zaradi-monsunskega-dezevja-umrlo-vec-kot-300-ljudi\/","name":"Zaradi monsunskega de\u017eevja umrlo ve\u010d kot 300 ljudi - Hudo Slovenija","isPartOf":{"@id":"https:\/\/hudo.com\/si\/#website"},"datePublished":"2017-08-16T11:54:34+00:00","dateModified":"2017-08-16T11:54:34+00:00","breadcrumb":{"@id":"https:\/\/hudo.com\/si\/aktualno\/zaradi-monsunskega-dezevja-umrlo-vec-kot-300-ljudi\/#breadcrumb"},"inLanguage":"sl-SI","potentialAction":[{"@type":"ReadAction","target":["https:\/\/hudo.com\/si\/aktualno\/zaradi-monsunskega-dezevja-umrlo-vec-kot-300-ljudi\/"]}]},{"@type":"BreadcrumbList","@id":"https:\/\/hudo.com\/si\/aktualno\/zaradi-monsunskega-dezevja-umrlo-vec-kot-300-ljudi\/#breadcrumb","itemListElement":[{"@type":"ListItem","position":1,"name":"Home","item":"https:\/\/hudo.com\/si\/"},{"@type":"ListItem","position":2,"name":"Zaradi monsunskega de\u017eevja umrlo ve\u010d kot 300 ljudi"}]},{"@type":"WebSite","@id":"https:\/\/hudo.com\/si\/#website","url":"https:\/\/hudo.com\/si\/","name":"Hudo Slovenija","description":"Vse novice iz Slovenije in sveta","publisher":{"@id":"https:\/\/hudo.com\/si\/#organization"},"potentialAction":[{"@type":"SearchAction","target":{"@type":"EntryPoint","urlTemplate":"https:\/\/hudo.com\/si\/?s={search_term_string}"},"query-input":"required name=search_term_string"}],"inLanguage":"sl-SI"},{"@type":"Organization","@id":"https:\/\/hudo.com\/si\/#organization","name":"VSN Media","url":"https:\/\/hudo.com\/si\/","logo":{"@type":"ImageObject","inLanguage":"sl-SI","@id":"https:\/\/hudo.com\/si\/#\/schema\/logo\/image\/","url":"https:\/\/hudo.com\/si\/wp-content\/uploads\/sites\/2\/2021\/03\/hudo-app-2.png","contentUrl":"https:\/\/hudo.com\/si\/wp-content\/uploads\/sites\/2\/2021\/03\/hudo-app-2.png","width":2185,"height":2167,"caption":"VSN Media"},"image":{"@id":"https:\/\/hudo.com\/si\/#\/schema\/logo\/image\/"},"sameAs":["https:\/\/www.facebook.com\/hudo.si","https:\/\/twitter.com\/hudo_si"]},{"@type":"Person","@id":"https:\/\/hudo.com\/si\/#\/schema\/person\/2391667a63ea075ba94f2f2dc6b77537","name":"A. G., STA","image":{"@type":"ImageObject","inLanguage":"sl-SI","@id":"https:\/\/hudo.com\/si\/#\/schema\/person\/image\/","url":"https:\/\/secure.gravatar.com\/avatar\/e13d22ac3e442658d5025fbbe6238a79?s=96&d=mm&r=g","contentUrl":"https:\/\/secure.gravatar.com\/avatar\/e13d22ac3e442658d5025fbbe6238a79?s=96&d=mm&r=g","caption":"A. G., STA"},"url":"https:\/\/hudo.com\/si\/author\/alenka\/"}]}},"amp_enabled":true,"_links":{"self":[{"href":"https:\/\/hudo.com\/si\/wp-json\/wp\/v2\/posts\/287870"}],"collection":[{"href":"https:\/\/hudo.com\/si\/wp-json\/wp\/v2\/posts"}],"about":[{"href":"https:\/\/hudo.com\/si\/wp-json\/wp\/v2\/types\/post"}],"author":[{"embeddable":true,"href":"https:\/\/hudo.com\/si\/wp-json\/wp\/v2\/users\/5"}],"replies":[{"embeddable":true,"href":"https:\/\/hudo.com\/si\/wp-json\/wp\/v2\/comments?post=287870"}],"version-history":[{"count":1,"href":"https:\/\/hudo.com\/si\/wp-json\/wp\/v2\/posts\/287870\/revisions"}],"predecessor-version":[{"id":287872,"href":"https:\/\/hudo.com\/si\/wp-json\/wp\/v2\/posts\/287870\/revisions\/287872"}],"wp:featuredmedia":[{"embeddable":true,"href":"https:\/\/hudo.com\/si\/wp-json\/wp\/v2\/media\/287871"}],"wp:attachment":[{"href":"https:\/\/hudo.com\/si\/wp-json\/wp\/v2\/media?parent=287870"}],"wp:term":[{"taxonomy":"category","embeddable":true,"href":"https:\/\/hudo.com\/si\/wp-json\/wp\/v2\/categories?post=287870"},{"taxonomy":"post_tag","embeddable":true,"href":"https:\/\/hudo.com\/si\/wp-json\/wp\/v2\/tags?post=287870"},{"taxonomy":"source","embeddable":true,"href":"https:\/\/hudo.com\/si\/wp-json\/wp\/v2\/source?post=287870"},{"taxonomy":"supertag","embeddable":true,"href":"https:\/\/hudo.com\/si\/wp-json\/wp\/v2\/supertag?post=287870"}],"curies":[{"name":"wp","href":"https:\/\/api.w.org\/{rel}","templated":true}]}}