{"id":288279,"date":"2017-08-17T20:16:12","date_gmt":"2017-08-17T18:16:12","guid":{"rendered":"http:\/\/hudo.com\/si\/?p=288279"},"modified":"2017-08-17T21:00:49","modified_gmt":"2017-08-17T19:00:49","slug":"v-teroristicnem-napadu-s-kombijem-v-barceloni-vec-mrtvih-ranjenih-aretirali-osumljenca","status":"publish","type":"post","link":"https:\/\/hudo.com\/si\/aktualno\/v-teroristicnem-napadu-s-kombijem-v-barceloni-vec-mrtvih-ranjenih-aretirali-osumljenca\/","title":{"rendered":"V teroristi\u010dnem napadu s kombijem v Barceloni ve\u010d mrtvih in ranjenih, aretirali osumljenca"},"content":{"rendered":"<p>Na med turisti in doma\u010dini priljubljeni aveniji v sredi\u0161\u010du Barcelone Ramblas je danes v mno\u017eico ljudi namerno zapeljalo dostavno vozilo. Obmo\u010dje je policija zaprla, na kraj pa je po poro\u010danju francoske tiskovne agencije AFP pri\u0161lo ve\u010d re\u0161evalnih in policijskih vozil.<\/p>\n<figure id=\"attachment_288282\" aria-describedby=\"caption-attachment-288282\" style=\"width: 571px\" class=\"wp-caption alignnone\"><a href=\"http:\/\/hudo.com\/si\/wp-content\/uploads\/sites\/2\/2017\/08\/profimedia-0345561176.jpg\"><img loading=\"lazy\" decoding=\"async\" class=\"wp-image-288282 size-large\" src=\"http:\/\/hudo.com\/si\/wp-content\/uploads\/sites\/2\/2017\/08\/profimedia-0345561176-571x1024.jpg\" width=\"571\" height=\"1024\" srcset=\"https:\/\/hudo.com\/si\/wp-content\/uploads\/sites\/2\/2017\/08\/profimedia-0345561176-571x1024.jpg 571w, https:\/\/hudo.com\/si\/wp-content\/uploads\/sites\/2\/2017\/08\/profimedia-0345561176-167x300.jpg 167w, https:\/\/hudo.com\/si\/wp-content\/uploads\/sites\/2\/2017\/08\/profimedia-0345561176-600x1076.jpg 600w, https:\/\/hudo.com\/si\/wp-content\/uploads\/sites\/2\/2017\/08\/profimedia-0345561176-300x538.jpg 300w, https:\/\/hudo.com\/si\/wp-content\/uploads\/sites\/2\/2017\/08\/profimedia-0345561176.jpg 697w\" sizes=\"(max-width: 571px) 100vw, 571px\" \/><\/a><figcaption id=\"caption-attachment-288282\" class=\"wp-caption-text\">Foto: Profimedia<\/figcaption><\/figure>\n<p>Katalonski notranji minister Joaquim Forn je sporo\u010dil, da je bila v napadu ubita najmanj ena oseba in da je 32 ranjenih. Opozoril je, da bi lahko bilo smrtnih \u017ertev \u0161e ve\u010d, saj je ve\u010d huje ranjenih. Pred tem je katalonska policija sporo\u010dila, da je med 32 ranjenih 10 ljudi huje po\u0161kodovanih. \u010casnik El Pais, ki je navajal policijske vire, je sicer poro\u010dal o 13 mrtvih.<\/p>\n<p>Tiskovni predstavnik policije je za nem\u0161ko tiskovno agencijo dpa dejal, da \u0161e ne poznajo okoli\u0161\u010din napada. Sodelavci policije pa so za \u0161panski \u010dasnik La Vanguardia potrdili, da se je oboro\u017eeni napadalec oziroma napadalci zabarikadirali v bar v bli\u017eini ulice. Policijski vir je za AFP sporo\u010dil, da i\u0161\u010dejo dva storilca.<\/p>\n<p>O\u010dividci so sicer za dr\u017eavno televizijo poro\u010dali o enem napadalcu, ki naj bi bil star okoli 20 let. Bel kombi naj bi z okoli 80 kilometri na uro zapeljal v mno\u017eico.<\/p>\n<p>Lokalne oblasti pozivajo ljudi, naj se izogibajo obmo\u010dja okoli trga Catalunya, ki le\u017ei na severnem koncu znamenite avenije, pi\u0161e britanski BBC. Metro in \u017eelezni\u0161ke postaje so zaprte.<\/p>\n<p>Eden od o\u010dividcev je za BBC dejal, da je sli\u0161al glasen zvok in da so vsi ljudje za\u010deli be\u017eati in iskati zato\u010di\u0161\u010de v bli\u017enjih lokalih in trgovinah.<\/p>\n<figure id=\"attachment_288283\" aria-describedby=\"caption-attachment-288283\" style=\"width: 574px\" class=\"wp-caption alignnone\"><a href=\"http:\/\/hudo.com\/si\/wp-content\/uploads\/sites\/2\/2017\/08\/profimedia-0345561086.jpg\"><img loading=\"lazy\" decoding=\"async\" class=\"size-large wp-image-288283\" src=\"http:\/\/hudo.com\/si\/wp-content\/uploads\/sites\/2\/2017\/08\/profimedia-0345561086-574x1024.jpg\" alt=\"\" width=\"574\" height=\"1024\" srcset=\"https:\/\/hudo.com\/si\/wp-content\/uploads\/sites\/2\/2017\/08\/profimedia-0345561086-574x1024.jpg 574w, https:\/\/hudo.com\/si\/wp-content\/uploads\/sites\/2\/2017\/08\/profimedia-0345561086-168x300.jpg 168w, https:\/\/hudo.com\/si\/wp-content\/uploads\/sites\/2\/2017\/08\/profimedia-0345561086-600x1070.jpg 600w, https:\/\/hudo.com\/si\/wp-content\/uploads\/sites\/2\/2017\/08\/profimedia-0345561086-300x535.jpg 300w, https:\/\/hudo.com\/si\/wp-content\/uploads\/sites\/2\/2017\/08\/profimedia-0345561086.jpg 701w\" sizes=\"(max-width: 574px) 100vw, 574px\" \/><\/a><figcaption id=\"caption-attachment-288283\" class=\"wp-caption-text\">Foto: Profimedia<\/figcaption><\/figure>\n<p>\u010casnik El Pais, ki je navedel policijo, je poro\u010dal, da so v kombiju na\u0161li \u0161panski potni list.<\/p>\n<p>&#8220;V stiku z vsemi oblastmi. Prioriteta: oskrba ranjenih na Rambli in olaj\u0161anje dela varnostnim silam,&#8221; je tvitnil \u0161panski premier Mariano Rajoy.<\/p>\n<p>Rambla je najbolj znana ulica v katalonski prestolnici in tako kot med doma\u010dini tudi med turisti najbolj priljubljena sprehajalna ulica v Barceloni. Dolga je 1,3 kilometra in vodi do pristani\u0161\u010da.<\/p>\n<p>V zadnjih letih so bila sicer vozila uporabljena \u017ee v ve\u010d teroristi\u010dnih napadih v Evropi. Zadnji napad se je zgodil 3. junija v Londonu, ko je na Londonskem mostu najprej vozilo zapeljalo v pe\u0161ce in jih pokosilo, nakar je zapeljalo do bli\u017enjega Borough Marketa, kjer so iz njega izstopili trije mo\u0161ki z no\u017ei in za\u010deli zabadati mimoido\u010de. Ubitih je bilo \u0161est ljudi, 48 je bilo ranjenih.<\/p>\n","protected":false},"excerpt":{"rendered":"<p>Kombi se je danes popoldne v Barceloni, v predelu Rambla, zaletel v mno\u017eico ljudi. Policija je doslej uradno potrdila najmanj eno smrtno \u017ertev in 32 ranjenih, od tega 10 huje. Mediji so sicer poro\u010dali o 13 smrtnih \u017ertvah. Policija je tudi potrdila, da incident obravnava kot teroristi\u010dni napad, napadalca, ki je na begu, \u0161e i\u0161\u010dejo.<\/p>\n","protected":false},"author":8,"featured_media":288280,"comment_status":"closed","ping_status":"closed","sticky":false,"template":"","format":"standard","meta":{"footnotes":""},"categories":[1179],"tags":[3817,4676,9284],"source":[4511],"supertag":[7150,6103],"acf":[],"yoast_head":"<!-- This site is optimized with the Yoast SEO plugin v21.3 - https:\/\/yoast.com\/wordpress\/plugins\/seo\/ -->\n<title>V teroristi\u010dnem napadu s kombijem v Barceloni ve\u010d mrtvih in ranjenih, aretirali osumljenca - Hudo Slovenija<\/title>\n<meta name=\"robots\" content=\"index, follow, max-snippet:-1, max-image-preview:large, max-video-preview:-1\" \/>\n<link rel=\"canonical\" href=\"https:\/\/hudo.com\/si\/aktualno\/v-teroristicnem-napadu-s-kombijem-v-barceloni-vec-mrtvih-ranjenih-aretirali-osumljenca\/\" \/>\n<meta property=\"og:locale\" content=\"sl_SI\" \/>\n<meta property=\"og:type\" content=\"article\" \/>\n<meta property=\"og:title\" content=\"V teroristi\u010dnem napadu s kombijem v Barceloni ve\u010d mrtvih in ranjenih, aretirali osumljenca - Hudo Slovenija\" \/>\n<meta property=\"og:description\" content=\"Kombi se je danes popoldne v Barceloni, v predelu Rambla, zaletel v mno\u017eico ljudi. Policija je doslej uradno potrdila najmanj eno smrtno \u017ertev in 32 ranjenih, od tega 10 huje. Mediji so sicer poro\u010dali o 13 smrtnih \u017ertvah. Policija je tudi potrdila, da incident obravnava kot teroristi\u010dni napad, napadalca, ki je na begu, \u0161e i\u0161\u010dejo.\" \/>\n<meta property=\"og:url\" content=\"https:\/\/hudo.com\/si\/aktualno\/v-teroristicnem-napadu-s-kombijem-v-barceloni-vec-mrtvih-ranjenih-aretirali-osumljenca\/\" \/>\n<meta property=\"og:site_name\" content=\"Hudo Slovenija\" \/>\n<meta property=\"article:publisher\" content=\"https:\/\/www.facebook.com\/hudo.si\" \/>\n<meta property=\"article:published_time\" content=\"2017-08-17T18:16:12+00:00\" \/>\n<meta property=\"article:modified_time\" content=\"2017-08-17T19:00:49+00:00\" \/>\n<meta property=\"og:image\" content=\"https:\/\/hudo.com\/si\/wp-content\/uploads\/sites\/2\/2017\/08\/profimedia-0345561221.jpg\" \/>\n\t<meta property=\"og:image:width\" content=\"728\" \/>\n\t<meta property=\"og:image:height\" content=\"1250\" \/>\n\t<meta property=\"og:image:type\" content=\"image\/jpeg\" \/>\n<meta name=\"author\" content=\"M. N., STA\" \/>\n<meta name=\"twitter:card\" content=\"summary_large_image\" \/>\n<meta name=\"twitter:creator\" content=\"@hudo_si\" \/>\n<meta name=\"twitter:site\" content=\"@hudo_si\" \/>\n<meta name=\"twitter:label1\" content=\"Written by\" \/>\n\t<meta name=\"twitter:data1\" content=\"M. N., STA\" \/>\n\t<meta name=\"twitter:label2\" content=\"Est. reading time\" \/>\n\t<meta name=\"twitter:data2\" content=\"2 minuti\" \/>\n<script type=\"application\/ld+json\" class=\"yoast-schema-graph\">{\"@context\":\"https:\/\/schema.org\",\"@graph\":[{\"@type\":\"Article\",\"@id\":\"https:\/\/hudo.com\/si\/aktualno\/v-teroristicnem-napadu-s-kombijem-v-barceloni-vec-mrtvih-ranjenih-aretirali-osumljenca\/#article\",\"isPartOf\":{\"@id\":\"https:\/\/hudo.com\/si\/aktualno\/v-teroristicnem-napadu-s-kombijem-v-barceloni-vec-mrtvih-ranjenih-aretirali-osumljenca\/\"},\"author\":{\"name\":\"M. N., STA\",\"@id\":\"https:\/\/hudo.com\/si\/#\/schema\/person\/c2f10ce65d2e6ede2aeda5be2a0611fa\"},\"headline\":\"V teroristi\u010dnem napadu s kombijem v Barceloni ve\u010d mrtvih in ranjenih, aretirali osumljenca\",\"datePublished\":\"2017-08-17T18:16:12+00:00\",\"dateModified\":\"2017-08-17T19:00:49+00:00\",\"mainEntityOfPage\":{\"@id\":\"https:\/\/hudo.com\/si\/aktualno\/v-teroristicnem-napadu-s-kombijem-v-barceloni-vec-mrtvih-ranjenih-aretirali-osumljenca\/\"},\"wordCount\":440,\"publisher\":{\"@id\":\"https:\/\/hudo.com\/si\/#organization\"},\"keywords\":[\"barcelona\",\"teroristi\u010dni napad\",\"teroristi\u010dni napad v Barceloni\"],\"articleSection\":[\"Aktualno\"],\"inLanguage\":\"sl-SI\"},{\"@type\":\"WebPage\",\"@id\":\"https:\/\/hudo.com\/si\/aktualno\/v-teroristicnem-napadu-s-kombijem-v-barceloni-vec-mrtvih-ranjenih-aretirali-osumljenca\/\",\"url\":\"https:\/\/hudo.com\/si\/aktualno\/v-teroristicnem-napadu-s-kombijem-v-barceloni-vec-mrtvih-ranjenih-aretirali-osumljenca\/\",\"name\":\"V teroristi\u010dnem napadu s kombijem v Barceloni ve\u010d mrtvih in ranjenih, aretirali osumljenca - Hudo Slovenija\",\"isPartOf\":{\"@id\":\"https:\/\/hudo.com\/si\/#website\"},\"datePublished\":\"2017-08-17T18:16:12+00:00\",\"dateModified\":\"2017-08-17T19:00:49+00:00\",\"breadcrumb\":{\"@id\":\"https:\/\/hudo.com\/si\/aktualno\/v-teroristicnem-napadu-s-kombijem-v-barceloni-vec-mrtvih-ranjenih-aretirali-osumljenca\/#breadcrumb\"},\"inLanguage\":\"sl-SI\",\"potentialAction\":[{\"@type\":\"ReadAction\",\"target\":[\"https:\/\/hudo.com\/si\/aktualno\/v-teroristicnem-napadu-s-kombijem-v-barceloni-vec-mrtvih-ranjenih-aretirali-osumljenca\/\"]}]},{\"@type\":\"BreadcrumbList\",\"@id\":\"https:\/\/hudo.com\/si\/aktualno\/v-teroristicnem-napadu-s-kombijem-v-barceloni-vec-mrtvih-ranjenih-aretirali-osumljenca\/#breadcrumb\",\"itemListElement\":[{\"@type\":\"ListItem\",\"position\":1,\"name\":\"Home\",\"item\":\"https:\/\/hudo.com\/si\/\"},{\"@type\":\"ListItem\",\"position\":2,\"name\":\"V teroristi\u010dnem napadu s kombijem v Barceloni ve\u010d mrtvih in ranjenih, aretirali osumljenca\"}]},{\"@type\":\"WebSite\",\"@id\":\"https:\/\/hudo.com\/si\/#website\",\"url\":\"https:\/\/hudo.com\/si\/\",\"name\":\"Hudo Slovenija\",\"description\":\"Vse novice iz Slovenije in sveta\",\"publisher\":{\"@id\":\"https:\/\/hudo.com\/si\/#organization\"},\"potentialAction\":[{\"@type\":\"SearchAction\",\"target\":{\"@type\":\"EntryPoint\",\"urlTemplate\":\"https:\/\/hudo.com\/si\/?s={search_term_string}\"},\"query-input\":\"required name=search_term_string\"}],\"inLanguage\":\"sl-SI\"},{\"@type\":\"Organization\",\"@id\":\"https:\/\/hudo.com\/si\/#organization\",\"name\":\"VSN Media\",\"url\":\"https:\/\/hudo.com\/si\/\",\"logo\":{\"@type\":\"ImageObject\",\"inLanguage\":\"sl-SI\",\"@id\":\"https:\/\/hudo.com\/si\/#\/schema\/logo\/image\/\",\"url\":\"https:\/\/hudo.com\/si\/wp-content\/uploads\/sites\/2\/2021\/03\/hudo-app-2.png\",\"contentUrl\":\"https:\/\/hudo.com\/si\/wp-content\/uploads\/sites\/2\/2021\/03\/hudo-app-2.png\",\"width\":2185,\"height\":2167,\"caption\":\"VSN Media\"},\"image\":{\"@id\":\"https:\/\/hudo.com\/si\/#\/schema\/logo\/image\/\"},\"sameAs\":[\"https:\/\/www.facebook.com\/hudo.si\",\"https:\/\/twitter.com\/hudo_si\"]},{\"@type\":\"Person\",\"@id\":\"https:\/\/hudo.com\/si\/#\/schema\/person\/c2f10ce65d2e6ede2aeda5be2a0611fa\",\"name\":\"M. N., STA\",\"image\":{\"@type\":\"ImageObject\",\"inLanguage\":\"sl-SI\",\"@id\":\"https:\/\/hudo.com\/si\/#\/schema\/person\/image\/\",\"url\":\"https:\/\/secure.gravatar.com\/avatar\/f370d38daa10467f755c5c766a4cac20?s=96&d=mm&r=g\",\"contentUrl\":\"https:\/\/secure.gravatar.com\/avatar\/f370d38daa10467f755c5c766a4cac20?s=96&d=mm&r=g\",\"caption\":\"M. N., STA\"},\"url\":\"https:\/\/hudo.com\/si\/author\/mana\/\"}]}<\/script>\n<!-- \/ Yoast SEO plugin. -->","yoast_head_json":{"title":"V teroristi\u010dnem napadu s kombijem v Barceloni ve\u010d mrtvih in ranjenih, aretirali osumljenca - Hudo Slovenija","robots":{"index":"index","follow":"follow","max-snippet":"max-snippet:-1","max-image-preview":"max-image-preview:large","max-video-preview":"max-video-preview:-1"},"canonical":"https:\/\/hudo.com\/si\/aktualno\/v-teroristicnem-napadu-s-kombijem-v-barceloni-vec-mrtvih-ranjenih-aretirali-osumljenca\/","og_locale":"sl_SI","og_type":"article","og_title":"V teroristi\u010dnem napadu s kombijem v Barceloni ve\u010d mrtvih in ranjenih, aretirali osumljenca - Hudo Slovenija","og_description":"Kombi se je danes popoldne v Barceloni, v predelu Rambla, zaletel v mno\u017eico ljudi. Policija je doslej uradno potrdila najmanj eno smrtno \u017ertev in 32 ranjenih, od tega 10 huje. Mediji so sicer poro\u010dali o 13 smrtnih \u017ertvah. Policija je tudi potrdila, da incident obravnava kot teroristi\u010dni napad, napadalca, ki je na begu, \u0161e i\u0161\u010dejo.","og_url":"https:\/\/hudo.com\/si\/aktualno\/v-teroristicnem-napadu-s-kombijem-v-barceloni-vec-mrtvih-ranjenih-aretirali-osumljenca\/","og_site_name":"Hudo Slovenija","article_publisher":"https:\/\/www.facebook.com\/hudo.si","article_published_time":"2017-08-17T18:16:12+00:00","article_modified_time":"2017-08-17T19:00:49+00:00","og_image":[{"width":728,"height":1250,"url":"https:\/\/hudo.com\/si\/wp-content\/uploads\/sites\/2\/2017\/08\/profimedia-0345561221.jpg","type":"image\/jpeg"}],"author":"M. N., STA","twitter_card":"summary_large_image","twitter_creator":"@hudo_si","twitter_site":"@hudo_si","twitter_misc":{"Written by":"M. N., STA","Est. reading time":"2 minuti"},"schema":{"@context":"https:\/\/schema.org","@graph":[{"@type":"Article","@id":"https:\/\/hudo.com\/si\/aktualno\/v-teroristicnem-napadu-s-kombijem-v-barceloni-vec-mrtvih-ranjenih-aretirali-osumljenca\/#article","isPartOf":{"@id":"https:\/\/hudo.com\/si\/aktualno\/v-teroristicnem-napadu-s-kombijem-v-barceloni-vec-mrtvih-ranjenih-aretirali-osumljenca\/"},"author":{"name":"M. N., STA","@id":"https:\/\/hudo.com\/si\/#\/schema\/person\/c2f10ce65d2e6ede2aeda5be2a0611fa"},"headline":"V teroristi\u010dnem napadu s kombijem v Barceloni ve\u010d mrtvih in ranjenih, aretirali osumljenca","datePublished":"2017-08-17T18:16:12+00:00","dateModified":"2017-08-17T19:00:49+00:00","mainEntityOfPage":{"@id":"https:\/\/hudo.com\/si\/aktualno\/v-teroristicnem-napadu-s-kombijem-v-barceloni-vec-mrtvih-ranjenih-aretirali-osumljenca\/"},"wordCount":440,"publisher":{"@id":"https:\/\/hudo.com\/si\/#organization"},"keywords":["barcelona","teroristi\u010dni napad","teroristi\u010dni napad v Barceloni"],"articleSection":["Aktualno"],"inLanguage":"sl-SI"},{"@type":"WebPage","@id":"https:\/\/hudo.com\/si\/aktualno\/v-teroristicnem-napadu-s-kombijem-v-barceloni-vec-mrtvih-ranjenih-aretirali-osumljenca\/","url":"https:\/\/hudo.com\/si\/aktualno\/v-teroristicnem-napadu-s-kombijem-v-barceloni-vec-mrtvih-ranjenih-aretirali-osumljenca\/","name":"V teroristi\u010dnem napadu s kombijem v Barceloni ve\u010d mrtvih in ranjenih, aretirali osumljenca - Hudo Slovenija","isPartOf":{"@id":"https:\/\/hudo.com\/si\/#website"},"datePublished":"2017-08-17T18:16:12+00:00","dateModified":"2017-08-17T19:00:49+00:00","breadcrumb":{"@id":"https:\/\/hudo.com\/si\/aktualno\/v-teroristicnem-napadu-s-kombijem-v-barceloni-vec-mrtvih-ranjenih-aretirali-osumljenca\/#breadcrumb"},"inLanguage":"sl-SI","potentialAction":[{"@type":"ReadAction","target":["https:\/\/hudo.com\/si\/aktualno\/v-teroristicnem-napadu-s-kombijem-v-barceloni-vec-mrtvih-ranjenih-aretirali-osumljenca\/"]}]},{"@type":"BreadcrumbList","@id":"https:\/\/hudo.com\/si\/aktualno\/v-teroristicnem-napadu-s-kombijem-v-barceloni-vec-mrtvih-ranjenih-aretirali-osumljenca\/#breadcrumb","itemListElement":[{"@type":"ListItem","position":1,"name":"Home","item":"https:\/\/hudo.com\/si\/"},{"@type":"ListItem","position":2,"name":"V teroristi\u010dnem napadu s kombijem v Barceloni ve\u010d mrtvih in ranjenih, aretirali osumljenca"}]},{"@type":"WebSite","@id":"https:\/\/hudo.com\/si\/#website","url":"https:\/\/hudo.com\/si\/","name":"Hudo Slovenija","description":"Vse novice iz Slovenije in sveta","publisher":{"@id":"https:\/\/hudo.com\/si\/#organization"},"potentialAction":[{"@type":"SearchAction","target":{"@type":"EntryPoint","urlTemplate":"https:\/\/hudo.com\/si\/?s={search_term_string}"},"query-input":"required name=search_term_string"}],"inLanguage":"sl-SI"},{"@type":"Organization","@id":"https:\/\/hudo.com\/si\/#organization","name":"VSN Media","url":"https:\/\/hudo.com\/si\/","logo":{"@type":"ImageObject","inLanguage":"sl-SI","@id":"https:\/\/hudo.com\/si\/#\/schema\/logo\/image\/","url":"https:\/\/hudo.com\/si\/wp-content\/uploads\/sites\/2\/2021\/03\/hudo-app-2.png","contentUrl":"https:\/\/hudo.com\/si\/wp-content\/uploads\/sites\/2\/2021\/03\/hudo-app-2.png","width":2185,"height":2167,"caption":"VSN Media"},"image":{"@id":"https:\/\/hudo.com\/si\/#\/schema\/logo\/image\/"},"sameAs":["https:\/\/www.facebook.com\/hudo.si","https:\/\/twitter.com\/hudo_si"]},{"@type":"Person","@id":"https:\/\/hudo.com\/si\/#\/schema\/person\/c2f10ce65d2e6ede2aeda5be2a0611fa","name":"M. N., STA","image":{"@type":"ImageObject","inLanguage":"sl-SI","@id":"https:\/\/hudo.com\/si\/#\/schema\/person\/image\/","url":"https:\/\/secure.gravatar.com\/avatar\/f370d38daa10467f755c5c766a4cac20?s=96&d=mm&r=g","contentUrl":"https:\/\/secure.gravatar.com\/avatar\/f370d38daa10467f755c5c766a4cac20?s=96&d=mm&r=g","caption":"M. N., STA"},"url":"https:\/\/hudo.com\/si\/author\/mana\/"}]}},"amp_enabled":true,"_links":{"self":[{"href":"https:\/\/hudo.com\/si\/wp-json\/wp\/v2\/posts\/288279"}],"collection":[{"href":"https:\/\/hudo.com\/si\/wp-json\/wp\/v2\/posts"}],"about":[{"href":"https:\/\/hudo.com\/si\/wp-json\/wp\/v2\/types\/post"}],"author":[{"embeddable":true,"href":"https:\/\/hudo.com\/si\/wp-json\/wp\/v2\/users\/8"}],"replies":[{"embeddable":true,"href":"https:\/\/hudo.com\/si\/wp-json\/wp\/v2\/comments?post=288279"}],"version-history":[{"count":3,"href":"https:\/\/hudo.com\/si\/wp-json\/wp\/v2\/posts\/288279\/revisions"}],"predecessor-version":[{"id":288285,"href":"https:\/\/hudo.com\/si\/wp-json\/wp\/v2\/posts\/288279\/revisions\/288285"}],"wp:featuredmedia":[{"embeddable":true,"href":"https:\/\/hudo.com\/si\/wp-json\/wp\/v2\/media\/288280"}],"wp:attachment":[{"href":"https:\/\/hudo.com\/si\/wp-json\/wp\/v2\/media?parent=288279"}],"wp:term":[{"taxonomy":"category","embeddable":true,"href":"https:\/\/hudo.com\/si\/wp-json\/wp\/v2\/categories?post=288279"},{"taxonomy":"post_tag","embeddable":true,"href":"https:\/\/hudo.com\/si\/wp-json\/wp\/v2\/tags?post=288279"},{"taxonomy":"source","embeddable":true,"href":"https:\/\/hudo.com\/si\/wp-json\/wp\/v2\/source?post=288279"},{"taxonomy":"supertag","embeddable":true,"href":"https:\/\/hudo.com\/si\/wp-json\/wp\/v2\/supertag?post=288279"}],"curies":[{"name":"wp","href":"https:\/\/api.w.org\/{rel}","templated":true}]}}