{"id":288286,"date":"2017-08-17T20:24:21","date_gmt":"2017-08-17T18:24:21","guid":{"rendered":"http:\/\/hudo.com\/si\/?p=288286"},"modified":"2017-08-17T20:24:21","modified_gmt":"2017-08-17T18:24:21","slug":"letosnja-susa-bo-zagotovo-presegla-prag-za-razglasitev-naravne-nesrece","status":"publish","type":"post","link":"https:\/\/hudo.com\/si\/aktualno\/letosnja-susa-bo-zagotovo-presegla-prag-za-razglasitev-naravne-nesrece\/","title":{"rendered":"Leto\u0161nja su\u0161a bo zagotovo presegla prag za razglasitev naravne nesre\u010de"},"content":{"rendered":"<p>Za ta obmo\u010dja bo po oceni \u0161kode, ki bo predvidoma znana oktobra, torej po spravilu pridelkov, pripravljen program finan\u010dne pomo\u010di. &#8220;Posledice su\u0161e se lahko sanirajo \u017ee po samem zakonu o odpravi posledic naravnih nesre\u010d, ni potreben interventni zakon, kot smo ga imeli za posledice pozebe. Ko bodo ocene narejene, se bo spro\u017eil postopek priprave programa in pomo\u010d za kmete, ki bo v naslednjem letu,&#8221; je dejala Strni\u0161a.<\/p>\n<p>V primeru, da bo kmetom zmanjkovalo krme in da bodo zaradi nakupa krme v likvidnostnih te\u017eavah, Strni\u0161a predvideva tudi mo\u017enost, da bi, podobno kot pri pozebi, spro\u017eili postopke za brezobrestne kredite za obratna sredstva. &#8220;\u010ce se bo izkazala ta potreba, bomo zaprosili Javni sklad RS za regionalni razvoj in razvoj pode\u017eelja Ribnica, da pripravi program kreditov za najbolj prizadete po su\u0161i,&#8221; je \u0161e dodala.<\/p>\n<p>Jugovzhodna regija je bila letos v su\u0161i najbolj prizadeta, saj na tem obmo\u010dju bele\u017eijo najve\u010dji vodni primanjkljaj glede na 30-letne padavine. Junija in julija je tu padlo zgolj 40 odstotkov obi\u010dajnih padavin, su\u0161no obdobje pa se \u0161e kar nadaljuje tudi v avgustu.<\/p>\n<p>Strni\u0161a si je \u017ee ogledala vinograde in koruzna polja, povedala pa je, da je v Beli krajini hudo prizadeto tudi travinje, kar pomeni, da bo zelo primanjkovalo krme. O odstotku \u0161kode te\u017eko govori, so pa \u017ee spro\u017eili vse postopke, da bodo regijske komisije \u0161kodo ocenile.<\/p>\n<p>&#8220;\u0160koda za celo Slovenijo bo lahko \u0161e ve\u010dja kot je bila leta 2003, ki je znana kot najve\u010dja su\u0161a v zadnjih 20 letih. Takrat smo bele\u017eili ekstremno su\u0161o in ekstremno \u0161kodo. To leto bi lahko bilo \u0161e slab\u0161e kot takrat,&#8221; je poudarila Strni\u0161a.<\/p>\n<p>Ob tem je pojasnila, da je su\u0161a mo\u010dno prizadela tudi severovzhod dr\u017eave, Prekmurje, Podravje, Primorsko in Obalo. Od leta 2003 je to \u017ee \u0161esta su\u0161a po vrsti. Strni\u0161a opozarja, da je prav pogostost su\u0161 velik problem, ki ka\u017ee na resnost podnebnih sprememb. &#8220;Na\u0161a prva naloga je namakanje, kjer je to mo\u017eno. V programu razvoja pode\u017eelja imamo podporo za namakalne sisteme, tako velike kot individualne. Dele\u017e sofinanciranja bomo s prihodnjim letom dvignili, mo\u017eno bo pridobiti do 70 odstotkov sofinanciranja,&#8221; je izpostavila dr\u017eavna sekretarka.<\/p>\n<p>Prvi razpis s takimi pogoji bo na voljo predvidoma naslednjo pomlad. Obenem bodo na ministrstvu dvignili odstotek sofinanciranja tudi za protito\u010dne mre\u017ee, za oro\u0161evanje proti pozebi in rastlinjake.<\/p>\n<p>Strni\u0161a je dejala, da so v preteklem programskem obdobju podprli 380 investicij namakanja na kmetijah v vrednosti 3,2 milijona evrov, devet milijonov so vlo\u017eili v devet velikih namakalnih sistemov. \u0160e vedno pa ne dosegajo \u017eelenih ciljev. &#8220;Na prvem razpisu za namakanje iz tega obdobja smo razpisali sedem milijonov evrov za velike namakalne sisteme, a smo dobili le dve pozitivni vlogi v vi\u0161ini 800.000 evrov. \u0160e vedno je to investicija, za katero je treba pridobiti veliko soglasij. Napredek je, ni pa tako hiter kot bi si \u017eeleli,&#8221; je dodala.<\/p>\n<p>Postopek za postavitev namakalnega sistema je zahteven in dolgotrajen, povsod tudi ni na voljo vodnih virov.<\/p>\n<p>Strni\u0161a si danes ogleduje \u0161kodo po su\u0161i na najbolj prizadetih obmo\u010djih v ob\u010dinah Semi\u010d, \u010crnomelj, Novo mesto in \u0160entjernej.<\/p>\n","protected":false},"excerpt":{"rendered":"<p>Leto\u0161nja su\u0161a bo zagotovo presegla prag za razglasitev naravne nesre\u010de, je za STA med ogledom posledic su\u0161e na obmo\u010dju ob\u010din Semi\u010d in \u010crnomelj povedala dr\u017eavna sekretarka na kmetijskem ministrstvu Tanja Strni\u0161a. Obmo\u010dja, kjer po\u0161kodovanost pridelkov presega 30 odstotkov, lahko ra\u010dunajo na finan\u010dno pomo\u010d iz prora\u010dunske rezerve.<\/p>\n","protected":false},"author":8,"featured_media":277881,"comment_status":"closed","ping_status":"closed","sticky":false,"template":"","format":"standard","meta":{"footnotes":""},"categories":[1179],"tags":[1595,8044],"source":[4511],"supertag":[],"acf":[],"yoast_head":"<!-- This site is optimized with the Yoast SEO plugin v21.3 - https:\/\/yoast.com\/wordpress\/plugins\/seo\/ -->\n<title>Leto\u0161nja su\u0161a bo zagotovo presegla prag za razglasitev naravne nesre\u010de - Hudo Slovenija<\/title>\n<meta name=\"robots\" content=\"index, follow, max-snippet:-1, max-image-preview:large, max-video-preview:-1\" \/>\n<link rel=\"canonical\" href=\"https:\/\/hudo.com\/si\/aktualno\/letosnja-susa-bo-zagotovo-presegla-prag-za-razglasitev-naravne-nesrece\/\" \/>\n<meta property=\"og:locale\" content=\"sl_SI\" \/>\n<meta property=\"og:type\" content=\"article\" \/>\n<meta property=\"og:title\" content=\"Leto\u0161nja su\u0161a bo zagotovo presegla prag za razglasitev naravne nesre\u010de - Hudo Slovenija\" \/>\n<meta property=\"og:description\" content=\"Leto\u0161nja su\u0161a bo zagotovo presegla prag za razglasitev naravne nesre\u010de, je za STA med ogledom posledic su\u0161e na obmo\u010dju ob\u010din Semi\u010d in \u010crnomelj povedala dr\u017eavna sekretarka na kmetijskem ministrstvu Tanja Strni\u0161a. Obmo\u010dja, kjer po\u0161kodovanost pridelkov presega 30 odstotkov, lahko ra\u010dunajo na finan\u010dno pomo\u010d iz prora\u010dunske rezerve.\" \/>\n<meta property=\"og:url\" content=\"https:\/\/hudo.com\/si\/aktualno\/letosnja-susa-bo-zagotovo-presegla-prag-za-razglasitev-naravne-nesrece\/\" \/>\n<meta property=\"og:site_name\" content=\"Hudo Slovenija\" \/>\n<meta property=\"article:publisher\" content=\"https:\/\/www.facebook.com\/hudo.si\" \/>\n<meta property=\"article:published_time\" content=\"2017-08-17T18:24:21+00:00\" \/>\n<meta property=\"og:image\" content=\"https:\/\/hudo.com\/si\/wp-content\/uploads\/sites\/2\/2017\/07\/profimedia-0169684166.jpg\" \/>\n\t<meta property=\"og:image:width\" content=\"1250\" \/>\n\t<meta property=\"og:image:height\" content=\"883\" \/>\n\t<meta property=\"og:image:type\" content=\"image\/jpeg\" \/>\n<meta name=\"author\" content=\"M. N., STA\" \/>\n<meta name=\"twitter:card\" content=\"summary_large_image\" \/>\n<meta name=\"twitter:creator\" content=\"@hudo_si\" \/>\n<meta name=\"twitter:site\" content=\"@hudo_si\" \/>\n<meta name=\"twitter:label1\" content=\"Written by\" \/>\n\t<meta name=\"twitter:data1\" content=\"M. N., STA\" \/>\n\t<meta name=\"twitter:label2\" content=\"Est. reading time\" \/>\n\t<meta name=\"twitter:data2\" content=\"3 minute\" \/>\n<script type=\"application\/ld+json\" class=\"yoast-schema-graph\">{\"@context\":\"https:\/\/schema.org\",\"@graph\":[{\"@type\":\"Article\",\"@id\":\"https:\/\/hudo.com\/si\/aktualno\/letosnja-susa-bo-zagotovo-presegla-prag-za-razglasitev-naravne-nesrece\/#article\",\"isPartOf\":{\"@id\":\"https:\/\/hudo.com\/si\/aktualno\/letosnja-susa-bo-zagotovo-presegla-prag-za-razglasitev-naravne-nesrece\/\"},\"author\":{\"name\":\"M. N., STA\",\"@id\":\"https:\/\/hudo.com\/si\/#\/schema\/person\/c2f10ce65d2e6ede2aeda5be2a0611fa\"},\"headline\":\"Leto\u0161nja su\u0161a bo zagotovo presegla prag za razglasitev naravne nesre\u010de\",\"datePublished\":\"2017-08-17T18:24:21+00:00\",\"dateModified\":\"2017-08-17T18:24:21+00:00\",\"mainEntityOfPage\":{\"@id\":\"https:\/\/hudo.com\/si\/aktualno\/letosnja-susa-bo-zagotovo-presegla-prag-za-razglasitev-naravne-nesrece\/\"},\"wordCount\":548,\"publisher\":{\"@id\":\"https:\/\/hudo.com\/si\/#organization\"},\"keywords\":[\"Slovenija\",\"su\u0161a\"],\"articleSection\":[\"Aktualno\"],\"inLanguage\":\"sl-SI\"},{\"@type\":\"WebPage\",\"@id\":\"https:\/\/hudo.com\/si\/aktualno\/letosnja-susa-bo-zagotovo-presegla-prag-za-razglasitev-naravne-nesrece\/\",\"url\":\"https:\/\/hudo.com\/si\/aktualno\/letosnja-susa-bo-zagotovo-presegla-prag-za-razglasitev-naravne-nesrece\/\",\"name\":\"Leto\u0161nja su\u0161a bo zagotovo presegla prag za razglasitev naravne nesre\u010de - Hudo Slovenija\",\"isPartOf\":{\"@id\":\"https:\/\/hudo.com\/si\/#website\"},\"datePublished\":\"2017-08-17T18:24:21+00:00\",\"dateModified\":\"2017-08-17T18:24:21+00:00\",\"breadcrumb\":{\"@id\":\"https:\/\/hudo.com\/si\/aktualno\/letosnja-susa-bo-zagotovo-presegla-prag-za-razglasitev-naravne-nesrece\/#breadcrumb\"},\"inLanguage\":\"sl-SI\",\"potentialAction\":[{\"@type\":\"ReadAction\",\"target\":[\"https:\/\/hudo.com\/si\/aktualno\/letosnja-susa-bo-zagotovo-presegla-prag-za-razglasitev-naravne-nesrece\/\"]}]},{\"@type\":\"BreadcrumbList\",\"@id\":\"https:\/\/hudo.com\/si\/aktualno\/letosnja-susa-bo-zagotovo-presegla-prag-za-razglasitev-naravne-nesrece\/#breadcrumb\",\"itemListElement\":[{\"@type\":\"ListItem\",\"position\":1,\"name\":\"Home\",\"item\":\"https:\/\/hudo.com\/si\/\"},{\"@type\":\"ListItem\",\"position\":2,\"name\":\"Leto\u0161nja su\u0161a bo zagotovo presegla prag za razglasitev naravne nesre\u010de\"}]},{\"@type\":\"WebSite\",\"@id\":\"https:\/\/hudo.com\/si\/#website\",\"url\":\"https:\/\/hudo.com\/si\/\",\"name\":\"Hudo Slovenija\",\"description\":\"Vse novice iz Slovenije in sveta\",\"publisher\":{\"@id\":\"https:\/\/hudo.com\/si\/#organization\"},\"potentialAction\":[{\"@type\":\"SearchAction\",\"target\":{\"@type\":\"EntryPoint\",\"urlTemplate\":\"https:\/\/hudo.com\/si\/?s={search_term_string}\"},\"query-input\":\"required name=search_term_string\"}],\"inLanguage\":\"sl-SI\"},{\"@type\":\"Organization\",\"@id\":\"https:\/\/hudo.com\/si\/#organization\",\"name\":\"VSN Media\",\"url\":\"https:\/\/hudo.com\/si\/\",\"logo\":{\"@type\":\"ImageObject\",\"inLanguage\":\"sl-SI\",\"@id\":\"https:\/\/hudo.com\/si\/#\/schema\/logo\/image\/\",\"url\":\"https:\/\/hudo.com\/si\/wp-content\/uploads\/sites\/2\/2021\/03\/hudo-app-2.png\",\"contentUrl\":\"https:\/\/hudo.com\/si\/wp-content\/uploads\/sites\/2\/2021\/03\/hudo-app-2.png\",\"width\":2185,\"height\":2167,\"caption\":\"VSN Media\"},\"image\":{\"@id\":\"https:\/\/hudo.com\/si\/#\/schema\/logo\/image\/\"},\"sameAs\":[\"https:\/\/www.facebook.com\/hudo.si\",\"https:\/\/twitter.com\/hudo_si\"]},{\"@type\":\"Person\",\"@id\":\"https:\/\/hudo.com\/si\/#\/schema\/person\/c2f10ce65d2e6ede2aeda5be2a0611fa\",\"name\":\"M. N., STA\",\"image\":{\"@type\":\"ImageObject\",\"inLanguage\":\"sl-SI\",\"@id\":\"https:\/\/hudo.com\/si\/#\/schema\/person\/image\/\",\"url\":\"https:\/\/secure.gravatar.com\/avatar\/f370d38daa10467f755c5c766a4cac20?s=96&d=mm&r=g\",\"contentUrl\":\"https:\/\/secure.gravatar.com\/avatar\/f370d38daa10467f755c5c766a4cac20?s=96&d=mm&r=g\",\"caption\":\"M. N., STA\"},\"url\":\"https:\/\/hudo.com\/si\/author\/mana\/\"}]}<\/script>\n<!-- \/ Yoast SEO plugin. -->","yoast_head_json":{"title":"Leto\u0161nja su\u0161a bo zagotovo presegla prag za razglasitev naravne nesre\u010de - Hudo Slovenija","robots":{"index":"index","follow":"follow","max-snippet":"max-snippet:-1","max-image-preview":"max-image-preview:large","max-video-preview":"max-video-preview:-1"},"canonical":"https:\/\/hudo.com\/si\/aktualno\/letosnja-susa-bo-zagotovo-presegla-prag-za-razglasitev-naravne-nesrece\/","og_locale":"sl_SI","og_type":"article","og_title":"Leto\u0161nja su\u0161a bo zagotovo presegla prag za razglasitev naravne nesre\u010de - Hudo Slovenija","og_description":"Leto\u0161nja su\u0161a bo zagotovo presegla prag za razglasitev naravne nesre\u010de, je za STA med ogledom posledic su\u0161e na obmo\u010dju ob\u010din Semi\u010d in \u010crnomelj povedala dr\u017eavna sekretarka na kmetijskem ministrstvu Tanja Strni\u0161a. Obmo\u010dja, kjer po\u0161kodovanost pridelkov presega 30 odstotkov, lahko ra\u010dunajo na finan\u010dno pomo\u010d iz prora\u010dunske rezerve.","og_url":"https:\/\/hudo.com\/si\/aktualno\/letosnja-susa-bo-zagotovo-presegla-prag-za-razglasitev-naravne-nesrece\/","og_site_name":"Hudo Slovenija","article_publisher":"https:\/\/www.facebook.com\/hudo.si","article_published_time":"2017-08-17T18:24:21+00:00","og_image":[{"width":1250,"height":883,"url":"https:\/\/hudo.com\/si\/wp-content\/uploads\/sites\/2\/2017\/07\/profimedia-0169684166.jpg","type":"image\/jpeg"}],"author":"M. N., STA","twitter_card":"summary_large_image","twitter_creator":"@hudo_si","twitter_site":"@hudo_si","twitter_misc":{"Written by":"M. N., STA","Est. reading time":"3 minute"},"schema":{"@context":"https:\/\/schema.org","@graph":[{"@type":"Article","@id":"https:\/\/hudo.com\/si\/aktualno\/letosnja-susa-bo-zagotovo-presegla-prag-za-razglasitev-naravne-nesrece\/#article","isPartOf":{"@id":"https:\/\/hudo.com\/si\/aktualno\/letosnja-susa-bo-zagotovo-presegla-prag-za-razglasitev-naravne-nesrece\/"},"author":{"name":"M. N., STA","@id":"https:\/\/hudo.com\/si\/#\/schema\/person\/c2f10ce65d2e6ede2aeda5be2a0611fa"},"headline":"Leto\u0161nja su\u0161a bo zagotovo presegla prag za razglasitev naravne nesre\u010de","datePublished":"2017-08-17T18:24:21+00:00","dateModified":"2017-08-17T18:24:21+00:00","mainEntityOfPage":{"@id":"https:\/\/hudo.com\/si\/aktualno\/letosnja-susa-bo-zagotovo-presegla-prag-za-razglasitev-naravne-nesrece\/"},"wordCount":548,"publisher":{"@id":"https:\/\/hudo.com\/si\/#organization"},"keywords":["Slovenija","su\u0161a"],"articleSection":["Aktualno"],"inLanguage":"sl-SI"},{"@type":"WebPage","@id":"https:\/\/hudo.com\/si\/aktualno\/letosnja-susa-bo-zagotovo-presegla-prag-za-razglasitev-naravne-nesrece\/","url":"https:\/\/hudo.com\/si\/aktualno\/letosnja-susa-bo-zagotovo-presegla-prag-za-razglasitev-naravne-nesrece\/","name":"Leto\u0161nja su\u0161a bo zagotovo presegla prag za razglasitev naravne nesre\u010de - Hudo Slovenija","isPartOf":{"@id":"https:\/\/hudo.com\/si\/#website"},"datePublished":"2017-08-17T18:24:21+00:00","dateModified":"2017-08-17T18:24:21+00:00","breadcrumb":{"@id":"https:\/\/hudo.com\/si\/aktualno\/letosnja-susa-bo-zagotovo-presegla-prag-za-razglasitev-naravne-nesrece\/#breadcrumb"},"inLanguage":"sl-SI","potentialAction":[{"@type":"ReadAction","target":["https:\/\/hudo.com\/si\/aktualno\/letosnja-susa-bo-zagotovo-presegla-prag-za-razglasitev-naravne-nesrece\/"]}]},{"@type":"BreadcrumbList","@id":"https:\/\/hudo.com\/si\/aktualno\/letosnja-susa-bo-zagotovo-presegla-prag-za-razglasitev-naravne-nesrece\/#breadcrumb","itemListElement":[{"@type":"ListItem","position":1,"name":"Home","item":"https:\/\/hudo.com\/si\/"},{"@type":"ListItem","position":2,"name":"Leto\u0161nja su\u0161a bo zagotovo presegla prag za razglasitev naravne nesre\u010de"}]},{"@type":"WebSite","@id":"https:\/\/hudo.com\/si\/#website","url":"https:\/\/hudo.com\/si\/","name":"Hudo Slovenija","description":"Vse novice iz Slovenije in sveta","publisher":{"@id":"https:\/\/hudo.com\/si\/#organization"},"potentialAction":[{"@type":"SearchAction","target":{"@type":"EntryPoint","urlTemplate":"https:\/\/hudo.com\/si\/?s={search_term_string}"},"query-input":"required name=search_term_string"}],"inLanguage":"sl-SI"},{"@type":"Organization","@id":"https:\/\/hudo.com\/si\/#organization","name":"VSN Media","url":"https:\/\/hudo.com\/si\/","logo":{"@type":"ImageObject","inLanguage":"sl-SI","@id":"https:\/\/hudo.com\/si\/#\/schema\/logo\/image\/","url":"https:\/\/hudo.com\/si\/wp-content\/uploads\/sites\/2\/2021\/03\/hudo-app-2.png","contentUrl":"https:\/\/hudo.com\/si\/wp-content\/uploads\/sites\/2\/2021\/03\/hudo-app-2.png","width":2185,"height":2167,"caption":"VSN Media"},"image":{"@id":"https:\/\/hudo.com\/si\/#\/schema\/logo\/image\/"},"sameAs":["https:\/\/www.facebook.com\/hudo.si","https:\/\/twitter.com\/hudo_si"]},{"@type":"Person","@id":"https:\/\/hudo.com\/si\/#\/schema\/person\/c2f10ce65d2e6ede2aeda5be2a0611fa","name":"M. N., STA","image":{"@type":"ImageObject","inLanguage":"sl-SI","@id":"https:\/\/hudo.com\/si\/#\/schema\/person\/image\/","url":"https:\/\/secure.gravatar.com\/avatar\/f370d38daa10467f755c5c766a4cac20?s=96&d=mm&r=g","contentUrl":"https:\/\/secure.gravatar.com\/avatar\/f370d38daa10467f755c5c766a4cac20?s=96&d=mm&r=g","caption":"M. N., STA"},"url":"https:\/\/hudo.com\/si\/author\/mana\/"}]}},"amp_enabled":true,"_links":{"self":[{"href":"https:\/\/hudo.com\/si\/wp-json\/wp\/v2\/posts\/288286"}],"collection":[{"href":"https:\/\/hudo.com\/si\/wp-json\/wp\/v2\/posts"}],"about":[{"href":"https:\/\/hudo.com\/si\/wp-json\/wp\/v2\/types\/post"}],"author":[{"embeddable":true,"href":"https:\/\/hudo.com\/si\/wp-json\/wp\/v2\/users\/8"}],"replies":[{"embeddable":true,"href":"https:\/\/hudo.com\/si\/wp-json\/wp\/v2\/comments?post=288286"}],"version-history":[{"count":1,"href":"https:\/\/hudo.com\/si\/wp-json\/wp\/v2\/posts\/288286\/revisions"}],"predecessor-version":[{"id":288287,"href":"https:\/\/hudo.com\/si\/wp-json\/wp\/v2\/posts\/288286\/revisions\/288287"}],"wp:featuredmedia":[{"embeddable":true,"href":"https:\/\/hudo.com\/si\/wp-json\/wp\/v2\/media\/277881"}],"wp:attachment":[{"href":"https:\/\/hudo.com\/si\/wp-json\/wp\/v2\/media?parent=288286"}],"wp:term":[{"taxonomy":"category","embeddable":true,"href":"https:\/\/hudo.com\/si\/wp-json\/wp\/v2\/categories?post=288286"},{"taxonomy":"post_tag","embeddable":true,"href":"https:\/\/hudo.com\/si\/wp-json\/wp\/v2\/tags?post=288286"},{"taxonomy":"source","embeddable":true,"href":"https:\/\/hudo.com\/si\/wp-json\/wp\/v2\/source?post=288286"},{"taxonomy":"supertag","embeddable":true,"href":"https:\/\/hudo.com\/si\/wp-json\/wp\/v2\/supertag?post=288286"}],"curies":[{"name":"wp","href":"https:\/\/api.w.org\/{rel}","templated":true}]}}