{"id":288288,"date":"2017-08-17T20:55:52","date_gmt":"2017-08-17T18:55:52","guid":{"rendered":"http:\/\/hudo.com\/si\/?p=288288"},"modified":"2017-08-17T21:00:31","modified_gmt":"2017-08-17T19:00:31","slug":"mzz-v-barceloni-tudi-trije-mladi-slovenci","status":"publish","type":"post","link":"https:\/\/hudo.com\/si\/aktualno\/mzz-v-barceloni-tudi-trije-mladi-slovenci\/","title":{"rendered":"MZZ: V Barceloni tudi trije mladi Slovenci"},"content":{"rendered":"<p>V predelu Rambla v \u0161panskem mestu Barcelona se je danes popoldne kombi zaletel v mno\u017eico ljudi, ubitih je bilo najmanj 13 ljudi, 50 pa jih je ranjenih, od tega ve\u010d huje.<\/p>\n<p>Veleposlani\u0161tvo Slovenije v Madridu je kmalu po napadu vzpostavilo stik z lokalnimi oblastmi, da bi ugotovilo, \u010de so med po\u0161kodovanimi tudi Slovenci.<\/p>\n<p>Ministrstvo za zunanje zadeve dr\u017eavljanom Slovenije, ki se trenutno nahajajo v Barceloni, ob tem svetuje, da upo\u0161tevajo navodila pristojnih lokalnih oblasti, in da se izogibajo predelu Rambla in Plaza de Cataluna. Vsi zainteresirani dr\u017eavljani Slovenije pa se lahko za ve\u010d informacij obrnejo bodisi na MZZ ali na veleposlani\u0161tvo Slovenije v Madridu.<\/p>\n","protected":false},"excerpt":{"rendered":"<p>Po podatkih veleposlani\u0161tva v Madridu so v sredi\u0161\u010du Barcelone, kjer se je zgodil dana\u0161nji napad, trije mladi slovenski dr\u017eavljani, ki niso po\u0161kodovani ali v nevarnosti. Trenutno so v nekem nakupovalnem centru in \u010dakajo na nadaljnja navodila policije, so sporo\u010dili za STA z zunanjega ministrstva.<\/p>\n","protected":false},"author":8,"featured_media":288289,"comment_status":"closed","ping_status":"closed","sticky":false,"template":"","format":"standard","meta":{"footnotes":""},"categories":[1179],"tags":[3817,8851,1595,4676,9284],"source":[4511],"supertag":[7150],"acf":[],"yoast_head":"<!-- This site is optimized with the Yoast SEO plugin v21.3 - https:\/\/yoast.com\/wordpress\/plugins\/seo\/ -->\n<title>MZZ: V Barceloni tudi trije mladi Slovenci - Hudo Slovenija<\/title>\n<meta name=\"robots\" content=\"index, follow, max-snippet:-1, max-image-preview:large, max-video-preview:-1\" \/>\n<link rel=\"canonical\" href=\"https:\/\/hudo.com\/si\/aktualno\/mzz-v-barceloni-tudi-trije-mladi-slovenci\/\" \/>\n<meta property=\"og:locale\" content=\"sl_SI\" \/>\n<meta property=\"og:type\" content=\"article\" \/>\n<meta property=\"og:title\" content=\"MZZ: V Barceloni tudi trije mladi Slovenci - Hudo Slovenija\" \/>\n<meta property=\"og:description\" content=\"Po podatkih veleposlani\u0161tva v Madridu so v sredi\u0161\u010du Barcelone, kjer se je zgodil dana\u0161nji napad, trije mladi slovenski dr\u017eavljani, ki niso po\u0161kodovani ali v nevarnosti. Trenutno so v nekem nakupovalnem centru in \u010dakajo na nadaljnja navodila policije, so sporo\u010dili za STA z zunanjega ministrstva.\" \/>\n<meta property=\"og:url\" content=\"https:\/\/hudo.com\/si\/aktualno\/mzz-v-barceloni-tudi-trije-mladi-slovenci\/\" \/>\n<meta property=\"og:site_name\" content=\"Hudo Slovenija\" \/>\n<meta property=\"article:publisher\" content=\"https:\/\/www.facebook.com\/hudo.si\" \/>\n<meta property=\"article:published_time\" content=\"2017-08-17T18:55:52+00:00\" \/>\n<meta property=\"article:modified_time\" content=\"2017-08-17T19:00:31+00:00\" \/>\n<meta property=\"og:image\" content=\"https:\/\/hudo.com\/si\/wp-content\/uploads\/sites\/2\/2017\/08\/profimedia-0311486544.jpg\" \/>\n\t<meta property=\"og:image:width\" content=\"1250\" \/>\n\t<meta property=\"og:image:height\" content=\"833\" \/>\n\t<meta property=\"og:image:type\" content=\"image\/jpeg\" \/>\n<meta name=\"author\" content=\"M. N., STA\" \/>\n<meta name=\"twitter:card\" content=\"summary_large_image\" \/>\n<meta name=\"twitter:creator\" content=\"@hudo_si\" \/>\n<meta name=\"twitter:site\" content=\"@hudo_si\" \/>\n<meta name=\"twitter:label1\" content=\"Written by\" \/>\n\t<meta name=\"twitter:data1\" content=\"M. N., STA\" \/>\n\t<meta name=\"twitter:label2\" content=\"Est. reading time\" \/>\n\t<meta name=\"twitter:data2\" content=\"1 minuta\" \/>\n<script type=\"application\/ld+json\" class=\"yoast-schema-graph\">{\"@context\":\"https:\/\/schema.org\",\"@graph\":[{\"@type\":\"Article\",\"@id\":\"https:\/\/hudo.com\/si\/aktualno\/mzz-v-barceloni-tudi-trije-mladi-slovenci\/#article\",\"isPartOf\":{\"@id\":\"https:\/\/hudo.com\/si\/aktualno\/mzz-v-barceloni-tudi-trije-mladi-slovenci\/\"},\"author\":{\"name\":\"M. N., STA\",\"@id\":\"https:\/\/hudo.com\/si\/#\/schema\/person\/c2f10ce65d2e6ede2aeda5be2a0611fa\"},\"headline\":\"MZZ: V Barceloni tudi trije mladi Slovenci\",\"datePublished\":\"2017-08-17T18:55:52+00:00\",\"dateModified\":\"2017-08-17T19:00:31+00:00\",\"mainEntityOfPage\":{\"@id\":\"https:\/\/hudo.com\/si\/aktualno\/mzz-v-barceloni-tudi-trije-mladi-slovenci\/\"},\"wordCount\":116,\"publisher\":{\"@id\":\"https:\/\/hudo.com\/si\/#organization\"},\"keywords\":[\"barcelona\",\"mzz\",\"Slovenija\",\"teroristi\u010dni napad\",\"teroristi\u010dni napad v Barceloni\"],\"articleSection\":[\"Aktualno\"],\"inLanguage\":\"sl-SI\"},{\"@type\":\"WebPage\",\"@id\":\"https:\/\/hudo.com\/si\/aktualno\/mzz-v-barceloni-tudi-trije-mladi-slovenci\/\",\"url\":\"https:\/\/hudo.com\/si\/aktualno\/mzz-v-barceloni-tudi-trije-mladi-slovenci\/\",\"name\":\"MZZ: V Barceloni tudi trije mladi Slovenci - Hudo Slovenija\",\"isPartOf\":{\"@id\":\"https:\/\/hudo.com\/si\/#website\"},\"datePublished\":\"2017-08-17T18:55:52+00:00\",\"dateModified\":\"2017-08-17T19:00:31+00:00\",\"breadcrumb\":{\"@id\":\"https:\/\/hudo.com\/si\/aktualno\/mzz-v-barceloni-tudi-trije-mladi-slovenci\/#breadcrumb\"},\"inLanguage\":\"sl-SI\",\"potentialAction\":[{\"@type\":\"ReadAction\",\"target\":[\"https:\/\/hudo.com\/si\/aktualno\/mzz-v-barceloni-tudi-trije-mladi-slovenci\/\"]}]},{\"@type\":\"BreadcrumbList\",\"@id\":\"https:\/\/hudo.com\/si\/aktualno\/mzz-v-barceloni-tudi-trije-mladi-slovenci\/#breadcrumb\",\"itemListElement\":[{\"@type\":\"ListItem\",\"position\":1,\"name\":\"Home\",\"item\":\"https:\/\/hudo.com\/si\/\"},{\"@type\":\"ListItem\",\"position\":2,\"name\":\"MZZ: V Barceloni tudi trije mladi Slovenci\"}]},{\"@type\":\"WebSite\",\"@id\":\"https:\/\/hudo.com\/si\/#website\",\"url\":\"https:\/\/hudo.com\/si\/\",\"name\":\"Hudo Slovenija\",\"description\":\"Vse novice iz Slovenije in sveta\",\"publisher\":{\"@id\":\"https:\/\/hudo.com\/si\/#organization\"},\"potentialAction\":[{\"@type\":\"SearchAction\",\"target\":{\"@type\":\"EntryPoint\",\"urlTemplate\":\"https:\/\/hudo.com\/si\/?s={search_term_string}\"},\"query-input\":\"required name=search_term_string\"}],\"inLanguage\":\"sl-SI\"},{\"@type\":\"Organization\",\"@id\":\"https:\/\/hudo.com\/si\/#organization\",\"name\":\"VSN Media\",\"url\":\"https:\/\/hudo.com\/si\/\",\"logo\":{\"@type\":\"ImageObject\",\"inLanguage\":\"sl-SI\",\"@id\":\"https:\/\/hudo.com\/si\/#\/schema\/logo\/image\/\",\"url\":\"https:\/\/hudo.com\/si\/wp-content\/uploads\/sites\/2\/2021\/03\/hudo-app-2.png\",\"contentUrl\":\"https:\/\/hudo.com\/si\/wp-content\/uploads\/sites\/2\/2021\/03\/hudo-app-2.png\",\"width\":2185,\"height\":2167,\"caption\":\"VSN Media\"},\"image\":{\"@id\":\"https:\/\/hudo.com\/si\/#\/schema\/logo\/image\/\"},\"sameAs\":[\"https:\/\/www.facebook.com\/hudo.si\",\"https:\/\/twitter.com\/hudo_si\"]},{\"@type\":\"Person\",\"@id\":\"https:\/\/hudo.com\/si\/#\/schema\/person\/c2f10ce65d2e6ede2aeda5be2a0611fa\",\"name\":\"M. N., STA\",\"image\":{\"@type\":\"ImageObject\",\"inLanguage\":\"sl-SI\",\"@id\":\"https:\/\/hudo.com\/si\/#\/schema\/person\/image\/\",\"url\":\"https:\/\/secure.gravatar.com\/avatar\/f370d38daa10467f755c5c766a4cac20?s=96&d=mm&r=g\",\"contentUrl\":\"https:\/\/secure.gravatar.com\/avatar\/f370d38daa10467f755c5c766a4cac20?s=96&d=mm&r=g\",\"caption\":\"M. N., STA\"},\"url\":\"https:\/\/hudo.com\/si\/author\/mana\/\"}]}<\/script>\n<!-- \/ Yoast SEO plugin. -->","yoast_head_json":{"title":"MZZ: V Barceloni tudi trije mladi Slovenci - Hudo Slovenija","robots":{"index":"index","follow":"follow","max-snippet":"max-snippet:-1","max-image-preview":"max-image-preview:large","max-video-preview":"max-video-preview:-1"},"canonical":"https:\/\/hudo.com\/si\/aktualno\/mzz-v-barceloni-tudi-trije-mladi-slovenci\/","og_locale":"sl_SI","og_type":"article","og_title":"MZZ: V Barceloni tudi trije mladi Slovenci - Hudo Slovenija","og_description":"Po podatkih veleposlani\u0161tva v Madridu so v sredi\u0161\u010du Barcelone, kjer se je zgodil dana\u0161nji napad, trije mladi slovenski dr\u017eavljani, ki niso po\u0161kodovani ali v nevarnosti. Trenutno so v nekem nakupovalnem centru in \u010dakajo na nadaljnja navodila policije, so sporo\u010dili za STA z zunanjega ministrstva.","og_url":"https:\/\/hudo.com\/si\/aktualno\/mzz-v-barceloni-tudi-trije-mladi-slovenci\/","og_site_name":"Hudo Slovenija","article_publisher":"https:\/\/www.facebook.com\/hudo.si","article_published_time":"2017-08-17T18:55:52+00:00","article_modified_time":"2017-08-17T19:00:31+00:00","og_image":[{"width":1250,"height":833,"url":"https:\/\/hudo.com\/si\/wp-content\/uploads\/sites\/2\/2017\/08\/profimedia-0311486544.jpg","type":"image\/jpeg"}],"author":"M. N., STA","twitter_card":"summary_large_image","twitter_creator":"@hudo_si","twitter_site":"@hudo_si","twitter_misc":{"Written by":"M. N., STA","Est. reading time":"1 minuta"},"schema":{"@context":"https:\/\/schema.org","@graph":[{"@type":"Article","@id":"https:\/\/hudo.com\/si\/aktualno\/mzz-v-barceloni-tudi-trije-mladi-slovenci\/#article","isPartOf":{"@id":"https:\/\/hudo.com\/si\/aktualno\/mzz-v-barceloni-tudi-trije-mladi-slovenci\/"},"author":{"name":"M. N., STA","@id":"https:\/\/hudo.com\/si\/#\/schema\/person\/c2f10ce65d2e6ede2aeda5be2a0611fa"},"headline":"MZZ: V Barceloni tudi trije mladi Slovenci","datePublished":"2017-08-17T18:55:52+00:00","dateModified":"2017-08-17T19:00:31+00:00","mainEntityOfPage":{"@id":"https:\/\/hudo.com\/si\/aktualno\/mzz-v-barceloni-tudi-trije-mladi-slovenci\/"},"wordCount":116,"publisher":{"@id":"https:\/\/hudo.com\/si\/#organization"},"keywords":["barcelona","mzz","Slovenija","teroristi\u010dni napad","teroristi\u010dni napad v Barceloni"],"articleSection":["Aktualno"],"inLanguage":"sl-SI"},{"@type":"WebPage","@id":"https:\/\/hudo.com\/si\/aktualno\/mzz-v-barceloni-tudi-trije-mladi-slovenci\/","url":"https:\/\/hudo.com\/si\/aktualno\/mzz-v-barceloni-tudi-trije-mladi-slovenci\/","name":"MZZ: V Barceloni tudi trije mladi Slovenci - Hudo Slovenija","isPartOf":{"@id":"https:\/\/hudo.com\/si\/#website"},"datePublished":"2017-08-17T18:55:52+00:00","dateModified":"2017-08-17T19:00:31+00:00","breadcrumb":{"@id":"https:\/\/hudo.com\/si\/aktualno\/mzz-v-barceloni-tudi-trije-mladi-slovenci\/#breadcrumb"},"inLanguage":"sl-SI","potentialAction":[{"@type":"ReadAction","target":["https:\/\/hudo.com\/si\/aktualno\/mzz-v-barceloni-tudi-trije-mladi-slovenci\/"]}]},{"@type":"BreadcrumbList","@id":"https:\/\/hudo.com\/si\/aktualno\/mzz-v-barceloni-tudi-trije-mladi-slovenci\/#breadcrumb","itemListElement":[{"@type":"ListItem","position":1,"name":"Home","item":"https:\/\/hudo.com\/si\/"},{"@type":"ListItem","position":2,"name":"MZZ: V Barceloni tudi trije mladi Slovenci"}]},{"@type":"WebSite","@id":"https:\/\/hudo.com\/si\/#website","url":"https:\/\/hudo.com\/si\/","name":"Hudo Slovenija","description":"Vse novice iz Slovenije in sveta","publisher":{"@id":"https:\/\/hudo.com\/si\/#organization"},"potentialAction":[{"@type":"SearchAction","target":{"@type":"EntryPoint","urlTemplate":"https:\/\/hudo.com\/si\/?s={search_term_string}"},"query-input":"required name=search_term_string"}],"inLanguage":"sl-SI"},{"@type":"Organization","@id":"https:\/\/hudo.com\/si\/#organization","name":"VSN Media","url":"https:\/\/hudo.com\/si\/","logo":{"@type":"ImageObject","inLanguage":"sl-SI","@id":"https:\/\/hudo.com\/si\/#\/schema\/logo\/image\/","url":"https:\/\/hudo.com\/si\/wp-content\/uploads\/sites\/2\/2021\/03\/hudo-app-2.png","contentUrl":"https:\/\/hudo.com\/si\/wp-content\/uploads\/sites\/2\/2021\/03\/hudo-app-2.png","width":2185,"height":2167,"caption":"VSN Media"},"image":{"@id":"https:\/\/hudo.com\/si\/#\/schema\/logo\/image\/"},"sameAs":["https:\/\/www.facebook.com\/hudo.si","https:\/\/twitter.com\/hudo_si"]},{"@type":"Person","@id":"https:\/\/hudo.com\/si\/#\/schema\/person\/c2f10ce65d2e6ede2aeda5be2a0611fa","name":"M. N., STA","image":{"@type":"ImageObject","inLanguage":"sl-SI","@id":"https:\/\/hudo.com\/si\/#\/schema\/person\/image\/","url":"https:\/\/secure.gravatar.com\/avatar\/f370d38daa10467f755c5c766a4cac20?s=96&d=mm&r=g","contentUrl":"https:\/\/secure.gravatar.com\/avatar\/f370d38daa10467f755c5c766a4cac20?s=96&d=mm&r=g","caption":"M. N., STA"},"url":"https:\/\/hudo.com\/si\/author\/mana\/"}]}},"amp_enabled":true,"_links":{"self":[{"href":"https:\/\/hudo.com\/si\/wp-json\/wp\/v2\/posts\/288288"}],"collection":[{"href":"https:\/\/hudo.com\/si\/wp-json\/wp\/v2\/posts"}],"about":[{"href":"https:\/\/hudo.com\/si\/wp-json\/wp\/v2\/types\/post"}],"author":[{"embeddable":true,"href":"https:\/\/hudo.com\/si\/wp-json\/wp\/v2\/users\/8"}],"replies":[{"embeddable":true,"href":"https:\/\/hudo.com\/si\/wp-json\/wp\/v2\/comments?post=288288"}],"version-history":[{"count":1,"href":"https:\/\/hudo.com\/si\/wp-json\/wp\/v2\/posts\/288288\/revisions"}],"predecessor-version":[{"id":288290,"href":"https:\/\/hudo.com\/si\/wp-json\/wp\/v2\/posts\/288288\/revisions\/288290"}],"wp:featuredmedia":[{"embeddable":true,"href":"https:\/\/hudo.com\/si\/wp-json\/wp\/v2\/media\/288289"}],"wp:attachment":[{"href":"https:\/\/hudo.com\/si\/wp-json\/wp\/v2\/media?parent=288288"}],"wp:term":[{"taxonomy":"category","embeddable":true,"href":"https:\/\/hudo.com\/si\/wp-json\/wp\/v2\/categories?post=288288"},{"taxonomy":"post_tag","embeddable":true,"href":"https:\/\/hudo.com\/si\/wp-json\/wp\/v2\/tags?post=288288"},{"taxonomy":"source","embeddable":true,"href":"https:\/\/hudo.com\/si\/wp-json\/wp\/v2\/source?post=288288"},{"taxonomy":"supertag","embeddable":true,"href":"https:\/\/hudo.com\/si\/wp-json\/wp\/v2\/supertag?post=288288"}],"curies":[{"name":"wp","href":"https:\/\/api.w.org\/{rel}","templated":true}]}}