{"id":288302,"date":"2017-08-17T17:01:00","date_gmt":"2017-08-17T15:01:00","guid":{"rendered":"http:\/\/hudo.com\/si\/2017\/08\/17\/foto-in-video-slovenec-v-barceloni-mimo-nas-so-nosili-ljudi\/"},"modified":"2017-08-17T17:01:00","modified_gmt":"2017-08-17T15:01:00","slug":"foto-in-video-slovenec-v-barceloni-mimo-nas-so-nosili-ljudi","status":"publish","type":"post","link":"https:\/\/hudo.com\/si\/aktualno\/foto-in-video-slovenec-v-barceloni-mimo-nas-so-nosili-ljudi\/","title":{"rendered":"(FOTO in VIDEO) Slovenec v Barceloni: Mimo nas so nosili ljudi"},"content":{"rendered":"<p>&#8220;Bili smo 200 metrov od napada, v eni od trgovin. Mimo nas so nosili ljudi, nismo vedeli, ali so \u017eivi ali mrtvi,&#8221; nam je pretreseno iz Barcelone zve\u010der povedal 19-letni \u017dan Puc. Triije 19-letni koro\u0161ki fantje po maturi potujejo po Evropi. K sre\u010di so vsi \u017eivi. Slovenska trojica v zaprti blagovnici. Slovensko veleposlani\u0161tvo v Madridu pri katalonskih oblasteh medtem preverja, ali so med \u017ertvami tudi Slovenci. \u00a0 \u00a0\u00a0 Dostavno vozilo je v sredi\u0161\u010du Barcelone malo po 17. uri tr\u010dilo v mno\u017eico ljudi. Dogodek je ozna\u010den za teroristi\u010dni napad. Katalonski notranji minister Joaqim Forn je zve\u010der potrdil, da je mrtvih 13 ljudi. Vsaj 32 jih je bilo &#8220;v mo\u010dnem tr\u010denju&#8221; ranjenih, deset huje. Zaprti sta postaja metroja in \u017eelezni\u0161ka postaja v bli\u017eini Ramble, znanega sprehajali\u0161\u010da, vedno polnega turistov in doma\u010dinov.   EPAPo napadu \u0161ok.\u00a0&#8220;>     EPA Po napadu \u0161ok.\u00a0    Zgodilo se je v eni od ulic ob Rambli, nakar je napadalec zapeljal na Ramblo, \u0161iroko cono za pe\u0161ce, ki pelje do morja in Kolumbovega spomenika.\u00a0\u010casopis El Pais je poro\u010dal, da je voznik, o\u010dividci so ga ocenili na okrog 20 let, po tr\u010denju pe\u0161 pobegnil. Vozil naj bi bil z 80 kilometri na uro. Policija je na\u0161la \u0161pansko osebno izkaznico z arabskim imenom Driss Oukabir. Malo pred pol deveto zve\u010der so sporo\u010dili, da so v\u00a0zvezi z napadom aretirali mo\u0161kega, takoj nato, da je aretirani napadalec.\u00a0   TwitterDriss Oukabir. Fotografija je z osebne izkaznice.&#8221;>     Twitter Driss Oukabir. Fotografija je z osebne izkaznice.    Lokalne oblasti so ljudi pozvale, naj se izognejo obmo\u010dju okoli trga Catalunya na severnem koncu znamenite barcelonske ulice.      Eden od o\u010dividcev je sli\u0161al glasen zvok, nakar so ljudje za\u010deli be\u017eati in iskati zato\u010di\u0161\u010de v bli\u017enjih lokalih in trgovinah.\u00a0Po incidentu z dostavnim vozilom bele barvesta v eno od restavracij vstopila dva oboro\u017eena mo\u0161ka, in se tam zabarikadirala. \u00a0   EPAPolicijske okrepitve na barcelonskih ulicah. \u00a0&#8220;>     EPA Policijske okrepitve na barcelonskih ulicah. \u00a0    \u00a0  Ve\u010dji napadi 3. junij 2017\u00a0<\/p>\n","protected":false},"excerpt":{"rendered":"<p>&#8220;Bili smo 200 metrov od napada, v eni od trgovin. Mimo nas so nosili ljudi, nismo vedeli, ali so \u017eivi ali mrtvi,&#8221; nam je pretreseno iz Barcelone zve\u010der povedal 19-letni \u017dan Puc. Triije 19-letni koro\u0161ki fantje po maturi potujejo po Evropi. K sre\u010di so vsi \u017eivi. Slovenska trojica v zaprti blagovnici. Slovensko veleposlani\u0161tvo v Madridu pri katalonskih oblasteh medtem preverja, ali so med \u017ertvami tudi Slovenci. \u00a0 \u00a0\u00a0 Dostavno vozilo je v sredi\u0161\u010du Barcelone malo po 17. uri tr\u010dilo v mno\u017eico ljudi. Dogodek je ozna\u010den za teroristi\u010dni napad. Katalonski notranji minister Joaqim Forn je zve\u010der potrdil, da je mrtvih 13 ljudi. Vsaj 32 jih je bilo &#8220;v mo\u010dnem tr\u010denju&#8221; ranjenih, deset huje. Zaprti sta postaja metroja in \u017eelezni\u0161ka postaja v bli\u017eini Ramble, znanega sprehajali\u0161\u010da, vedno polnega turistov in doma\u010dinov.   EPAPo napadu \u0161ok.\u00a0&#8220;>     EPA Po napadu \u0161ok.\u00a0    Zgodilo se je v eni od ulic ob Rambli, nakar je napadalec zapeljal na Ramblo, \u0161iroko cono za pe\u0161ce, ki pelje do morja in Kolumbovega spomenika.\u00a0\u010casopis El Pais je poro\u010dal, da je voznik, o\u010dividci so ga ocenili na okrog 20 let, po tr\u010denju pe\u0161 pobegnil. Vozil naj bi bil z 80 kilometri na uro. Policija je na\u0161la \u0161pansko osebno izkaznico z arabskim imenom Driss Oukabir. Malo pred pol deveto zve\u010der so sporo\u010dili, da so v\u00a0zvezi z napadom aretirali mo\u0161kega, takoj nato, da je aretirani napadalec.\u00a0   TwitterDriss Oukabir. Fotografija je z osebne izkaznice.&#8221;>     Twitter Driss Oukabir. Fotografija je z osebne izkaznice.    Lokalne oblasti so ljudi pozvale, naj se izognejo obmo\u010dju okoli trga Catalunya na severnem koncu znamenite barcelonske ulice.      Eden od o\u010dividcev je sli\u0161al glasen zvok, nakar so ljudje za\u010deli be\u017eati in iskati zato\u010di\u0161\u010de v bli\u017enjih lokalih in trgovinah.\u00a0Po incidentu z dostavnim vozilom bele barvesta v eno od restavracij vstopila dva oboro\u017eena mo\u0161ka, in se tam zabarikadirala. \u00a0   EPAPolicijske okrepitve na barcelonskih ulicah. \u00a0&#8220;>     EPA Policijske okrepitve na barcelonskih ulicah. \u00a0    \u00a0  Ve\u010dji napadi 3. junij 2017\u00a0<\/p>\n","protected":false},"author":1,"featured_media":0,"comment_status":"closed","ping_status":"closed","sticky":false,"template":"","format":"standard","meta":{"footnotes":""},"categories":[1179],"tags":[],"source":[1711],"supertag":[],"acf":[],"yoast_head":"<!-- This site is optimized with the Yoast SEO plugin v21.3 - https:\/\/yoast.com\/wordpress\/plugins\/seo\/ -->\n<title>(FOTO in VIDEO) Slovenec v Barceloni: Mimo nas so nosili ljudi - Hudo Slovenija<\/title>\n<meta name=\"robots\" content=\"index, follow, max-snippet:-1, max-image-preview:large, max-video-preview:-1\" \/>\n<link rel=\"canonical\" href=\"https:\/\/hudo.com\/si\/aktualno\/foto-in-video-slovenec-v-barceloni-mimo-nas-so-nosili-ljudi\/\" \/>\n<meta property=\"og:locale\" content=\"sl_SI\" \/>\n<meta property=\"og:type\" content=\"article\" \/>\n<meta property=\"og:title\" content=\"(FOTO in VIDEO) Slovenec v Barceloni: Mimo nas so nosili ljudi - Hudo Slovenija\" \/>\n<meta property=\"og:description\" content=\"&quot;Bili smo 200 metrov od napada, v eni od trgovin. Mimo nas so nosili ljudi, nismo vedeli, ali so \u017eivi ali mrtvi,&quot; nam je pretreseno iz Barcelone zve\u010der povedal 19-letni \u017dan Puc. Triije 19-letni koro\u0161ki fantje po maturi potujejo po Evropi. K sre\u010di so vsi \u017eivi. Slovenska trojica v zaprti blagovnici. Slovensko veleposlani\u0161tvo v Madridu pri katalonskih oblasteh medtem preverja, ali so med \u017ertvami tudi Slovenci. \u00a0 \u00a0\u00a0 Dostavno vozilo je v sredi\u0161\u010du Barcelone malo po 17. uri tr\u010dilo v mno\u017eico ljudi. Dogodek je ozna\u010den za teroristi\u010dni napad. Katalonski notranji minister Joaqim Forn je zve\u010der potrdil, da je mrtvih 13 ljudi. Vsaj 32 jih je bilo &quot;v mo\u010dnem tr\u010denju&quot; ranjenih, deset huje. Zaprti sta postaja metroja in \u017eelezni\u0161ka postaja v bli\u017eini Ramble, znanega sprehajali\u0161\u010da, vedno polnega turistov in doma\u010dinov.  EPAPo napadu \u0161ok.\u00a0&quot;&gt;   EPA Po napadu \u0161ok.\u00a0  Zgodilo se je v eni od ulic ob Rambli, nakar je napadalec zapeljal na Ramblo, \u0161iroko cono za pe\u0161ce, ki pelje do morja in Kolumbovega spomenika.\u00a0\u010casopis El Pais je poro\u010dal, da je voznik, o\u010dividci so ga ocenili na okrog 20 let, po tr\u010denju pe\u0161 pobegnil. Vozil naj bi bil z 80 kilometri na uro. Policija je na\u0161la \u0161pansko osebno izkaznico z arabskim imenom Driss Oukabir. Malo pred pol deveto zve\u010der so sporo\u010dili, da so v\u00a0zvezi z napadom aretirali mo\u0161kega, takoj nato, da je aretirani napadalec.\u00a0  TwitterDriss Oukabir. Fotografija je z osebne izkaznice.&quot;&gt;   Twitter Driss Oukabir. Fotografija je z osebne izkaznice.  Lokalne oblasti so ljudi pozvale, naj se izognejo obmo\u010dju okoli trga Catalunya na severnem koncu znamenite barcelonske ulice.   Eden od o\u010dividcev je sli\u0161al glasen zvok, nakar so ljudje za\u010deli be\u017eati in iskati zato\u010di\u0161\u010de v bli\u017enjih lokalih in trgovinah.\u00a0Po incidentu z dostavnim vozilom bele barvesta v eno od restavracij vstopila dva oboro\u017eena mo\u0161ka, in se tam zabarikadirala. \u00a0  EPAPolicijske okrepitve na barcelonskih ulicah. \u00a0&quot;&gt;   EPA Policijske okrepitve na barcelonskih ulicah. \u00a0  \u00a0 Ve\u010dji napadi 3. junij 2017\u00a0\" \/>\n<meta property=\"og:url\" content=\"https:\/\/hudo.com\/si\/aktualno\/foto-in-video-slovenec-v-barceloni-mimo-nas-so-nosili-ljudi\/\" \/>\n<meta property=\"og:site_name\" content=\"Hudo Slovenija\" \/>\n<meta property=\"article:publisher\" content=\"https:\/\/www.facebook.com\/hudo.si\" \/>\n<meta property=\"article:published_time\" content=\"2017-08-17T15:01:00+00:00\" \/>\n<meta property=\"og:image\" content=\"https:\/\/hudo.com\/si\/wp-content\/uploads\/sites\/2\/2017\/08\/3332532-300.jpg\" \/>\n\t<meta property=\"og:image:width\" content=\"450\" \/>\n\t<meta property=\"og:image:height\" content=\"305\" \/>\n\t<meta property=\"og:image:type\" content=\"image\/jpeg\" \/>\n<meta name=\"author\" content=\"hudo\" \/>\n<meta name=\"twitter:card\" content=\"summary_large_image\" \/>\n<meta name=\"twitter:creator\" content=\"@hudo_si\" \/>\n<meta name=\"twitter:site\" content=\"@hudo_si\" \/>\n<meta name=\"twitter:label1\" content=\"Written by\" \/>\n\t<meta name=\"twitter:data1\" content=\"hudo\" \/>\n\t<meta name=\"twitter:label2\" content=\"Est. reading time\" \/>\n\t<meta name=\"twitter:data2\" content=\"2 minuti\" \/>\n<script type=\"application\/ld+json\" class=\"yoast-schema-graph\">{\"@context\":\"https:\/\/schema.org\",\"@graph\":[{\"@type\":\"Article\",\"@id\":\"https:\/\/hudo.com\/si\/aktualno\/foto-in-video-slovenec-v-barceloni-mimo-nas-so-nosili-ljudi\/#article\",\"isPartOf\":{\"@id\":\"https:\/\/hudo.com\/si\/aktualno\/foto-in-video-slovenec-v-barceloni-mimo-nas-so-nosili-ljudi\/\"},\"author\":{\"name\":\"hudo\",\"@id\":\"https:\/\/hudo.com\/si\/#\/schema\/person\/601cf3379633985b20f7e50f2bb47707\"},\"headline\":\"(FOTO in VIDEO) Slovenec v Barceloni: Mimo nas so nosili ljudi\",\"datePublished\":\"2017-08-17T15:01:00+00:00\",\"dateModified\":\"2017-08-17T15:01:00+00:00\",\"mainEntityOfPage\":{\"@id\":\"https:\/\/hudo.com\/si\/aktualno\/foto-in-video-slovenec-v-barceloni-mimo-nas-so-nosili-ljudi\/\"},\"wordCount\":347,\"publisher\":{\"@id\":\"https:\/\/hudo.com\/si\/#organization\"},\"articleSection\":[\"Aktualno\"],\"inLanguage\":\"sl-SI\"},{\"@type\":\"WebPage\",\"@id\":\"https:\/\/hudo.com\/si\/aktualno\/foto-in-video-slovenec-v-barceloni-mimo-nas-so-nosili-ljudi\/\",\"url\":\"https:\/\/hudo.com\/si\/aktualno\/foto-in-video-slovenec-v-barceloni-mimo-nas-so-nosili-ljudi\/\",\"name\":\"(FOTO in VIDEO) Slovenec v Barceloni: Mimo nas so nosili ljudi - Hudo Slovenija\",\"isPartOf\":{\"@id\":\"https:\/\/hudo.com\/si\/#website\"},\"datePublished\":\"2017-08-17T15:01:00+00:00\",\"dateModified\":\"2017-08-17T15:01:00+00:00\",\"breadcrumb\":{\"@id\":\"https:\/\/hudo.com\/si\/aktualno\/foto-in-video-slovenec-v-barceloni-mimo-nas-so-nosili-ljudi\/#breadcrumb\"},\"inLanguage\":\"sl-SI\",\"potentialAction\":[{\"@type\":\"ReadAction\",\"target\":[\"https:\/\/hudo.com\/si\/aktualno\/foto-in-video-slovenec-v-barceloni-mimo-nas-so-nosili-ljudi\/\"]}]},{\"@type\":\"BreadcrumbList\",\"@id\":\"https:\/\/hudo.com\/si\/aktualno\/foto-in-video-slovenec-v-barceloni-mimo-nas-so-nosili-ljudi\/#breadcrumb\",\"itemListElement\":[{\"@type\":\"ListItem\",\"position\":1,\"name\":\"Home\",\"item\":\"https:\/\/hudo.com\/si\/\"},{\"@type\":\"ListItem\",\"position\":2,\"name\":\"(FOTO in VIDEO) Slovenec v Barceloni: Mimo nas so nosili ljudi\"}]},{\"@type\":\"WebSite\",\"@id\":\"https:\/\/hudo.com\/si\/#website\",\"url\":\"https:\/\/hudo.com\/si\/\",\"name\":\"Hudo Slovenija\",\"description\":\"Vse novice iz Slovenije in sveta\",\"publisher\":{\"@id\":\"https:\/\/hudo.com\/si\/#organization\"},\"potentialAction\":[{\"@type\":\"SearchAction\",\"target\":{\"@type\":\"EntryPoint\",\"urlTemplate\":\"https:\/\/hudo.com\/si\/?s={search_term_string}\"},\"query-input\":\"required name=search_term_string\"}],\"inLanguage\":\"sl-SI\"},{\"@type\":\"Organization\",\"@id\":\"https:\/\/hudo.com\/si\/#organization\",\"name\":\"VSN Media\",\"url\":\"https:\/\/hudo.com\/si\/\",\"logo\":{\"@type\":\"ImageObject\",\"inLanguage\":\"sl-SI\",\"@id\":\"https:\/\/hudo.com\/si\/#\/schema\/logo\/image\/\",\"url\":\"https:\/\/hudo.com\/si\/wp-content\/uploads\/sites\/2\/2021\/03\/hudo-app-2.png\",\"contentUrl\":\"https:\/\/hudo.com\/si\/wp-content\/uploads\/sites\/2\/2021\/03\/hudo-app-2.png\",\"width\":2185,\"height\":2167,\"caption\":\"VSN Media\"},\"image\":{\"@id\":\"https:\/\/hudo.com\/si\/#\/schema\/logo\/image\/\"},\"sameAs\":[\"https:\/\/www.facebook.com\/hudo.si\",\"https:\/\/twitter.com\/hudo_si\"]},{\"@type\":\"Person\",\"@id\":\"https:\/\/hudo.com\/si\/#\/schema\/person\/601cf3379633985b20f7e50f2bb47707\",\"name\":\"hudo\",\"image\":{\"@type\":\"ImageObject\",\"inLanguage\":\"sl-SI\",\"@id\":\"https:\/\/hudo.com\/si\/#\/schema\/person\/image\/\",\"url\":\"https:\/\/secure.gravatar.com\/avatar\/c4ca25fa72cace7a696b52ff5db9e095?s=96&d=mm&r=g\",\"contentUrl\":\"https:\/\/secure.gravatar.com\/avatar\/c4ca25fa72cace7a696b52ff5db9e095?s=96&d=mm&r=g\",\"caption\":\"hudo\"},\"url\":\"https:\/\/hudo.com\/si\/author\/hudo\/\"}]}<\/script>\n<!-- \/ Yoast SEO plugin. -->","yoast_head_json":{"title":"(FOTO in VIDEO) Slovenec v Barceloni: Mimo nas so nosili ljudi - Hudo Slovenija","robots":{"index":"index","follow":"follow","max-snippet":"max-snippet:-1","max-image-preview":"max-image-preview:large","max-video-preview":"max-video-preview:-1"},"canonical":"https:\/\/hudo.com\/si\/aktualno\/foto-in-video-slovenec-v-barceloni-mimo-nas-so-nosili-ljudi\/","og_locale":"sl_SI","og_type":"article","og_title":"(FOTO in VIDEO) Slovenec v Barceloni: Mimo nas so nosili ljudi - Hudo Slovenija","og_description":"\"Bili smo 200 metrov od napada, v eni od trgovin. Mimo nas so nosili ljudi, nismo vedeli, ali so \u017eivi ali mrtvi,\" nam je pretreseno iz Barcelone zve\u010der povedal 19-letni \u017dan Puc. Triije 19-letni koro\u0161ki fantje po maturi potujejo po Evropi. K sre\u010di so vsi \u017eivi. Slovenska trojica v zaprti blagovnici. Slovensko veleposlani\u0161tvo v Madridu pri katalonskih oblasteh medtem preverja, ali so med \u017ertvami tudi Slovenci. \u00a0 \u00a0\u00a0 Dostavno vozilo je v sredi\u0161\u010du Barcelone malo po 17. uri tr\u010dilo v mno\u017eico ljudi. Dogodek je ozna\u010den za teroristi\u010dni napad. Katalonski notranji minister Joaqim Forn je zve\u010der potrdil, da je mrtvih 13 ljudi. Vsaj 32 jih je bilo \"v mo\u010dnem tr\u010denju\" ranjenih, deset huje. Zaprti sta postaja metroja in \u017eelezni\u0161ka postaja v bli\u017eini Ramble, znanega sprehajali\u0161\u010da, vedno polnega turistov in doma\u010dinov.  EPAPo napadu \u0161ok.\u00a0\">   EPA Po napadu \u0161ok.\u00a0  Zgodilo se je v eni od ulic ob Rambli, nakar je napadalec zapeljal na Ramblo, \u0161iroko cono za pe\u0161ce, ki pelje do morja in Kolumbovega spomenika.\u00a0\u010casopis El Pais je poro\u010dal, da je voznik, o\u010dividci so ga ocenili na okrog 20 let, po tr\u010denju pe\u0161 pobegnil. Vozil naj bi bil z 80 kilometri na uro. Policija je na\u0161la \u0161pansko osebno izkaznico z arabskim imenom Driss Oukabir. Malo pred pol deveto zve\u010der so sporo\u010dili, da so v\u00a0zvezi z napadom aretirali mo\u0161kega, takoj nato, da je aretirani napadalec.\u00a0  TwitterDriss Oukabir. Fotografija je z osebne izkaznice.\">   Twitter Driss Oukabir. Fotografija je z osebne izkaznice.  Lokalne oblasti so ljudi pozvale, naj se izognejo obmo\u010dju okoli trga Catalunya na severnem koncu znamenite barcelonske ulice.   Eden od o\u010dividcev je sli\u0161al glasen zvok, nakar so ljudje za\u010deli be\u017eati in iskati zato\u010di\u0161\u010de v bli\u017enjih lokalih in trgovinah.\u00a0Po incidentu z dostavnim vozilom bele barvesta v eno od restavracij vstopila dva oboro\u017eena mo\u0161ka, in se tam zabarikadirala. \u00a0  EPAPolicijske okrepitve na barcelonskih ulicah. \u00a0\">   EPA Policijske okrepitve na barcelonskih ulicah. \u00a0  \u00a0 Ve\u010dji napadi 3. junij 2017\u00a0","og_url":"https:\/\/hudo.com\/si\/aktualno\/foto-in-video-slovenec-v-barceloni-mimo-nas-so-nosili-ljudi\/","og_site_name":"Hudo Slovenija","article_publisher":"https:\/\/www.facebook.com\/hudo.si","article_published_time":"2017-08-17T15:01:00+00:00","og_image":[{"width":450,"height":305,"url":"https:\/\/hudo.com\/si\/wp-content\/uploads\/sites\/2\/2017\/08\/3332532-300.jpg","type":"image\/jpeg"}],"author":"hudo","twitter_card":"summary_large_image","twitter_creator":"@hudo_si","twitter_site":"@hudo_si","twitter_misc":{"Written by":"hudo","Est. reading time":"2 minuti"},"schema":{"@context":"https:\/\/schema.org","@graph":[{"@type":"Article","@id":"https:\/\/hudo.com\/si\/aktualno\/foto-in-video-slovenec-v-barceloni-mimo-nas-so-nosili-ljudi\/#article","isPartOf":{"@id":"https:\/\/hudo.com\/si\/aktualno\/foto-in-video-slovenec-v-barceloni-mimo-nas-so-nosili-ljudi\/"},"author":{"name":"hudo","@id":"https:\/\/hudo.com\/si\/#\/schema\/person\/601cf3379633985b20f7e50f2bb47707"},"headline":"(FOTO in VIDEO) Slovenec v Barceloni: Mimo nas so nosili ljudi","datePublished":"2017-08-17T15:01:00+00:00","dateModified":"2017-08-17T15:01:00+00:00","mainEntityOfPage":{"@id":"https:\/\/hudo.com\/si\/aktualno\/foto-in-video-slovenec-v-barceloni-mimo-nas-so-nosili-ljudi\/"},"wordCount":347,"publisher":{"@id":"https:\/\/hudo.com\/si\/#organization"},"articleSection":["Aktualno"],"inLanguage":"sl-SI"},{"@type":"WebPage","@id":"https:\/\/hudo.com\/si\/aktualno\/foto-in-video-slovenec-v-barceloni-mimo-nas-so-nosili-ljudi\/","url":"https:\/\/hudo.com\/si\/aktualno\/foto-in-video-slovenec-v-barceloni-mimo-nas-so-nosili-ljudi\/","name":"(FOTO in VIDEO) Slovenec v Barceloni: Mimo nas so nosili ljudi - Hudo Slovenija","isPartOf":{"@id":"https:\/\/hudo.com\/si\/#website"},"datePublished":"2017-08-17T15:01:00+00:00","dateModified":"2017-08-17T15:01:00+00:00","breadcrumb":{"@id":"https:\/\/hudo.com\/si\/aktualno\/foto-in-video-slovenec-v-barceloni-mimo-nas-so-nosili-ljudi\/#breadcrumb"},"inLanguage":"sl-SI","potentialAction":[{"@type":"ReadAction","target":["https:\/\/hudo.com\/si\/aktualno\/foto-in-video-slovenec-v-barceloni-mimo-nas-so-nosili-ljudi\/"]}]},{"@type":"BreadcrumbList","@id":"https:\/\/hudo.com\/si\/aktualno\/foto-in-video-slovenec-v-barceloni-mimo-nas-so-nosili-ljudi\/#breadcrumb","itemListElement":[{"@type":"ListItem","position":1,"name":"Home","item":"https:\/\/hudo.com\/si\/"},{"@type":"ListItem","position":2,"name":"(FOTO in VIDEO) Slovenec v Barceloni: Mimo nas so nosili ljudi"}]},{"@type":"WebSite","@id":"https:\/\/hudo.com\/si\/#website","url":"https:\/\/hudo.com\/si\/","name":"Hudo Slovenija","description":"Vse novice iz Slovenije in sveta","publisher":{"@id":"https:\/\/hudo.com\/si\/#organization"},"potentialAction":[{"@type":"SearchAction","target":{"@type":"EntryPoint","urlTemplate":"https:\/\/hudo.com\/si\/?s={search_term_string}"},"query-input":"required name=search_term_string"}],"inLanguage":"sl-SI"},{"@type":"Organization","@id":"https:\/\/hudo.com\/si\/#organization","name":"VSN Media","url":"https:\/\/hudo.com\/si\/","logo":{"@type":"ImageObject","inLanguage":"sl-SI","@id":"https:\/\/hudo.com\/si\/#\/schema\/logo\/image\/","url":"https:\/\/hudo.com\/si\/wp-content\/uploads\/sites\/2\/2021\/03\/hudo-app-2.png","contentUrl":"https:\/\/hudo.com\/si\/wp-content\/uploads\/sites\/2\/2021\/03\/hudo-app-2.png","width":2185,"height":2167,"caption":"VSN Media"},"image":{"@id":"https:\/\/hudo.com\/si\/#\/schema\/logo\/image\/"},"sameAs":["https:\/\/www.facebook.com\/hudo.si","https:\/\/twitter.com\/hudo_si"]},{"@type":"Person","@id":"https:\/\/hudo.com\/si\/#\/schema\/person\/601cf3379633985b20f7e50f2bb47707","name":"hudo","image":{"@type":"ImageObject","inLanguage":"sl-SI","@id":"https:\/\/hudo.com\/si\/#\/schema\/person\/image\/","url":"https:\/\/secure.gravatar.com\/avatar\/c4ca25fa72cace7a696b52ff5db9e095?s=96&d=mm&r=g","contentUrl":"https:\/\/secure.gravatar.com\/avatar\/c4ca25fa72cace7a696b52ff5db9e095?s=96&d=mm&r=g","caption":"hudo"},"url":"https:\/\/hudo.com\/si\/author\/hudo\/"}]}},"amp_enabled":true,"_links":{"self":[{"href":"https:\/\/hudo.com\/si\/wp-json\/wp\/v2\/posts\/288302"}],"collection":[{"href":"https:\/\/hudo.com\/si\/wp-json\/wp\/v2\/posts"}],"about":[{"href":"https:\/\/hudo.com\/si\/wp-json\/wp\/v2\/types\/post"}],"author":[{"embeddable":true,"href":"https:\/\/hudo.com\/si\/wp-json\/wp\/v2\/users\/1"}],"replies":[{"embeddable":true,"href":"https:\/\/hudo.com\/si\/wp-json\/wp\/v2\/comments?post=288302"}],"version-history":[{"count":0,"href":"https:\/\/hudo.com\/si\/wp-json\/wp\/v2\/posts\/288302\/revisions"}],"wp:attachment":[{"href":"https:\/\/hudo.com\/si\/wp-json\/wp\/v2\/media?parent=288302"}],"wp:term":[{"taxonomy":"category","embeddable":true,"href":"https:\/\/hudo.com\/si\/wp-json\/wp\/v2\/categories?post=288302"},{"taxonomy":"post_tag","embeddable":true,"href":"https:\/\/hudo.com\/si\/wp-json\/wp\/v2\/tags?post=288302"},{"taxonomy":"source","embeddable":true,"href":"https:\/\/hudo.com\/si\/wp-json\/wp\/v2\/source?post=288302"},{"taxonomy":"supertag","embeddable":true,"href":"https:\/\/hudo.com\/si\/wp-json\/wp\/v2\/supertag?post=288302"}],"curies":[{"name":"wp","href":"https:\/\/api.w.org\/{rel}","templated":true}]}}