{"id":288711,"date":"2017-08-18T13:14:00","date_gmt":"2017-08-18T11:14:00","guid":{"rendered":"http:\/\/hudo.com\/si\/2017\/08\/18\/v-nedeljo-zjutraj-bo-sveze-a-ni-se-vsega-konec\/"},"modified":"2017-08-18T13:14:00","modified_gmt":"2017-08-18T11:14:00","slug":"v-nedeljo-zjutraj-bo-sveze-a-ni-se-vsega-konec","status":"publish","type":"post","link":"https:\/\/hudo.com\/si\/aktualno\/v-nedeljo-zjutraj-bo-sveze-a-ni-se-vsega-konec\/","title":{"rendered":"V nedeljo zjutraj bo sve\u017ee, a ni \u0161e vsega konec"},"content":{"rendered":"<p>&#8220;Poletje se kon\u010duje,&#8221; pred vikendom, ko vremenoslovci napovedujejo prehod hladne fronte, pravi de\u017eurni meteorolog Janez Marko\u0161ek. In potem le potola\u017ei, da bi, potem ko bo vsak dan malo topleje, temperature konec prihodnjega tedna lahko spet \u0161le tudi \u010dez 30. Prihod izrazite hladne fronte jutri zve\u010der prina\u0161a de\u017e in nevihte, kar ob\u010dutno hladnej\u0161a bo nedelja, napoveduje Marko\u0161ek. To so ugotovili pri Agenciji RS za okolje (Arso): V no\u010di na nedeljo pri\u010dakovan prehod hladne fronte, ki je danes \u0161e nad Francijo, v soboto pa bo dosegla Alpe ter zve\u010der in v no\u010di na nedeljo pre\u0161la Slovenijo.\u00a0Trenutno vremenske karte ka\u017eejo, da naj bi \u017ee v soboto dopoldne za\u010del pri tleh dotekati zrak s severne strani Alp, ki praviloma vsebuje manj vlage in ni tako vro\u010d. Zato pregretost ozra\u010dja in s tem povezani pogoji za nastanek mo\u010dnih predfrontalnih neviht ne bodo tako izraziti. Kljub temu prve predfrontalne nevihte meteorologi pri\u010dakujejo v soboto popoldne, bolj intenzivne pa v no\u010di na nedeljo. Kot \u017ee nekajkrat letos se bodo ob prehodu fronte nevihte organizirale v tako imenovano nevihtno linijo, ki praviloma povzro\u010di nastanek \u0161tevilnih razelektritev, nalivov in predvsem mo\u010den veter. Danes ka\u017ee na neurja najbolj verjetno na zahodu dr\u017eave. Kampi in prireditve na prostem bi znali biti na udaru. Fronta bo pre\u0161la Slovenijo do nedelje zjutraj, ko bo temperatura padla za kak\u0161nih 10 stopinj Celzija. \u00a0<\/p>\n","protected":false},"excerpt":{"rendered":"<p>&#8220;Poletje se kon\u010duje,&#8221; pred vikendom, ko vremenoslovci napovedujejo prehod hladne fronte, pravi de\u017eurni meteorolog Janez Marko\u0161ek. In potem le potola\u017ei, da bi, potem ko bo vsak dan malo topleje, temperature konec prihodnjega tedna lahko spet \u0161le tudi \u010dez 30. Prihod izrazite hladne fronte jutri zve\u010der prina\u0161a de\u017e in nevihte, kar ob\u010dutno hladnej\u0161a bo nedelja, napoveduje Marko\u0161ek. To so ugotovili pri Agenciji RS za okolje (Arso): V no\u010di na nedeljo pri\u010dakovan prehod hladne fronte, ki je danes \u0161e nad Francijo, v soboto pa bo dosegla Alpe ter zve\u010der in v no\u010di na nedeljo pre\u0161la Slovenijo.\u00a0Trenutno vremenske karte ka\u017eejo, da naj bi \u017ee v soboto dopoldne za\u010del pri tleh dotekati zrak s severne strani Alp, ki praviloma vsebuje manj vlage in ni tako vro\u010d. Zato pregretost ozra\u010dja in s tem povezani pogoji za nastanek mo\u010dnih predfrontalnih neviht ne bodo tako izraziti. Kljub temu prve predfrontalne nevihte meteorologi pri\u010dakujejo v soboto popoldne, bolj intenzivne pa v no\u010di na nedeljo. Kot \u017ee nekajkrat letos se bodo ob prehodu fronte nevihte organizirale v tako imenovano nevihtno linijo, ki praviloma povzro\u010di nastanek \u0161tevilnih razelektritev, nalivov in predvsem mo\u010den veter. Danes ka\u017ee na neurja najbolj verjetno na zahodu dr\u017eave. Kampi in prireditve na prostem bi znali biti na udaru. Fronta bo pre\u0161la Slovenijo do nedelje zjutraj, ko bo temperatura padla za kak\u0161nih 10 stopinj Celzija. \u00a0<\/p>\n","protected":false},"author":1,"featured_media":0,"comment_status":"closed","ping_status":"closed","sticky":false,"template":"","format":"standard","meta":{"footnotes":""},"categories":[1179],"tags":[],"source":[1711],"supertag":[],"acf":[],"yoast_head":"<!-- This site is optimized with the Yoast SEO plugin v21.3 - https:\/\/yoast.com\/wordpress\/plugins\/seo\/ -->\n<title>V nedeljo zjutraj bo sve\u017ee, a ni \u0161e vsega konec - Hudo Slovenija<\/title>\n<meta name=\"robots\" content=\"index, follow, max-snippet:-1, max-image-preview:large, max-video-preview:-1\" \/>\n<link rel=\"canonical\" href=\"https:\/\/hudo.com\/si\/aktualno\/v-nedeljo-zjutraj-bo-sveze-a-ni-se-vsega-konec\/\" \/>\n<meta property=\"og:locale\" content=\"sl_SI\" \/>\n<meta property=\"og:type\" content=\"article\" \/>\n<meta property=\"og:title\" content=\"V nedeljo zjutraj bo sve\u017ee, a ni \u0161e vsega konec - Hudo Slovenija\" \/>\n<meta property=\"og:description\" content=\"&quot;Poletje se kon\u010duje,&quot; pred vikendom, ko vremenoslovci napovedujejo prehod hladne fronte, pravi de\u017eurni meteorolog Janez Marko\u0161ek. In potem le potola\u017ei, da bi, potem ko bo vsak dan malo topleje, temperature konec prihodnjega tedna lahko spet \u0161le tudi \u010dez 30. Prihod izrazite hladne fronte jutri zve\u010der prina\u0161a de\u017e in nevihte, kar ob\u010dutno hladnej\u0161a bo nedelja, napoveduje Marko\u0161ek. To so ugotovili pri Agenciji RS za okolje (Arso): V no\u010di na nedeljo pri\u010dakovan prehod hladne fronte, ki je danes \u0161e nad Francijo, v soboto pa bo dosegla Alpe ter zve\u010der in v no\u010di na nedeljo pre\u0161la Slovenijo.\u00a0Trenutno vremenske karte ka\u017eejo, da naj bi \u017ee v soboto dopoldne za\u010del pri tleh dotekati zrak s severne strani Alp, ki praviloma vsebuje manj vlage in ni tako vro\u010d. Zato pregretost ozra\u010dja in s tem povezani pogoji za nastanek mo\u010dnih predfrontalnih neviht ne bodo tako izraziti. Kljub temu prve predfrontalne nevihte meteorologi pri\u010dakujejo v soboto popoldne, bolj intenzivne pa v no\u010di na nedeljo. Kot \u017ee nekajkrat letos se bodo ob prehodu fronte nevihte organizirale v tako imenovano nevihtno linijo, ki praviloma povzro\u010di nastanek \u0161tevilnih razelektritev, nalivov in predvsem mo\u010den veter. Danes ka\u017ee na neurja najbolj verjetno na zahodu dr\u017eave. Kampi in prireditve na prostem bi znali biti na udaru. Fronta bo pre\u0161la Slovenijo do nedelje zjutraj, ko bo temperatura padla za kak\u0161nih 10 stopinj Celzija. \u00a0\" \/>\n<meta property=\"og:url\" content=\"https:\/\/hudo.com\/si\/aktualno\/v-nedeljo-zjutraj-bo-sveze-a-ni-se-vsega-konec\/\" \/>\n<meta property=\"og:site_name\" content=\"Hudo Slovenija\" \/>\n<meta property=\"article:publisher\" content=\"https:\/\/www.facebook.com\/hudo.si\" \/>\n<meta property=\"article:published_time\" content=\"2017-08-18T11:14:00+00:00\" \/>\n<meta property=\"og:image\" content=\"https:\/\/hudo.com\/si\/wp-content\/uploads\/sites\/2\/2017\/08\/3283077-300.jpg\" \/>\n\t<meta property=\"og:image:width\" content=\"450\" \/>\n\t<meta property=\"og:image:height\" content=\"300\" \/>\n\t<meta property=\"og:image:type\" content=\"image\/jpeg\" \/>\n<meta name=\"author\" content=\"hudo\" \/>\n<meta name=\"twitter:card\" content=\"summary_large_image\" \/>\n<meta name=\"twitter:creator\" content=\"@hudo_si\" \/>\n<meta name=\"twitter:site\" content=\"@hudo_si\" \/>\n<meta name=\"twitter:label1\" content=\"Written by\" \/>\n\t<meta name=\"twitter:data1\" content=\"hudo\" \/>\n\t<meta name=\"twitter:label2\" content=\"Est. reading time\" \/>\n\t<meta name=\"twitter:data2\" content=\"1 minuta\" \/>\n<script type=\"application\/ld+json\" class=\"yoast-schema-graph\">{\"@context\":\"https:\/\/schema.org\",\"@graph\":[{\"@type\":\"Article\",\"@id\":\"https:\/\/hudo.com\/si\/aktualno\/v-nedeljo-zjutraj-bo-sveze-a-ni-se-vsega-konec\/#article\",\"isPartOf\":{\"@id\":\"https:\/\/hudo.com\/si\/aktualno\/v-nedeljo-zjutraj-bo-sveze-a-ni-se-vsega-konec\/\"},\"author\":{\"name\":\"hudo\",\"@id\":\"https:\/\/hudo.com\/si\/#\/schema\/person\/601cf3379633985b20f7e50f2bb47707\"},\"headline\":\"V nedeljo zjutraj bo sve\u017ee, a ni \u0161e vsega konec\",\"datePublished\":\"2017-08-18T11:14:00+00:00\",\"dateModified\":\"2017-08-18T11:14:00+00:00\",\"mainEntityOfPage\":{\"@id\":\"https:\/\/hudo.com\/si\/aktualno\/v-nedeljo-zjutraj-bo-sveze-a-ni-se-vsega-konec\/\"},\"wordCount\":254,\"publisher\":{\"@id\":\"https:\/\/hudo.com\/si\/#organization\"},\"articleSection\":[\"Aktualno\"],\"inLanguage\":\"sl-SI\"},{\"@type\":\"WebPage\",\"@id\":\"https:\/\/hudo.com\/si\/aktualno\/v-nedeljo-zjutraj-bo-sveze-a-ni-se-vsega-konec\/\",\"url\":\"https:\/\/hudo.com\/si\/aktualno\/v-nedeljo-zjutraj-bo-sveze-a-ni-se-vsega-konec\/\",\"name\":\"V nedeljo zjutraj bo sve\u017ee, a ni \u0161e vsega konec - Hudo Slovenija\",\"isPartOf\":{\"@id\":\"https:\/\/hudo.com\/si\/#website\"},\"datePublished\":\"2017-08-18T11:14:00+00:00\",\"dateModified\":\"2017-08-18T11:14:00+00:00\",\"breadcrumb\":{\"@id\":\"https:\/\/hudo.com\/si\/aktualno\/v-nedeljo-zjutraj-bo-sveze-a-ni-se-vsega-konec\/#breadcrumb\"},\"inLanguage\":\"sl-SI\",\"potentialAction\":[{\"@type\":\"ReadAction\",\"target\":[\"https:\/\/hudo.com\/si\/aktualno\/v-nedeljo-zjutraj-bo-sveze-a-ni-se-vsega-konec\/\"]}]},{\"@type\":\"BreadcrumbList\",\"@id\":\"https:\/\/hudo.com\/si\/aktualno\/v-nedeljo-zjutraj-bo-sveze-a-ni-se-vsega-konec\/#breadcrumb\",\"itemListElement\":[{\"@type\":\"ListItem\",\"position\":1,\"name\":\"Home\",\"item\":\"https:\/\/hudo.com\/si\/\"},{\"@type\":\"ListItem\",\"position\":2,\"name\":\"V nedeljo zjutraj bo sve\u017ee, a ni \u0161e vsega konec\"}]},{\"@type\":\"WebSite\",\"@id\":\"https:\/\/hudo.com\/si\/#website\",\"url\":\"https:\/\/hudo.com\/si\/\",\"name\":\"Hudo Slovenija\",\"description\":\"Vse novice iz Slovenije in sveta\",\"publisher\":{\"@id\":\"https:\/\/hudo.com\/si\/#organization\"},\"potentialAction\":[{\"@type\":\"SearchAction\",\"target\":{\"@type\":\"EntryPoint\",\"urlTemplate\":\"https:\/\/hudo.com\/si\/?s={search_term_string}\"},\"query-input\":\"required name=search_term_string\"}],\"inLanguage\":\"sl-SI\"},{\"@type\":\"Organization\",\"@id\":\"https:\/\/hudo.com\/si\/#organization\",\"name\":\"VSN Media\",\"url\":\"https:\/\/hudo.com\/si\/\",\"logo\":{\"@type\":\"ImageObject\",\"inLanguage\":\"sl-SI\",\"@id\":\"https:\/\/hudo.com\/si\/#\/schema\/logo\/image\/\",\"url\":\"https:\/\/hudo.com\/si\/wp-content\/uploads\/sites\/2\/2021\/03\/hudo-app-2.png\",\"contentUrl\":\"https:\/\/hudo.com\/si\/wp-content\/uploads\/sites\/2\/2021\/03\/hudo-app-2.png\",\"width\":2185,\"height\":2167,\"caption\":\"VSN Media\"},\"image\":{\"@id\":\"https:\/\/hudo.com\/si\/#\/schema\/logo\/image\/\"},\"sameAs\":[\"https:\/\/www.facebook.com\/hudo.si\",\"https:\/\/twitter.com\/hudo_si\"]},{\"@type\":\"Person\",\"@id\":\"https:\/\/hudo.com\/si\/#\/schema\/person\/601cf3379633985b20f7e50f2bb47707\",\"name\":\"hudo\",\"image\":{\"@type\":\"ImageObject\",\"inLanguage\":\"sl-SI\",\"@id\":\"https:\/\/hudo.com\/si\/#\/schema\/person\/image\/\",\"url\":\"https:\/\/secure.gravatar.com\/avatar\/c4ca25fa72cace7a696b52ff5db9e095?s=96&d=mm&r=g\",\"contentUrl\":\"https:\/\/secure.gravatar.com\/avatar\/c4ca25fa72cace7a696b52ff5db9e095?s=96&d=mm&r=g\",\"caption\":\"hudo\"},\"url\":\"https:\/\/hudo.com\/si\/author\/hudo\/\"}]}<\/script>\n<!-- \/ Yoast SEO plugin. -->","yoast_head_json":{"title":"V nedeljo zjutraj bo sve\u017ee, a ni \u0161e vsega konec - Hudo Slovenija","robots":{"index":"index","follow":"follow","max-snippet":"max-snippet:-1","max-image-preview":"max-image-preview:large","max-video-preview":"max-video-preview:-1"},"canonical":"https:\/\/hudo.com\/si\/aktualno\/v-nedeljo-zjutraj-bo-sveze-a-ni-se-vsega-konec\/","og_locale":"sl_SI","og_type":"article","og_title":"V nedeljo zjutraj bo sve\u017ee, a ni \u0161e vsega konec - Hudo Slovenija","og_description":"\"Poletje se kon\u010duje,\" pred vikendom, ko vremenoslovci napovedujejo prehod hladne fronte, pravi de\u017eurni meteorolog Janez Marko\u0161ek. In potem le potola\u017ei, da bi, potem ko bo vsak dan malo topleje, temperature konec prihodnjega tedna lahko spet \u0161le tudi \u010dez 30. Prihod izrazite hladne fronte jutri zve\u010der prina\u0161a de\u017e in nevihte, kar ob\u010dutno hladnej\u0161a bo nedelja, napoveduje Marko\u0161ek. To so ugotovili pri Agenciji RS za okolje (Arso): V no\u010di na nedeljo pri\u010dakovan prehod hladne fronte, ki je danes \u0161e nad Francijo, v soboto pa bo dosegla Alpe ter zve\u010der in v no\u010di na nedeljo pre\u0161la Slovenijo.\u00a0Trenutno vremenske karte ka\u017eejo, da naj bi \u017ee v soboto dopoldne za\u010del pri tleh dotekati zrak s severne strani Alp, ki praviloma vsebuje manj vlage in ni tako vro\u010d. Zato pregretost ozra\u010dja in s tem povezani pogoji za nastanek mo\u010dnih predfrontalnih neviht ne bodo tako izraziti. Kljub temu prve predfrontalne nevihte meteorologi pri\u010dakujejo v soboto popoldne, bolj intenzivne pa v no\u010di na nedeljo. Kot \u017ee nekajkrat letos se bodo ob prehodu fronte nevihte organizirale v tako imenovano nevihtno linijo, ki praviloma povzro\u010di nastanek \u0161tevilnih razelektritev, nalivov in predvsem mo\u010den veter. Danes ka\u017ee na neurja najbolj verjetno na zahodu dr\u017eave. Kampi in prireditve na prostem bi znali biti na udaru. Fronta bo pre\u0161la Slovenijo do nedelje zjutraj, ko bo temperatura padla za kak\u0161nih 10 stopinj Celzija. \u00a0","og_url":"https:\/\/hudo.com\/si\/aktualno\/v-nedeljo-zjutraj-bo-sveze-a-ni-se-vsega-konec\/","og_site_name":"Hudo Slovenija","article_publisher":"https:\/\/www.facebook.com\/hudo.si","article_published_time":"2017-08-18T11:14:00+00:00","og_image":[{"width":450,"height":300,"url":"https:\/\/hudo.com\/si\/wp-content\/uploads\/sites\/2\/2017\/08\/3283077-300.jpg","type":"image\/jpeg"}],"author":"hudo","twitter_card":"summary_large_image","twitter_creator":"@hudo_si","twitter_site":"@hudo_si","twitter_misc":{"Written by":"hudo","Est. reading time":"1 minuta"},"schema":{"@context":"https:\/\/schema.org","@graph":[{"@type":"Article","@id":"https:\/\/hudo.com\/si\/aktualno\/v-nedeljo-zjutraj-bo-sveze-a-ni-se-vsega-konec\/#article","isPartOf":{"@id":"https:\/\/hudo.com\/si\/aktualno\/v-nedeljo-zjutraj-bo-sveze-a-ni-se-vsega-konec\/"},"author":{"name":"hudo","@id":"https:\/\/hudo.com\/si\/#\/schema\/person\/601cf3379633985b20f7e50f2bb47707"},"headline":"V nedeljo zjutraj bo sve\u017ee, a ni \u0161e vsega konec","datePublished":"2017-08-18T11:14:00+00:00","dateModified":"2017-08-18T11:14:00+00:00","mainEntityOfPage":{"@id":"https:\/\/hudo.com\/si\/aktualno\/v-nedeljo-zjutraj-bo-sveze-a-ni-se-vsega-konec\/"},"wordCount":254,"publisher":{"@id":"https:\/\/hudo.com\/si\/#organization"},"articleSection":["Aktualno"],"inLanguage":"sl-SI"},{"@type":"WebPage","@id":"https:\/\/hudo.com\/si\/aktualno\/v-nedeljo-zjutraj-bo-sveze-a-ni-se-vsega-konec\/","url":"https:\/\/hudo.com\/si\/aktualno\/v-nedeljo-zjutraj-bo-sveze-a-ni-se-vsega-konec\/","name":"V nedeljo zjutraj bo sve\u017ee, a ni \u0161e vsega konec - Hudo Slovenija","isPartOf":{"@id":"https:\/\/hudo.com\/si\/#website"},"datePublished":"2017-08-18T11:14:00+00:00","dateModified":"2017-08-18T11:14:00+00:00","breadcrumb":{"@id":"https:\/\/hudo.com\/si\/aktualno\/v-nedeljo-zjutraj-bo-sveze-a-ni-se-vsega-konec\/#breadcrumb"},"inLanguage":"sl-SI","potentialAction":[{"@type":"ReadAction","target":["https:\/\/hudo.com\/si\/aktualno\/v-nedeljo-zjutraj-bo-sveze-a-ni-se-vsega-konec\/"]}]},{"@type":"BreadcrumbList","@id":"https:\/\/hudo.com\/si\/aktualno\/v-nedeljo-zjutraj-bo-sveze-a-ni-se-vsega-konec\/#breadcrumb","itemListElement":[{"@type":"ListItem","position":1,"name":"Home","item":"https:\/\/hudo.com\/si\/"},{"@type":"ListItem","position":2,"name":"V nedeljo zjutraj bo sve\u017ee, a ni \u0161e vsega konec"}]},{"@type":"WebSite","@id":"https:\/\/hudo.com\/si\/#website","url":"https:\/\/hudo.com\/si\/","name":"Hudo Slovenija","description":"Vse novice iz Slovenije in sveta","publisher":{"@id":"https:\/\/hudo.com\/si\/#organization"},"potentialAction":[{"@type":"SearchAction","target":{"@type":"EntryPoint","urlTemplate":"https:\/\/hudo.com\/si\/?s={search_term_string}"},"query-input":"required name=search_term_string"}],"inLanguage":"sl-SI"},{"@type":"Organization","@id":"https:\/\/hudo.com\/si\/#organization","name":"VSN Media","url":"https:\/\/hudo.com\/si\/","logo":{"@type":"ImageObject","inLanguage":"sl-SI","@id":"https:\/\/hudo.com\/si\/#\/schema\/logo\/image\/","url":"https:\/\/hudo.com\/si\/wp-content\/uploads\/sites\/2\/2021\/03\/hudo-app-2.png","contentUrl":"https:\/\/hudo.com\/si\/wp-content\/uploads\/sites\/2\/2021\/03\/hudo-app-2.png","width":2185,"height":2167,"caption":"VSN Media"},"image":{"@id":"https:\/\/hudo.com\/si\/#\/schema\/logo\/image\/"},"sameAs":["https:\/\/www.facebook.com\/hudo.si","https:\/\/twitter.com\/hudo_si"]},{"@type":"Person","@id":"https:\/\/hudo.com\/si\/#\/schema\/person\/601cf3379633985b20f7e50f2bb47707","name":"hudo","image":{"@type":"ImageObject","inLanguage":"sl-SI","@id":"https:\/\/hudo.com\/si\/#\/schema\/person\/image\/","url":"https:\/\/secure.gravatar.com\/avatar\/c4ca25fa72cace7a696b52ff5db9e095?s=96&d=mm&r=g","contentUrl":"https:\/\/secure.gravatar.com\/avatar\/c4ca25fa72cace7a696b52ff5db9e095?s=96&d=mm&r=g","caption":"hudo"},"url":"https:\/\/hudo.com\/si\/author\/hudo\/"}]}},"amp_enabled":true,"_links":{"self":[{"href":"https:\/\/hudo.com\/si\/wp-json\/wp\/v2\/posts\/288711"}],"collection":[{"href":"https:\/\/hudo.com\/si\/wp-json\/wp\/v2\/posts"}],"about":[{"href":"https:\/\/hudo.com\/si\/wp-json\/wp\/v2\/types\/post"}],"author":[{"embeddable":true,"href":"https:\/\/hudo.com\/si\/wp-json\/wp\/v2\/users\/1"}],"replies":[{"embeddable":true,"href":"https:\/\/hudo.com\/si\/wp-json\/wp\/v2\/comments?post=288711"}],"version-history":[{"count":0,"href":"https:\/\/hudo.com\/si\/wp-json\/wp\/v2\/posts\/288711\/revisions"}],"wp:attachment":[{"href":"https:\/\/hudo.com\/si\/wp-json\/wp\/v2\/media?parent=288711"}],"wp:term":[{"taxonomy":"category","embeddable":true,"href":"https:\/\/hudo.com\/si\/wp-json\/wp\/v2\/categories?post=288711"},{"taxonomy":"post_tag","embeddable":true,"href":"https:\/\/hudo.com\/si\/wp-json\/wp\/v2\/tags?post=288711"},{"taxonomy":"source","embeddable":true,"href":"https:\/\/hudo.com\/si\/wp-json\/wp\/v2\/source?post=288711"},{"taxonomy":"supertag","embeddable":true,"href":"https:\/\/hudo.com\/si\/wp-json\/wp\/v2\/supertag?post=288711"}],"curies":[{"name":"wp","href":"https:\/\/api.w.org\/{rel}","templated":true}]}}