{"id":288998,"date":"2017-08-20T06:44:00","date_gmt":"2017-08-20T04:44:00","guid":{"rendered":"http:\/\/hudo.com\/si\/2017\/08\/20\/iraske-sile-zacele-kopensko-ofenzivo-za-zavzetje-tal-afarja\/"},"modified":"2017-08-20T06:44:00","modified_gmt":"2017-08-20T04:44:00","slug":"iraske-sile-zacele-kopensko-ofenzivo-za-zavzetje-tal-afarja","status":"publish","type":"post","link":"https:\/\/hudo.com\/si\/aktualno\/iraske-sile-zacele-kopensko-ofenzivo-za-zavzetje-tal-afarja\/","title":{"rendered":"Ira\u0161ke sile za\u010dele kopensko ofenzivo za zavzetje Tal Afarja"},"content":{"rendered":"<p>Kategorija: Globalno Sun, 20 Aug 2017 08:44:00 +0200  Bagdad &#8211; Ira\u0161ke sile so danes za\u010dele \u0161e kopensko ofenzivo za zavzetje mesta Tal Afar, ene od zadnjih pomembni utrdb d\u017eihadisti\u010dne skupine Islamska dr\u017eava (IS) v Iraku, je davi sporo\u010dil ira\u0161ki premier Haider al Abadi. Pripadnike IS je tudi pozval, naj odidejo ali se predajo, sicer jih bodo pobili, poro\u010da francoska tiskovna agencija AFP. \u00bbPripadnikom IS pravim, da nimajo druge izbire, kot da odidejo, sicer bodo umrli,\u00ab je dejal Abadi v televizijskem nagovoru, v katerem je sporo\u010dil za\u010detek operacije za osvoboditev Tal Afarja. Spomnil je na uspe\u0161no zavzetje Mosula pred mesecem dni, kar je bil velik udarec za IS. \u00bbZmagali smo v vseh na\u0161ih bitkah, IS pa je vselej izgubila,\u00ab je \u0161e dejal in ira\u0161ke vojake spodbudil, \u00bbda je z njimi ves svet\u00ab. Mesto nadzoruje okoli 1000 borcev ISTal Afar le\u017ei pribli\u017eno 70\u00a0&#8230;<\/p>\n","protected":false},"excerpt":{"rendered":"<p>Kategorija: Globalno Sun, 20 Aug 2017 08:44:00 +0200  Bagdad &#8211; Ira\u0161ke sile so danes za\u010dele \u0161e kopensko ofenzivo za zavzetje mesta Tal Afar, ene od zadnjih pomembni utrdb d\u017eihadisti\u010dne skupine Islamska dr\u017eava (IS) v Iraku, je davi sporo\u010dil ira\u0161ki premier Haider al Abadi. Pripadnike IS je tudi pozval, naj odidejo ali se predajo, sicer jih bodo pobili, poro\u010da francoska tiskovna agencija AFP. \u00bbPripadnikom IS pravim, da nimajo druge izbire, kot da odidejo, sicer bodo umrli,\u00ab je dejal Abadi v televizijskem nagovoru, v katerem je sporo\u010dil za\u010detek operacije za osvoboditev Tal Afarja. Spomnil je na uspe\u0161no zavzetje Mosula pred mesecem dni, kar je bil velik udarec za IS. \u00bbZmagali smo v vseh na\u0161ih bitkah, IS pa je vselej izgubila,\u00ab je \u0161e dejal in ira\u0161ke vojake spodbudil, \u00bbda je z njimi ves svet\u00ab. Mesto nadzoruje okoli 1000 borcev ISTal Afar le\u017ei pribli\u017eno 70\u00a0&#8230;<\/p>\n","protected":false},"author":1,"featured_media":0,"comment_status":"closed","ping_status":"closed","sticky":false,"template":"","format":"standard","meta":{"footnotes":""},"categories":[1179],"tags":[],"source":[1703],"supertag":[],"acf":[],"yoast_head":"<!-- This site is optimized with the Yoast SEO plugin v21.3 - https:\/\/yoast.com\/wordpress\/plugins\/seo\/ -->\n<title>Ira\u0161ke sile za\u010dele kopensko ofenzivo za zavzetje Tal Afarja - Hudo Slovenija<\/title>\n<meta name=\"robots\" content=\"index, follow, max-snippet:-1, max-image-preview:large, max-video-preview:-1\" \/>\n<link rel=\"canonical\" href=\"https:\/\/hudo.com\/si\/aktualno\/iraske-sile-zacele-kopensko-ofenzivo-za-zavzetje-tal-afarja\/\" \/>\n<meta property=\"og:locale\" content=\"sl_SI\" \/>\n<meta property=\"og:type\" content=\"article\" \/>\n<meta property=\"og:title\" content=\"Ira\u0161ke sile za\u010dele kopensko ofenzivo za zavzetje Tal Afarja - Hudo Slovenija\" \/>\n<meta property=\"og:description\" content=\"Kategorija: Globalno Sun, 20 Aug 2017 08:44:00 +0200 Bagdad - Ira\u0161ke sile so danes za\u010dele \u0161e kopensko ofenzivo za zavzetje mesta Tal Afar, ene od zadnjih pomembni utrdb d\u017eihadisti\u010dne skupine Islamska dr\u017eava (IS) v Iraku, je davi sporo\u010dil ira\u0161ki premier Haider al Abadi. Pripadnike IS je tudi pozval, naj odidejo ali se predajo, sicer jih bodo pobili, poro\u010da francoska tiskovna agencija AFP. \u00bbPripadnikom IS pravim, da nimajo druge izbire, kot da odidejo, sicer bodo umrli,\u00ab je dejal Abadi v televizijskem nagovoru, v katerem je sporo\u010dil za\u010detek operacije za osvoboditev Tal Afarja. Spomnil je na uspe\u0161no zavzetje Mosula pred mesecem dni, kar je bil velik udarec za IS. \u00bbZmagali smo v vseh na\u0161ih bitkah, IS pa je vselej izgubila,\u00ab je \u0161e dejal in ira\u0161ke vojake spodbudil, \u00bbda je z njimi ves svet\u00ab. Mesto nadzoruje okoli 1000 borcev ISTal Afar le\u017ei pribli\u017eno 70\u00a0...\" \/>\n<meta property=\"og:url\" content=\"https:\/\/hudo.com\/si\/aktualno\/iraske-sile-zacele-kopensko-ofenzivo-za-zavzetje-tal-afarja\/\" \/>\n<meta property=\"og:site_name\" content=\"Hudo Slovenija\" \/>\n<meta property=\"article:publisher\" content=\"https:\/\/www.facebook.com\/hudo.si\" \/>\n<meta property=\"article:published_time\" content=\"2017-08-20T04:44:00+00:00\" \/>\n<meta property=\"og:image\" content=\"https:\/\/hudo.com\/si\/wp-content\/uploads\/sites\/2\/2017\/08\/480x290_rtx2ucp9.jpeg\" \/>\n\t<meta property=\"og:image:width\" content=\"480\" \/>\n\t<meta property=\"og:image:height\" content=\"290\" \/>\n\t<meta property=\"og:image:type\" content=\"image\/jpeg\" \/>\n<meta name=\"author\" content=\"hudo\" \/>\n<meta name=\"twitter:card\" content=\"summary_large_image\" \/>\n<meta name=\"twitter:creator\" content=\"@hudo_si\" \/>\n<meta name=\"twitter:site\" content=\"@hudo_si\" \/>\n<meta name=\"twitter:label1\" content=\"Written by\" \/>\n\t<meta name=\"twitter:data1\" content=\"hudo\" \/>\n\t<meta name=\"twitter:label2\" content=\"Est. reading time\" \/>\n\t<meta name=\"twitter:data2\" content=\"1 minuta\" \/>\n<script type=\"application\/ld+json\" class=\"yoast-schema-graph\">{\"@context\":\"https:\/\/schema.org\",\"@graph\":[{\"@type\":\"Article\",\"@id\":\"https:\/\/hudo.com\/si\/aktualno\/iraske-sile-zacele-kopensko-ofenzivo-za-zavzetje-tal-afarja\/#article\",\"isPartOf\":{\"@id\":\"https:\/\/hudo.com\/si\/aktualno\/iraske-sile-zacele-kopensko-ofenzivo-za-zavzetje-tal-afarja\/\"},\"author\":{\"name\":\"hudo\",\"@id\":\"https:\/\/hudo.com\/si\/#\/schema\/person\/601cf3379633985b20f7e50f2bb47707\"},\"headline\":\"Ira\u0161ke sile za\u010dele kopensko ofenzivo za zavzetje Tal Afarja\",\"datePublished\":\"2017-08-20T04:44:00+00:00\",\"dateModified\":\"2017-08-20T04:44:00+00:00\",\"mainEntityOfPage\":{\"@id\":\"https:\/\/hudo.com\/si\/aktualno\/iraske-sile-zacele-kopensko-ofenzivo-za-zavzetje-tal-afarja\/\"},\"wordCount\":161,\"publisher\":{\"@id\":\"https:\/\/hudo.com\/si\/#organization\"},\"articleSection\":[\"Aktualno\"],\"inLanguage\":\"sl-SI\"},{\"@type\":\"WebPage\",\"@id\":\"https:\/\/hudo.com\/si\/aktualno\/iraske-sile-zacele-kopensko-ofenzivo-za-zavzetje-tal-afarja\/\",\"url\":\"https:\/\/hudo.com\/si\/aktualno\/iraske-sile-zacele-kopensko-ofenzivo-za-zavzetje-tal-afarja\/\",\"name\":\"Ira\u0161ke sile za\u010dele kopensko ofenzivo za zavzetje Tal Afarja - Hudo Slovenija\",\"isPartOf\":{\"@id\":\"https:\/\/hudo.com\/si\/#website\"},\"datePublished\":\"2017-08-20T04:44:00+00:00\",\"dateModified\":\"2017-08-20T04:44:00+00:00\",\"breadcrumb\":{\"@id\":\"https:\/\/hudo.com\/si\/aktualno\/iraske-sile-zacele-kopensko-ofenzivo-za-zavzetje-tal-afarja\/#breadcrumb\"},\"inLanguage\":\"sl-SI\",\"potentialAction\":[{\"@type\":\"ReadAction\",\"target\":[\"https:\/\/hudo.com\/si\/aktualno\/iraske-sile-zacele-kopensko-ofenzivo-za-zavzetje-tal-afarja\/\"]}]},{\"@type\":\"BreadcrumbList\",\"@id\":\"https:\/\/hudo.com\/si\/aktualno\/iraske-sile-zacele-kopensko-ofenzivo-za-zavzetje-tal-afarja\/#breadcrumb\",\"itemListElement\":[{\"@type\":\"ListItem\",\"position\":1,\"name\":\"Home\",\"item\":\"https:\/\/hudo.com\/si\/\"},{\"@type\":\"ListItem\",\"position\":2,\"name\":\"Ira\u0161ke sile za\u010dele kopensko ofenzivo za zavzetje Tal Afarja\"}]},{\"@type\":\"WebSite\",\"@id\":\"https:\/\/hudo.com\/si\/#website\",\"url\":\"https:\/\/hudo.com\/si\/\",\"name\":\"Hudo Slovenija\",\"description\":\"Vse novice iz Slovenije in sveta\",\"publisher\":{\"@id\":\"https:\/\/hudo.com\/si\/#organization\"},\"potentialAction\":[{\"@type\":\"SearchAction\",\"target\":{\"@type\":\"EntryPoint\",\"urlTemplate\":\"https:\/\/hudo.com\/si\/?s={search_term_string}\"},\"query-input\":\"required name=search_term_string\"}],\"inLanguage\":\"sl-SI\"},{\"@type\":\"Organization\",\"@id\":\"https:\/\/hudo.com\/si\/#organization\",\"name\":\"VSN Media\",\"url\":\"https:\/\/hudo.com\/si\/\",\"logo\":{\"@type\":\"ImageObject\",\"inLanguage\":\"sl-SI\",\"@id\":\"https:\/\/hudo.com\/si\/#\/schema\/logo\/image\/\",\"url\":\"https:\/\/hudo.com\/si\/wp-content\/uploads\/sites\/2\/2021\/03\/hudo-app-2.png\",\"contentUrl\":\"https:\/\/hudo.com\/si\/wp-content\/uploads\/sites\/2\/2021\/03\/hudo-app-2.png\",\"width\":2185,\"height\":2167,\"caption\":\"VSN Media\"},\"image\":{\"@id\":\"https:\/\/hudo.com\/si\/#\/schema\/logo\/image\/\"},\"sameAs\":[\"https:\/\/www.facebook.com\/hudo.si\",\"https:\/\/twitter.com\/hudo_si\"]},{\"@type\":\"Person\",\"@id\":\"https:\/\/hudo.com\/si\/#\/schema\/person\/601cf3379633985b20f7e50f2bb47707\",\"name\":\"hudo\",\"image\":{\"@type\":\"ImageObject\",\"inLanguage\":\"sl-SI\",\"@id\":\"https:\/\/hudo.com\/si\/#\/schema\/person\/image\/\",\"url\":\"https:\/\/secure.gravatar.com\/avatar\/c4ca25fa72cace7a696b52ff5db9e095?s=96&d=mm&r=g\",\"contentUrl\":\"https:\/\/secure.gravatar.com\/avatar\/c4ca25fa72cace7a696b52ff5db9e095?s=96&d=mm&r=g\",\"caption\":\"hudo\"},\"url\":\"https:\/\/hudo.com\/si\/author\/hudo\/\"}]}<\/script>\n<!-- \/ Yoast SEO plugin. -->","yoast_head_json":{"title":"Ira\u0161ke sile za\u010dele kopensko ofenzivo za zavzetje Tal Afarja - Hudo Slovenija","robots":{"index":"index","follow":"follow","max-snippet":"max-snippet:-1","max-image-preview":"max-image-preview:large","max-video-preview":"max-video-preview:-1"},"canonical":"https:\/\/hudo.com\/si\/aktualno\/iraske-sile-zacele-kopensko-ofenzivo-za-zavzetje-tal-afarja\/","og_locale":"sl_SI","og_type":"article","og_title":"Ira\u0161ke sile za\u010dele kopensko ofenzivo za zavzetje Tal Afarja - Hudo Slovenija","og_description":"Kategorija: Globalno Sun, 20 Aug 2017 08:44:00 +0200 Bagdad - Ira\u0161ke sile so danes za\u010dele \u0161e kopensko ofenzivo za zavzetje mesta Tal Afar, ene od zadnjih pomembni utrdb d\u017eihadisti\u010dne skupine Islamska dr\u017eava (IS) v Iraku, je davi sporo\u010dil ira\u0161ki premier Haider al Abadi. Pripadnike IS je tudi pozval, naj odidejo ali se predajo, sicer jih bodo pobili, poro\u010da francoska tiskovna agencija AFP. \u00bbPripadnikom IS pravim, da nimajo druge izbire, kot da odidejo, sicer bodo umrli,\u00ab je dejal Abadi v televizijskem nagovoru, v katerem je sporo\u010dil za\u010detek operacije za osvoboditev Tal Afarja. Spomnil je na uspe\u0161no zavzetje Mosula pred mesecem dni, kar je bil velik udarec za IS. \u00bbZmagali smo v vseh na\u0161ih bitkah, IS pa je vselej izgubila,\u00ab je \u0161e dejal in ira\u0161ke vojake spodbudil, \u00bbda je z njimi ves svet\u00ab. Mesto nadzoruje okoli 1000 borcev ISTal Afar le\u017ei pribli\u017eno 70\u00a0...","og_url":"https:\/\/hudo.com\/si\/aktualno\/iraske-sile-zacele-kopensko-ofenzivo-za-zavzetje-tal-afarja\/","og_site_name":"Hudo Slovenija","article_publisher":"https:\/\/www.facebook.com\/hudo.si","article_published_time":"2017-08-20T04:44:00+00:00","og_image":[{"width":480,"height":290,"url":"https:\/\/hudo.com\/si\/wp-content\/uploads\/sites\/2\/2017\/08\/480x290_rtx2ucp9.jpeg","type":"image\/jpeg"}],"author":"hudo","twitter_card":"summary_large_image","twitter_creator":"@hudo_si","twitter_site":"@hudo_si","twitter_misc":{"Written by":"hudo","Est. reading time":"1 minuta"},"schema":{"@context":"https:\/\/schema.org","@graph":[{"@type":"Article","@id":"https:\/\/hudo.com\/si\/aktualno\/iraske-sile-zacele-kopensko-ofenzivo-za-zavzetje-tal-afarja\/#article","isPartOf":{"@id":"https:\/\/hudo.com\/si\/aktualno\/iraske-sile-zacele-kopensko-ofenzivo-za-zavzetje-tal-afarja\/"},"author":{"name":"hudo","@id":"https:\/\/hudo.com\/si\/#\/schema\/person\/601cf3379633985b20f7e50f2bb47707"},"headline":"Ira\u0161ke sile za\u010dele kopensko ofenzivo za zavzetje Tal Afarja","datePublished":"2017-08-20T04:44:00+00:00","dateModified":"2017-08-20T04:44:00+00:00","mainEntityOfPage":{"@id":"https:\/\/hudo.com\/si\/aktualno\/iraske-sile-zacele-kopensko-ofenzivo-za-zavzetje-tal-afarja\/"},"wordCount":161,"publisher":{"@id":"https:\/\/hudo.com\/si\/#organization"},"articleSection":["Aktualno"],"inLanguage":"sl-SI"},{"@type":"WebPage","@id":"https:\/\/hudo.com\/si\/aktualno\/iraske-sile-zacele-kopensko-ofenzivo-za-zavzetje-tal-afarja\/","url":"https:\/\/hudo.com\/si\/aktualno\/iraske-sile-zacele-kopensko-ofenzivo-za-zavzetje-tal-afarja\/","name":"Ira\u0161ke sile za\u010dele kopensko ofenzivo za zavzetje Tal Afarja - Hudo Slovenija","isPartOf":{"@id":"https:\/\/hudo.com\/si\/#website"},"datePublished":"2017-08-20T04:44:00+00:00","dateModified":"2017-08-20T04:44:00+00:00","breadcrumb":{"@id":"https:\/\/hudo.com\/si\/aktualno\/iraske-sile-zacele-kopensko-ofenzivo-za-zavzetje-tal-afarja\/#breadcrumb"},"inLanguage":"sl-SI","potentialAction":[{"@type":"ReadAction","target":["https:\/\/hudo.com\/si\/aktualno\/iraske-sile-zacele-kopensko-ofenzivo-za-zavzetje-tal-afarja\/"]}]},{"@type":"BreadcrumbList","@id":"https:\/\/hudo.com\/si\/aktualno\/iraske-sile-zacele-kopensko-ofenzivo-za-zavzetje-tal-afarja\/#breadcrumb","itemListElement":[{"@type":"ListItem","position":1,"name":"Home","item":"https:\/\/hudo.com\/si\/"},{"@type":"ListItem","position":2,"name":"Ira\u0161ke sile za\u010dele kopensko ofenzivo za zavzetje Tal Afarja"}]},{"@type":"WebSite","@id":"https:\/\/hudo.com\/si\/#website","url":"https:\/\/hudo.com\/si\/","name":"Hudo Slovenija","description":"Vse novice iz Slovenije in sveta","publisher":{"@id":"https:\/\/hudo.com\/si\/#organization"},"potentialAction":[{"@type":"SearchAction","target":{"@type":"EntryPoint","urlTemplate":"https:\/\/hudo.com\/si\/?s={search_term_string}"},"query-input":"required name=search_term_string"}],"inLanguage":"sl-SI"},{"@type":"Organization","@id":"https:\/\/hudo.com\/si\/#organization","name":"VSN Media","url":"https:\/\/hudo.com\/si\/","logo":{"@type":"ImageObject","inLanguage":"sl-SI","@id":"https:\/\/hudo.com\/si\/#\/schema\/logo\/image\/","url":"https:\/\/hudo.com\/si\/wp-content\/uploads\/sites\/2\/2021\/03\/hudo-app-2.png","contentUrl":"https:\/\/hudo.com\/si\/wp-content\/uploads\/sites\/2\/2021\/03\/hudo-app-2.png","width":2185,"height":2167,"caption":"VSN Media"},"image":{"@id":"https:\/\/hudo.com\/si\/#\/schema\/logo\/image\/"},"sameAs":["https:\/\/www.facebook.com\/hudo.si","https:\/\/twitter.com\/hudo_si"]},{"@type":"Person","@id":"https:\/\/hudo.com\/si\/#\/schema\/person\/601cf3379633985b20f7e50f2bb47707","name":"hudo","image":{"@type":"ImageObject","inLanguage":"sl-SI","@id":"https:\/\/hudo.com\/si\/#\/schema\/person\/image\/","url":"https:\/\/secure.gravatar.com\/avatar\/c4ca25fa72cace7a696b52ff5db9e095?s=96&d=mm&r=g","contentUrl":"https:\/\/secure.gravatar.com\/avatar\/c4ca25fa72cace7a696b52ff5db9e095?s=96&d=mm&r=g","caption":"hudo"},"url":"https:\/\/hudo.com\/si\/author\/hudo\/"}]}},"amp_enabled":true,"_links":{"self":[{"href":"https:\/\/hudo.com\/si\/wp-json\/wp\/v2\/posts\/288998"}],"collection":[{"href":"https:\/\/hudo.com\/si\/wp-json\/wp\/v2\/posts"}],"about":[{"href":"https:\/\/hudo.com\/si\/wp-json\/wp\/v2\/types\/post"}],"author":[{"embeddable":true,"href":"https:\/\/hudo.com\/si\/wp-json\/wp\/v2\/users\/1"}],"replies":[{"embeddable":true,"href":"https:\/\/hudo.com\/si\/wp-json\/wp\/v2\/comments?post=288998"}],"version-history":[{"count":0,"href":"https:\/\/hudo.com\/si\/wp-json\/wp\/v2\/posts\/288998\/revisions"}],"wp:attachment":[{"href":"https:\/\/hudo.com\/si\/wp-json\/wp\/v2\/media?parent=288998"}],"wp:term":[{"taxonomy":"category","embeddable":true,"href":"https:\/\/hudo.com\/si\/wp-json\/wp\/v2\/categories?post=288998"},{"taxonomy":"post_tag","embeddable":true,"href":"https:\/\/hudo.com\/si\/wp-json\/wp\/v2\/tags?post=288998"},{"taxonomy":"source","embeddable":true,"href":"https:\/\/hudo.com\/si\/wp-json\/wp\/v2\/source?post=288998"},{"taxonomy":"supertag","embeddable":true,"href":"https:\/\/hudo.com\/si\/wp-json\/wp\/v2\/supertag?post=288998"}],"curies":[{"name":"wp","href":"https:\/\/api.w.org\/{rel}","templated":true}]}}