{"id":289000,"date":"2017-08-20T06:43:00","date_gmt":"2017-08-20T04:43:00","guid":{"rendered":"http:\/\/hudo.com\/si\/2017\/08\/20\/tine-kancler-mladinski-evropski-prvak\/"},"modified":"2017-08-20T06:43:00","modified_gmt":"2017-08-20T04:43:00","slug":"tine-kancler-mladinski-evropski-prvak","status":"publish","type":"post","link":"https:\/\/hudo.com\/si\/aktualno\/tine-kancler-mladinski-evropski-prvak\/","title":{"rendered":"Tine Kancler mladinski evropski prvak"},"content":{"rendered":"<p>Kategorija: Drugi \u0161porti Sun, 20 Aug 2017 08:43:00 +0200  Hohenlimburg &#8211; Slovenska ekipa je tudi drugi dan kon\u010dnih odlo\u010ditev na evropskem prvenstvu v slalomu na divjih vodah za mladince in mlaj\u0161e \u010dlane v Nem\u010diji osvojila dve odli\u010dji. Po drugim mestih kajaka\u0161ev in kanuistk do 23 let je za velik uspeh poskrbel kajaka\u0161 Tine Kancler, ki se je okitil z naslovom mladinskega evropskega prvaka, njegov uspeh je z bronom med kajaka\u0161i do 23 let dopolnil \u017dan Jak\u0161e. \u00bbPo vsej progi sem bil evfori\u010den, imel sem neko dodatno mo\u010d in zgolj veslal. Sploh po napaki na za\u010detku, ko sem \u017ee mislil, da je vsega konec, sem se izvil in izpeljal brez dotika. Nisem vedel, kako bo, ker je bilo zgoraj \u0161e osem tekmecev. Vsak lahko odpelje dobro ali pa tudi &#8216;zafrkne&#8217;. Ta kolajna je \u0161e toliko pomembnej\u0161a zaradi napak v preteklosti in\u00a0&#8230;<\/p>\n","protected":false},"excerpt":{"rendered":"<p>Kategorija: Drugi \u0161porti Sun, 20 Aug 2017 08:43:00 +0200  Hohenlimburg &#8211; Slovenska ekipa je tudi drugi dan kon\u010dnih odlo\u010ditev na evropskem prvenstvu v slalomu na divjih vodah za mladince in mlaj\u0161e \u010dlane v Nem\u010diji osvojila dve odli\u010dji. Po drugim mestih kajaka\u0161ev in kanuistk do 23 let je za velik uspeh poskrbel kajaka\u0161 Tine Kancler, ki se je okitil z naslovom mladinskega evropskega prvaka, njegov uspeh je z bronom med kajaka\u0161i do 23 let dopolnil \u017dan Jak\u0161e. \u00bbPo vsej progi sem bil evfori\u010den, imel sem neko dodatno mo\u010d in zgolj veslal. Sploh po napaki na za\u010detku, ko sem \u017ee mislil, da je vsega konec, sem se izvil in izpeljal brez dotika. Nisem vedel, kako bo, ker je bilo zgoraj \u0161e osem tekmecev. Vsak lahko odpelje dobro ali pa tudi &#8216;zafrkne&#8217;. Ta kolajna je \u0161e toliko pomembnej\u0161a zaradi napak v preteklosti in\u00a0&#8230;<\/p>\n","protected":false},"author":1,"featured_media":0,"comment_status":"closed","ping_status":"closed","sticky":false,"template":"","format":"standard","meta":{"footnotes":""},"categories":[1179],"tags":[],"source":[1703],"supertag":[],"acf":[],"yoast_head":"<!-- This site is optimized with the Yoast SEO plugin v21.3 - https:\/\/yoast.com\/wordpress\/plugins\/seo\/ -->\n<title>Tine Kancler mladinski evropski prvak - Hudo Slovenija<\/title>\n<meta name=\"robots\" content=\"index, follow, max-snippet:-1, max-image-preview:large, max-video-preview:-1\" \/>\n<link rel=\"canonical\" href=\"https:\/\/hudo.com\/si\/aktualno\/tine-kancler-mladinski-evropski-prvak\/\" \/>\n<meta property=\"og:locale\" content=\"sl_SI\" \/>\n<meta property=\"og:type\" content=\"article\" \/>\n<meta property=\"og:title\" content=\"Tine Kancler mladinski evropski prvak - Hudo Slovenija\" \/>\n<meta property=\"og:description\" content=\"Kategorija: Drugi \u0161porti Sun, 20 Aug 2017 08:43:00 +0200 Hohenlimburg - Slovenska ekipa je tudi drugi dan kon\u010dnih odlo\u010ditev na evropskem prvenstvu v slalomu na divjih vodah za mladince in mlaj\u0161e \u010dlane v Nem\u010diji osvojila dve odli\u010dji. Po drugim mestih kajaka\u0161ev in kanuistk do 23 let je za velik uspeh poskrbel kajaka\u0161 Tine Kancler, ki se je okitil z naslovom mladinskega evropskega prvaka, njegov uspeh je z bronom med kajaka\u0161i do 23 let dopolnil \u017dan Jak\u0161e. \u00bbPo vsej progi sem bil evfori\u010den, imel sem neko dodatno mo\u010d in zgolj veslal. Sploh po napaki na za\u010detku, ko sem \u017ee mislil, da je vsega konec, sem se izvil in izpeljal brez dotika. Nisem vedel, kako bo, ker je bilo zgoraj \u0161e osem tekmecev. Vsak lahko odpelje dobro ali pa tudi &#039;zafrkne&#039;. Ta kolajna je \u0161e toliko pomembnej\u0161a zaradi napak v preteklosti in\u00a0...\" \/>\n<meta property=\"og:url\" content=\"https:\/\/hudo.com\/si\/aktualno\/tine-kancler-mladinski-evropski-prvak\/\" \/>\n<meta property=\"og:site_name\" content=\"Hudo Slovenija\" \/>\n<meta property=\"article:publisher\" content=\"https:\/\/www.facebook.com\/hudo.si\" \/>\n<meta property=\"article:published_time\" content=\"2017-08-20T04:43:00+00:00\" \/>\n<meta property=\"og:image\" content=\"https:\/\/hudo.com\/si\/wp-content\/uploads\/sites\/2\/2017\/08\/480x290_Delo_Foto-20170820083753-64979000.jpeg\" \/>\n\t<meta property=\"og:image:width\" content=\"480\" \/>\n\t<meta property=\"og:image:height\" content=\"290\" \/>\n\t<meta property=\"og:image:type\" content=\"image\/jpeg\" \/>\n<meta name=\"author\" content=\"hudo\" \/>\n<meta name=\"twitter:card\" content=\"summary_large_image\" \/>\n<meta name=\"twitter:creator\" content=\"@hudo_si\" \/>\n<meta name=\"twitter:site\" content=\"@hudo_si\" \/>\n<meta name=\"twitter:label1\" content=\"Written by\" \/>\n\t<meta name=\"twitter:data1\" content=\"hudo\" \/>\n\t<meta name=\"twitter:label2\" content=\"Est. reading time\" \/>\n\t<meta name=\"twitter:data2\" content=\"1 minuta\" \/>\n<script type=\"application\/ld+json\" class=\"yoast-schema-graph\">{\"@context\":\"https:\/\/schema.org\",\"@graph\":[{\"@type\":\"Article\",\"@id\":\"https:\/\/hudo.com\/si\/aktualno\/tine-kancler-mladinski-evropski-prvak\/#article\",\"isPartOf\":{\"@id\":\"https:\/\/hudo.com\/si\/aktualno\/tine-kancler-mladinski-evropski-prvak\/\"},\"author\":{\"name\":\"hudo\",\"@id\":\"https:\/\/hudo.com\/si\/#\/schema\/person\/601cf3379633985b20f7e50f2bb47707\"},\"headline\":\"Tine Kancler mladinski evropski prvak\",\"datePublished\":\"2017-08-20T04:43:00+00:00\",\"dateModified\":\"2017-08-20T04:43:00+00:00\",\"mainEntityOfPage\":{\"@id\":\"https:\/\/hudo.com\/si\/aktualno\/tine-kancler-mladinski-evropski-prvak\/\"},\"wordCount\":150,\"publisher\":{\"@id\":\"https:\/\/hudo.com\/si\/#organization\"},\"articleSection\":[\"Aktualno\"],\"inLanguage\":\"sl-SI\"},{\"@type\":\"WebPage\",\"@id\":\"https:\/\/hudo.com\/si\/aktualno\/tine-kancler-mladinski-evropski-prvak\/\",\"url\":\"https:\/\/hudo.com\/si\/aktualno\/tine-kancler-mladinski-evropski-prvak\/\",\"name\":\"Tine Kancler mladinski evropski prvak - Hudo Slovenija\",\"isPartOf\":{\"@id\":\"https:\/\/hudo.com\/si\/#website\"},\"datePublished\":\"2017-08-20T04:43:00+00:00\",\"dateModified\":\"2017-08-20T04:43:00+00:00\",\"breadcrumb\":{\"@id\":\"https:\/\/hudo.com\/si\/aktualno\/tine-kancler-mladinski-evropski-prvak\/#breadcrumb\"},\"inLanguage\":\"sl-SI\",\"potentialAction\":[{\"@type\":\"ReadAction\",\"target\":[\"https:\/\/hudo.com\/si\/aktualno\/tine-kancler-mladinski-evropski-prvak\/\"]}]},{\"@type\":\"BreadcrumbList\",\"@id\":\"https:\/\/hudo.com\/si\/aktualno\/tine-kancler-mladinski-evropski-prvak\/#breadcrumb\",\"itemListElement\":[{\"@type\":\"ListItem\",\"position\":1,\"name\":\"Home\",\"item\":\"https:\/\/hudo.com\/si\/\"},{\"@type\":\"ListItem\",\"position\":2,\"name\":\"Tine Kancler mladinski evropski prvak\"}]},{\"@type\":\"WebSite\",\"@id\":\"https:\/\/hudo.com\/si\/#website\",\"url\":\"https:\/\/hudo.com\/si\/\",\"name\":\"Hudo Slovenija\",\"description\":\"Vse novice iz Slovenije in sveta\",\"publisher\":{\"@id\":\"https:\/\/hudo.com\/si\/#organization\"},\"potentialAction\":[{\"@type\":\"SearchAction\",\"target\":{\"@type\":\"EntryPoint\",\"urlTemplate\":\"https:\/\/hudo.com\/si\/?s={search_term_string}\"},\"query-input\":\"required name=search_term_string\"}],\"inLanguage\":\"sl-SI\"},{\"@type\":\"Organization\",\"@id\":\"https:\/\/hudo.com\/si\/#organization\",\"name\":\"VSN Media\",\"url\":\"https:\/\/hudo.com\/si\/\",\"logo\":{\"@type\":\"ImageObject\",\"inLanguage\":\"sl-SI\",\"@id\":\"https:\/\/hudo.com\/si\/#\/schema\/logo\/image\/\",\"url\":\"https:\/\/hudo.com\/si\/wp-content\/uploads\/sites\/2\/2021\/03\/hudo-app-2.png\",\"contentUrl\":\"https:\/\/hudo.com\/si\/wp-content\/uploads\/sites\/2\/2021\/03\/hudo-app-2.png\",\"width\":2185,\"height\":2167,\"caption\":\"VSN Media\"},\"image\":{\"@id\":\"https:\/\/hudo.com\/si\/#\/schema\/logo\/image\/\"},\"sameAs\":[\"https:\/\/www.facebook.com\/hudo.si\",\"https:\/\/twitter.com\/hudo_si\"]},{\"@type\":\"Person\",\"@id\":\"https:\/\/hudo.com\/si\/#\/schema\/person\/601cf3379633985b20f7e50f2bb47707\",\"name\":\"hudo\",\"image\":{\"@type\":\"ImageObject\",\"inLanguage\":\"sl-SI\",\"@id\":\"https:\/\/hudo.com\/si\/#\/schema\/person\/image\/\",\"url\":\"https:\/\/secure.gravatar.com\/avatar\/c4ca25fa72cace7a696b52ff5db9e095?s=96&d=mm&r=g\",\"contentUrl\":\"https:\/\/secure.gravatar.com\/avatar\/c4ca25fa72cace7a696b52ff5db9e095?s=96&d=mm&r=g\",\"caption\":\"hudo\"},\"url\":\"https:\/\/hudo.com\/si\/author\/hudo\/\"}]}<\/script>\n<!-- \/ Yoast SEO plugin. -->","yoast_head_json":{"title":"Tine Kancler mladinski evropski prvak - Hudo Slovenija","robots":{"index":"index","follow":"follow","max-snippet":"max-snippet:-1","max-image-preview":"max-image-preview:large","max-video-preview":"max-video-preview:-1"},"canonical":"https:\/\/hudo.com\/si\/aktualno\/tine-kancler-mladinski-evropski-prvak\/","og_locale":"sl_SI","og_type":"article","og_title":"Tine Kancler mladinski evropski prvak - Hudo Slovenija","og_description":"Kategorija: Drugi \u0161porti Sun, 20 Aug 2017 08:43:00 +0200 Hohenlimburg - Slovenska ekipa je tudi drugi dan kon\u010dnih odlo\u010ditev na evropskem prvenstvu v slalomu na divjih vodah za mladince in mlaj\u0161e \u010dlane v Nem\u010diji osvojila dve odli\u010dji. Po drugim mestih kajaka\u0161ev in kanuistk do 23 let je za velik uspeh poskrbel kajaka\u0161 Tine Kancler, ki se je okitil z naslovom mladinskega evropskega prvaka, njegov uspeh je z bronom med kajaka\u0161i do 23 let dopolnil \u017dan Jak\u0161e. \u00bbPo vsej progi sem bil evfori\u010den, imel sem neko dodatno mo\u010d in zgolj veslal. Sploh po napaki na za\u010detku, ko sem \u017ee mislil, da je vsega konec, sem se izvil in izpeljal brez dotika. Nisem vedel, kako bo, ker je bilo zgoraj \u0161e osem tekmecev. Vsak lahko odpelje dobro ali pa tudi 'zafrkne'. Ta kolajna je \u0161e toliko pomembnej\u0161a zaradi napak v preteklosti in\u00a0...","og_url":"https:\/\/hudo.com\/si\/aktualno\/tine-kancler-mladinski-evropski-prvak\/","og_site_name":"Hudo Slovenija","article_publisher":"https:\/\/www.facebook.com\/hudo.si","article_published_time":"2017-08-20T04:43:00+00:00","og_image":[{"width":480,"height":290,"url":"https:\/\/hudo.com\/si\/wp-content\/uploads\/sites\/2\/2017\/08\/480x290_Delo_Foto-20170820083753-64979000.jpeg","type":"image\/jpeg"}],"author":"hudo","twitter_card":"summary_large_image","twitter_creator":"@hudo_si","twitter_site":"@hudo_si","twitter_misc":{"Written by":"hudo","Est. reading time":"1 minuta"},"schema":{"@context":"https:\/\/schema.org","@graph":[{"@type":"Article","@id":"https:\/\/hudo.com\/si\/aktualno\/tine-kancler-mladinski-evropski-prvak\/#article","isPartOf":{"@id":"https:\/\/hudo.com\/si\/aktualno\/tine-kancler-mladinski-evropski-prvak\/"},"author":{"name":"hudo","@id":"https:\/\/hudo.com\/si\/#\/schema\/person\/601cf3379633985b20f7e50f2bb47707"},"headline":"Tine Kancler mladinski evropski prvak","datePublished":"2017-08-20T04:43:00+00:00","dateModified":"2017-08-20T04:43:00+00:00","mainEntityOfPage":{"@id":"https:\/\/hudo.com\/si\/aktualno\/tine-kancler-mladinski-evropski-prvak\/"},"wordCount":150,"publisher":{"@id":"https:\/\/hudo.com\/si\/#organization"},"articleSection":["Aktualno"],"inLanguage":"sl-SI"},{"@type":"WebPage","@id":"https:\/\/hudo.com\/si\/aktualno\/tine-kancler-mladinski-evropski-prvak\/","url":"https:\/\/hudo.com\/si\/aktualno\/tine-kancler-mladinski-evropski-prvak\/","name":"Tine Kancler mladinski evropski prvak - Hudo Slovenija","isPartOf":{"@id":"https:\/\/hudo.com\/si\/#website"},"datePublished":"2017-08-20T04:43:00+00:00","dateModified":"2017-08-20T04:43:00+00:00","breadcrumb":{"@id":"https:\/\/hudo.com\/si\/aktualno\/tine-kancler-mladinski-evropski-prvak\/#breadcrumb"},"inLanguage":"sl-SI","potentialAction":[{"@type":"ReadAction","target":["https:\/\/hudo.com\/si\/aktualno\/tine-kancler-mladinski-evropski-prvak\/"]}]},{"@type":"BreadcrumbList","@id":"https:\/\/hudo.com\/si\/aktualno\/tine-kancler-mladinski-evropski-prvak\/#breadcrumb","itemListElement":[{"@type":"ListItem","position":1,"name":"Home","item":"https:\/\/hudo.com\/si\/"},{"@type":"ListItem","position":2,"name":"Tine Kancler mladinski evropski prvak"}]},{"@type":"WebSite","@id":"https:\/\/hudo.com\/si\/#website","url":"https:\/\/hudo.com\/si\/","name":"Hudo Slovenija","description":"Vse novice iz Slovenije in sveta","publisher":{"@id":"https:\/\/hudo.com\/si\/#organization"},"potentialAction":[{"@type":"SearchAction","target":{"@type":"EntryPoint","urlTemplate":"https:\/\/hudo.com\/si\/?s={search_term_string}"},"query-input":"required name=search_term_string"}],"inLanguage":"sl-SI"},{"@type":"Organization","@id":"https:\/\/hudo.com\/si\/#organization","name":"VSN Media","url":"https:\/\/hudo.com\/si\/","logo":{"@type":"ImageObject","inLanguage":"sl-SI","@id":"https:\/\/hudo.com\/si\/#\/schema\/logo\/image\/","url":"https:\/\/hudo.com\/si\/wp-content\/uploads\/sites\/2\/2021\/03\/hudo-app-2.png","contentUrl":"https:\/\/hudo.com\/si\/wp-content\/uploads\/sites\/2\/2021\/03\/hudo-app-2.png","width":2185,"height":2167,"caption":"VSN Media"},"image":{"@id":"https:\/\/hudo.com\/si\/#\/schema\/logo\/image\/"},"sameAs":["https:\/\/www.facebook.com\/hudo.si","https:\/\/twitter.com\/hudo_si"]},{"@type":"Person","@id":"https:\/\/hudo.com\/si\/#\/schema\/person\/601cf3379633985b20f7e50f2bb47707","name":"hudo","image":{"@type":"ImageObject","inLanguage":"sl-SI","@id":"https:\/\/hudo.com\/si\/#\/schema\/person\/image\/","url":"https:\/\/secure.gravatar.com\/avatar\/c4ca25fa72cace7a696b52ff5db9e095?s=96&d=mm&r=g","contentUrl":"https:\/\/secure.gravatar.com\/avatar\/c4ca25fa72cace7a696b52ff5db9e095?s=96&d=mm&r=g","caption":"hudo"},"url":"https:\/\/hudo.com\/si\/author\/hudo\/"}]}},"amp_enabled":true,"_links":{"self":[{"href":"https:\/\/hudo.com\/si\/wp-json\/wp\/v2\/posts\/289000"}],"collection":[{"href":"https:\/\/hudo.com\/si\/wp-json\/wp\/v2\/posts"}],"about":[{"href":"https:\/\/hudo.com\/si\/wp-json\/wp\/v2\/types\/post"}],"author":[{"embeddable":true,"href":"https:\/\/hudo.com\/si\/wp-json\/wp\/v2\/users\/1"}],"replies":[{"embeddable":true,"href":"https:\/\/hudo.com\/si\/wp-json\/wp\/v2\/comments?post=289000"}],"version-history":[{"count":0,"href":"https:\/\/hudo.com\/si\/wp-json\/wp\/v2\/posts\/289000\/revisions"}],"wp:attachment":[{"href":"https:\/\/hudo.com\/si\/wp-json\/wp\/v2\/media?parent=289000"}],"wp:term":[{"taxonomy":"category","embeddable":true,"href":"https:\/\/hudo.com\/si\/wp-json\/wp\/v2\/categories?post=289000"},{"taxonomy":"post_tag","embeddable":true,"href":"https:\/\/hudo.com\/si\/wp-json\/wp\/v2\/tags?post=289000"},{"taxonomy":"source","embeddable":true,"href":"https:\/\/hudo.com\/si\/wp-json\/wp\/v2\/source?post=289000"},{"taxonomy":"supertag","embeddable":true,"href":"https:\/\/hudo.com\/si\/wp-json\/wp\/v2\/supertag?post=289000"}],"curies":[{"name":"wp","href":"https:\/\/api.w.org\/{rel}","templated":true}]}}