{"id":289032,"date":"2017-08-20T07:24:00","date_gmt":"2017-08-20T05:24:00","guid":{"rendered":"http:\/\/hudo.com\/si\/2017\/08\/20\/vec-tisoc-ljudi-v-bostonu-na-pohodu-proti-rasizmu\/"},"modified":"2017-08-20T07:24:00","modified_gmt":"2017-08-20T05:24:00","slug":"vec-tisoc-ljudi-v-bostonu-na-pohodu-proti-rasizmu","status":"publish","type":"post","link":"https:\/\/hudo.com\/si\/aktualno\/vec-tisoc-ljudi-v-bostonu-na-pohodu-proti-rasizmu\/","title":{"rendered":"Ve\u010d tiso\u010d ljudi v Bostonu na pohodu proti rasizmu"},"content":{"rendered":"<p>Kategorija: Globalno Sun, 20 Aug 2017 09:24:00 +0200  Boston &#8211; Ve\u010d tiso\u010d ljudi se je v soboto v Bostonu udele\u017eilo pohoda proti rasizmu. Kot poro\u010da francoska tiskovna agencija AFP, so povsem zasen\u010dili shod belih nacionalistov, ki so se prav tako zbrali v tem mestu. Tokrat do incidentov, kakr\u0161ni so se zgodili pred tednom dni v Charlottesvillu v Virginiji, ni pri\u0161lo. Na t. i. \u00bbshodu za svobodo govora\u00ab se je zbralo le nekaj deset skrajnih desni\u010darjev. Shod naj bi trajal do 14. ure po lokalnem \u010dasu, a so policisti shod kake pol ure pred iztekom tega \u010dasa prekinili in udele\u017eence varno pospremili stran od protestnikov proti rasizmu, navaja AFP. Teh se je po ocenah oblasti zbralo okoli 40.000. Boston sicer velja za trdnjavo demokratov z mo\u010dno prisotnim vzdu\u0161jem proti rasizmu. Nekaj je bilo sicer tudi prerivanj med temi protestniki\u00a0&#8230;<\/p>\n","protected":false},"excerpt":{"rendered":"<p>Kategorija: Globalno Sun, 20 Aug 2017 09:24:00 +0200  Boston &#8211; Ve\u010d tiso\u010d ljudi se je v soboto v Bostonu udele\u017eilo pohoda proti rasizmu. Kot poro\u010da francoska tiskovna agencija AFP, so povsem zasen\u010dili shod belih nacionalistov, ki so se prav tako zbrali v tem mestu. Tokrat do incidentov, kakr\u0161ni so se zgodili pred tednom dni v Charlottesvillu v Virginiji, ni pri\u0161lo. Na t. i. \u00bbshodu za svobodo govora\u00ab se je zbralo le nekaj deset skrajnih desni\u010darjev. Shod naj bi trajal do 14. ure po lokalnem \u010dasu, a so policisti shod kake pol ure pred iztekom tega \u010dasa prekinili in udele\u017eence varno pospremili stran od protestnikov proti rasizmu, navaja AFP. Teh se je po ocenah oblasti zbralo okoli 40.000. Boston sicer velja za trdnjavo demokratov z mo\u010dno prisotnim vzdu\u0161jem proti rasizmu. Nekaj je bilo sicer tudi prerivanj med temi protestniki\u00a0&#8230;<\/p>\n","protected":false},"author":1,"featured_media":0,"comment_status":"closed","ping_status":"closed","sticky":false,"template":"","format":"standard","meta":{"footnotes":""},"categories":[1179],"tags":[],"source":[1703],"supertag":[],"acf":[],"yoast_head":"<!-- This site is optimized with the Yoast SEO plugin v21.3 - https:\/\/yoast.com\/wordpress\/plugins\/seo\/ -->\n<title>Ve\u010d tiso\u010d ljudi v Bostonu na pohodu proti rasizmu - Hudo Slovenija<\/title>\n<meta name=\"robots\" content=\"index, follow, max-snippet:-1, max-image-preview:large, max-video-preview:-1\" \/>\n<link rel=\"canonical\" href=\"https:\/\/hudo.com\/si\/aktualno\/vec-tisoc-ljudi-v-bostonu-na-pohodu-proti-rasizmu\/\" \/>\n<meta property=\"og:locale\" content=\"sl_SI\" \/>\n<meta property=\"og:type\" content=\"article\" \/>\n<meta property=\"og:title\" content=\"Ve\u010d tiso\u010d ljudi v Bostonu na pohodu proti rasizmu - Hudo Slovenija\" \/>\n<meta property=\"og:description\" content=\"Kategorija: Globalno Sun, 20 Aug 2017 09:24:00 +0200 Boston - Ve\u010d tiso\u010d ljudi se je v soboto v Bostonu udele\u017eilo pohoda proti rasizmu. Kot poro\u010da francoska tiskovna agencija AFP, so povsem zasen\u010dili shod belih nacionalistov, ki so se prav tako zbrali v tem mestu. Tokrat do incidentov, kakr\u0161ni so se zgodili pred tednom dni v Charlottesvillu v Virginiji, ni pri\u0161lo. Na t. i. \u00bbshodu za svobodo govora\u00ab se je zbralo le nekaj deset skrajnih desni\u010darjev. Shod naj bi trajal do 14. ure po lokalnem \u010dasu, a so policisti shod kake pol ure pred iztekom tega \u010dasa prekinili in udele\u017eence varno pospremili stran od protestnikov proti rasizmu, navaja AFP. Teh se je po ocenah oblasti zbralo okoli 40.000. Boston sicer velja za trdnjavo demokratov z mo\u010dno prisotnim vzdu\u0161jem proti rasizmu. Nekaj je bilo sicer tudi prerivanj med temi protestniki\u00a0...\" \/>\n<meta property=\"og:url\" content=\"https:\/\/hudo.com\/si\/aktualno\/vec-tisoc-ljudi-v-bostonu-na-pohodu-proti-rasizmu\/\" \/>\n<meta property=\"og:site_name\" content=\"Hudo Slovenija\" \/>\n<meta property=\"article:publisher\" content=\"https:\/\/www.facebook.com\/hudo.si\" \/>\n<meta property=\"article:published_time\" content=\"2017-08-20T05:24:00+00:00\" \/>\n<meta property=\"og:image\" content=\"https:\/\/hudo.com\/si\/wp-content\/uploads\/sites\/2\/2017\/08\/480x290_AP_Pictures-20170820003728-40540600.jpeg\" \/>\n\t<meta property=\"og:image:width\" content=\"480\" \/>\n\t<meta property=\"og:image:height\" content=\"290\" \/>\n\t<meta property=\"og:image:type\" content=\"image\/jpeg\" \/>\n<meta name=\"author\" content=\"hudo\" \/>\n<meta name=\"twitter:card\" content=\"summary_large_image\" \/>\n<meta name=\"twitter:creator\" content=\"@hudo_si\" \/>\n<meta name=\"twitter:site\" content=\"@hudo_si\" \/>\n<meta name=\"twitter:label1\" content=\"Written by\" \/>\n\t<meta name=\"twitter:data1\" content=\"hudo\" \/>\n\t<meta name=\"twitter:label2\" content=\"Est. reading time\" \/>\n\t<meta name=\"twitter:data2\" content=\"1 minuta\" \/>\n<script type=\"application\/ld+json\" class=\"yoast-schema-graph\">{\"@context\":\"https:\/\/schema.org\",\"@graph\":[{\"@type\":\"Article\",\"@id\":\"https:\/\/hudo.com\/si\/aktualno\/vec-tisoc-ljudi-v-bostonu-na-pohodu-proti-rasizmu\/#article\",\"isPartOf\":{\"@id\":\"https:\/\/hudo.com\/si\/aktualno\/vec-tisoc-ljudi-v-bostonu-na-pohodu-proti-rasizmu\/\"},\"author\":{\"name\":\"hudo\",\"@id\":\"https:\/\/hudo.com\/si\/#\/schema\/person\/601cf3379633985b20f7e50f2bb47707\"},\"headline\":\"Ve\u010d tiso\u010d ljudi v Bostonu na pohodu proti rasizmu\",\"datePublished\":\"2017-08-20T05:24:00+00:00\",\"dateModified\":\"2017-08-20T05:24:00+00:00\",\"mainEntityOfPage\":{\"@id\":\"https:\/\/hudo.com\/si\/aktualno\/vec-tisoc-ljudi-v-bostonu-na-pohodu-proti-rasizmu\/\"},\"wordCount\":150,\"publisher\":{\"@id\":\"https:\/\/hudo.com\/si\/#organization\"},\"articleSection\":[\"Aktualno\"],\"inLanguage\":\"sl-SI\"},{\"@type\":\"WebPage\",\"@id\":\"https:\/\/hudo.com\/si\/aktualno\/vec-tisoc-ljudi-v-bostonu-na-pohodu-proti-rasizmu\/\",\"url\":\"https:\/\/hudo.com\/si\/aktualno\/vec-tisoc-ljudi-v-bostonu-na-pohodu-proti-rasizmu\/\",\"name\":\"Ve\u010d tiso\u010d ljudi v Bostonu na pohodu proti rasizmu - Hudo Slovenija\",\"isPartOf\":{\"@id\":\"https:\/\/hudo.com\/si\/#website\"},\"datePublished\":\"2017-08-20T05:24:00+00:00\",\"dateModified\":\"2017-08-20T05:24:00+00:00\",\"breadcrumb\":{\"@id\":\"https:\/\/hudo.com\/si\/aktualno\/vec-tisoc-ljudi-v-bostonu-na-pohodu-proti-rasizmu\/#breadcrumb\"},\"inLanguage\":\"sl-SI\",\"potentialAction\":[{\"@type\":\"ReadAction\",\"target\":[\"https:\/\/hudo.com\/si\/aktualno\/vec-tisoc-ljudi-v-bostonu-na-pohodu-proti-rasizmu\/\"]}]},{\"@type\":\"BreadcrumbList\",\"@id\":\"https:\/\/hudo.com\/si\/aktualno\/vec-tisoc-ljudi-v-bostonu-na-pohodu-proti-rasizmu\/#breadcrumb\",\"itemListElement\":[{\"@type\":\"ListItem\",\"position\":1,\"name\":\"Home\",\"item\":\"https:\/\/hudo.com\/si\/\"},{\"@type\":\"ListItem\",\"position\":2,\"name\":\"Ve\u010d tiso\u010d ljudi v Bostonu na pohodu proti rasizmu\"}]},{\"@type\":\"WebSite\",\"@id\":\"https:\/\/hudo.com\/si\/#website\",\"url\":\"https:\/\/hudo.com\/si\/\",\"name\":\"Hudo Slovenija\",\"description\":\"Vse novice iz Slovenije in sveta\",\"publisher\":{\"@id\":\"https:\/\/hudo.com\/si\/#organization\"},\"potentialAction\":[{\"@type\":\"SearchAction\",\"target\":{\"@type\":\"EntryPoint\",\"urlTemplate\":\"https:\/\/hudo.com\/si\/?s={search_term_string}\"},\"query-input\":\"required name=search_term_string\"}],\"inLanguage\":\"sl-SI\"},{\"@type\":\"Organization\",\"@id\":\"https:\/\/hudo.com\/si\/#organization\",\"name\":\"VSN Media\",\"url\":\"https:\/\/hudo.com\/si\/\",\"logo\":{\"@type\":\"ImageObject\",\"inLanguage\":\"sl-SI\",\"@id\":\"https:\/\/hudo.com\/si\/#\/schema\/logo\/image\/\",\"url\":\"https:\/\/hudo.com\/si\/wp-content\/uploads\/sites\/2\/2021\/03\/hudo-app-2.png\",\"contentUrl\":\"https:\/\/hudo.com\/si\/wp-content\/uploads\/sites\/2\/2021\/03\/hudo-app-2.png\",\"width\":2185,\"height\":2167,\"caption\":\"VSN Media\"},\"image\":{\"@id\":\"https:\/\/hudo.com\/si\/#\/schema\/logo\/image\/\"},\"sameAs\":[\"https:\/\/www.facebook.com\/hudo.si\",\"https:\/\/twitter.com\/hudo_si\"]},{\"@type\":\"Person\",\"@id\":\"https:\/\/hudo.com\/si\/#\/schema\/person\/601cf3379633985b20f7e50f2bb47707\",\"name\":\"hudo\",\"image\":{\"@type\":\"ImageObject\",\"inLanguage\":\"sl-SI\",\"@id\":\"https:\/\/hudo.com\/si\/#\/schema\/person\/image\/\",\"url\":\"https:\/\/secure.gravatar.com\/avatar\/c4ca25fa72cace7a696b52ff5db9e095?s=96&d=mm&r=g\",\"contentUrl\":\"https:\/\/secure.gravatar.com\/avatar\/c4ca25fa72cace7a696b52ff5db9e095?s=96&d=mm&r=g\",\"caption\":\"hudo\"},\"url\":\"https:\/\/hudo.com\/si\/author\/hudo\/\"}]}<\/script>\n<!-- \/ Yoast SEO plugin. -->","yoast_head_json":{"title":"Ve\u010d tiso\u010d ljudi v Bostonu na pohodu proti rasizmu - Hudo Slovenija","robots":{"index":"index","follow":"follow","max-snippet":"max-snippet:-1","max-image-preview":"max-image-preview:large","max-video-preview":"max-video-preview:-1"},"canonical":"https:\/\/hudo.com\/si\/aktualno\/vec-tisoc-ljudi-v-bostonu-na-pohodu-proti-rasizmu\/","og_locale":"sl_SI","og_type":"article","og_title":"Ve\u010d tiso\u010d ljudi v Bostonu na pohodu proti rasizmu - Hudo Slovenija","og_description":"Kategorija: Globalno Sun, 20 Aug 2017 09:24:00 +0200 Boston - Ve\u010d tiso\u010d ljudi se je v soboto v Bostonu udele\u017eilo pohoda proti rasizmu. Kot poro\u010da francoska tiskovna agencija AFP, so povsem zasen\u010dili shod belih nacionalistov, ki so se prav tako zbrali v tem mestu. Tokrat do incidentov, kakr\u0161ni so se zgodili pred tednom dni v Charlottesvillu v Virginiji, ni pri\u0161lo. Na t. i. \u00bbshodu za svobodo govora\u00ab se je zbralo le nekaj deset skrajnih desni\u010darjev. Shod naj bi trajal do 14. ure po lokalnem \u010dasu, a so policisti shod kake pol ure pred iztekom tega \u010dasa prekinili in udele\u017eence varno pospremili stran od protestnikov proti rasizmu, navaja AFP. Teh se je po ocenah oblasti zbralo okoli 40.000. Boston sicer velja za trdnjavo demokratov z mo\u010dno prisotnim vzdu\u0161jem proti rasizmu. Nekaj je bilo sicer tudi prerivanj med temi protestniki\u00a0...","og_url":"https:\/\/hudo.com\/si\/aktualno\/vec-tisoc-ljudi-v-bostonu-na-pohodu-proti-rasizmu\/","og_site_name":"Hudo Slovenija","article_publisher":"https:\/\/www.facebook.com\/hudo.si","article_published_time":"2017-08-20T05:24:00+00:00","og_image":[{"width":480,"height":290,"url":"https:\/\/hudo.com\/si\/wp-content\/uploads\/sites\/2\/2017\/08\/480x290_AP_Pictures-20170820003728-40540600.jpeg","type":"image\/jpeg"}],"author":"hudo","twitter_card":"summary_large_image","twitter_creator":"@hudo_si","twitter_site":"@hudo_si","twitter_misc":{"Written by":"hudo","Est. reading time":"1 minuta"},"schema":{"@context":"https:\/\/schema.org","@graph":[{"@type":"Article","@id":"https:\/\/hudo.com\/si\/aktualno\/vec-tisoc-ljudi-v-bostonu-na-pohodu-proti-rasizmu\/#article","isPartOf":{"@id":"https:\/\/hudo.com\/si\/aktualno\/vec-tisoc-ljudi-v-bostonu-na-pohodu-proti-rasizmu\/"},"author":{"name":"hudo","@id":"https:\/\/hudo.com\/si\/#\/schema\/person\/601cf3379633985b20f7e50f2bb47707"},"headline":"Ve\u010d tiso\u010d ljudi v Bostonu na pohodu proti rasizmu","datePublished":"2017-08-20T05:24:00+00:00","dateModified":"2017-08-20T05:24:00+00:00","mainEntityOfPage":{"@id":"https:\/\/hudo.com\/si\/aktualno\/vec-tisoc-ljudi-v-bostonu-na-pohodu-proti-rasizmu\/"},"wordCount":150,"publisher":{"@id":"https:\/\/hudo.com\/si\/#organization"},"articleSection":["Aktualno"],"inLanguage":"sl-SI"},{"@type":"WebPage","@id":"https:\/\/hudo.com\/si\/aktualno\/vec-tisoc-ljudi-v-bostonu-na-pohodu-proti-rasizmu\/","url":"https:\/\/hudo.com\/si\/aktualno\/vec-tisoc-ljudi-v-bostonu-na-pohodu-proti-rasizmu\/","name":"Ve\u010d tiso\u010d ljudi v Bostonu na pohodu proti rasizmu - Hudo Slovenija","isPartOf":{"@id":"https:\/\/hudo.com\/si\/#website"},"datePublished":"2017-08-20T05:24:00+00:00","dateModified":"2017-08-20T05:24:00+00:00","breadcrumb":{"@id":"https:\/\/hudo.com\/si\/aktualno\/vec-tisoc-ljudi-v-bostonu-na-pohodu-proti-rasizmu\/#breadcrumb"},"inLanguage":"sl-SI","potentialAction":[{"@type":"ReadAction","target":["https:\/\/hudo.com\/si\/aktualno\/vec-tisoc-ljudi-v-bostonu-na-pohodu-proti-rasizmu\/"]}]},{"@type":"BreadcrumbList","@id":"https:\/\/hudo.com\/si\/aktualno\/vec-tisoc-ljudi-v-bostonu-na-pohodu-proti-rasizmu\/#breadcrumb","itemListElement":[{"@type":"ListItem","position":1,"name":"Home","item":"https:\/\/hudo.com\/si\/"},{"@type":"ListItem","position":2,"name":"Ve\u010d tiso\u010d ljudi v Bostonu na pohodu proti rasizmu"}]},{"@type":"WebSite","@id":"https:\/\/hudo.com\/si\/#website","url":"https:\/\/hudo.com\/si\/","name":"Hudo Slovenija","description":"Vse novice iz Slovenije in sveta","publisher":{"@id":"https:\/\/hudo.com\/si\/#organization"},"potentialAction":[{"@type":"SearchAction","target":{"@type":"EntryPoint","urlTemplate":"https:\/\/hudo.com\/si\/?s={search_term_string}"},"query-input":"required name=search_term_string"}],"inLanguage":"sl-SI"},{"@type":"Organization","@id":"https:\/\/hudo.com\/si\/#organization","name":"VSN Media","url":"https:\/\/hudo.com\/si\/","logo":{"@type":"ImageObject","inLanguage":"sl-SI","@id":"https:\/\/hudo.com\/si\/#\/schema\/logo\/image\/","url":"https:\/\/hudo.com\/si\/wp-content\/uploads\/sites\/2\/2021\/03\/hudo-app-2.png","contentUrl":"https:\/\/hudo.com\/si\/wp-content\/uploads\/sites\/2\/2021\/03\/hudo-app-2.png","width":2185,"height":2167,"caption":"VSN Media"},"image":{"@id":"https:\/\/hudo.com\/si\/#\/schema\/logo\/image\/"},"sameAs":["https:\/\/www.facebook.com\/hudo.si","https:\/\/twitter.com\/hudo_si"]},{"@type":"Person","@id":"https:\/\/hudo.com\/si\/#\/schema\/person\/601cf3379633985b20f7e50f2bb47707","name":"hudo","image":{"@type":"ImageObject","inLanguage":"sl-SI","@id":"https:\/\/hudo.com\/si\/#\/schema\/person\/image\/","url":"https:\/\/secure.gravatar.com\/avatar\/c4ca25fa72cace7a696b52ff5db9e095?s=96&d=mm&r=g","contentUrl":"https:\/\/secure.gravatar.com\/avatar\/c4ca25fa72cace7a696b52ff5db9e095?s=96&d=mm&r=g","caption":"hudo"},"url":"https:\/\/hudo.com\/si\/author\/hudo\/"}]}},"amp_enabled":true,"_links":{"self":[{"href":"https:\/\/hudo.com\/si\/wp-json\/wp\/v2\/posts\/289032"}],"collection":[{"href":"https:\/\/hudo.com\/si\/wp-json\/wp\/v2\/posts"}],"about":[{"href":"https:\/\/hudo.com\/si\/wp-json\/wp\/v2\/types\/post"}],"author":[{"embeddable":true,"href":"https:\/\/hudo.com\/si\/wp-json\/wp\/v2\/users\/1"}],"replies":[{"embeddable":true,"href":"https:\/\/hudo.com\/si\/wp-json\/wp\/v2\/comments?post=289032"}],"version-history":[{"count":0,"href":"https:\/\/hudo.com\/si\/wp-json\/wp\/v2\/posts\/289032\/revisions"}],"wp:attachment":[{"href":"https:\/\/hudo.com\/si\/wp-json\/wp\/v2\/media?parent=289032"}],"wp:term":[{"taxonomy":"category","embeddable":true,"href":"https:\/\/hudo.com\/si\/wp-json\/wp\/v2\/categories?post=289032"},{"taxonomy":"post_tag","embeddable":true,"href":"https:\/\/hudo.com\/si\/wp-json\/wp\/v2\/tags?post=289032"},{"taxonomy":"source","embeddable":true,"href":"https:\/\/hudo.com\/si\/wp-json\/wp\/v2\/source?post=289032"},{"taxonomy":"supertag","embeddable":true,"href":"https:\/\/hudo.com\/si\/wp-json\/wp\/v2\/supertag?post=289032"}],"curies":[{"name":"wp","href":"https:\/\/api.w.org\/{rel}","templated":true}]}}