{"id":290328,"date":"2017-08-23T09:34:00","date_gmt":"2017-08-23T07:34:00","guid":{"rendered":"http:\/\/hudo.com\/si\/2017\/08\/23\/zadnji-pocitniski-vikend-nas-ne-bo-zeblo\/"},"modified":"2017-08-23T09:34:00","modified_gmt":"2017-08-23T07:34:00","slug":"zadnji-pocitniski-vikend-nas-ne-bo-zeblo","status":"publish","type":"post","link":"https:\/\/hudo.com\/si\/aktualno\/zadnji-pocitniski-vikend-nas-ne-bo-zeblo\/","title":{"rendered":"Zadnji po\u010ditni\u0161ki vikend nas ne bo zeblo"},"content":{"rendered":"<p>Po prehodni ohladitvi v za\u010detku tega tedna se je za\u010delo novo dalj\u0161e obdobje toplega poznopoletnega vremena, pravijo meteorologi pri Agenciji RS za okolje. Ka\u017ee, da bo zadnji po\u010ditni\u0161ki konec tedna ve\u010dinoma son\u010dno in spet tudi \u017ee vro\u010de. Mo\u017ene bodo posamezne popoldanske vro\u010dinske nevihte.\u00a0 Avgusta se zaklju\u010duje tako imenovano meteorolo\u0161ko poletje, ki traja od za\u010detka junija. Nadpovpre\u010dno toplo poletje je bilo napovedano za letos. Slovensko je imelo \u0161tiri vro\u010dinske valove. Vro\u010dina in pomanjkanje padavin pa spet povzro\u010data tudi su\u0161o. In nekaj silovitih neurij, ugotavljajo pri Arso.<\/p>\n","protected":false},"excerpt":{"rendered":"<p>Po prehodni ohladitvi v za\u010detku tega tedna se je za\u010delo novo dalj\u0161e obdobje toplega poznopoletnega vremena, pravijo meteorologi pri Agenciji RS za okolje. Ka\u017ee, da bo zadnji po\u010ditni\u0161ki konec tedna ve\u010dinoma son\u010dno in spet tudi \u017ee vro\u010de. Mo\u017ene bodo posamezne popoldanske vro\u010dinske nevihte.\u00a0 Avgusta se zaklju\u010duje tako imenovano meteorolo\u0161ko poletje, ki traja od za\u010detka junija. Nadpovpre\u010dno toplo poletje je bilo napovedano za letos. Slovensko je imelo \u0161tiri vro\u010dinske valove. Vro\u010dina in pomanjkanje padavin pa spet povzro\u010data tudi su\u0161o. In nekaj silovitih neurij, ugotavljajo pri Arso.<\/p>\n","protected":false},"author":1,"featured_media":0,"comment_status":"closed","ping_status":"closed","sticky":false,"template":"","format":"standard","meta":{"footnotes":""},"categories":[1179],"tags":[],"source":[1711],"supertag":[],"acf":[],"yoast_head":"<!-- This site is optimized with the Yoast SEO plugin v21.3 - https:\/\/yoast.com\/wordpress\/plugins\/seo\/ -->\n<title>Zadnji po\u010ditni\u0161ki vikend nas ne bo zeblo - Hudo Slovenija<\/title>\n<meta name=\"robots\" content=\"index, follow, max-snippet:-1, max-image-preview:large, max-video-preview:-1\" \/>\n<link rel=\"canonical\" href=\"https:\/\/hudo.com\/si\/aktualno\/zadnji-pocitniski-vikend-nas-ne-bo-zeblo\/\" \/>\n<meta property=\"og:locale\" content=\"sl_SI\" \/>\n<meta property=\"og:type\" content=\"article\" \/>\n<meta property=\"og:title\" content=\"Zadnji po\u010ditni\u0161ki vikend nas ne bo zeblo - Hudo Slovenija\" \/>\n<meta property=\"og:description\" content=\"Po prehodni ohladitvi v za\u010detku tega tedna se je za\u010delo novo dalj\u0161e obdobje toplega poznopoletnega vremena, pravijo meteorologi pri Agenciji RS za okolje. Ka\u017ee, da bo zadnji po\u010ditni\u0161ki konec tedna ve\u010dinoma son\u010dno in spet tudi \u017ee vro\u010de. Mo\u017ene bodo posamezne popoldanske vro\u010dinske nevihte.\u00a0 Avgusta se zaklju\u010duje tako imenovano meteorolo\u0161ko poletje, ki traja od za\u010detka junija. Nadpovpre\u010dno toplo poletje je bilo napovedano za letos. Slovensko je imelo \u0161tiri vro\u010dinske valove. Vro\u010dina in pomanjkanje padavin pa spet povzro\u010data tudi su\u0161o. In nekaj silovitih neurij, ugotavljajo pri Arso.\" \/>\n<meta property=\"og:url\" content=\"https:\/\/hudo.com\/si\/aktualno\/zadnji-pocitniski-vikend-nas-ne-bo-zeblo\/\" \/>\n<meta property=\"og:site_name\" content=\"Hudo Slovenija\" \/>\n<meta property=\"article:publisher\" content=\"https:\/\/www.facebook.com\/hudo.si\" \/>\n<meta property=\"article:published_time\" content=\"2017-08-23T07:34:00+00:00\" \/>\n<meta property=\"og:image\" content=\"https:\/\/hudo.com\/si\/wp-content\/uploads\/sites\/2\/2017\/08\/3117331-300.jpg\" \/>\n\t<meta property=\"og:image:width\" content=\"450\" \/>\n\t<meta property=\"og:image:height\" content=\"300\" \/>\n\t<meta property=\"og:image:type\" content=\"image\/jpeg\" \/>\n<meta name=\"author\" content=\"hudo\" \/>\n<meta name=\"twitter:card\" content=\"summary_large_image\" \/>\n<meta name=\"twitter:creator\" content=\"@hudo_si\" \/>\n<meta name=\"twitter:site\" content=\"@hudo_si\" \/>\n<meta name=\"twitter:label1\" content=\"Written by\" \/>\n\t<meta name=\"twitter:data1\" content=\"hudo\" \/>\n\t<meta name=\"twitter:label2\" content=\"Est. reading time\" \/>\n\t<meta name=\"twitter:data2\" content=\"1 minuta\" \/>\n<script type=\"application\/ld+json\" class=\"yoast-schema-graph\">{\"@context\":\"https:\/\/schema.org\",\"@graph\":[{\"@type\":\"Article\",\"@id\":\"https:\/\/hudo.com\/si\/aktualno\/zadnji-pocitniski-vikend-nas-ne-bo-zeblo\/#article\",\"isPartOf\":{\"@id\":\"https:\/\/hudo.com\/si\/aktualno\/zadnji-pocitniski-vikend-nas-ne-bo-zeblo\/\"},\"author\":{\"name\":\"hudo\",\"@id\":\"https:\/\/hudo.com\/si\/#\/schema\/person\/601cf3379633985b20f7e50f2bb47707\"},\"headline\":\"Zadnji po\u010ditni\u0161ki vikend nas ne bo zeblo\",\"datePublished\":\"2017-08-23T07:34:00+00:00\",\"dateModified\":\"2017-08-23T07:34:00+00:00\",\"mainEntityOfPage\":{\"@id\":\"https:\/\/hudo.com\/si\/aktualno\/zadnji-pocitniski-vikend-nas-ne-bo-zeblo\/\"},\"wordCount\":113,\"publisher\":{\"@id\":\"https:\/\/hudo.com\/si\/#organization\"},\"articleSection\":[\"Aktualno\"],\"inLanguage\":\"sl-SI\"},{\"@type\":\"WebPage\",\"@id\":\"https:\/\/hudo.com\/si\/aktualno\/zadnji-pocitniski-vikend-nas-ne-bo-zeblo\/\",\"url\":\"https:\/\/hudo.com\/si\/aktualno\/zadnji-pocitniski-vikend-nas-ne-bo-zeblo\/\",\"name\":\"Zadnji po\u010ditni\u0161ki vikend nas ne bo zeblo - Hudo Slovenija\",\"isPartOf\":{\"@id\":\"https:\/\/hudo.com\/si\/#website\"},\"datePublished\":\"2017-08-23T07:34:00+00:00\",\"dateModified\":\"2017-08-23T07:34:00+00:00\",\"breadcrumb\":{\"@id\":\"https:\/\/hudo.com\/si\/aktualno\/zadnji-pocitniski-vikend-nas-ne-bo-zeblo\/#breadcrumb\"},\"inLanguage\":\"sl-SI\",\"potentialAction\":[{\"@type\":\"ReadAction\",\"target\":[\"https:\/\/hudo.com\/si\/aktualno\/zadnji-pocitniski-vikend-nas-ne-bo-zeblo\/\"]}]},{\"@type\":\"BreadcrumbList\",\"@id\":\"https:\/\/hudo.com\/si\/aktualno\/zadnji-pocitniski-vikend-nas-ne-bo-zeblo\/#breadcrumb\",\"itemListElement\":[{\"@type\":\"ListItem\",\"position\":1,\"name\":\"Home\",\"item\":\"https:\/\/hudo.com\/si\/\"},{\"@type\":\"ListItem\",\"position\":2,\"name\":\"Zadnji po\u010ditni\u0161ki vikend nas ne bo zeblo\"}]},{\"@type\":\"WebSite\",\"@id\":\"https:\/\/hudo.com\/si\/#website\",\"url\":\"https:\/\/hudo.com\/si\/\",\"name\":\"Hudo Slovenija\",\"description\":\"Vse novice iz Slovenije in sveta\",\"publisher\":{\"@id\":\"https:\/\/hudo.com\/si\/#organization\"},\"potentialAction\":[{\"@type\":\"SearchAction\",\"target\":{\"@type\":\"EntryPoint\",\"urlTemplate\":\"https:\/\/hudo.com\/si\/?s={search_term_string}\"},\"query-input\":\"required name=search_term_string\"}],\"inLanguage\":\"sl-SI\"},{\"@type\":\"Organization\",\"@id\":\"https:\/\/hudo.com\/si\/#organization\",\"name\":\"VSN Media\",\"url\":\"https:\/\/hudo.com\/si\/\",\"logo\":{\"@type\":\"ImageObject\",\"inLanguage\":\"sl-SI\",\"@id\":\"https:\/\/hudo.com\/si\/#\/schema\/logo\/image\/\",\"url\":\"https:\/\/hudo.com\/si\/wp-content\/uploads\/sites\/2\/2021\/03\/hudo-app-2.png\",\"contentUrl\":\"https:\/\/hudo.com\/si\/wp-content\/uploads\/sites\/2\/2021\/03\/hudo-app-2.png\",\"width\":2185,\"height\":2167,\"caption\":\"VSN Media\"},\"image\":{\"@id\":\"https:\/\/hudo.com\/si\/#\/schema\/logo\/image\/\"},\"sameAs\":[\"https:\/\/www.facebook.com\/hudo.si\",\"https:\/\/twitter.com\/hudo_si\"]},{\"@type\":\"Person\",\"@id\":\"https:\/\/hudo.com\/si\/#\/schema\/person\/601cf3379633985b20f7e50f2bb47707\",\"name\":\"hudo\",\"image\":{\"@type\":\"ImageObject\",\"inLanguage\":\"sl-SI\",\"@id\":\"https:\/\/hudo.com\/si\/#\/schema\/person\/image\/\",\"url\":\"https:\/\/secure.gravatar.com\/avatar\/c4ca25fa72cace7a696b52ff5db9e095?s=96&d=mm&r=g\",\"contentUrl\":\"https:\/\/secure.gravatar.com\/avatar\/c4ca25fa72cace7a696b52ff5db9e095?s=96&d=mm&r=g\",\"caption\":\"hudo\"},\"url\":\"https:\/\/hudo.com\/si\/author\/hudo\/\"}]}<\/script>\n<!-- \/ Yoast SEO plugin. -->","yoast_head_json":{"title":"Zadnji po\u010ditni\u0161ki vikend nas ne bo zeblo - Hudo Slovenija","robots":{"index":"index","follow":"follow","max-snippet":"max-snippet:-1","max-image-preview":"max-image-preview:large","max-video-preview":"max-video-preview:-1"},"canonical":"https:\/\/hudo.com\/si\/aktualno\/zadnji-pocitniski-vikend-nas-ne-bo-zeblo\/","og_locale":"sl_SI","og_type":"article","og_title":"Zadnji po\u010ditni\u0161ki vikend nas ne bo zeblo - Hudo Slovenija","og_description":"Po prehodni ohladitvi v za\u010detku tega tedna se je za\u010delo novo dalj\u0161e obdobje toplega poznopoletnega vremena, pravijo meteorologi pri Agenciji RS za okolje. Ka\u017ee, da bo zadnji po\u010ditni\u0161ki konec tedna ve\u010dinoma son\u010dno in spet tudi \u017ee vro\u010de. Mo\u017ene bodo posamezne popoldanske vro\u010dinske nevihte.\u00a0 Avgusta se zaklju\u010duje tako imenovano meteorolo\u0161ko poletje, ki traja od za\u010detka junija. Nadpovpre\u010dno toplo poletje je bilo napovedano za letos. Slovensko je imelo \u0161tiri vro\u010dinske valove. Vro\u010dina in pomanjkanje padavin pa spet povzro\u010data tudi su\u0161o. In nekaj silovitih neurij, ugotavljajo pri Arso.","og_url":"https:\/\/hudo.com\/si\/aktualno\/zadnji-pocitniski-vikend-nas-ne-bo-zeblo\/","og_site_name":"Hudo Slovenija","article_publisher":"https:\/\/www.facebook.com\/hudo.si","article_published_time":"2017-08-23T07:34:00+00:00","og_image":[{"width":450,"height":300,"url":"https:\/\/hudo.com\/si\/wp-content\/uploads\/sites\/2\/2017\/08\/3117331-300.jpg","type":"image\/jpeg"}],"author":"hudo","twitter_card":"summary_large_image","twitter_creator":"@hudo_si","twitter_site":"@hudo_si","twitter_misc":{"Written by":"hudo","Est. reading time":"1 minuta"},"schema":{"@context":"https:\/\/schema.org","@graph":[{"@type":"Article","@id":"https:\/\/hudo.com\/si\/aktualno\/zadnji-pocitniski-vikend-nas-ne-bo-zeblo\/#article","isPartOf":{"@id":"https:\/\/hudo.com\/si\/aktualno\/zadnji-pocitniski-vikend-nas-ne-bo-zeblo\/"},"author":{"name":"hudo","@id":"https:\/\/hudo.com\/si\/#\/schema\/person\/601cf3379633985b20f7e50f2bb47707"},"headline":"Zadnji po\u010ditni\u0161ki vikend nas ne bo zeblo","datePublished":"2017-08-23T07:34:00+00:00","dateModified":"2017-08-23T07:34:00+00:00","mainEntityOfPage":{"@id":"https:\/\/hudo.com\/si\/aktualno\/zadnji-pocitniski-vikend-nas-ne-bo-zeblo\/"},"wordCount":113,"publisher":{"@id":"https:\/\/hudo.com\/si\/#organization"},"articleSection":["Aktualno"],"inLanguage":"sl-SI"},{"@type":"WebPage","@id":"https:\/\/hudo.com\/si\/aktualno\/zadnji-pocitniski-vikend-nas-ne-bo-zeblo\/","url":"https:\/\/hudo.com\/si\/aktualno\/zadnji-pocitniski-vikend-nas-ne-bo-zeblo\/","name":"Zadnji po\u010ditni\u0161ki vikend nas ne bo zeblo - Hudo Slovenija","isPartOf":{"@id":"https:\/\/hudo.com\/si\/#website"},"datePublished":"2017-08-23T07:34:00+00:00","dateModified":"2017-08-23T07:34:00+00:00","breadcrumb":{"@id":"https:\/\/hudo.com\/si\/aktualno\/zadnji-pocitniski-vikend-nas-ne-bo-zeblo\/#breadcrumb"},"inLanguage":"sl-SI","potentialAction":[{"@type":"ReadAction","target":["https:\/\/hudo.com\/si\/aktualno\/zadnji-pocitniski-vikend-nas-ne-bo-zeblo\/"]}]},{"@type":"BreadcrumbList","@id":"https:\/\/hudo.com\/si\/aktualno\/zadnji-pocitniski-vikend-nas-ne-bo-zeblo\/#breadcrumb","itemListElement":[{"@type":"ListItem","position":1,"name":"Home","item":"https:\/\/hudo.com\/si\/"},{"@type":"ListItem","position":2,"name":"Zadnji po\u010ditni\u0161ki vikend nas ne bo zeblo"}]},{"@type":"WebSite","@id":"https:\/\/hudo.com\/si\/#website","url":"https:\/\/hudo.com\/si\/","name":"Hudo Slovenija","description":"Vse novice iz Slovenije in sveta","publisher":{"@id":"https:\/\/hudo.com\/si\/#organization"},"potentialAction":[{"@type":"SearchAction","target":{"@type":"EntryPoint","urlTemplate":"https:\/\/hudo.com\/si\/?s={search_term_string}"},"query-input":"required name=search_term_string"}],"inLanguage":"sl-SI"},{"@type":"Organization","@id":"https:\/\/hudo.com\/si\/#organization","name":"VSN Media","url":"https:\/\/hudo.com\/si\/","logo":{"@type":"ImageObject","inLanguage":"sl-SI","@id":"https:\/\/hudo.com\/si\/#\/schema\/logo\/image\/","url":"https:\/\/hudo.com\/si\/wp-content\/uploads\/sites\/2\/2021\/03\/hudo-app-2.png","contentUrl":"https:\/\/hudo.com\/si\/wp-content\/uploads\/sites\/2\/2021\/03\/hudo-app-2.png","width":2185,"height":2167,"caption":"VSN Media"},"image":{"@id":"https:\/\/hudo.com\/si\/#\/schema\/logo\/image\/"},"sameAs":["https:\/\/www.facebook.com\/hudo.si","https:\/\/twitter.com\/hudo_si"]},{"@type":"Person","@id":"https:\/\/hudo.com\/si\/#\/schema\/person\/601cf3379633985b20f7e50f2bb47707","name":"hudo","image":{"@type":"ImageObject","inLanguage":"sl-SI","@id":"https:\/\/hudo.com\/si\/#\/schema\/person\/image\/","url":"https:\/\/secure.gravatar.com\/avatar\/c4ca25fa72cace7a696b52ff5db9e095?s=96&d=mm&r=g","contentUrl":"https:\/\/secure.gravatar.com\/avatar\/c4ca25fa72cace7a696b52ff5db9e095?s=96&d=mm&r=g","caption":"hudo"},"url":"https:\/\/hudo.com\/si\/author\/hudo\/"}]}},"amp_enabled":true,"_links":{"self":[{"href":"https:\/\/hudo.com\/si\/wp-json\/wp\/v2\/posts\/290328"}],"collection":[{"href":"https:\/\/hudo.com\/si\/wp-json\/wp\/v2\/posts"}],"about":[{"href":"https:\/\/hudo.com\/si\/wp-json\/wp\/v2\/types\/post"}],"author":[{"embeddable":true,"href":"https:\/\/hudo.com\/si\/wp-json\/wp\/v2\/users\/1"}],"replies":[{"embeddable":true,"href":"https:\/\/hudo.com\/si\/wp-json\/wp\/v2\/comments?post=290328"}],"version-history":[{"count":0,"href":"https:\/\/hudo.com\/si\/wp-json\/wp\/v2\/posts\/290328\/revisions"}],"wp:attachment":[{"href":"https:\/\/hudo.com\/si\/wp-json\/wp\/v2\/media?parent=290328"}],"wp:term":[{"taxonomy":"category","embeddable":true,"href":"https:\/\/hudo.com\/si\/wp-json\/wp\/v2\/categories?post=290328"},{"taxonomy":"post_tag","embeddable":true,"href":"https:\/\/hudo.com\/si\/wp-json\/wp\/v2\/tags?post=290328"},{"taxonomy":"source","embeddable":true,"href":"https:\/\/hudo.com\/si\/wp-json\/wp\/v2\/source?post=290328"},{"taxonomy":"supertag","embeddable":true,"href":"https:\/\/hudo.com\/si\/wp-json\/wp\/v2\/supertag?post=290328"}],"curies":[{"name":"wp","href":"https:\/\/api.w.org\/{rel}","templated":true}]}}