{"id":290425,"date":"2017-08-23T13:06:00","date_gmt":"2017-08-23T11:06:00","guid":{"rendered":"http:\/\/hudo.com\/si\/2017\/08\/23\/obelezujemo-evropski-dan-spomina-na-zrtve-vseh-totalitarnih-in-avtoritarnih-rezimov\/"},"modified":"2017-08-23T13:06:00","modified_gmt":"2017-08-23T11:06:00","slug":"obelezujemo-evropski-dan-spomina-na-zrtve-vseh-totalitarnih-in-avtoritarnih-rezimov","status":"publish","type":"post","link":"https:\/\/hudo.com\/si\/aktualno\/obelezujemo-evropski-dan-spomina-na-zrtve-vseh-totalitarnih-in-avtoritarnih-rezimov\/","title":{"rendered":"Obele\u017eujemo evropski dan spomina na \u017ertve vseh totalitarnih in avtoritarnih re\u017eimov"},"content":{"rendered":"<p>Kategorija: Slovenija Wed, 23 Aug 2017 15:06:00 +0200  Ljubljana &#8211; V Sloveniji in \u0161ir\u0161i Evropi danes obele\u017eujemo evropski dan spomina na \u017ertve vseh totalitarnih in avtoritarnih re\u017eimov. Osrednji dogodek bo potekal pred ameri\u0161kim veleposlani\u0161tvom. Dan spomina na \u017ertve je bil dolo\u010den na podlagi resolucije, ki jo je aprila 2009 sprejel Evropski parlament, od leta 2012 pa ga uradno praznujemo tudi v Sloveniji. 23. avgust so izbrali, ker je bil na ta dan leta 1939 podpisan pakt med takratno Nem\u010dijo in Sovjetsko zvezo, s katerim sta se dr\u017eavi dogovorili o nenapadanju in dolo\u010dili interesne sfere obeh dr\u017eav v Evropi. V resoluciji so evropski poslanci med drugim poudarili potrebo po ohranjanju spomina na tragi\u010dno preteklost Evrope ter izpostavili, da brez resnice in spomina na kruto dogajanje ne more biti sprave. Obenem so ostro obsodili vse zlo\u010dine proti \u010dlove\u010dnosti, ki so jih zagre\u0161ili\u00a0&#8230;<\/p>\n","protected":false},"excerpt":{"rendered":"<p>Kategorija: Slovenija Wed, 23 Aug 2017 15:06:00 +0200  Ljubljana &#8211; V Sloveniji in \u0161ir\u0161i Evropi danes obele\u017eujemo evropski dan spomina na \u017ertve vseh totalitarnih in avtoritarnih re\u017eimov. Osrednji dogodek bo potekal pred ameri\u0161kim veleposlani\u0161tvom. Dan spomina na \u017ertve je bil dolo\u010den na podlagi resolucije, ki jo je aprila 2009 sprejel Evropski parlament, od leta 2012 pa ga uradno praznujemo tudi v Sloveniji. 23. avgust so izbrali, ker je bil na ta dan leta 1939 podpisan pakt med takratno Nem\u010dijo in Sovjetsko zvezo, s katerim sta se dr\u017eavi dogovorili o nenapadanju in dolo\u010dili interesne sfere obeh dr\u017eav v Evropi. V resoluciji so evropski poslanci med drugim poudarili potrebo po ohranjanju spomina na tragi\u010dno preteklost Evrope ter izpostavili, da brez resnice in spomina na kruto dogajanje ne more biti sprave. Obenem so ostro obsodili vse zlo\u010dine proti \u010dlove\u010dnosti, ki so jih zagre\u0161ili\u00a0&#8230;<\/p>\n","protected":false},"author":1,"featured_media":0,"comment_status":"closed","ping_status":"closed","sticky":false,"template":"","format":"standard","meta":{"footnotes":""},"categories":[1179],"tags":[],"source":[1703],"supertag":[],"acf":[],"yoast_head":"<!-- This site is optimized with the Yoast SEO plugin v21.3 - https:\/\/yoast.com\/wordpress\/plugins\/seo\/ -->\n<title>Obele\u017eujemo evropski dan spomina na \u017ertve vseh totalitarnih in avtoritarnih re\u017eimov - Hudo Slovenija<\/title>\n<meta name=\"robots\" content=\"index, follow, max-snippet:-1, max-image-preview:large, max-video-preview:-1\" \/>\n<link rel=\"canonical\" href=\"https:\/\/hudo.com\/si\/aktualno\/obelezujemo-evropski-dan-spomina-na-zrtve-vseh-totalitarnih-in-avtoritarnih-rezimov\/\" \/>\n<meta property=\"og:locale\" content=\"sl_SI\" \/>\n<meta property=\"og:type\" content=\"article\" \/>\n<meta property=\"og:title\" content=\"Obele\u017eujemo evropski dan spomina na \u017ertve vseh totalitarnih in avtoritarnih re\u017eimov - Hudo Slovenija\" \/>\n<meta property=\"og:description\" content=\"Kategorija: Slovenija Wed, 23 Aug 2017 15:06:00 +0200 Ljubljana - V Sloveniji in \u0161ir\u0161i Evropi danes obele\u017eujemo evropski dan spomina na \u017ertve vseh totalitarnih in avtoritarnih re\u017eimov. Osrednji dogodek bo potekal pred ameri\u0161kim veleposlani\u0161tvom. Dan spomina na \u017ertve je bil dolo\u010den na podlagi resolucije, ki jo je aprila 2009 sprejel Evropski parlament, od leta 2012 pa ga uradno praznujemo tudi v Sloveniji. 23. avgust so izbrali, ker je bil na ta dan leta 1939 podpisan pakt med takratno Nem\u010dijo in Sovjetsko zvezo, s katerim sta se dr\u017eavi dogovorili o nenapadanju in dolo\u010dili interesne sfere obeh dr\u017eav v Evropi. V resoluciji so evropski poslanci med drugim poudarili potrebo po ohranjanju spomina na tragi\u010dno preteklost Evrope ter izpostavili, da brez resnice in spomina na kruto dogajanje ne more biti sprave. Obenem so ostro obsodili vse zlo\u010dine proti \u010dlove\u010dnosti, ki so jih zagre\u0161ili\u00a0...\" \/>\n<meta property=\"og:url\" content=\"https:\/\/hudo.com\/si\/aktualno\/obelezujemo-evropski-dan-spomina-na-zrtve-vseh-totalitarnih-in-avtoritarnih-rezimov\/\" \/>\n<meta property=\"og:site_name\" content=\"Hudo Slovenija\" \/>\n<meta property=\"article:publisher\" content=\"https:\/\/www.facebook.com\/hudo.si\" \/>\n<meta property=\"article:published_time\" content=\"2017-08-23T11:06:00+00:00\" \/>\n<meta property=\"og:image\" content=\"https:\/\/hudo.com\/si\/wp-content\/uploads\/sites\/2\/2017\/08\/480x290_Delo_Foto-20170713191512-24003100.jpeg\" \/>\n\t<meta property=\"og:image:width\" content=\"480\" \/>\n\t<meta property=\"og:image:height\" content=\"290\" \/>\n\t<meta property=\"og:image:type\" content=\"image\/jpeg\" \/>\n<meta name=\"author\" content=\"hudo\" \/>\n<meta name=\"twitter:card\" content=\"summary_large_image\" \/>\n<meta name=\"twitter:creator\" content=\"@hudo_si\" \/>\n<meta name=\"twitter:site\" content=\"@hudo_si\" \/>\n<meta name=\"twitter:label1\" content=\"Written by\" \/>\n\t<meta name=\"twitter:data1\" content=\"hudo\" \/>\n\t<meta name=\"twitter:label2\" content=\"Est. reading time\" \/>\n\t<meta name=\"twitter:data2\" content=\"1 minuta\" \/>\n<script type=\"application\/ld+json\" class=\"yoast-schema-graph\">{\"@context\":\"https:\/\/schema.org\",\"@graph\":[{\"@type\":\"Article\",\"@id\":\"https:\/\/hudo.com\/si\/aktualno\/obelezujemo-evropski-dan-spomina-na-zrtve-vseh-totalitarnih-in-avtoritarnih-rezimov\/#article\",\"isPartOf\":{\"@id\":\"https:\/\/hudo.com\/si\/aktualno\/obelezujemo-evropski-dan-spomina-na-zrtve-vseh-totalitarnih-in-avtoritarnih-rezimov\/\"},\"author\":{\"name\":\"hudo\",\"@id\":\"https:\/\/hudo.com\/si\/#\/schema\/person\/601cf3379633985b20f7e50f2bb47707\"},\"headline\":\"Obele\u017eujemo evropski dan spomina na \u017ertve vseh totalitarnih in avtoritarnih re\u017eimov\",\"datePublished\":\"2017-08-23T11:06:00+00:00\",\"dateModified\":\"2017-08-23T11:06:00+00:00\",\"mainEntityOfPage\":{\"@id\":\"https:\/\/hudo.com\/si\/aktualno\/obelezujemo-evropski-dan-spomina-na-zrtve-vseh-totalitarnih-in-avtoritarnih-rezimov\/\"},\"wordCount\":159,\"publisher\":{\"@id\":\"https:\/\/hudo.com\/si\/#organization\"},\"articleSection\":[\"Aktualno\"],\"inLanguage\":\"sl-SI\"},{\"@type\":\"WebPage\",\"@id\":\"https:\/\/hudo.com\/si\/aktualno\/obelezujemo-evropski-dan-spomina-na-zrtve-vseh-totalitarnih-in-avtoritarnih-rezimov\/\",\"url\":\"https:\/\/hudo.com\/si\/aktualno\/obelezujemo-evropski-dan-spomina-na-zrtve-vseh-totalitarnih-in-avtoritarnih-rezimov\/\",\"name\":\"Obele\u017eujemo evropski dan spomina na \u017ertve vseh totalitarnih in avtoritarnih re\u017eimov - Hudo Slovenija\",\"isPartOf\":{\"@id\":\"https:\/\/hudo.com\/si\/#website\"},\"datePublished\":\"2017-08-23T11:06:00+00:00\",\"dateModified\":\"2017-08-23T11:06:00+00:00\",\"breadcrumb\":{\"@id\":\"https:\/\/hudo.com\/si\/aktualno\/obelezujemo-evropski-dan-spomina-na-zrtve-vseh-totalitarnih-in-avtoritarnih-rezimov\/#breadcrumb\"},\"inLanguage\":\"sl-SI\",\"potentialAction\":[{\"@type\":\"ReadAction\",\"target\":[\"https:\/\/hudo.com\/si\/aktualno\/obelezujemo-evropski-dan-spomina-na-zrtve-vseh-totalitarnih-in-avtoritarnih-rezimov\/\"]}]},{\"@type\":\"BreadcrumbList\",\"@id\":\"https:\/\/hudo.com\/si\/aktualno\/obelezujemo-evropski-dan-spomina-na-zrtve-vseh-totalitarnih-in-avtoritarnih-rezimov\/#breadcrumb\",\"itemListElement\":[{\"@type\":\"ListItem\",\"position\":1,\"name\":\"Home\",\"item\":\"https:\/\/hudo.com\/si\/\"},{\"@type\":\"ListItem\",\"position\":2,\"name\":\"Obele\u017eujemo evropski dan spomina na \u017ertve vseh totalitarnih in avtoritarnih re\u017eimov\"}]},{\"@type\":\"WebSite\",\"@id\":\"https:\/\/hudo.com\/si\/#website\",\"url\":\"https:\/\/hudo.com\/si\/\",\"name\":\"Hudo Slovenija\",\"description\":\"Vse novice iz Slovenije in sveta\",\"publisher\":{\"@id\":\"https:\/\/hudo.com\/si\/#organization\"},\"potentialAction\":[{\"@type\":\"SearchAction\",\"target\":{\"@type\":\"EntryPoint\",\"urlTemplate\":\"https:\/\/hudo.com\/si\/?s={search_term_string}\"},\"query-input\":\"required name=search_term_string\"}],\"inLanguage\":\"sl-SI\"},{\"@type\":\"Organization\",\"@id\":\"https:\/\/hudo.com\/si\/#organization\",\"name\":\"VSN Media\",\"url\":\"https:\/\/hudo.com\/si\/\",\"logo\":{\"@type\":\"ImageObject\",\"inLanguage\":\"sl-SI\",\"@id\":\"https:\/\/hudo.com\/si\/#\/schema\/logo\/image\/\",\"url\":\"https:\/\/hudo.com\/si\/wp-content\/uploads\/sites\/2\/2021\/03\/hudo-app-2.png\",\"contentUrl\":\"https:\/\/hudo.com\/si\/wp-content\/uploads\/sites\/2\/2021\/03\/hudo-app-2.png\",\"width\":2185,\"height\":2167,\"caption\":\"VSN Media\"},\"image\":{\"@id\":\"https:\/\/hudo.com\/si\/#\/schema\/logo\/image\/\"},\"sameAs\":[\"https:\/\/www.facebook.com\/hudo.si\",\"https:\/\/twitter.com\/hudo_si\"]},{\"@type\":\"Person\",\"@id\":\"https:\/\/hudo.com\/si\/#\/schema\/person\/601cf3379633985b20f7e50f2bb47707\",\"name\":\"hudo\",\"image\":{\"@type\":\"ImageObject\",\"inLanguage\":\"sl-SI\",\"@id\":\"https:\/\/hudo.com\/si\/#\/schema\/person\/image\/\",\"url\":\"https:\/\/secure.gravatar.com\/avatar\/c4ca25fa72cace7a696b52ff5db9e095?s=96&d=mm&r=g\",\"contentUrl\":\"https:\/\/secure.gravatar.com\/avatar\/c4ca25fa72cace7a696b52ff5db9e095?s=96&d=mm&r=g\",\"caption\":\"hudo\"},\"url\":\"https:\/\/hudo.com\/si\/author\/hudo\/\"}]}<\/script>\n<!-- \/ Yoast SEO plugin. -->","yoast_head_json":{"title":"Obele\u017eujemo evropski dan spomina na \u017ertve vseh totalitarnih in avtoritarnih re\u017eimov - Hudo Slovenija","robots":{"index":"index","follow":"follow","max-snippet":"max-snippet:-1","max-image-preview":"max-image-preview:large","max-video-preview":"max-video-preview:-1"},"canonical":"https:\/\/hudo.com\/si\/aktualno\/obelezujemo-evropski-dan-spomina-na-zrtve-vseh-totalitarnih-in-avtoritarnih-rezimov\/","og_locale":"sl_SI","og_type":"article","og_title":"Obele\u017eujemo evropski dan spomina na \u017ertve vseh totalitarnih in avtoritarnih re\u017eimov - Hudo Slovenija","og_description":"Kategorija: Slovenija Wed, 23 Aug 2017 15:06:00 +0200 Ljubljana - V Sloveniji in \u0161ir\u0161i Evropi danes obele\u017eujemo evropski dan spomina na \u017ertve vseh totalitarnih in avtoritarnih re\u017eimov. Osrednji dogodek bo potekal pred ameri\u0161kim veleposlani\u0161tvom. Dan spomina na \u017ertve je bil dolo\u010den na podlagi resolucije, ki jo je aprila 2009 sprejel Evropski parlament, od leta 2012 pa ga uradno praznujemo tudi v Sloveniji. 23. avgust so izbrali, ker je bil na ta dan leta 1939 podpisan pakt med takratno Nem\u010dijo in Sovjetsko zvezo, s katerim sta se dr\u017eavi dogovorili o nenapadanju in dolo\u010dili interesne sfere obeh dr\u017eav v Evropi. V resoluciji so evropski poslanci med drugim poudarili potrebo po ohranjanju spomina na tragi\u010dno preteklost Evrope ter izpostavili, da brez resnice in spomina na kruto dogajanje ne more biti sprave. Obenem so ostro obsodili vse zlo\u010dine proti \u010dlove\u010dnosti, ki so jih zagre\u0161ili\u00a0...","og_url":"https:\/\/hudo.com\/si\/aktualno\/obelezujemo-evropski-dan-spomina-na-zrtve-vseh-totalitarnih-in-avtoritarnih-rezimov\/","og_site_name":"Hudo Slovenija","article_publisher":"https:\/\/www.facebook.com\/hudo.si","article_published_time":"2017-08-23T11:06:00+00:00","og_image":[{"width":480,"height":290,"url":"https:\/\/hudo.com\/si\/wp-content\/uploads\/sites\/2\/2017\/08\/480x290_Delo_Foto-20170713191512-24003100.jpeg","type":"image\/jpeg"}],"author":"hudo","twitter_card":"summary_large_image","twitter_creator":"@hudo_si","twitter_site":"@hudo_si","twitter_misc":{"Written by":"hudo","Est. reading time":"1 minuta"},"schema":{"@context":"https:\/\/schema.org","@graph":[{"@type":"Article","@id":"https:\/\/hudo.com\/si\/aktualno\/obelezujemo-evropski-dan-spomina-na-zrtve-vseh-totalitarnih-in-avtoritarnih-rezimov\/#article","isPartOf":{"@id":"https:\/\/hudo.com\/si\/aktualno\/obelezujemo-evropski-dan-spomina-na-zrtve-vseh-totalitarnih-in-avtoritarnih-rezimov\/"},"author":{"name":"hudo","@id":"https:\/\/hudo.com\/si\/#\/schema\/person\/601cf3379633985b20f7e50f2bb47707"},"headline":"Obele\u017eujemo evropski dan spomina na \u017ertve vseh totalitarnih in avtoritarnih re\u017eimov","datePublished":"2017-08-23T11:06:00+00:00","dateModified":"2017-08-23T11:06:00+00:00","mainEntityOfPage":{"@id":"https:\/\/hudo.com\/si\/aktualno\/obelezujemo-evropski-dan-spomina-na-zrtve-vseh-totalitarnih-in-avtoritarnih-rezimov\/"},"wordCount":159,"publisher":{"@id":"https:\/\/hudo.com\/si\/#organization"},"articleSection":["Aktualno"],"inLanguage":"sl-SI"},{"@type":"WebPage","@id":"https:\/\/hudo.com\/si\/aktualno\/obelezujemo-evropski-dan-spomina-na-zrtve-vseh-totalitarnih-in-avtoritarnih-rezimov\/","url":"https:\/\/hudo.com\/si\/aktualno\/obelezujemo-evropski-dan-spomina-na-zrtve-vseh-totalitarnih-in-avtoritarnih-rezimov\/","name":"Obele\u017eujemo evropski dan spomina na \u017ertve vseh totalitarnih in avtoritarnih re\u017eimov - Hudo Slovenija","isPartOf":{"@id":"https:\/\/hudo.com\/si\/#website"},"datePublished":"2017-08-23T11:06:00+00:00","dateModified":"2017-08-23T11:06:00+00:00","breadcrumb":{"@id":"https:\/\/hudo.com\/si\/aktualno\/obelezujemo-evropski-dan-spomina-na-zrtve-vseh-totalitarnih-in-avtoritarnih-rezimov\/#breadcrumb"},"inLanguage":"sl-SI","potentialAction":[{"@type":"ReadAction","target":["https:\/\/hudo.com\/si\/aktualno\/obelezujemo-evropski-dan-spomina-na-zrtve-vseh-totalitarnih-in-avtoritarnih-rezimov\/"]}]},{"@type":"BreadcrumbList","@id":"https:\/\/hudo.com\/si\/aktualno\/obelezujemo-evropski-dan-spomina-na-zrtve-vseh-totalitarnih-in-avtoritarnih-rezimov\/#breadcrumb","itemListElement":[{"@type":"ListItem","position":1,"name":"Home","item":"https:\/\/hudo.com\/si\/"},{"@type":"ListItem","position":2,"name":"Obele\u017eujemo evropski dan spomina na \u017ertve vseh totalitarnih in avtoritarnih re\u017eimov"}]},{"@type":"WebSite","@id":"https:\/\/hudo.com\/si\/#website","url":"https:\/\/hudo.com\/si\/","name":"Hudo Slovenija","description":"Vse novice iz Slovenije in sveta","publisher":{"@id":"https:\/\/hudo.com\/si\/#organization"},"potentialAction":[{"@type":"SearchAction","target":{"@type":"EntryPoint","urlTemplate":"https:\/\/hudo.com\/si\/?s={search_term_string}"},"query-input":"required name=search_term_string"}],"inLanguage":"sl-SI"},{"@type":"Organization","@id":"https:\/\/hudo.com\/si\/#organization","name":"VSN Media","url":"https:\/\/hudo.com\/si\/","logo":{"@type":"ImageObject","inLanguage":"sl-SI","@id":"https:\/\/hudo.com\/si\/#\/schema\/logo\/image\/","url":"https:\/\/hudo.com\/si\/wp-content\/uploads\/sites\/2\/2021\/03\/hudo-app-2.png","contentUrl":"https:\/\/hudo.com\/si\/wp-content\/uploads\/sites\/2\/2021\/03\/hudo-app-2.png","width":2185,"height":2167,"caption":"VSN Media"},"image":{"@id":"https:\/\/hudo.com\/si\/#\/schema\/logo\/image\/"},"sameAs":["https:\/\/www.facebook.com\/hudo.si","https:\/\/twitter.com\/hudo_si"]},{"@type":"Person","@id":"https:\/\/hudo.com\/si\/#\/schema\/person\/601cf3379633985b20f7e50f2bb47707","name":"hudo","image":{"@type":"ImageObject","inLanguage":"sl-SI","@id":"https:\/\/hudo.com\/si\/#\/schema\/person\/image\/","url":"https:\/\/secure.gravatar.com\/avatar\/c4ca25fa72cace7a696b52ff5db9e095?s=96&d=mm&r=g","contentUrl":"https:\/\/secure.gravatar.com\/avatar\/c4ca25fa72cace7a696b52ff5db9e095?s=96&d=mm&r=g","caption":"hudo"},"url":"https:\/\/hudo.com\/si\/author\/hudo\/"}]}},"amp_enabled":true,"_links":{"self":[{"href":"https:\/\/hudo.com\/si\/wp-json\/wp\/v2\/posts\/290425"}],"collection":[{"href":"https:\/\/hudo.com\/si\/wp-json\/wp\/v2\/posts"}],"about":[{"href":"https:\/\/hudo.com\/si\/wp-json\/wp\/v2\/types\/post"}],"author":[{"embeddable":true,"href":"https:\/\/hudo.com\/si\/wp-json\/wp\/v2\/users\/1"}],"replies":[{"embeddable":true,"href":"https:\/\/hudo.com\/si\/wp-json\/wp\/v2\/comments?post=290425"}],"version-history":[{"count":0,"href":"https:\/\/hudo.com\/si\/wp-json\/wp\/v2\/posts\/290425\/revisions"}],"wp:attachment":[{"href":"https:\/\/hudo.com\/si\/wp-json\/wp\/v2\/media?parent=290425"}],"wp:term":[{"taxonomy":"category","embeddable":true,"href":"https:\/\/hudo.com\/si\/wp-json\/wp\/v2\/categories?post=290425"},{"taxonomy":"post_tag","embeddable":true,"href":"https:\/\/hudo.com\/si\/wp-json\/wp\/v2\/tags?post=290425"},{"taxonomy":"source","embeddable":true,"href":"https:\/\/hudo.com\/si\/wp-json\/wp\/v2\/source?post=290425"},{"taxonomy":"supertag","embeddable":true,"href":"https:\/\/hudo.com\/si\/wp-json\/wp\/v2\/supertag?post=290425"}],"curies":[{"name":"wp","href":"https:\/\/api.w.org\/{rel}","templated":true}]}}