{"id":290510,"date":"2017-08-23T16:01:00","date_gmt":"2017-08-23T14:01:00","guid":{"rendered":"http:\/\/hudo.com\/si\/2017\/08\/23\/ljudski-vrt-za-red-torek-in-izven\/"},"modified":"2017-08-23T16:01:00","modified_gmt":"2017-08-23T14:01:00","slug":"ljudski-vrt-za-red-torek-in-izven","status":"publish","type":"post","link":"https:\/\/hudo.com\/si\/aktualno\/ljudski-vrt-za-red-torek-in-izven\/","title":{"rendered":"Ljudski vrt. Za red torek in izven"},"content":{"rendered":"<p>Ko se je kon\u010dalo, sem pogledal gor pod streho. Pogledal sem kolege novinarje, ki jim tlaka veleva oddati poro\u010dilo takoj po tekmi. Nad njimi so iz obla\u010dkov de\u017eevali pridevniki. Padla sta najmanj dva pridevnika na en samostalnik. Poro\u010dila so tako izdatno namo\u010dena romala v ve\u010derne, no\u010dne in jutranje edicije. Razumel sem jih, uboge novinarske vrage. Ko sem pisal o identi\u010dnem dogodku leta 2014 za isti stolpec, ki ga polnim tudi danes, sem porabil vse pridevnike, kar jih je. Pa \u0161e kak\u0161nega sem si izmislil za dobro mero. In za\u010deti je potrebno pred tremi leti. Leta 2014. Kajti v torek smo se zna\u0161li pred podobno dilemo, pred katero se znajde Bruce Willis v Umri pokon\u010dno 2. &#8220;Ali je mogo\u010de, da se ena in ista stvar zgodi dvakrat?&#8221; se vpra\u0161a postavni Bruce, ko mora \u017ee drugi\u010d v nekaj letih na bo\u017ei\u010dni ve\u010der re\u0161evati \u010dlove\u0161tvo pred terorizmom. Ali je mogo\u010de da imamo \u017ee drugi\u010d (Zahovi\u010devega \u0161tetja) ligo prvakov? Zdaj; v Barceloni imajo ligo prvakov vsako leto, v Mariboru pa do zdaj trikrat. Imajo pa v Barceloni po novem tudi terorizem, v Mariboru pa ne. Skozi to optiko je lepo \u017eiveti v Mariboru. Zame se je za\u010delo bolj kislo. Nisem prista\u0161 mno\u017ei\u010dnega obredja. Kolesarski maratoni, verski obredi, megalomanske obletnice, \u0161olske proslave\u00a0&#8230;, do vsega tega sem zadr\u017ean. In ko me pozovejo, da vstanem ter pod politi\u010dno vpra\u0161ljivim rumenim \u0161eleshamrom vijem roke k nebu ter poslu\u0161am himno lige prvakov (ki ji v \u017eivo na sre\u010do ne sledi reklamiranje ruskih oligarhov), se po\u010dutim malo hecno. Ampak si mislim, da so na stadionu tudi uglednej\u0161i ljudje od mene &#8211; bolj izku\u0161eni in modrej\u0161i; in \u010de oni molijo \u0161eleshamer pod nebo, tudi meni ne bo padla krona z glave. Nato se za\u010dne\u00a0&#8230; Izkoristil bom prilo\u017enost za nekaj \u010disto nogometnega pametovanja. Ker prilo\u017enost, da intimno nogometno pametovanje od \u0161anka spravi\u0161 v javnost, je najve\u010d, kar lahko dose\u017ee odrasel mo\u0161ki. Ko smo zapu\u0161\u010dali stadion po Zrinjskem in tudi \u0161e po Islandcih, smo jamrali, da je bilo joj. Igra brez repa in glave, individualne napake, re\u0161<\/p>\n","protected":false},"excerpt":{"rendered":"<p>Ko se je kon\u010dalo, sem pogledal gor pod streho. Pogledal sem kolege novinarje, ki jim tlaka veleva oddati poro\u010dilo takoj po tekmi. Nad njimi so iz obla\u010dkov de\u017eevali pridevniki. Padla sta najmanj dva pridevnika na en samostalnik. Poro\u010dila so tako izdatno namo\u010dena romala v ve\u010derne, no\u010dne in jutranje edicije. Razumel sem jih, uboge novinarske vrage. Ko sem pisal o identi\u010dnem dogodku leta 2014 za isti stolpec, ki ga polnim tudi danes, sem porabil vse pridevnike, kar jih je. Pa \u0161e kak\u0161nega sem si izmislil za dobro mero. In za\u010deti je potrebno pred tremi leti. Leta 2014. Kajti v torek smo se zna\u0161li pred podobno dilemo, pred katero se znajde Bruce Willis v Umri pokon\u010dno 2. &#8220;Ali je mogo\u010de, da se ena in ista stvar zgodi dvakrat?&#8221; se vpra\u0161a postavni Bruce, ko mora \u017ee drugi\u010d v nekaj letih na bo\u017ei\u010dni ve\u010der re\u0161evati \u010dlove\u0161tvo pred terorizmom. Ali je mogo\u010de da imamo \u017ee drugi\u010d (Zahovi\u010devega \u0161tetja) ligo prvakov? Zdaj; v Barceloni imajo ligo prvakov vsako leto, v Mariboru pa do zdaj trikrat. Imajo pa v Barceloni po novem tudi terorizem, v Mariboru pa ne. Skozi to optiko je lepo \u017eiveti v Mariboru. Zame se je za\u010delo bolj kislo. Nisem prista\u0161 mno\u017ei\u010dnega obredja. Kolesarski maratoni, verski obredi, megalomanske obletnice, \u0161olske proslave\u00a0&#8230;, do vsega tega sem zadr\u017ean. In ko me pozovejo, da vstanem ter pod politi\u010dno vpra\u0161ljivim rumenim \u0161eleshamrom vijem roke k nebu ter poslu\u0161am himno lige prvakov (ki ji v \u017eivo na sre\u010do ne sledi reklamiranje ruskih oligarhov), se po\u010dutim malo hecno. Ampak si mislim, da so na stadionu tudi uglednej\u0161i ljudje od mene &#8211; bolj izku\u0161eni in modrej\u0161i; in \u010de oni molijo \u0161eleshamer pod nebo, tudi meni ne bo padla krona z glave. Nato se za\u010dne\u00a0&#8230; Izkoristil bom prilo\u017enost za nekaj \u010disto nogometnega pametovanja. Ker prilo\u017enost, da intimno nogometno pametovanje od \u0161anka spravi\u0161 v javnost, je najve\u010d, kar lahko dose\u017ee odrasel mo\u0161ki. Ko smo zapu\u0161\u010dali stadion po Zrinjskem in tudi \u0161e po Islandcih, smo jamrali, da je bilo joj. Igra brez repa in glave, individualne napake, re\u0161<\/p>\n","protected":false},"author":1,"featured_media":0,"comment_status":"closed","ping_status":"closed","sticky":false,"template":"","format":"standard","meta":{"footnotes":""},"categories":[1179],"tags":[],"source":[1711],"supertag":[],"acf":[],"yoast_head":"<!-- This site is optimized with the Yoast SEO plugin v21.3 - https:\/\/yoast.com\/wordpress\/plugins\/seo\/ -->\n<title>Ljudski vrt. Za red torek in izven - Hudo Slovenija<\/title>\n<meta name=\"robots\" content=\"index, follow, max-snippet:-1, max-image-preview:large, max-video-preview:-1\" \/>\n<link rel=\"canonical\" href=\"https:\/\/hudo.com\/si\/aktualno\/ljudski-vrt-za-red-torek-in-izven\/\" \/>\n<meta property=\"og:locale\" content=\"sl_SI\" \/>\n<meta property=\"og:type\" content=\"article\" \/>\n<meta property=\"og:title\" content=\"Ljudski vrt. Za red torek in izven - Hudo Slovenija\" \/>\n<meta property=\"og:description\" content=\"Ko se je kon\u010dalo, sem pogledal gor pod streho. Pogledal sem kolege novinarje, ki jim tlaka veleva oddati poro\u010dilo takoj po tekmi. Nad njimi so iz obla\u010dkov de\u017eevali pridevniki. Padla sta najmanj dva pridevnika na en samostalnik. Poro\u010dila so tako izdatno namo\u010dena romala v ve\u010derne, no\u010dne in jutranje edicije. Razumel sem jih, uboge novinarske vrage. Ko sem pisal o identi\u010dnem dogodku leta 2014 za isti stolpec, ki ga polnim tudi danes, sem porabil vse pridevnike, kar jih je. Pa \u0161e kak\u0161nega sem si izmislil za dobro mero. In za\u010deti je potrebno pred tremi leti. Leta 2014. Kajti v torek smo se zna\u0161li pred podobno dilemo, pred katero se znajde Bruce Willis v Umri pokon\u010dno 2. &quot;Ali je mogo\u010de, da se ena in ista stvar zgodi dvakrat?&quot; se vpra\u0161a postavni Bruce, ko mora \u017ee drugi\u010d v nekaj letih na bo\u017ei\u010dni ve\u010der re\u0161evati \u010dlove\u0161tvo pred terorizmom. Ali je mogo\u010de da imamo \u017ee drugi\u010d (Zahovi\u010devega \u0161tetja) ligo prvakov? Zdaj; v Barceloni imajo ligo prvakov vsako leto, v Mariboru pa do zdaj trikrat. Imajo pa v Barceloni po novem tudi terorizem, v Mariboru pa ne. Skozi to optiko je lepo \u017eiveti v Mariboru. Zame se je za\u010delo bolj kislo. Nisem prista\u0161 mno\u017ei\u010dnega obredja. Kolesarski maratoni, verski obredi, megalomanske obletnice, \u0161olske proslave\u00a0..., do vsega tega sem zadr\u017ean. In ko me pozovejo, da vstanem ter pod politi\u010dno vpra\u0161ljivim rumenim \u0161eleshamrom vijem roke k nebu ter poslu\u0161am himno lige prvakov (ki ji v \u017eivo na sre\u010do ne sledi reklamiranje ruskih oligarhov), se po\u010dutim malo hecno. Ampak si mislim, da so na stadionu tudi uglednej\u0161i ljudje od mene - bolj izku\u0161eni in modrej\u0161i; in \u010de oni molijo \u0161eleshamer pod nebo, tudi meni ne bo padla krona z glave. Nato se za\u010dne\u00a0... Izkoristil bom prilo\u017enost za nekaj \u010disto nogometnega pametovanja. Ker prilo\u017enost, da intimno nogometno pametovanje od \u0161anka spravi\u0161 v javnost, je najve\u010d, kar lahko dose\u017ee odrasel mo\u0161ki. Ko smo zapu\u0161\u010dali stadion po Zrinjskem in tudi \u0161e po Islandcih, smo jamrali, da je bilo joj. Igra brez repa in glave, individualne napake, re\u0161\" \/>\n<meta property=\"og:url\" content=\"https:\/\/hudo.com\/si\/aktualno\/ljudski-vrt-za-red-torek-in-izven\/\" \/>\n<meta property=\"og:site_name\" content=\"Hudo Slovenija\" \/>\n<meta property=\"article:publisher\" content=\"https:\/\/www.facebook.com\/hudo.si\" \/>\n<meta property=\"article:published_time\" content=\"2017-08-23T14:01:00+00:00\" \/>\n<meta property=\"og:image\" content=\"https:\/\/hudo.com\/si\/wp-content\/uploads\/sites\/2\/2017\/08\/2455332-300.jpg\" \/>\n\t<meta property=\"og:image:width\" content=\"450\" \/>\n\t<meta property=\"og:image:height\" content=\"673\" \/>\n\t<meta property=\"og:image:type\" content=\"image\/jpeg\" \/>\n<meta name=\"author\" content=\"hudo\" \/>\n<meta name=\"twitter:card\" content=\"summary_large_image\" \/>\n<meta name=\"twitter:creator\" content=\"@hudo_si\" \/>\n<meta name=\"twitter:site\" content=\"@hudo_si\" \/>\n<meta name=\"twitter:label1\" content=\"Written by\" \/>\n\t<meta name=\"twitter:data1\" content=\"hudo\" \/>\n\t<meta name=\"twitter:label2\" content=\"Est. reading time\" \/>\n\t<meta name=\"twitter:data2\" content=\"2 minuti\" \/>\n<script type=\"application\/ld+json\" class=\"yoast-schema-graph\">{\"@context\":\"https:\/\/schema.org\",\"@graph\":[{\"@type\":\"Article\",\"@id\":\"https:\/\/hudo.com\/si\/aktualno\/ljudski-vrt-za-red-torek-in-izven\/#article\",\"isPartOf\":{\"@id\":\"https:\/\/hudo.com\/si\/aktualno\/ljudski-vrt-za-red-torek-in-izven\/\"},\"author\":{\"name\":\"hudo\",\"@id\":\"https:\/\/hudo.com\/si\/#\/schema\/person\/601cf3379633985b20f7e50f2bb47707\"},\"headline\":\"Ljudski vrt. Za red torek in izven\",\"datePublished\":\"2017-08-23T14:01:00+00:00\",\"dateModified\":\"2017-08-23T14:01:00+00:00\",\"mainEntityOfPage\":{\"@id\":\"https:\/\/hudo.com\/si\/aktualno\/ljudski-vrt-za-red-torek-in-izven\/\"},\"wordCount\":378,\"publisher\":{\"@id\":\"https:\/\/hudo.com\/si\/#organization\"},\"articleSection\":[\"Aktualno\"],\"inLanguage\":\"sl-SI\"},{\"@type\":\"WebPage\",\"@id\":\"https:\/\/hudo.com\/si\/aktualno\/ljudski-vrt-za-red-torek-in-izven\/\",\"url\":\"https:\/\/hudo.com\/si\/aktualno\/ljudski-vrt-za-red-torek-in-izven\/\",\"name\":\"Ljudski vrt. Za red torek in izven - Hudo Slovenija\",\"isPartOf\":{\"@id\":\"https:\/\/hudo.com\/si\/#website\"},\"datePublished\":\"2017-08-23T14:01:00+00:00\",\"dateModified\":\"2017-08-23T14:01:00+00:00\",\"breadcrumb\":{\"@id\":\"https:\/\/hudo.com\/si\/aktualno\/ljudski-vrt-za-red-torek-in-izven\/#breadcrumb\"},\"inLanguage\":\"sl-SI\",\"potentialAction\":[{\"@type\":\"ReadAction\",\"target\":[\"https:\/\/hudo.com\/si\/aktualno\/ljudski-vrt-za-red-torek-in-izven\/\"]}]},{\"@type\":\"BreadcrumbList\",\"@id\":\"https:\/\/hudo.com\/si\/aktualno\/ljudski-vrt-za-red-torek-in-izven\/#breadcrumb\",\"itemListElement\":[{\"@type\":\"ListItem\",\"position\":1,\"name\":\"Home\",\"item\":\"https:\/\/hudo.com\/si\/\"},{\"@type\":\"ListItem\",\"position\":2,\"name\":\"Ljudski vrt. Za red torek in izven\"}]},{\"@type\":\"WebSite\",\"@id\":\"https:\/\/hudo.com\/si\/#website\",\"url\":\"https:\/\/hudo.com\/si\/\",\"name\":\"Hudo Slovenija\",\"description\":\"Vse novice iz Slovenije in sveta\",\"publisher\":{\"@id\":\"https:\/\/hudo.com\/si\/#organization\"},\"potentialAction\":[{\"@type\":\"SearchAction\",\"target\":{\"@type\":\"EntryPoint\",\"urlTemplate\":\"https:\/\/hudo.com\/si\/?s={search_term_string}\"},\"query-input\":\"required name=search_term_string\"}],\"inLanguage\":\"sl-SI\"},{\"@type\":\"Organization\",\"@id\":\"https:\/\/hudo.com\/si\/#organization\",\"name\":\"VSN Media\",\"url\":\"https:\/\/hudo.com\/si\/\",\"logo\":{\"@type\":\"ImageObject\",\"inLanguage\":\"sl-SI\",\"@id\":\"https:\/\/hudo.com\/si\/#\/schema\/logo\/image\/\",\"url\":\"https:\/\/hudo.com\/si\/wp-content\/uploads\/sites\/2\/2021\/03\/hudo-app-2.png\",\"contentUrl\":\"https:\/\/hudo.com\/si\/wp-content\/uploads\/sites\/2\/2021\/03\/hudo-app-2.png\",\"width\":2185,\"height\":2167,\"caption\":\"VSN Media\"},\"image\":{\"@id\":\"https:\/\/hudo.com\/si\/#\/schema\/logo\/image\/\"},\"sameAs\":[\"https:\/\/www.facebook.com\/hudo.si\",\"https:\/\/twitter.com\/hudo_si\"]},{\"@type\":\"Person\",\"@id\":\"https:\/\/hudo.com\/si\/#\/schema\/person\/601cf3379633985b20f7e50f2bb47707\",\"name\":\"hudo\",\"image\":{\"@type\":\"ImageObject\",\"inLanguage\":\"sl-SI\",\"@id\":\"https:\/\/hudo.com\/si\/#\/schema\/person\/image\/\",\"url\":\"https:\/\/secure.gravatar.com\/avatar\/c4ca25fa72cace7a696b52ff5db9e095?s=96&d=mm&r=g\",\"contentUrl\":\"https:\/\/secure.gravatar.com\/avatar\/c4ca25fa72cace7a696b52ff5db9e095?s=96&d=mm&r=g\",\"caption\":\"hudo\"},\"url\":\"https:\/\/hudo.com\/si\/author\/hudo\/\"}]}<\/script>\n<!-- \/ Yoast SEO plugin. -->","yoast_head_json":{"title":"Ljudski vrt. Za red torek in izven - Hudo Slovenija","robots":{"index":"index","follow":"follow","max-snippet":"max-snippet:-1","max-image-preview":"max-image-preview:large","max-video-preview":"max-video-preview:-1"},"canonical":"https:\/\/hudo.com\/si\/aktualno\/ljudski-vrt-za-red-torek-in-izven\/","og_locale":"sl_SI","og_type":"article","og_title":"Ljudski vrt. Za red torek in izven - Hudo Slovenija","og_description":"Ko se je kon\u010dalo, sem pogledal gor pod streho. Pogledal sem kolege novinarje, ki jim tlaka veleva oddati poro\u010dilo takoj po tekmi. Nad njimi so iz obla\u010dkov de\u017eevali pridevniki. Padla sta najmanj dva pridevnika na en samostalnik. Poro\u010dila so tako izdatno namo\u010dena romala v ve\u010derne, no\u010dne in jutranje edicije. Razumel sem jih, uboge novinarske vrage. Ko sem pisal o identi\u010dnem dogodku leta 2014 za isti stolpec, ki ga polnim tudi danes, sem porabil vse pridevnike, kar jih je. Pa \u0161e kak\u0161nega sem si izmislil za dobro mero. In za\u010deti je potrebno pred tremi leti. Leta 2014. Kajti v torek smo se zna\u0161li pred podobno dilemo, pred katero se znajde Bruce Willis v Umri pokon\u010dno 2. \"Ali je mogo\u010de, da se ena in ista stvar zgodi dvakrat?\" se vpra\u0161a postavni Bruce, ko mora \u017ee drugi\u010d v nekaj letih na bo\u017ei\u010dni ve\u010der re\u0161evati \u010dlove\u0161tvo pred terorizmom. Ali je mogo\u010de da imamo \u017ee drugi\u010d (Zahovi\u010devega \u0161tetja) ligo prvakov? Zdaj; v Barceloni imajo ligo prvakov vsako leto, v Mariboru pa do zdaj trikrat. Imajo pa v Barceloni po novem tudi terorizem, v Mariboru pa ne. Skozi to optiko je lepo \u017eiveti v Mariboru. Zame se je za\u010delo bolj kislo. Nisem prista\u0161 mno\u017ei\u010dnega obredja. Kolesarski maratoni, verski obredi, megalomanske obletnice, \u0161olske proslave\u00a0..., do vsega tega sem zadr\u017ean. In ko me pozovejo, da vstanem ter pod politi\u010dno vpra\u0161ljivim rumenim \u0161eleshamrom vijem roke k nebu ter poslu\u0161am himno lige prvakov (ki ji v \u017eivo na sre\u010do ne sledi reklamiranje ruskih oligarhov), se po\u010dutim malo hecno. Ampak si mislim, da so na stadionu tudi uglednej\u0161i ljudje od mene - bolj izku\u0161eni in modrej\u0161i; in \u010de oni molijo \u0161eleshamer pod nebo, tudi meni ne bo padla krona z glave. Nato se za\u010dne\u00a0... Izkoristil bom prilo\u017enost za nekaj \u010disto nogometnega pametovanja. Ker prilo\u017enost, da intimno nogometno pametovanje od \u0161anka spravi\u0161 v javnost, je najve\u010d, kar lahko dose\u017ee odrasel mo\u0161ki. Ko smo zapu\u0161\u010dali stadion po Zrinjskem in tudi \u0161e po Islandcih, smo jamrali, da je bilo joj. Igra brez repa in glave, individualne napake, re\u0161","og_url":"https:\/\/hudo.com\/si\/aktualno\/ljudski-vrt-za-red-torek-in-izven\/","og_site_name":"Hudo Slovenija","article_publisher":"https:\/\/www.facebook.com\/hudo.si","article_published_time":"2017-08-23T14:01:00+00:00","og_image":[{"width":450,"height":673,"url":"https:\/\/hudo.com\/si\/wp-content\/uploads\/sites\/2\/2017\/08\/2455332-300.jpg","type":"image\/jpeg"}],"author":"hudo","twitter_card":"summary_large_image","twitter_creator":"@hudo_si","twitter_site":"@hudo_si","twitter_misc":{"Written by":"hudo","Est. reading time":"2 minuti"},"schema":{"@context":"https:\/\/schema.org","@graph":[{"@type":"Article","@id":"https:\/\/hudo.com\/si\/aktualno\/ljudski-vrt-za-red-torek-in-izven\/#article","isPartOf":{"@id":"https:\/\/hudo.com\/si\/aktualno\/ljudski-vrt-za-red-torek-in-izven\/"},"author":{"name":"hudo","@id":"https:\/\/hudo.com\/si\/#\/schema\/person\/601cf3379633985b20f7e50f2bb47707"},"headline":"Ljudski vrt. Za red torek in izven","datePublished":"2017-08-23T14:01:00+00:00","dateModified":"2017-08-23T14:01:00+00:00","mainEntityOfPage":{"@id":"https:\/\/hudo.com\/si\/aktualno\/ljudski-vrt-za-red-torek-in-izven\/"},"wordCount":378,"publisher":{"@id":"https:\/\/hudo.com\/si\/#organization"},"articleSection":["Aktualno"],"inLanguage":"sl-SI"},{"@type":"WebPage","@id":"https:\/\/hudo.com\/si\/aktualno\/ljudski-vrt-za-red-torek-in-izven\/","url":"https:\/\/hudo.com\/si\/aktualno\/ljudski-vrt-za-red-torek-in-izven\/","name":"Ljudski vrt. Za red torek in izven - Hudo Slovenija","isPartOf":{"@id":"https:\/\/hudo.com\/si\/#website"},"datePublished":"2017-08-23T14:01:00+00:00","dateModified":"2017-08-23T14:01:00+00:00","breadcrumb":{"@id":"https:\/\/hudo.com\/si\/aktualno\/ljudski-vrt-za-red-torek-in-izven\/#breadcrumb"},"inLanguage":"sl-SI","potentialAction":[{"@type":"ReadAction","target":["https:\/\/hudo.com\/si\/aktualno\/ljudski-vrt-za-red-torek-in-izven\/"]}]},{"@type":"BreadcrumbList","@id":"https:\/\/hudo.com\/si\/aktualno\/ljudski-vrt-za-red-torek-in-izven\/#breadcrumb","itemListElement":[{"@type":"ListItem","position":1,"name":"Home","item":"https:\/\/hudo.com\/si\/"},{"@type":"ListItem","position":2,"name":"Ljudski vrt. Za red torek in izven"}]},{"@type":"WebSite","@id":"https:\/\/hudo.com\/si\/#website","url":"https:\/\/hudo.com\/si\/","name":"Hudo Slovenija","description":"Vse novice iz Slovenije in sveta","publisher":{"@id":"https:\/\/hudo.com\/si\/#organization"},"potentialAction":[{"@type":"SearchAction","target":{"@type":"EntryPoint","urlTemplate":"https:\/\/hudo.com\/si\/?s={search_term_string}"},"query-input":"required name=search_term_string"}],"inLanguage":"sl-SI"},{"@type":"Organization","@id":"https:\/\/hudo.com\/si\/#organization","name":"VSN Media","url":"https:\/\/hudo.com\/si\/","logo":{"@type":"ImageObject","inLanguage":"sl-SI","@id":"https:\/\/hudo.com\/si\/#\/schema\/logo\/image\/","url":"https:\/\/hudo.com\/si\/wp-content\/uploads\/sites\/2\/2021\/03\/hudo-app-2.png","contentUrl":"https:\/\/hudo.com\/si\/wp-content\/uploads\/sites\/2\/2021\/03\/hudo-app-2.png","width":2185,"height":2167,"caption":"VSN Media"},"image":{"@id":"https:\/\/hudo.com\/si\/#\/schema\/logo\/image\/"},"sameAs":["https:\/\/www.facebook.com\/hudo.si","https:\/\/twitter.com\/hudo_si"]},{"@type":"Person","@id":"https:\/\/hudo.com\/si\/#\/schema\/person\/601cf3379633985b20f7e50f2bb47707","name":"hudo","image":{"@type":"ImageObject","inLanguage":"sl-SI","@id":"https:\/\/hudo.com\/si\/#\/schema\/person\/image\/","url":"https:\/\/secure.gravatar.com\/avatar\/c4ca25fa72cace7a696b52ff5db9e095?s=96&d=mm&r=g","contentUrl":"https:\/\/secure.gravatar.com\/avatar\/c4ca25fa72cace7a696b52ff5db9e095?s=96&d=mm&r=g","caption":"hudo"},"url":"https:\/\/hudo.com\/si\/author\/hudo\/"}]}},"amp_enabled":true,"_links":{"self":[{"href":"https:\/\/hudo.com\/si\/wp-json\/wp\/v2\/posts\/290510"}],"collection":[{"href":"https:\/\/hudo.com\/si\/wp-json\/wp\/v2\/posts"}],"about":[{"href":"https:\/\/hudo.com\/si\/wp-json\/wp\/v2\/types\/post"}],"author":[{"embeddable":true,"href":"https:\/\/hudo.com\/si\/wp-json\/wp\/v2\/users\/1"}],"replies":[{"embeddable":true,"href":"https:\/\/hudo.com\/si\/wp-json\/wp\/v2\/comments?post=290510"}],"version-history":[{"count":0,"href":"https:\/\/hudo.com\/si\/wp-json\/wp\/v2\/posts\/290510\/revisions"}],"wp:attachment":[{"href":"https:\/\/hudo.com\/si\/wp-json\/wp\/v2\/media?parent=290510"}],"wp:term":[{"taxonomy":"category","embeddable":true,"href":"https:\/\/hudo.com\/si\/wp-json\/wp\/v2\/categories?post=290510"},{"taxonomy":"post_tag","embeddable":true,"href":"https:\/\/hudo.com\/si\/wp-json\/wp\/v2\/tags?post=290510"},{"taxonomy":"source","embeddable":true,"href":"https:\/\/hudo.com\/si\/wp-json\/wp\/v2\/source?post=290510"},{"taxonomy":"supertag","embeddable":true,"href":"https:\/\/hudo.com\/si\/wp-json\/wp\/v2\/supertag?post=290510"}],"curies":[{"name":"wp","href":"https:\/\/api.w.org\/{rel}","templated":true}]}}