{"id":290608,"date":"2017-08-23T18:57:00","date_gmt":"2017-08-23T16:57:00","guid":{"rendered":"http:\/\/hudo.com\/si\/2017\/08\/23\/svet-ukc-ljubljana-tudi-danes-ni-odlocal-o-odgovornosti-kopaca-in-pfeiferjeve\/"},"modified":"2017-08-23T18:57:00","modified_gmt":"2017-08-23T16:57:00","slug":"svet-ukc-ljubljana-tudi-danes-ni-odlocal-o-odgovornosti-kopaca-in-pfeiferjeve","status":"publish","type":"post","link":"https:\/\/hudo.com\/si\/aktualno\/svet-ukc-ljubljana-tudi-danes-ni-odlocal-o-odgovornosti-kopaca-in-pfeiferjeve\/","title":{"rendered":"Svet UKC Ljubljana tudi danes ni odlo\u010dal o odgovornosti Kopa\u010da in Pfeiferjeve"},"content":{"rendered":"<p>Svet Univerzitetnega klini\u010dnega centra Ljubljana (UKC) tudi danes ni ugotavljal odgovornosti strokovne direktorice Marije Pfeifer in generalnega direktorja Andra\u017ea Kopa\u010da za stanje na podro\u010dju kardiologije na pediatri\u010dni kliniki. Je pa predlagal, da o odgovornosti Pfeiferjeve poda mnenje strokovni svet.<\/p>\n","protected":false},"excerpt":{"rendered":"<p>Svet Univerzitetnega klini\u010dnega centra Ljubljana (UKC) tudi danes ni ugotavljal odgovornosti strokovne direktorice Marije Pfeifer in generalnega direktorja Andra\u017ea Kopa\u010da za stanje na podro\u010dju kardiologije na pediatri\u010dni kliniki. Je pa predlagal, da o odgovornosti Pfeiferjeve poda mnenje strokovni svet.<\/p>\n","protected":false},"author":1,"featured_media":0,"comment_status":"closed","ping_status":"closed","sticky":false,"template":"","format":"standard","meta":{"footnotes":""},"categories":[1179],"tags":[],"source":[1717],"supertag":[],"acf":[],"yoast_head":"<!-- This site is optimized with the Yoast SEO plugin v21.3 - https:\/\/yoast.com\/wordpress\/plugins\/seo\/ -->\n<title>Svet UKC Ljubljana tudi danes ni odlo\u010dal o odgovornosti Kopa\u010da in Pfeiferjeve - Hudo Slovenija<\/title>\n<meta name=\"robots\" content=\"index, follow, max-snippet:-1, max-image-preview:large, max-video-preview:-1\" \/>\n<link rel=\"canonical\" href=\"https:\/\/hudo.com\/si\/aktualno\/svet-ukc-ljubljana-tudi-danes-ni-odlocal-o-odgovornosti-kopaca-in-pfeiferjeve\/\" \/>\n<meta property=\"og:locale\" content=\"sl_SI\" \/>\n<meta property=\"og:type\" content=\"article\" \/>\n<meta property=\"og:title\" content=\"Svet UKC Ljubljana tudi danes ni odlo\u010dal o odgovornosti Kopa\u010da in Pfeiferjeve - Hudo Slovenija\" \/>\n<meta property=\"og:description\" content=\"Svet Univerzitetnega klini\u010dnega centra Ljubljana (UKC) tudi danes ni ugotavljal odgovornosti strokovne direktorice Marije Pfeifer in generalnega direktorja Andra\u017ea Kopa\u010da za stanje na podro\u010dju kardiologije na pediatri\u010dni kliniki. Je pa predlagal, da o odgovornosti Pfeiferjeve poda mnenje strokovni svet.\" \/>\n<meta property=\"og:url\" content=\"https:\/\/hudo.com\/si\/aktualno\/svet-ukc-ljubljana-tudi-danes-ni-odlocal-o-odgovornosti-kopaca-in-pfeiferjeve\/\" \/>\n<meta property=\"og:site_name\" content=\"Hudo Slovenija\" \/>\n<meta property=\"article:publisher\" content=\"https:\/\/www.facebook.com\/hudo.si\" \/>\n<meta property=\"article:published_time\" content=\"2017-08-23T16:57:00+00:00\" \/>\n<meta property=\"og:image\" content=\"https:\/\/hudo.com\/si\/wp-content\/uploads\/sites\/2\/2017\/08\/f48d92e626c644e0302a-ukc-ljubljana.jpeg\" \/>\n\t<meta property=\"og:image:width\" content=\"1200\" \/>\n\t<meta property=\"og:image:height\" content=\"628\" \/>\n\t<meta property=\"og:image:type\" content=\"image\/jpeg\" \/>\n<meta name=\"author\" content=\"hudo\" \/>\n<meta name=\"twitter:card\" content=\"summary_large_image\" \/>\n<meta name=\"twitter:creator\" content=\"@hudo_si\" \/>\n<meta name=\"twitter:site\" content=\"@hudo_si\" \/>\n<meta name=\"twitter:label1\" content=\"Written by\" \/>\n\t<meta name=\"twitter:data1\" content=\"hudo\" \/>\n<script type=\"application\/ld+json\" class=\"yoast-schema-graph\">{\"@context\":\"https:\/\/schema.org\",\"@graph\":[{\"@type\":\"Article\",\"@id\":\"https:\/\/hudo.com\/si\/aktualno\/svet-ukc-ljubljana-tudi-danes-ni-odlocal-o-odgovornosti-kopaca-in-pfeiferjeve\/#article\",\"isPartOf\":{\"@id\":\"https:\/\/hudo.com\/si\/aktualno\/svet-ukc-ljubljana-tudi-danes-ni-odlocal-o-odgovornosti-kopaca-in-pfeiferjeve\/\"},\"author\":{\"name\":\"hudo\",\"@id\":\"https:\/\/hudo.com\/si\/#\/schema\/person\/601cf3379633985b20f7e50f2bb47707\"},\"headline\":\"Svet UKC Ljubljana tudi danes ni odlo\u010dal o odgovornosti Kopa\u010da in Pfeiferjeve\",\"datePublished\":\"2017-08-23T16:57:00+00:00\",\"dateModified\":\"2017-08-23T16:57:00+00:00\",\"mainEntityOfPage\":{\"@id\":\"https:\/\/hudo.com\/si\/aktualno\/svet-ukc-ljubljana-tudi-danes-ni-odlocal-o-odgovornosti-kopaca-in-pfeiferjeve\/\"},\"wordCount\":58,\"publisher\":{\"@id\":\"https:\/\/hudo.com\/si\/#organization\"},\"articleSection\":[\"Aktualno\"],\"inLanguage\":\"sl-SI\"},{\"@type\":\"WebPage\",\"@id\":\"https:\/\/hudo.com\/si\/aktualno\/svet-ukc-ljubljana-tudi-danes-ni-odlocal-o-odgovornosti-kopaca-in-pfeiferjeve\/\",\"url\":\"https:\/\/hudo.com\/si\/aktualno\/svet-ukc-ljubljana-tudi-danes-ni-odlocal-o-odgovornosti-kopaca-in-pfeiferjeve\/\",\"name\":\"Svet UKC Ljubljana tudi danes ni odlo\u010dal o odgovornosti Kopa\u010da in Pfeiferjeve - Hudo Slovenija\",\"isPartOf\":{\"@id\":\"https:\/\/hudo.com\/si\/#website\"},\"datePublished\":\"2017-08-23T16:57:00+00:00\",\"dateModified\":\"2017-08-23T16:57:00+00:00\",\"breadcrumb\":{\"@id\":\"https:\/\/hudo.com\/si\/aktualno\/svet-ukc-ljubljana-tudi-danes-ni-odlocal-o-odgovornosti-kopaca-in-pfeiferjeve\/#breadcrumb\"},\"inLanguage\":\"sl-SI\",\"potentialAction\":[{\"@type\":\"ReadAction\",\"target\":[\"https:\/\/hudo.com\/si\/aktualno\/svet-ukc-ljubljana-tudi-danes-ni-odlocal-o-odgovornosti-kopaca-in-pfeiferjeve\/\"]}]},{\"@type\":\"BreadcrumbList\",\"@id\":\"https:\/\/hudo.com\/si\/aktualno\/svet-ukc-ljubljana-tudi-danes-ni-odlocal-o-odgovornosti-kopaca-in-pfeiferjeve\/#breadcrumb\",\"itemListElement\":[{\"@type\":\"ListItem\",\"position\":1,\"name\":\"Home\",\"item\":\"https:\/\/hudo.com\/si\/\"},{\"@type\":\"ListItem\",\"position\":2,\"name\":\"Svet UKC Ljubljana tudi danes ni odlo\u010dal o odgovornosti Kopa\u010da in Pfeiferjeve\"}]},{\"@type\":\"WebSite\",\"@id\":\"https:\/\/hudo.com\/si\/#website\",\"url\":\"https:\/\/hudo.com\/si\/\",\"name\":\"Hudo Slovenija\",\"description\":\"Vse novice iz Slovenije in sveta\",\"publisher\":{\"@id\":\"https:\/\/hudo.com\/si\/#organization\"},\"potentialAction\":[{\"@type\":\"SearchAction\",\"target\":{\"@type\":\"EntryPoint\",\"urlTemplate\":\"https:\/\/hudo.com\/si\/?s={search_term_string}\"},\"query-input\":\"required name=search_term_string\"}],\"inLanguage\":\"sl-SI\"},{\"@type\":\"Organization\",\"@id\":\"https:\/\/hudo.com\/si\/#organization\",\"name\":\"VSN Media\",\"url\":\"https:\/\/hudo.com\/si\/\",\"logo\":{\"@type\":\"ImageObject\",\"inLanguage\":\"sl-SI\",\"@id\":\"https:\/\/hudo.com\/si\/#\/schema\/logo\/image\/\",\"url\":\"https:\/\/hudo.com\/si\/wp-content\/uploads\/sites\/2\/2021\/03\/hudo-app-2.png\",\"contentUrl\":\"https:\/\/hudo.com\/si\/wp-content\/uploads\/sites\/2\/2021\/03\/hudo-app-2.png\",\"width\":2185,\"height\":2167,\"caption\":\"VSN Media\"},\"image\":{\"@id\":\"https:\/\/hudo.com\/si\/#\/schema\/logo\/image\/\"},\"sameAs\":[\"https:\/\/www.facebook.com\/hudo.si\",\"https:\/\/twitter.com\/hudo_si\"]},{\"@type\":\"Person\",\"@id\":\"https:\/\/hudo.com\/si\/#\/schema\/person\/601cf3379633985b20f7e50f2bb47707\",\"name\":\"hudo\",\"image\":{\"@type\":\"ImageObject\",\"inLanguage\":\"sl-SI\",\"@id\":\"https:\/\/hudo.com\/si\/#\/schema\/person\/image\/\",\"url\":\"https:\/\/secure.gravatar.com\/avatar\/c4ca25fa72cace7a696b52ff5db9e095?s=96&d=mm&r=g\",\"contentUrl\":\"https:\/\/secure.gravatar.com\/avatar\/c4ca25fa72cace7a696b52ff5db9e095?s=96&d=mm&r=g\",\"caption\":\"hudo\"},\"url\":\"https:\/\/hudo.com\/si\/author\/hudo\/\"}]}<\/script>\n<!-- \/ Yoast SEO plugin. -->","yoast_head_json":{"title":"Svet UKC Ljubljana tudi danes ni odlo\u010dal o odgovornosti Kopa\u010da in Pfeiferjeve - Hudo Slovenija","robots":{"index":"index","follow":"follow","max-snippet":"max-snippet:-1","max-image-preview":"max-image-preview:large","max-video-preview":"max-video-preview:-1"},"canonical":"https:\/\/hudo.com\/si\/aktualno\/svet-ukc-ljubljana-tudi-danes-ni-odlocal-o-odgovornosti-kopaca-in-pfeiferjeve\/","og_locale":"sl_SI","og_type":"article","og_title":"Svet UKC Ljubljana tudi danes ni odlo\u010dal o odgovornosti Kopa\u010da in Pfeiferjeve - Hudo Slovenija","og_description":"Svet Univerzitetnega klini\u010dnega centra Ljubljana (UKC) tudi danes ni ugotavljal odgovornosti strokovne direktorice Marije Pfeifer in generalnega direktorja Andra\u017ea Kopa\u010da za stanje na podro\u010dju kardiologije na pediatri\u010dni kliniki. Je pa predlagal, da o odgovornosti Pfeiferjeve poda mnenje strokovni svet.","og_url":"https:\/\/hudo.com\/si\/aktualno\/svet-ukc-ljubljana-tudi-danes-ni-odlocal-o-odgovornosti-kopaca-in-pfeiferjeve\/","og_site_name":"Hudo Slovenija","article_publisher":"https:\/\/www.facebook.com\/hudo.si","article_published_time":"2017-08-23T16:57:00+00:00","og_image":[{"width":1200,"height":628,"url":"https:\/\/hudo.com\/si\/wp-content\/uploads\/sites\/2\/2017\/08\/f48d92e626c644e0302a-ukc-ljubljana.jpeg","type":"image\/jpeg"}],"author":"hudo","twitter_card":"summary_large_image","twitter_creator":"@hudo_si","twitter_site":"@hudo_si","twitter_misc":{"Written by":"hudo"},"schema":{"@context":"https:\/\/schema.org","@graph":[{"@type":"Article","@id":"https:\/\/hudo.com\/si\/aktualno\/svet-ukc-ljubljana-tudi-danes-ni-odlocal-o-odgovornosti-kopaca-in-pfeiferjeve\/#article","isPartOf":{"@id":"https:\/\/hudo.com\/si\/aktualno\/svet-ukc-ljubljana-tudi-danes-ni-odlocal-o-odgovornosti-kopaca-in-pfeiferjeve\/"},"author":{"name":"hudo","@id":"https:\/\/hudo.com\/si\/#\/schema\/person\/601cf3379633985b20f7e50f2bb47707"},"headline":"Svet UKC Ljubljana tudi danes ni odlo\u010dal o odgovornosti Kopa\u010da in Pfeiferjeve","datePublished":"2017-08-23T16:57:00+00:00","dateModified":"2017-08-23T16:57:00+00:00","mainEntityOfPage":{"@id":"https:\/\/hudo.com\/si\/aktualno\/svet-ukc-ljubljana-tudi-danes-ni-odlocal-o-odgovornosti-kopaca-in-pfeiferjeve\/"},"wordCount":58,"publisher":{"@id":"https:\/\/hudo.com\/si\/#organization"},"articleSection":["Aktualno"],"inLanguage":"sl-SI"},{"@type":"WebPage","@id":"https:\/\/hudo.com\/si\/aktualno\/svet-ukc-ljubljana-tudi-danes-ni-odlocal-o-odgovornosti-kopaca-in-pfeiferjeve\/","url":"https:\/\/hudo.com\/si\/aktualno\/svet-ukc-ljubljana-tudi-danes-ni-odlocal-o-odgovornosti-kopaca-in-pfeiferjeve\/","name":"Svet UKC Ljubljana tudi danes ni odlo\u010dal o odgovornosti Kopa\u010da in Pfeiferjeve - Hudo Slovenija","isPartOf":{"@id":"https:\/\/hudo.com\/si\/#website"},"datePublished":"2017-08-23T16:57:00+00:00","dateModified":"2017-08-23T16:57:00+00:00","breadcrumb":{"@id":"https:\/\/hudo.com\/si\/aktualno\/svet-ukc-ljubljana-tudi-danes-ni-odlocal-o-odgovornosti-kopaca-in-pfeiferjeve\/#breadcrumb"},"inLanguage":"sl-SI","potentialAction":[{"@type":"ReadAction","target":["https:\/\/hudo.com\/si\/aktualno\/svet-ukc-ljubljana-tudi-danes-ni-odlocal-o-odgovornosti-kopaca-in-pfeiferjeve\/"]}]},{"@type":"BreadcrumbList","@id":"https:\/\/hudo.com\/si\/aktualno\/svet-ukc-ljubljana-tudi-danes-ni-odlocal-o-odgovornosti-kopaca-in-pfeiferjeve\/#breadcrumb","itemListElement":[{"@type":"ListItem","position":1,"name":"Home","item":"https:\/\/hudo.com\/si\/"},{"@type":"ListItem","position":2,"name":"Svet UKC Ljubljana tudi danes ni odlo\u010dal o odgovornosti Kopa\u010da in Pfeiferjeve"}]},{"@type":"WebSite","@id":"https:\/\/hudo.com\/si\/#website","url":"https:\/\/hudo.com\/si\/","name":"Hudo Slovenija","description":"Vse novice iz Slovenije in sveta","publisher":{"@id":"https:\/\/hudo.com\/si\/#organization"},"potentialAction":[{"@type":"SearchAction","target":{"@type":"EntryPoint","urlTemplate":"https:\/\/hudo.com\/si\/?s={search_term_string}"},"query-input":"required name=search_term_string"}],"inLanguage":"sl-SI"},{"@type":"Organization","@id":"https:\/\/hudo.com\/si\/#organization","name":"VSN Media","url":"https:\/\/hudo.com\/si\/","logo":{"@type":"ImageObject","inLanguage":"sl-SI","@id":"https:\/\/hudo.com\/si\/#\/schema\/logo\/image\/","url":"https:\/\/hudo.com\/si\/wp-content\/uploads\/sites\/2\/2021\/03\/hudo-app-2.png","contentUrl":"https:\/\/hudo.com\/si\/wp-content\/uploads\/sites\/2\/2021\/03\/hudo-app-2.png","width":2185,"height":2167,"caption":"VSN Media"},"image":{"@id":"https:\/\/hudo.com\/si\/#\/schema\/logo\/image\/"},"sameAs":["https:\/\/www.facebook.com\/hudo.si","https:\/\/twitter.com\/hudo_si"]},{"@type":"Person","@id":"https:\/\/hudo.com\/si\/#\/schema\/person\/601cf3379633985b20f7e50f2bb47707","name":"hudo","image":{"@type":"ImageObject","inLanguage":"sl-SI","@id":"https:\/\/hudo.com\/si\/#\/schema\/person\/image\/","url":"https:\/\/secure.gravatar.com\/avatar\/c4ca25fa72cace7a696b52ff5db9e095?s=96&d=mm&r=g","contentUrl":"https:\/\/secure.gravatar.com\/avatar\/c4ca25fa72cace7a696b52ff5db9e095?s=96&d=mm&r=g","caption":"hudo"},"url":"https:\/\/hudo.com\/si\/author\/hudo\/"}]}},"amp_enabled":true,"_links":{"self":[{"href":"https:\/\/hudo.com\/si\/wp-json\/wp\/v2\/posts\/290608"}],"collection":[{"href":"https:\/\/hudo.com\/si\/wp-json\/wp\/v2\/posts"}],"about":[{"href":"https:\/\/hudo.com\/si\/wp-json\/wp\/v2\/types\/post"}],"author":[{"embeddable":true,"href":"https:\/\/hudo.com\/si\/wp-json\/wp\/v2\/users\/1"}],"replies":[{"embeddable":true,"href":"https:\/\/hudo.com\/si\/wp-json\/wp\/v2\/comments?post=290608"}],"version-history":[{"count":0,"href":"https:\/\/hudo.com\/si\/wp-json\/wp\/v2\/posts\/290608\/revisions"}],"wp:attachment":[{"href":"https:\/\/hudo.com\/si\/wp-json\/wp\/v2\/media?parent=290608"}],"wp:term":[{"taxonomy":"category","embeddable":true,"href":"https:\/\/hudo.com\/si\/wp-json\/wp\/v2\/categories?post=290608"},{"taxonomy":"post_tag","embeddable":true,"href":"https:\/\/hudo.com\/si\/wp-json\/wp\/v2\/tags?post=290608"},{"taxonomy":"source","embeddable":true,"href":"https:\/\/hudo.com\/si\/wp-json\/wp\/v2\/source?post=290608"},{"taxonomy":"supertag","embeddable":true,"href":"https:\/\/hudo.com\/si\/wp-json\/wp\/v2\/supertag?post=290608"}],"curies":[{"name":"wp","href":"https:\/\/api.w.org\/{rel}","templated":true}]}}