{"id":292483,"date":"2017-08-29T11:40:11","date_gmt":"2017-08-29T09:40:11","guid":{"rendered":"http:\/\/hudo.com\/si\/?p=292483"},"modified":"2017-08-29T11:40:11","modified_gmt":"2017-08-29T09:40:11","slug":"erjavec-odlocbo-arbitraznega-sodisca-o-meji-med-slovenijo-hrvasko-bi-bilo-treba-na-morju-nemudoma-implementirati","status":"publish","type":"post","link":"https:\/\/hudo.com\/si\/aktualno\/erjavec-odlocbo-arbitraznega-sodisca-o-meji-med-slovenijo-hrvasko-bi-bilo-treba-na-morju-nemudoma-implementirati\/","title":{"rendered":"Erjavec: Odlo\u010dbo arbitra\u017enega sodi\u0161\u010da o meji med Slovenijo in Hrva\u0161ko bi bilo treba na morju nemudoma implementirati"},"content":{"rendered":"<div class=\"text\">\n<p>Kot je spomnil Erjavec, je takoj\u0161njo implementacijo arbitra\u017ene odlo\u010dbe na morju zagovarjal \u017ee, ko je bila ta izdana, saj je sodi\u0161\u010de mejo na morju zelo jasno dolo\u010dilo. Ker tega nismo storili takoj po razglasitvi razsodbe, smo zamudili dragocen \u010das, je dejal.<\/p>\n<p>Ob iztekanju turisti\u010dne sezone smo po njegovih besedah pri\u010da, kako Hrva\u0161ka namerno provocira situacije, ki niso v skladu z vsebino odlo\u010dbe, med njimi je tudi nedavni obisk hrva\u0161kega premierja Andreja Plenkovi\u0107a v Umagu in Savudriji.<\/p>\n<p>Tam je &#8220;pozival hrva\u0161ke ribi\u010de, naj kr\u0161ijo arbitra\u017eno odlo\u010dbo, suverenost Slovenije&#8221;, kar ka\u017ee na to, da &#8220;Hrva\u0161ka nima namena skozi dialog implementirati arbitra\u017ene odlo\u010dbe&#8221;, je \u0161e dejal.<\/p>\n<p>&#8220;Mislim, da je skrajni \u010das, da za\u010dnemo implementirati arbitra\u017eno odlo\u010dbo, kar se ti\u010de tistega dela, ki se nana\u0161a na morje. \u010ce tega ne bomo storili, se bojim, da bomo za\u0161li v slep dialog, ki ne bo prinesel nobenih rezultatov,&#8221; je pozval.<\/p>\n<p>Erjavec je tudi izrazil prepri\u010danje, da se bodo predstavniki vlade sestali s slovenskimi ribi\u010di.<\/p>\n<p>Plenkovi\u0107 je minulo sredo hrva\u0161kim ribi\u010dem dejal, da v Piranskem zalivu lahko lovijo kot pred razsodbo, torej do sredinske \u010drte. Ponovil je, da Hrva\u0161ka ne sprejema arbitra\u017ene odlo\u010dbe, ker je izstopila iz arbitra\u017enega postopka.<\/p>\n<p>Izjavo je nemudoma kritiziral Erjavec, dan pozneje pa je premier Miro Cerar opozoril, da bosta njegovo potrpljenje in pripravljenost na dialog s Hrva\u0161ko izpuhtela, \u010de ne bo septembra na sre\u010danju s hrva\u0161kim kolegom Zagreb pokazal jasne volje za implementacijo arbitra\u017ene sodbe.<\/p>\n<p>Ta je bila tudi med temami pogovora dana\u0161njega sre\u010danja Erjavca z danskim zunanjim ministrom. Kot je v odgovoru na novinarsko vpra\u0161anje po pogovorih dejal Samuelsen, Danska to vpra\u0161anje vidi kot dvostransko vpra\u0161anje in upa, da bosta dr\u017eavi v prihodnosti na\u0161lo dobro re\u0161itev. Vztrajajo sicer pri vladavini mednarodnega prava in menijo, da je pomembno, da vsi priznavajo mednarodna pravila in zakone.<\/p>\n<\/div>\n","protected":false},"excerpt":{"rendered":"<p>Odlo\u010dbo arbitra\u017enega sodi\u0161\u010da o meji med Slovenijo in Hrva\u0161ko bi bilo treba na morju nemudoma implementirati, je danes pozval zunanji minister Karl Erjavec, ki v Ljubljani gosti danskega kolega Andersa Samuelsena. Ta je izrazil zavezanost Danske mednarodnemu pravu, a obenem menil, da gre pri arbitra\u017ei za dvostransko vpra\u0161anje.<\/p>\n","protected":false},"author":5,"featured_media":222284,"comment_status":"closed","ping_status":"closed","sticky":false,"template":"","format":"standard","meta":{"footnotes":""},"categories":[1179],"tags":[5681,2504,1810,7107,1595],"source":[4511],"supertag":[],"acf":[],"yoast_head":"<!-- This site is optimized with the Yoast SEO plugin v21.3 - https:\/\/yoast.com\/wordpress\/plugins\/seo\/ -->\n<title>Erjavec: Odlo\u010dbo arbitra\u017enega sodi\u0161\u010da o meji med Slovenijo in Hrva\u0161ko bi bilo treba na morju nemudoma implementirati - Hudo Slovenija<\/title>\n<meta name=\"robots\" content=\"index, follow, max-snippet:-1, max-image-preview:large, max-video-preview:-1\" \/>\n<link rel=\"canonical\" href=\"https:\/\/hudo.com\/si\/aktualno\/erjavec-odlocbo-arbitraznega-sodisca-o-meji-med-slovenijo-hrvasko-bi-bilo-treba-na-morju-nemudoma-implementirati\/\" \/>\n<meta property=\"og:locale\" content=\"sl_SI\" \/>\n<meta property=\"og:type\" content=\"article\" \/>\n<meta property=\"og:title\" content=\"Erjavec: Odlo\u010dbo arbitra\u017enega sodi\u0161\u010da o meji med Slovenijo in Hrva\u0161ko bi bilo treba na morju nemudoma implementirati - Hudo Slovenija\" \/>\n<meta property=\"og:description\" content=\"Odlo\u010dbo arbitra\u017enega sodi\u0161\u010da o meji med Slovenijo in Hrva\u0161ko bi bilo treba na morju nemudoma implementirati, je danes pozval zunanji minister Karl Erjavec, ki v Ljubljani gosti danskega kolega Andersa Samuelsena. Ta je izrazil zavezanost Danske mednarodnemu pravu, a obenem menil, da gre pri arbitra\u017ei za dvostransko vpra\u0161anje.\" \/>\n<meta property=\"og:url\" content=\"https:\/\/hudo.com\/si\/aktualno\/erjavec-odlocbo-arbitraznega-sodisca-o-meji-med-slovenijo-hrvasko-bi-bilo-treba-na-morju-nemudoma-implementirati\/\" \/>\n<meta property=\"og:site_name\" content=\"Hudo Slovenija\" \/>\n<meta property=\"article:publisher\" content=\"https:\/\/www.facebook.com\/hudo.si\" \/>\n<meta property=\"article:published_time\" content=\"2017-08-29T09:40:11+00:00\" \/>\n<meta property=\"og:image\" content=\"https:\/\/hudo.com\/si\/wp-content\/uploads\/sites\/2\/2017\/03\/profimedia-0195017359.jpg\" \/>\n\t<meta property=\"og:image:width\" content=\"1250\" \/>\n\t<meta property=\"og:image:height\" content=\"820\" \/>\n\t<meta property=\"og:image:type\" content=\"image\/jpeg\" \/>\n<meta name=\"author\" content=\"A. G., STA\" \/>\n<meta name=\"twitter:card\" content=\"summary_large_image\" \/>\n<meta name=\"twitter:creator\" content=\"@hudo_si\" \/>\n<meta name=\"twitter:site\" content=\"@hudo_si\" \/>\n<meta name=\"twitter:label1\" content=\"Written by\" \/>\n\t<meta name=\"twitter:data1\" content=\"A. G., STA\" \/>\n\t<meta name=\"twitter:label2\" content=\"Est. reading time\" \/>\n\t<meta name=\"twitter:data2\" content=\"2 minuti\" \/>\n<script type=\"application\/ld+json\" class=\"yoast-schema-graph\">{\"@context\":\"https:\/\/schema.org\",\"@graph\":[{\"@type\":\"Article\",\"@id\":\"https:\/\/hudo.com\/si\/aktualno\/erjavec-odlocbo-arbitraznega-sodisca-o-meji-med-slovenijo-hrvasko-bi-bilo-treba-na-morju-nemudoma-implementirati\/#article\",\"isPartOf\":{\"@id\":\"https:\/\/hudo.com\/si\/aktualno\/erjavec-odlocbo-arbitraznega-sodisca-o-meji-med-slovenijo-hrvasko-bi-bilo-treba-na-morju-nemudoma-implementirati\/\"},\"author\":{\"name\":\"A. G., STA\",\"@id\":\"https:\/\/hudo.com\/si\/#\/schema\/person\/2391667a63ea075ba94f2f2dc6b77537\"},\"headline\":\"Erjavec: Odlo\u010dbo arbitra\u017enega sodi\u0161\u010da o meji med Slovenijo in Hrva\u0161ko bi bilo treba na morju nemudoma implementirati\",\"datePublished\":\"2017-08-29T09:40:11+00:00\",\"dateModified\":\"2017-08-29T09:40:11+00:00\",\"mainEntityOfPage\":{\"@id\":\"https:\/\/hudo.com\/si\/aktualno\/erjavec-odlocbo-arbitraznega-sodisca-o-meji-med-slovenijo-hrvasko-bi-bilo-treba-na-morju-nemudoma-implementirati\/\"},\"wordCount\":360,\"publisher\":{\"@id\":\"https:\/\/hudo.com\/si\/#organization\"},\"keywords\":[\"arbitra\u017ea\",\"Danska\",\"hrva\u0161ka\",\"Karl Erjavec\",\"Slovenija\"],\"articleSection\":[\"Aktualno\"],\"inLanguage\":\"sl-SI\"},{\"@type\":\"WebPage\",\"@id\":\"https:\/\/hudo.com\/si\/aktualno\/erjavec-odlocbo-arbitraznega-sodisca-o-meji-med-slovenijo-hrvasko-bi-bilo-treba-na-morju-nemudoma-implementirati\/\",\"url\":\"https:\/\/hudo.com\/si\/aktualno\/erjavec-odlocbo-arbitraznega-sodisca-o-meji-med-slovenijo-hrvasko-bi-bilo-treba-na-morju-nemudoma-implementirati\/\",\"name\":\"Erjavec: Odlo\u010dbo arbitra\u017enega sodi\u0161\u010da o meji med Slovenijo in Hrva\u0161ko bi bilo treba na morju nemudoma implementirati - Hudo Slovenija\",\"isPartOf\":{\"@id\":\"https:\/\/hudo.com\/si\/#website\"},\"datePublished\":\"2017-08-29T09:40:11+00:00\",\"dateModified\":\"2017-08-29T09:40:11+00:00\",\"breadcrumb\":{\"@id\":\"https:\/\/hudo.com\/si\/aktualno\/erjavec-odlocbo-arbitraznega-sodisca-o-meji-med-slovenijo-hrvasko-bi-bilo-treba-na-morju-nemudoma-implementirati\/#breadcrumb\"},\"inLanguage\":\"sl-SI\",\"potentialAction\":[{\"@type\":\"ReadAction\",\"target\":[\"https:\/\/hudo.com\/si\/aktualno\/erjavec-odlocbo-arbitraznega-sodisca-o-meji-med-slovenijo-hrvasko-bi-bilo-treba-na-morju-nemudoma-implementirati\/\"]}]},{\"@type\":\"BreadcrumbList\",\"@id\":\"https:\/\/hudo.com\/si\/aktualno\/erjavec-odlocbo-arbitraznega-sodisca-o-meji-med-slovenijo-hrvasko-bi-bilo-treba-na-morju-nemudoma-implementirati\/#breadcrumb\",\"itemListElement\":[{\"@type\":\"ListItem\",\"position\":1,\"name\":\"Home\",\"item\":\"https:\/\/hudo.com\/si\/\"},{\"@type\":\"ListItem\",\"position\":2,\"name\":\"Erjavec: Odlo\u010dbo arbitra\u017enega sodi\u0161\u010da o meji med Slovenijo in Hrva\u0161ko bi bilo treba na morju nemudoma implementirati\"}]},{\"@type\":\"WebSite\",\"@id\":\"https:\/\/hudo.com\/si\/#website\",\"url\":\"https:\/\/hudo.com\/si\/\",\"name\":\"Hudo Slovenija\",\"description\":\"Vse novice iz Slovenije in sveta\",\"publisher\":{\"@id\":\"https:\/\/hudo.com\/si\/#organization\"},\"potentialAction\":[{\"@type\":\"SearchAction\",\"target\":{\"@type\":\"EntryPoint\",\"urlTemplate\":\"https:\/\/hudo.com\/si\/?s={search_term_string}\"},\"query-input\":\"required name=search_term_string\"}],\"inLanguage\":\"sl-SI\"},{\"@type\":\"Organization\",\"@id\":\"https:\/\/hudo.com\/si\/#organization\",\"name\":\"VSN Media\",\"url\":\"https:\/\/hudo.com\/si\/\",\"logo\":{\"@type\":\"ImageObject\",\"inLanguage\":\"sl-SI\",\"@id\":\"https:\/\/hudo.com\/si\/#\/schema\/logo\/image\/\",\"url\":\"https:\/\/hudo.com\/si\/wp-content\/uploads\/sites\/2\/2021\/03\/hudo-app-2.png\",\"contentUrl\":\"https:\/\/hudo.com\/si\/wp-content\/uploads\/sites\/2\/2021\/03\/hudo-app-2.png\",\"width\":2185,\"height\":2167,\"caption\":\"VSN Media\"},\"image\":{\"@id\":\"https:\/\/hudo.com\/si\/#\/schema\/logo\/image\/\"},\"sameAs\":[\"https:\/\/www.facebook.com\/hudo.si\",\"https:\/\/twitter.com\/hudo_si\"]},{\"@type\":\"Person\",\"@id\":\"https:\/\/hudo.com\/si\/#\/schema\/person\/2391667a63ea075ba94f2f2dc6b77537\",\"name\":\"A. G., STA\",\"image\":{\"@type\":\"ImageObject\",\"inLanguage\":\"sl-SI\",\"@id\":\"https:\/\/hudo.com\/si\/#\/schema\/person\/image\/\",\"url\":\"https:\/\/secure.gravatar.com\/avatar\/e13d22ac3e442658d5025fbbe6238a79?s=96&d=mm&r=g\",\"contentUrl\":\"https:\/\/secure.gravatar.com\/avatar\/e13d22ac3e442658d5025fbbe6238a79?s=96&d=mm&r=g\",\"caption\":\"A. G., STA\"},\"url\":\"https:\/\/hudo.com\/si\/author\/alenka\/\"}]}<\/script>\n<!-- \/ Yoast SEO plugin. -->","yoast_head_json":{"title":"Erjavec: Odlo\u010dbo arbitra\u017enega sodi\u0161\u010da o meji med Slovenijo in Hrva\u0161ko bi bilo treba na morju nemudoma implementirati - Hudo Slovenija","robots":{"index":"index","follow":"follow","max-snippet":"max-snippet:-1","max-image-preview":"max-image-preview:large","max-video-preview":"max-video-preview:-1"},"canonical":"https:\/\/hudo.com\/si\/aktualno\/erjavec-odlocbo-arbitraznega-sodisca-o-meji-med-slovenijo-hrvasko-bi-bilo-treba-na-morju-nemudoma-implementirati\/","og_locale":"sl_SI","og_type":"article","og_title":"Erjavec: Odlo\u010dbo arbitra\u017enega sodi\u0161\u010da o meji med Slovenijo in Hrva\u0161ko bi bilo treba na morju nemudoma implementirati - Hudo Slovenija","og_description":"Odlo\u010dbo arbitra\u017enega sodi\u0161\u010da o meji med Slovenijo in Hrva\u0161ko bi bilo treba na morju nemudoma implementirati, je danes pozval zunanji minister Karl Erjavec, ki v Ljubljani gosti danskega kolega Andersa Samuelsena. Ta je izrazil zavezanost Danske mednarodnemu pravu, a obenem menil, da gre pri arbitra\u017ei za dvostransko vpra\u0161anje.","og_url":"https:\/\/hudo.com\/si\/aktualno\/erjavec-odlocbo-arbitraznega-sodisca-o-meji-med-slovenijo-hrvasko-bi-bilo-treba-na-morju-nemudoma-implementirati\/","og_site_name":"Hudo Slovenija","article_publisher":"https:\/\/www.facebook.com\/hudo.si","article_published_time":"2017-08-29T09:40:11+00:00","og_image":[{"width":1250,"height":820,"url":"https:\/\/hudo.com\/si\/wp-content\/uploads\/sites\/2\/2017\/03\/profimedia-0195017359.jpg","type":"image\/jpeg"}],"author":"A. G., STA","twitter_card":"summary_large_image","twitter_creator":"@hudo_si","twitter_site":"@hudo_si","twitter_misc":{"Written by":"A. G., STA","Est. reading time":"2 minuti"},"schema":{"@context":"https:\/\/schema.org","@graph":[{"@type":"Article","@id":"https:\/\/hudo.com\/si\/aktualno\/erjavec-odlocbo-arbitraznega-sodisca-o-meji-med-slovenijo-hrvasko-bi-bilo-treba-na-morju-nemudoma-implementirati\/#article","isPartOf":{"@id":"https:\/\/hudo.com\/si\/aktualno\/erjavec-odlocbo-arbitraznega-sodisca-o-meji-med-slovenijo-hrvasko-bi-bilo-treba-na-morju-nemudoma-implementirati\/"},"author":{"name":"A. G., STA","@id":"https:\/\/hudo.com\/si\/#\/schema\/person\/2391667a63ea075ba94f2f2dc6b77537"},"headline":"Erjavec: Odlo\u010dbo arbitra\u017enega sodi\u0161\u010da o meji med Slovenijo in Hrva\u0161ko bi bilo treba na morju nemudoma implementirati","datePublished":"2017-08-29T09:40:11+00:00","dateModified":"2017-08-29T09:40:11+00:00","mainEntityOfPage":{"@id":"https:\/\/hudo.com\/si\/aktualno\/erjavec-odlocbo-arbitraznega-sodisca-o-meji-med-slovenijo-hrvasko-bi-bilo-treba-na-morju-nemudoma-implementirati\/"},"wordCount":360,"publisher":{"@id":"https:\/\/hudo.com\/si\/#organization"},"keywords":["arbitra\u017ea","Danska","hrva\u0161ka","Karl Erjavec","Slovenija"],"articleSection":["Aktualno"],"inLanguage":"sl-SI"},{"@type":"WebPage","@id":"https:\/\/hudo.com\/si\/aktualno\/erjavec-odlocbo-arbitraznega-sodisca-o-meji-med-slovenijo-hrvasko-bi-bilo-treba-na-morju-nemudoma-implementirati\/","url":"https:\/\/hudo.com\/si\/aktualno\/erjavec-odlocbo-arbitraznega-sodisca-o-meji-med-slovenijo-hrvasko-bi-bilo-treba-na-morju-nemudoma-implementirati\/","name":"Erjavec: Odlo\u010dbo arbitra\u017enega sodi\u0161\u010da o meji med Slovenijo in Hrva\u0161ko bi bilo treba na morju nemudoma implementirati - Hudo Slovenija","isPartOf":{"@id":"https:\/\/hudo.com\/si\/#website"},"datePublished":"2017-08-29T09:40:11+00:00","dateModified":"2017-08-29T09:40:11+00:00","breadcrumb":{"@id":"https:\/\/hudo.com\/si\/aktualno\/erjavec-odlocbo-arbitraznega-sodisca-o-meji-med-slovenijo-hrvasko-bi-bilo-treba-na-morju-nemudoma-implementirati\/#breadcrumb"},"inLanguage":"sl-SI","potentialAction":[{"@type":"ReadAction","target":["https:\/\/hudo.com\/si\/aktualno\/erjavec-odlocbo-arbitraznega-sodisca-o-meji-med-slovenijo-hrvasko-bi-bilo-treba-na-morju-nemudoma-implementirati\/"]}]},{"@type":"BreadcrumbList","@id":"https:\/\/hudo.com\/si\/aktualno\/erjavec-odlocbo-arbitraznega-sodisca-o-meji-med-slovenijo-hrvasko-bi-bilo-treba-na-morju-nemudoma-implementirati\/#breadcrumb","itemListElement":[{"@type":"ListItem","position":1,"name":"Home","item":"https:\/\/hudo.com\/si\/"},{"@type":"ListItem","position":2,"name":"Erjavec: Odlo\u010dbo arbitra\u017enega sodi\u0161\u010da o meji med Slovenijo in Hrva\u0161ko bi bilo treba na morju nemudoma implementirati"}]},{"@type":"WebSite","@id":"https:\/\/hudo.com\/si\/#website","url":"https:\/\/hudo.com\/si\/","name":"Hudo Slovenija","description":"Vse novice iz Slovenije in sveta","publisher":{"@id":"https:\/\/hudo.com\/si\/#organization"},"potentialAction":[{"@type":"SearchAction","target":{"@type":"EntryPoint","urlTemplate":"https:\/\/hudo.com\/si\/?s={search_term_string}"},"query-input":"required name=search_term_string"}],"inLanguage":"sl-SI"},{"@type":"Organization","@id":"https:\/\/hudo.com\/si\/#organization","name":"VSN Media","url":"https:\/\/hudo.com\/si\/","logo":{"@type":"ImageObject","inLanguage":"sl-SI","@id":"https:\/\/hudo.com\/si\/#\/schema\/logo\/image\/","url":"https:\/\/hudo.com\/si\/wp-content\/uploads\/sites\/2\/2021\/03\/hudo-app-2.png","contentUrl":"https:\/\/hudo.com\/si\/wp-content\/uploads\/sites\/2\/2021\/03\/hudo-app-2.png","width":2185,"height":2167,"caption":"VSN Media"},"image":{"@id":"https:\/\/hudo.com\/si\/#\/schema\/logo\/image\/"},"sameAs":["https:\/\/www.facebook.com\/hudo.si","https:\/\/twitter.com\/hudo_si"]},{"@type":"Person","@id":"https:\/\/hudo.com\/si\/#\/schema\/person\/2391667a63ea075ba94f2f2dc6b77537","name":"A. G., STA","image":{"@type":"ImageObject","inLanguage":"sl-SI","@id":"https:\/\/hudo.com\/si\/#\/schema\/person\/image\/","url":"https:\/\/secure.gravatar.com\/avatar\/e13d22ac3e442658d5025fbbe6238a79?s=96&d=mm&r=g","contentUrl":"https:\/\/secure.gravatar.com\/avatar\/e13d22ac3e442658d5025fbbe6238a79?s=96&d=mm&r=g","caption":"A. G., STA"},"url":"https:\/\/hudo.com\/si\/author\/alenka\/"}]}},"amp_enabled":true,"_links":{"self":[{"href":"https:\/\/hudo.com\/si\/wp-json\/wp\/v2\/posts\/292483"}],"collection":[{"href":"https:\/\/hudo.com\/si\/wp-json\/wp\/v2\/posts"}],"about":[{"href":"https:\/\/hudo.com\/si\/wp-json\/wp\/v2\/types\/post"}],"author":[{"embeddable":true,"href":"https:\/\/hudo.com\/si\/wp-json\/wp\/v2\/users\/5"}],"replies":[{"embeddable":true,"href":"https:\/\/hudo.com\/si\/wp-json\/wp\/v2\/comments?post=292483"}],"version-history":[{"count":1,"href":"https:\/\/hudo.com\/si\/wp-json\/wp\/v2\/posts\/292483\/revisions"}],"predecessor-version":[{"id":292484,"href":"https:\/\/hudo.com\/si\/wp-json\/wp\/v2\/posts\/292483\/revisions\/292484"}],"wp:featuredmedia":[{"embeddable":true,"href":"https:\/\/hudo.com\/si\/wp-json\/wp\/v2\/media\/222284"}],"wp:attachment":[{"href":"https:\/\/hudo.com\/si\/wp-json\/wp\/v2\/media?parent=292483"}],"wp:term":[{"taxonomy":"category","embeddable":true,"href":"https:\/\/hudo.com\/si\/wp-json\/wp\/v2\/categories?post=292483"},{"taxonomy":"post_tag","embeddable":true,"href":"https:\/\/hudo.com\/si\/wp-json\/wp\/v2\/tags?post=292483"},{"taxonomy":"source","embeddable":true,"href":"https:\/\/hudo.com\/si\/wp-json\/wp\/v2\/source?post=292483"},{"taxonomy":"supertag","embeddable":true,"href":"https:\/\/hudo.com\/si\/wp-json\/wp\/v2\/supertag?post=292483"}],"curies":[{"name":"wp","href":"https:\/\/api.w.org\/{rel}","templated":true}]}}