{"id":29280,"date":"2016-04-14T08:16:00","date_gmt":"2016-04-14T06:16:00","guid":{"rendered":"http:\/\/hudo.com\/si\/2016\/04\/14\/v-mislinjski-dobravi-umrl-27-letni-voznik\/"},"modified":"2016-04-14T12:06:28","modified_gmt":"2016-04-14T10:06:28","slug":"v-mislinjski-dobravi-umrl-27-letni-voznik","status":"publish","type":"post","link":"https:\/\/hudo.com\/si\/aktualno\/v-mislinjski-dobravi-umrl-27-letni-voznik\/","title":{"rendered":"V Mislinjski Dobravi umrl 27-letni voznik"},"content":{"rendered":"<p>Kategorija: Kronika Thu, 14 Apr 2016 10:16:00 +0200  Slovenj Gradec \u2212 V \u010delnem tr\u010denju, ki se je na glavni cesti Slovenj Gradec\u2212Velenje v Mislinjski Dobravi zgodilo danes zjutraj, je umrl 27-letni voznik osebnega vozila. Njegova sopotnica in domnevni povzro\u010ditelj nesre\u010de sta hudo po\u0161kodovana, so sporo\u010dili s PU Celje. Cesta je bila zaprta ve\u010d ur, po podatkih prometnoinformacijskega centra so promet zdaj \u017ee sprostili. Prometna nesre\u010da se je po podatkih Policijske uprave (PU) Celje zgodila okoli \u0161este ure zjutraj, ogled kraja prometne nesre\u010de pa \u0161e poteka. Po prvih podatkih je prometno nesre\u010do povzro\u010dil domnevno voznik osebnega vozila, ki je vozil iz Slovenj Gradca proti Mislinji. Med prehitevanjem je \u010delno tr\u010dil v nasproti voze\u010de vozilo, ki ga je pravilno pripeljal 27-letni voznik. Ta je na kraju nesre\u010de umrl. To je leto\u0161nja \u0161esta smrtna \u017ertev prometnih nesre\u010d na cestah na obmo\u010dju PU Celje. \u00a0\u00a0&#8230;<\/p>\n","protected":false},"excerpt":{"rendered":"<p>Kategorija: Kronika Thu, 14 Apr 2016 10:16:00 +0200  Slovenj Gradec \u2212 V \u010delnem tr\u010denju, ki se je na glavni cesti Slovenj Gradec\u2212Velenje v Mislinjski Dobravi zgodilo danes zjutraj, je umrl 27-letni voznik osebnega vozila. Njegova sopotnica in domnevni povzro\u010ditelj nesre\u010de sta hudo po\u0161kodovana, so sporo\u010dili s PU Celje. Cesta je bila zaprta ve\u010d ur, po podatkih prometnoinformacijskega centra so promet zdaj \u017ee sprostili. Prometna nesre\u010da se je po podatkih Policijske uprave (PU) Celje zgodila okoli \u0161este ure zjutraj, ogled kraja prometne nesre\u010de pa \u0161e poteka. Po prvih podatkih je prometno nesre\u010do povzro\u010dil domnevno voznik osebnega vozila, ki je vozil iz Slovenj Gradca proti Mislinji. Med prehitevanjem je \u010delno tr\u010dil v nasproti voze\u010de vozilo, ki ga je pravilno pripeljal 27-letni voznik. Ta je na kraju nesre\u010de umrl. To je leto\u0161nja \u0161esta smrtna \u017ertev prometnih nesre\u010d na cestah na obmo\u010dju PU Celje. \u00a0\u00a0&#8230;<\/p>\n","protected":false},"author":1,"featured_media":0,"comment_status":"closed","ping_status":"closed","sticky":false,"template":"","format":"standard","meta":{"footnotes":""},"categories":[1179],"tags":[],"source":[4511],"supertag":[],"acf":[],"yoast_head":"<!-- This site is optimized with the Yoast SEO plugin v21.3 - https:\/\/yoast.com\/wordpress\/plugins\/seo\/ -->\n<title>V Mislinjski Dobravi umrl 27-letni voznik - Hudo Slovenija<\/title>\n<meta name=\"robots\" content=\"index, follow, max-snippet:-1, max-image-preview:large, max-video-preview:-1\" \/>\n<link rel=\"canonical\" href=\"https:\/\/hudo.com\/si\/aktualno\/v-mislinjski-dobravi-umrl-27-letni-voznik\/\" \/>\n<meta property=\"og:locale\" content=\"sl_SI\" \/>\n<meta property=\"og:type\" content=\"article\" \/>\n<meta property=\"og:title\" content=\"V Mislinjski Dobravi umrl 27-letni voznik - Hudo Slovenija\" \/>\n<meta property=\"og:description\" content=\"Kategorija: Kronika Thu, 14 Apr 2016 10:16:00 +0200 Slovenj Gradec \u2212 V \u010delnem tr\u010denju, ki se je na glavni cesti Slovenj Gradec\u2212Velenje v Mislinjski Dobravi zgodilo danes zjutraj, je umrl 27-letni voznik osebnega vozila. Njegova sopotnica in domnevni povzro\u010ditelj nesre\u010de sta hudo po\u0161kodovana, so sporo\u010dili s PU Celje. Cesta je bila zaprta ve\u010d ur, po podatkih prometnoinformacijskega centra so promet zdaj \u017ee sprostili. Prometna nesre\u010da se je po podatkih Policijske uprave (PU) Celje zgodila okoli \u0161este ure zjutraj, ogled kraja prometne nesre\u010de pa \u0161e poteka. Po prvih podatkih je prometno nesre\u010do povzro\u010dil domnevno voznik osebnega vozila, ki je vozil iz Slovenj Gradca proti Mislinji. Med prehitevanjem je \u010delno tr\u010dil v nasproti voze\u010de vozilo, ki ga je pravilno pripeljal 27-letni voznik. Ta je na kraju nesre\u010de umrl. To je leto\u0161nja \u0161esta smrtna \u017ertev prometnih nesre\u010d na cestah na obmo\u010dju PU Celje. \u00a0\u00a0...\" \/>\n<meta property=\"og:url\" content=\"https:\/\/hudo.com\/si\/aktualno\/v-mislinjski-dobravi-umrl-27-letni-voznik\/\" \/>\n<meta property=\"og:site_name\" content=\"Hudo Slovenija\" \/>\n<meta property=\"article:publisher\" content=\"https:\/\/www.facebook.com\/hudo.si\" \/>\n<meta property=\"article:published_time\" content=\"2016-04-14T06:16:00+00:00\" \/>\n<meta property=\"article:modified_time\" content=\"2016-04-14T10:06:28+00:00\" \/>\n<meta property=\"og:image\" content=\"https:\/\/hudo.com\/si\/wp-content\/uploads\/sites\/2\/2016\/04\/480x290_djvu_628380_spelap_zabkar-smrtna-KR.jpeg\" \/>\n\t<meta property=\"og:image:width\" content=\"480\" \/>\n\t<meta property=\"og:image:height\" content=\"290\" \/>\n\t<meta property=\"og:image:type\" content=\"image\/jpeg\" \/>\n<meta name=\"author\" content=\"hudo\" \/>\n<meta name=\"twitter:card\" content=\"summary_large_image\" \/>\n<meta name=\"twitter:creator\" content=\"@hudo_si\" \/>\n<meta name=\"twitter:site\" content=\"@hudo_si\" \/>\n<meta name=\"twitter:label1\" content=\"Written by\" \/>\n\t<meta name=\"twitter:data1\" content=\"hudo\" \/>\n\t<meta name=\"twitter:label2\" content=\"Est. reading time\" \/>\n\t<meta name=\"twitter:data2\" content=\"1 minuta\" \/>\n<script type=\"application\/ld+json\" class=\"yoast-schema-graph\">{\"@context\":\"https:\/\/schema.org\",\"@graph\":[{\"@type\":\"Article\",\"@id\":\"https:\/\/hudo.com\/si\/aktualno\/v-mislinjski-dobravi-umrl-27-letni-voznik\/#article\",\"isPartOf\":{\"@id\":\"https:\/\/hudo.com\/si\/aktualno\/v-mislinjski-dobravi-umrl-27-letni-voznik\/\"},\"author\":{\"name\":\"hudo\",\"@id\":\"https:\/\/hudo.com\/si\/#\/schema\/person\/601cf3379633985b20f7e50f2bb47707\"},\"headline\":\"V Mislinjski Dobravi umrl 27-letni voznik\",\"datePublished\":\"2016-04-14T06:16:00+00:00\",\"dateModified\":\"2016-04-14T10:06:28+00:00\",\"mainEntityOfPage\":{\"@id\":\"https:\/\/hudo.com\/si\/aktualno\/v-mislinjski-dobravi-umrl-27-letni-voznik\/\"},\"wordCount\":156,\"publisher\":{\"@id\":\"https:\/\/hudo.com\/si\/#organization\"},\"articleSection\":[\"Aktualno\"],\"inLanguage\":\"sl-SI\"},{\"@type\":\"WebPage\",\"@id\":\"https:\/\/hudo.com\/si\/aktualno\/v-mislinjski-dobravi-umrl-27-letni-voznik\/\",\"url\":\"https:\/\/hudo.com\/si\/aktualno\/v-mislinjski-dobravi-umrl-27-letni-voznik\/\",\"name\":\"V Mislinjski Dobravi umrl 27-letni voznik - Hudo Slovenija\",\"isPartOf\":{\"@id\":\"https:\/\/hudo.com\/si\/#website\"},\"datePublished\":\"2016-04-14T06:16:00+00:00\",\"dateModified\":\"2016-04-14T10:06:28+00:00\",\"breadcrumb\":{\"@id\":\"https:\/\/hudo.com\/si\/aktualno\/v-mislinjski-dobravi-umrl-27-letni-voznik\/#breadcrumb\"},\"inLanguage\":\"sl-SI\",\"potentialAction\":[{\"@type\":\"ReadAction\",\"target\":[\"https:\/\/hudo.com\/si\/aktualno\/v-mislinjski-dobravi-umrl-27-letni-voznik\/\"]}]},{\"@type\":\"BreadcrumbList\",\"@id\":\"https:\/\/hudo.com\/si\/aktualno\/v-mislinjski-dobravi-umrl-27-letni-voznik\/#breadcrumb\",\"itemListElement\":[{\"@type\":\"ListItem\",\"position\":1,\"name\":\"Home\",\"item\":\"https:\/\/hudo.com\/si\/\"},{\"@type\":\"ListItem\",\"position\":2,\"name\":\"V Mislinjski Dobravi umrl 27-letni voznik\"}]},{\"@type\":\"WebSite\",\"@id\":\"https:\/\/hudo.com\/si\/#website\",\"url\":\"https:\/\/hudo.com\/si\/\",\"name\":\"Hudo Slovenija\",\"description\":\"Vse novice iz Slovenije in sveta\",\"publisher\":{\"@id\":\"https:\/\/hudo.com\/si\/#organization\"},\"potentialAction\":[{\"@type\":\"SearchAction\",\"target\":{\"@type\":\"EntryPoint\",\"urlTemplate\":\"https:\/\/hudo.com\/si\/?s={search_term_string}\"},\"query-input\":\"required name=search_term_string\"}],\"inLanguage\":\"sl-SI\"},{\"@type\":\"Organization\",\"@id\":\"https:\/\/hudo.com\/si\/#organization\",\"name\":\"VSN Media\",\"url\":\"https:\/\/hudo.com\/si\/\",\"logo\":{\"@type\":\"ImageObject\",\"inLanguage\":\"sl-SI\",\"@id\":\"https:\/\/hudo.com\/si\/#\/schema\/logo\/image\/\",\"url\":\"https:\/\/hudo.com\/si\/wp-content\/uploads\/sites\/2\/2021\/03\/hudo-app-2.png\",\"contentUrl\":\"https:\/\/hudo.com\/si\/wp-content\/uploads\/sites\/2\/2021\/03\/hudo-app-2.png\",\"width\":2185,\"height\":2167,\"caption\":\"VSN Media\"},\"image\":{\"@id\":\"https:\/\/hudo.com\/si\/#\/schema\/logo\/image\/\"},\"sameAs\":[\"https:\/\/www.facebook.com\/hudo.si\",\"https:\/\/twitter.com\/hudo_si\"]},{\"@type\":\"Person\",\"@id\":\"https:\/\/hudo.com\/si\/#\/schema\/person\/601cf3379633985b20f7e50f2bb47707\",\"name\":\"hudo\",\"image\":{\"@type\":\"ImageObject\",\"inLanguage\":\"sl-SI\",\"@id\":\"https:\/\/hudo.com\/si\/#\/schema\/person\/image\/\",\"url\":\"https:\/\/secure.gravatar.com\/avatar\/c4ca25fa72cace7a696b52ff5db9e095?s=96&d=mm&r=g\",\"contentUrl\":\"https:\/\/secure.gravatar.com\/avatar\/c4ca25fa72cace7a696b52ff5db9e095?s=96&d=mm&r=g\",\"caption\":\"hudo\"},\"url\":\"https:\/\/hudo.com\/si\/author\/hudo\/\"}]}<\/script>\n<!-- \/ Yoast SEO plugin. -->","yoast_head_json":{"title":"V Mislinjski Dobravi umrl 27-letni voznik - Hudo Slovenija","robots":{"index":"index","follow":"follow","max-snippet":"max-snippet:-1","max-image-preview":"max-image-preview:large","max-video-preview":"max-video-preview:-1"},"canonical":"https:\/\/hudo.com\/si\/aktualno\/v-mislinjski-dobravi-umrl-27-letni-voznik\/","og_locale":"sl_SI","og_type":"article","og_title":"V Mislinjski Dobravi umrl 27-letni voznik - Hudo Slovenija","og_description":"Kategorija: Kronika Thu, 14 Apr 2016 10:16:00 +0200 Slovenj Gradec \u2212 V \u010delnem tr\u010denju, ki se je na glavni cesti Slovenj Gradec\u2212Velenje v Mislinjski Dobravi zgodilo danes zjutraj, je umrl 27-letni voznik osebnega vozila. Njegova sopotnica in domnevni povzro\u010ditelj nesre\u010de sta hudo po\u0161kodovana, so sporo\u010dili s PU Celje. Cesta je bila zaprta ve\u010d ur, po podatkih prometnoinformacijskega centra so promet zdaj \u017ee sprostili. Prometna nesre\u010da se je po podatkih Policijske uprave (PU) Celje zgodila okoli \u0161este ure zjutraj, ogled kraja prometne nesre\u010de pa \u0161e poteka. Po prvih podatkih je prometno nesre\u010do povzro\u010dil domnevno voznik osebnega vozila, ki je vozil iz Slovenj Gradca proti Mislinji. Med prehitevanjem je \u010delno tr\u010dil v nasproti voze\u010de vozilo, ki ga je pravilno pripeljal 27-letni voznik. Ta je na kraju nesre\u010de umrl. To je leto\u0161nja \u0161esta smrtna \u017ertev prometnih nesre\u010d na cestah na obmo\u010dju PU Celje. \u00a0\u00a0...","og_url":"https:\/\/hudo.com\/si\/aktualno\/v-mislinjski-dobravi-umrl-27-letni-voznik\/","og_site_name":"Hudo Slovenija","article_publisher":"https:\/\/www.facebook.com\/hudo.si","article_published_time":"2016-04-14T06:16:00+00:00","article_modified_time":"2016-04-14T10:06:28+00:00","og_image":[{"width":480,"height":290,"url":"https:\/\/hudo.com\/si\/wp-content\/uploads\/sites\/2\/2016\/04\/480x290_djvu_628380_spelap_zabkar-smrtna-KR.jpeg","type":"image\/jpeg"}],"author":"hudo","twitter_card":"summary_large_image","twitter_creator":"@hudo_si","twitter_site":"@hudo_si","twitter_misc":{"Written by":"hudo","Est. reading time":"1 minuta"},"schema":{"@context":"https:\/\/schema.org","@graph":[{"@type":"Article","@id":"https:\/\/hudo.com\/si\/aktualno\/v-mislinjski-dobravi-umrl-27-letni-voznik\/#article","isPartOf":{"@id":"https:\/\/hudo.com\/si\/aktualno\/v-mislinjski-dobravi-umrl-27-letni-voznik\/"},"author":{"name":"hudo","@id":"https:\/\/hudo.com\/si\/#\/schema\/person\/601cf3379633985b20f7e50f2bb47707"},"headline":"V Mislinjski Dobravi umrl 27-letni voznik","datePublished":"2016-04-14T06:16:00+00:00","dateModified":"2016-04-14T10:06:28+00:00","mainEntityOfPage":{"@id":"https:\/\/hudo.com\/si\/aktualno\/v-mislinjski-dobravi-umrl-27-letni-voznik\/"},"wordCount":156,"publisher":{"@id":"https:\/\/hudo.com\/si\/#organization"},"articleSection":["Aktualno"],"inLanguage":"sl-SI"},{"@type":"WebPage","@id":"https:\/\/hudo.com\/si\/aktualno\/v-mislinjski-dobravi-umrl-27-letni-voznik\/","url":"https:\/\/hudo.com\/si\/aktualno\/v-mislinjski-dobravi-umrl-27-letni-voznik\/","name":"V Mislinjski Dobravi umrl 27-letni voznik - Hudo Slovenija","isPartOf":{"@id":"https:\/\/hudo.com\/si\/#website"},"datePublished":"2016-04-14T06:16:00+00:00","dateModified":"2016-04-14T10:06:28+00:00","breadcrumb":{"@id":"https:\/\/hudo.com\/si\/aktualno\/v-mislinjski-dobravi-umrl-27-letni-voznik\/#breadcrumb"},"inLanguage":"sl-SI","potentialAction":[{"@type":"ReadAction","target":["https:\/\/hudo.com\/si\/aktualno\/v-mislinjski-dobravi-umrl-27-letni-voznik\/"]}]},{"@type":"BreadcrumbList","@id":"https:\/\/hudo.com\/si\/aktualno\/v-mislinjski-dobravi-umrl-27-letni-voznik\/#breadcrumb","itemListElement":[{"@type":"ListItem","position":1,"name":"Home","item":"https:\/\/hudo.com\/si\/"},{"@type":"ListItem","position":2,"name":"V Mislinjski Dobravi umrl 27-letni voznik"}]},{"@type":"WebSite","@id":"https:\/\/hudo.com\/si\/#website","url":"https:\/\/hudo.com\/si\/","name":"Hudo Slovenija","description":"Vse novice iz Slovenije in sveta","publisher":{"@id":"https:\/\/hudo.com\/si\/#organization"},"potentialAction":[{"@type":"SearchAction","target":{"@type":"EntryPoint","urlTemplate":"https:\/\/hudo.com\/si\/?s={search_term_string}"},"query-input":"required name=search_term_string"}],"inLanguage":"sl-SI"},{"@type":"Organization","@id":"https:\/\/hudo.com\/si\/#organization","name":"VSN Media","url":"https:\/\/hudo.com\/si\/","logo":{"@type":"ImageObject","inLanguage":"sl-SI","@id":"https:\/\/hudo.com\/si\/#\/schema\/logo\/image\/","url":"https:\/\/hudo.com\/si\/wp-content\/uploads\/sites\/2\/2021\/03\/hudo-app-2.png","contentUrl":"https:\/\/hudo.com\/si\/wp-content\/uploads\/sites\/2\/2021\/03\/hudo-app-2.png","width":2185,"height":2167,"caption":"VSN Media"},"image":{"@id":"https:\/\/hudo.com\/si\/#\/schema\/logo\/image\/"},"sameAs":["https:\/\/www.facebook.com\/hudo.si","https:\/\/twitter.com\/hudo_si"]},{"@type":"Person","@id":"https:\/\/hudo.com\/si\/#\/schema\/person\/601cf3379633985b20f7e50f2bb47707","name":"hudo","image":{"@type":"ImageObject","inLanguage":"sl-SI","@id":"https:\/\/hudo.com\/si\/#\/schema\/person\/image\/","url":"https:\/\/secure.gravatar.com\/avatar\/c4ca25fa72cace7a696b52ff5db9e095?s=96&d=mm&r=g","contentUrl":"https:\/\/secure.gravatar.com\/avatar\/c4ca25fa72cace7a696b52ff5db9e095?s=96&d=mm&r=g","caption":"hudo"},"url":"https:\/\/hudo.com\/si\/author\/hudo\/"}]}},"amp_enabled":true,"_links":{"self":[{"href":"https:\/\/hudo.com\/si\/wp-json\/wp\/v2\/posts\/29280"}],"collection":[{"href":"https:\/\/hudo.com\/si\/wp-json\/wp\/v2\/posts"}],"about":[{"href":"https:\/\/hudo.com\/si\/wp-json\/wp\/v2\/types\/post"}],"author":[{"embeddable":true,"href":"https:\/\/hudo.com\/si\/wp-json\/wp\/v2\/users\/1"}],"replies":[{"embeddable":true,"href":"https:\/\/hudo.com\/si\/wp-json\/wp\/v2\/comments?post=29280"}],"version-history":[{"count":1,"href":"https:\/\/hudo.com\/si\/wp-json\/wp\/v2\/posts\/29280\/revisions"}],"predecessor-version":[{"id":29361,"href":"https:\/\/hudo.com\/si\/wp-json\/wp\/v2\/posts\/29280\/revisions\/29361"}],"wp:attachment":[{"href":"https:\/\/hudo.com\/si\/wp-json\/wp\/v2\/media?parent=29280"}],"wp:term":[{"taxonomy":"category","embeddable":true,"href":"https:\/\/hudo.com\/si\/wp-json\/wp\/v2\/categories?post=29280"},{"taxonomy":"post_tag","embeddable":true,"href":"https:\/\/hudo.com\/si\/wp-json\/wp\/v2\/tags?post=29280"},{"taxonomy":"source","embeddable":true,"href":"https:\/\/hudo.com\/si\/wp-json\/wp\/v2\/source?post=29280"},{"taxonomy":"supertag","embeddable":true,"href":"https:\/\/hudo.com\/si\/wp-json\/wp\/v2\/supertag?post=29280"}],"curies":[{"name":"wp","href":"https:\/\/api.w.org\/{rel}","templated":true}]}}