{"id":293105,"date":"2017-08-30T19:03:05","date_gmt":"2017-08-30T17:03:05","guid":{"rendered":"http:\/\/hudo.com\/si\/?p=293105"},"modified":"2017-08-30T19:03:05","modified_gmt":"2017-08-30T17:03:05","slug":"premier-cerar-pricakuje-jasno-porocilo-o-primeru-smrti-dojencka-ukrepanje-pristojnih-organov","status":"publish","type":"post","link":"https:\/\/hudo.com\/si\/aktualno\/premier-cerar-pricakuje-jasno-porocilo-o-primeru-smrti-dojencka-ukrepanje-pristojnih-organov\/","title":{"rendered":"Premier Cerar pri\u010dakuje jasno poro\u010dilo o primeru smrti dojen\u010dka in ukrepanje pristojnih organov"},"content":{"rendered":"<p>&#8220;Tak\u0161ne prakse moramo presekati, odpraviti,&#8221; je dejal predsednik vlade medijem ob robu obiska Agre in dodal, da je treba izbolj\u0161ati kakovost javnega zdravstva in skraj\u0161ati \u010dakalne vrste.<\/p>\n<p>V Univerzitetnem klini\u010dnem centru (UKC) Ljubljana je namre\u010d v za\u010detku oktobra 2015 umrl 37 dni star dojen\u010dek s prirojeno sr\u010dno napako. Analiza primera je pokazala, da bi bilo smrt mo\u017eno prepre\u010diti, \u010de bi se zdravniki pred diagnosti\u010dnim posegom, med katerim je umrl, bolj pripravili, izpostavlja pa tudi sistemske te\u017eave. Zaradi tega je bila zoper dva zdravnika, Toma\u017ea Podnarja in Sama Vesela, vlo\u017eena anonimna kazenska ovadba zaradi suma malomarnega zdravljenja. Slednja sta o\u010ditke v poro\u010dilu zanikala.<\/p>\n<p>Ministrica Milojka Kolar Celarc od vodstva UKC zahteva poro\u010dilo o tem dogodku. Na UKC Ljubljana so sicer v torek zatrdili, da je bilo vodstvo \u0161ele v torek seznanjeno z analizo. Ob tem pa so navedli, da je vodstvo primer \u017ee pred \u010dasom predalo zdravni\u0161ki zbornici, ki pa da junija letos ni ugotovila strokovnih pomanjkljivosti.<\/p>\n<p>Iz zbornice so danes sporo\u010dili, da so poslali vabili vodstvu ministrstva za zdravje in UKC Ljubljani na delovno sre\u010danje z namenom, da bi ponovno preu\u010dili uresni\u010devanje priporo\u010dil mednarodnega nadzora iz poro\u010dila o delovanju otro\u0161ke sr\u010dne kirurgije ter da bi se v najkraj\u0161em mo\u017enem \u010dasu uredile razmere.<\/p>\n","protected":false},"excerpt":{"rendered":"<p>Premier Miro Cerar je dejal, da je \u0161okiran in pretresen zaradi dogodka na UKC Ljubljana, kjer je v za\u010detku oktobra 2015 umrl dojen\u010dek, po analizi primera pa bi bilo smrt mo\u017eno prepre\u010diti. Kot je dejal, tako kot ministrica za zdravje pri\u010dakuje jasno poro\u010dilo in da bodo predstavniki vlade in pristojni organi v UKC odlo\u010dno ukrepali.<\/p>\n","protected":false},"author":8,"featured_media":272262,"comment_status":"closed","ping_status":"closed","sticky":false,"template":"","format":"standard","meta":{"footnotes":""},"categories":[1179],"tags":[2173,1595],"source":[4511],"supertag":[],"acf":[],"yoast_head":"<!-- This site is optimized with the Yoast SEO plugin v21.3 - https:\/\/yoast.com\/wordpress\/plugins\/seo\/ -->\n<title>Premier Cerar pri\u010dakuje jasno poro\u010dilo o primeru smrti dojen\u010dka in ukrepanje pristojnih organov - Hudo Slovenija<\/title>\n<meta name=\"robots\" content=\"index, follow, max-snippet:-1, max-image-preview:large, max-video-preview:-1\" \/>\n<link rel=\"canonical\" href=\"https:\/\/hudo.com\/si\/aktualno\/premier-cerar-pricakuje-jasno-porocilo-o-primeru-smrti-dojencka-ukrepanje-pristojnih-organov\/\" \/>\n<meta property=\"og:locale\" content=\"sl_SI\" \/>\n<meta property=\"og:type\" content=\"article\" \/>\n<meta property=\"og:title\" content=\"Premier Cerar pri\u010dakuje jasno poro\u010dilo o primeru smrti dojen\u010dka in ukrepanje pristojnih organov - Hudo Slovenija\" \/>\n<meta property=\"og:description\" content=\"Premier Miro Cerar je dejal, da je \u0161okiran in pretresen zaradi dogodka na UKC Ljubljana, kjer je v za\u010detku oktobra 2015 umrl dojen\u010dek, po analizi primera pa bi bilo smrt mo\u017eno prepre\u010diti. Kot je dejal, tako kot ministrica za zdravje pri\u010dakuje jasno poro\u010dilo in da bodo predstavniki vlade in pristojni organi v UKC odlo\u010dno ukrepali.\" \/>\n<meta property=\"og:url\" content=\"https:\/\/hudo.com\/si\/aktualno\/premier-cerar-pricakuje-jasno-porocilo-o-primeru-smrti-dojencka-ukrepanje-pristojnih-organov\/\" \/>\n<meta property=\"og:site_name\" content=\"Hudo Slovenija\" \/>\n<meta property=\"article:publisher\" content=\"https:\/\/www.facebook.com\/hudo.si\" \/>\n<meta property=\"article:published_time\" content=\"2017-08-30T17:03:05+00:00\" \/>\n<meta property=\"og:image\" content=\"https:\/\/hudo.com\/si\/wp-content\/uploads\/sites\/2\/2017\/06\/profimedia-0339648424.jpg\" \/>\n\t<meta property=\"og:image:width\" content=\"1250\" \/>\n\t<meta property=\"og:image:height\" content=\"833\" \/>\n\t<meta property=\"og:image:type\" content=\"image\/jpeg\" \/>\n<meta name=\"author\" content=\"M. N., STA\" \/>\n<meta name=\"twitter:card\" content=\"summary_large_image\" \/>\n<meta name=\"twitter:creator\" content=\"@hudo_si\" \/>\n<meta name=\"twitter:site\" content=\"@hudo_si\" \/>\n<meta name=\"twitter:label1\" content=\"Written by\" \/>\n\t<meta name=\"twitter:data1\" content=\"M. N., STA\" \/>\n\t<meta name=\"twitter:label2\" content=\"Est. reading time\" \/>\n\t<meta name=\"twitter:data2\" content=\"1 minuta\" \/>\n<script type=\"application\/ld+json\" class=\"yoast-schema-graph\">{\"@context\":\"https:\/\/schema.org\",\"@graph\":[{\"@type\":\"Article\",\"@id\":\"https:\/\/hudo.com\/si\/aktualno\/premier-cerar-pricakuje-jasno-porocilo-o-primeru-smrti-dojencka-ukrepanje-pristojnih-organov\/#article\",\"isPartOf\":{\"@id\":\"https:\/\/hudo.com\/si\/aktualno\/premier-cerar-pricakuje-jasno-porocilo-o-primeru-smrti-dojencka-ukrepanje-pristojnih-organov\/\"},\"author\":{\"name\":\"M. N., STA\",\"@id\":\"https:\/\/hudo.com\/si\/#\/schema\/person\/c2f10ce65d2e6ede2aeda5be2a0611fa\"},\"headline\":\"Premier Cerar pri\u010dakuje jasno poro\u010dilo o primeru smrti dojen\u010dka in ukrepanje pristojnih organov\",\"datePublished\":\"2017-08-30T17:03:05+00:00\",\"dateModified\":\"2017-08-30T17:03:05+00:00\",\"mainEntityOfPage\":{\"@id\":\"https:\/\/hudo.com\/si\/aktualno\/premier-cerar-pricakuje-jasno-porocilo-o-primeru-smrti-dojencka-ukrepanje-pristojnih-organov\/\"},\"wordCount\":243,\"publisher\":{\"@id\":\"https:\/\/hudo.com\/si\/#organization\"},\"keywords\":[\"Miro Cerar\",\"Slovenija\"],\"articleSection\":[\"Aktualno\"],\"inLanguage\":\"sl-SI\"},{\"@type\":\"WebPage\",\"@id\":\"https:\/\/hudo.com\/si\/aktualno\/premier-cerar-pricakuje-jasno-porocilo-o-primeru-smrti-dojencka-ukrepanje-pristojnih-organov\/\",\"url\":\"https:\/\/hudo.com\/si\/aktualno\/premier-cerar-pricakuje-jasno-porocilo-o-primeru-smrti-dojencka-ukrepanje-pristojnih-organov\/\",\"name\":\"Premier Cerar pri\u010dakuje jasno poro\u010dilo o primeru smrti dojen\u010dka in ukrepanje pristojnih organov - Hudo Slovenija\",\"isPartOf\":{\"@id\":\"https:\/\/hudo.com\/si\/#website\"},\"datePublished\":\"2017-08-30T17:03:05+00:00\",\"dateModified\":\"2017-08-30T17:03:05+00:00\",\"breadcrumb\":{\"@id\":\"https:\/\/hudo.com\/si\/aktualno\/premier-cerar-pricakuje-jasno-porocilo-o-primeru-smrti-dojencka-ukrepanje-pristojnih-organov\/#breadcrumb\"},\"inLanguage\":\"sl-SI\",\"potentialAction\":[{\"@type\":\"ReadAction\",\"target\":[\"https:\/\/hudo.com\/si\/aktualno\/premier-cerar-pricakuje-jasno-porocilo-o-primeru-smrti-dojencka-ukrepanje-pristojnih-organov\/\"]}]},{\"@type\":\"BreadcrumbList\",\"@id\":\"https:\/\/hudo.com\/si\/aktualno\/premier-cerar-pricakuje-jasno-porocilo-o-primeru-smrti-dojencka-ukrepanje-pristojnih-organov\/#breadcrumb\",\"itemListElement\":[{\"@type\":\"ListItem\",\"position\":1,\"name\":\"Home\",\"item\":\"https:\/\/hudo.com\/si\/\"},{\"@type\":\"ListItem\",\"position\":2,\"name\":\"Premier Cerar pri\u010dakuje jasno poro\u010dilo o primeru smrti dojen\u010dka in ukrepanje pristojnih organov\"}]},{\"@type\":\"WebSite\",\"@id\":\"https:\/\/hudo.com\/si\/#website\",\"url\":\"https:\/\/hudo.com\/si\/\",\"name\":\"Hudo Slovenija\",\"description\":\"Vse novice iz Slovenije in sveta\",\"publisher\":{\"@id\":\"https:\/\/hudo.com\/si\/#organization\"},\"potentialAction\":[{\"@type\":\"SearchAction\",\"target\":{\"@type\":\"EntryPoint\",\"urlTemplate\":\"https:\/\/hudo.com\/si\/?s={search_term_string}\"},\"query-input\":\"required name=search_term_string\"}],\"inLanguage\":\"sl-SI\"},{\"@type\":\"Organization\",\"@id\":\"https:\/\/hudo.com\/si\/#organization\",\"name\":\"VSN Media\",\"url\":\"https:\/\/hudo.com\/si\/\",\"logo\":{\"@type\":\"ImageObject\",\"inLanguage\":\"sl-SI\",\"@id\":\"https:\/\/hudo.com\/si\/#\/schema\/logo\/image\/\",\"url\":\"https:\/\/hudo.com\/si\/wp-content\/uploads\/sites\/2\/2021\/03\/hudo-app-2.png\",\"contentUrl\":\"https:\/\/hudo.com\/si\/wp-content\/uploads\/sites\/2\/2021\/03\/hudo-app-2.png\",\"width\":2185,\"height\":2167,\"caption\":\"VSN Media\"},\"image\":{\"@id\":\"https:\/\/hudo.com\/si\/#\/schema\/logo\/image\/\"},\"sameAs\":[\"https:\/\/www.facebook.com\/hudo.si\",\"https:\/\/twitter.com\/hudo_si\"]},{\"@type\":\"Person\",\"@id\":\"https:\/\/hudo.com\/si\/#\/schema\/person\/c2f10ce65d2e6ede2aeda5be2a0611fa\",\"name\":\"M. N., STA\",\"image\":{\"@type\":\"ImageObject\",\"inLanguage\":\"sl-SI\",\"@id\":\"https:\/\/hudo.com\/si\/#\/schema\/person\/image\/\",\"url\":\"https:\/\/secure.gravatar.com\/avatar\/f370d38daa10467f755c5c766a4cac20?s=96&d=mm&r=g\",\"contentUrl\":\"https:\/\/secure.gravatar.com\/avatar\/f370d38daa10467f755c5c766a4cac20?s=96&d=mm&r=g\",\"caption\":\"M. N., STA\"},\"url\":\"https:\/\/hudo.com\/si\/author\/mana\/\"}]}<\/script>\n<!-- \/ Yoast SEO plugin. -->","yoast_head_json":{"title":"Premier Cerar pri\u010dakuje jasno poro\u010dilo o primeru smrti dojen\u010dka in ukrepanje pristojnih organov - Hudo Slovenija","robots":{"index":"index","follow":"follow","max-snippet":"max-snippet:-1","max-image-preview":"max-image-preview:large","max-video-preview":"max-video-preview:-1"},"canonical":"https:\/\/hudo.com\/si\/aktualno\/premier-cerar-pricakuje-jasno-porocilo-o-primeru-smrti-dojencka-ukrepanje-pristojnih-organov\/","og_locale":"sl_SI","og_type":"article","og_title":"Premier Cerar pri\u010dakuje jasno poro\u010dilo o primeru smrti dojen\u010dka in ukrepanje pristojnih organov - Hudo Slovenija","og_description":"Premier Miro Cerar je dejal, da je \u0161okiran in pretresen zaradi dogodka na UKC Ljubljana, kjer je v za\u010detku oktobra 2015 umrl dojen\u010dek, po analizi primera pa bi bilo smrt mo\u017eno prepre\u010diti. Kot je dejal, tako kot ministrica za zdravje pri\u010dakuje jasno poro\u010dilo in da bodo predstavniki vlade in pristojni organi v UKC odlo\u010dno ukrepali.","og_url":"https:\/\/hudo.com\/si\/aktualno\/premier-cerar-pricakuje-jasno-porocilo-o-primeru-smrti-dojencka-ukrepanje-pristojnih-organov\/","og_site_name":"Hudo Slovenija","article_publisher":"https:\/\/www.facebook.com\/hudo.si","article_published_time":"2017-08-30T17:03:05+00:00","og_image":[{"width":1250,"height":833,"url":"https:\/\/hudo.com\/si\/wp-content\/uploads\/sites\/2\/2017\/06\/profimedia-0339648424.jpg","type":"image\/jpeg"}],"author":"M. N., STA","twitter_card":"summary_large_image","twitter_creator":"@hudo_si","twitter_site":"@hudo_si","twitter_misc":{"Written by":"M. N., STA","Est. reading time":"1 minuta"},"schema":{"@context":"https:\/\/schema.org","@graph":[{"@type":"Article","@id":"https:\/\/hudo.com\/si\/aktualno\/premier-cerar-pricakuje-jasno-porocilo-o-primeru-smrti-dojencka-ukrepanje-pristojnih-organov\/#article","isPartOf":{"@id":"https:\/\/hudo.com\/si\/aktualno\/premier-cerar-pricakuje-jasno-porocilo-o-primeru-smrti-dojencka-ukrepanje-pristojnih-organov\/"},"author":{"name":"M. N., STA","@id":"https:\/\/hudo.com\/si\/#\/schema\/person\/c2f10ce65d2e6ede2aeda5be2a0611fa"},"headline":"Premier Cerar pri\u010dakuje jasno poro\u010dilo o primeru smrti dojen\u010dka in ukrepanje pristojnih organov","datePublished":"2017-08-30T17:03:05+00:00","dateModified":"2017-08-30T17:03:05+00:00","mainEntityOfPage":{"@id":"https:\/\/hudo.com\/si\/aktualno\/premier-cerar-pricakuje-jasno-porocilo-o-primeru-smrti-dojencka-ukrepanje-pristojnih-organov\/"},"wordCount":243,"publisher":{"@id":"https:\/\/hudo.com\/si\/#organization"},"keywords":["Miro Cerar","Slovenija"],"articleSection":["Aktualno"],"inLanguage":"sl-SI"},{"@type":"WebPage","@id":"https:\/\/hudo.com\/si\/aktualno\/premier-cerar-pricakuje-jasno-porocilo-o-primeru-smrti-dojencka-ukrepanje-pristojnih-organov\/","url":"https:\/\/hudo.com\/si\/aktualno\/premier-cerar-pricakuje-jasno-porocilo-o-primeru-smrti-dojencka-ukrepanje-pristojnih-organov\/","name":"Premier Cerar pri\u010dakuje jasno poro\u010dilo o primeru smrti dojen\u010dka in ukrepanje pristojnih organov - Hudo Slovenija","isPartOf":{"@id":"https:\/\/hudo.com\/si\/#website"},"datePublished":"2017-08-30T17:03:05+00:00","dateModified":"2017-08-30T17:03:05+00:00","breadcrumb":{"@id":"https:\/\/hudo.com\/si\/aktualno\/premier-cerar-pricakuje-jasno-porocilo-o-primeru-smrti-dojencka-ukrepanje-pristojnih-organov\/#breadcrumb"},"inLanguage":"sl-SI","potentialAction":[{"@type":"ReadAction","target":["https:\/\/hudo.com\/si\/aktualno\/premier-cerar-pricakuje-jasno-porocilo-o-primeru-smrti-dojencka-ukrepanje-pristojnih-organov\/"]}]},{"@type":"BreadcrumbList","@id":"https:\/\/hudo.com\/si\/aktualno\/premier-cerar-pricakuje-jasno-porocilo-o-primeru-smrti-dojencka-ukrepanje-pristojnih-organov\/#breadcrumb","itemListElement":[{"@type":"ListItem","position":1,"name":"Home","item":"https:\/\/hudo.com\/si\/"},{"@type":"ListItem","position":2,"name":"Premier Cerar pri\u010dakuje jasno poro\u010dilo o primeru smrti dojen\u010dka in ukrepanje pristojnih organov"}]},{"@type":"WebSite","@id":"https:\/\/hudo.com\/si\/#website","url":"https:\/\/hudo.com\/si\/","name":"Hudo Slovenija","description":"Vse novice iz Slovenije in sveta","publisher":{"@id":"https:\/\/hudo.com\/si\/#organization"},"potentialAction":[{"@type":"SearchAction","target":{"@type":"EntryPoint","urlTemplate":"https:\/\/hudo.com\/si\/?s={search_term_string}"},"query-input":"required name=search_term_string"}],"inLanguage":"sl-SI"},{"@type":"Organization","@id":"https:\/\/hudo.com\/si\/#organization","name":"VSN Media","url":"https:\/\/hudo.com\/si\/","logo":{"@type":"ImageObject","inLanguage":"sl-SI","@id":"https:\/\/hudo.com\/si\/#\/schema\/logo\/image\/","url":"https:\/\/hudo.com\/si\/wp-content\/uploads\/sites\/2\/2021\/03\/hudo-app-2.png","contentUrl":"https:\/\/hudo.com\/si\/wp-content\/uploads\/sites\/2\/2021\/03\/hudo-app-2.png","width":2185,"height":2167,"caption":"VSN Media"},"image":{"@id":"https:\/\/hudo.com\/si\/#\/schema\/logo\/image\/"},"sameAs":["https:\/\/www.facebook.com\/hudo.si","https:\/\/twitter.com\/hudo_si"]},{"@type":"Person","@id":"https:\/\/hudo.com\/si\/#\/schema\/person\/c2f10ce65d2e6ede2aeda5be2a0611fa","name":"M. N., STA","image":{"@type":"ImageObject","inLanguage":"sl-SI","@id":"https:\/\/hudo.com\/si\/#\/schema\/person\/image\/","url":"https:\/\/secure.gravatar.com\/avatar\/f370d38daa10467f755c5c766a4cac20?s=96&d=mm&r=g","contentUrl":"https:\/\/secure.gravatar.com\/avatar\/f370d38daa10467f755c5c766a4cac20?s=96&d=mm&r=g","caption":"M. N., STA"},"url":"https:\/\/hudo.com\/si\/author\/mana\/"}]}},"amp_enabled":true,"_links":{"self":[{"href":"https:\/\/hudo.com\/si\/wp-json\/wp\/v2\/posts\/293105"}],"collection":[{"href":"https:\/\/hudo.com\/si\/wp-json\/wp\/v2\/posts"}],"about":[{"href":"https:\/\/hudo.com\/si\/wp-json\/wp\/v2\/types\/post"}],"author":[{"embeddable":true,"href":"https:\/\/hudo.com\/si\/wp-json\/wp\/v2\/users\/8"}],"replies":[{"embeddable":true,"href":"https:\/\/hudo.com\/si\/wp-json\/wp\/v2\/comments?post=293105"}],"version-history":[{"count":1,"href":"https:\/\/hudo.com\/si\/wp-json\/wp\/v2\/posts\/293105\/revisions"}],"predecessor-version":[{"id":293106,"href":"https:\/\/hudo.com\/si\/wp-json\/wp\/v2\/posts\/293105\/revisions\/293106"}],"wp:featuredmedia":[{"embeddable":true,"href":"https:\/\/hudo.com\/si\/wp-json\/wp\/v2\/media\/272262"}],"wp:attachment":[{"href":"https:\/\/hudo.com\/si\/wp-json\/wp\/v2\/media?parent=293105"}],"wp:term":[{"taxonomy":"category","embeddable":true,"href":"https:\/\/hudo.com\/si\/wp-json\/wp\/v2\/categories?post=293105"},{"taxonomy":"post_tag","embeddable":true,"href":"https:\/\/hudo.com\/si\/wp-json\/wp\/v2\/tags?post=293105"},{"taxonomy":"source","embeddable":true,"href":"https:\/\/hudo.com\/si\/wp-json\/wp\/v2\/source?post=293105"},{"taxonomy":"supertag","embeddable":true,"href":"https:\/\/hudo.com\/si\/wp-json\/wp\/v2\/supertag?post=293105"}],"curies":[{"name":"wp","href":"https:\/\/api.w.org\/{rel}","templated":true}]}}