{"id":293114,"date":"2017-08-30T16:00:00","date_gmt":"2017-08-30T14:00:00","guid":{"rendered":"http:\/\/hudo.com\/si\/2017\/08\/30\/pariz-hoce-biti-v-srciki-civilizacijskih-sprememb\/"},"modified":"2017-08-30T16:00:00","modified_gmt":"2017-08-30T14:00:00","slug":"pariz-hoce-biti-v-srciki-civilizacijskih-sprememb","status":"publish","type":"post","link":"https:\/\/hudo.com\/si\/aktualno\/pariz-hoce-biti-v-srciki-civilizacijskih-sprememb\/","title":{"rendered":"Pariz ho\u010de biti v sr\u010diki civilizacijskih sprememb"},"content":{"rendered":"<p>Kategorija: Evropa Wed, 30 Aug 2017 18:00:00 +0200  Francija mora biti prostor, kjer se filozofsko, pravno in \u0161e druga\u010de vzpostavljajo nova pravila sodobnega, hitro spreminjajo\u010dega se sveta. V tem slogu je predsednik Emmanuel Macron v torek nagovoril doma\u010de veleposlanike, ki so se, kakor narekuje tradicija, zbrali na letnem sre\u010danju v Elizejski pala\u010di. Po svetu jih je razkropljenih kakih 170. Tri mesece po prevzemu polo\u017eaja je predsednik v grobem nakazal, kaj vse je pri\u010dakovati v francoski diplomaciji. V govoru, ki je trajal poldrugo uro in je bil, kot ga ocenjujejo neredki, \u00bbodli\u010dno\u00ab strukturiran, je zatrdil, da bodo prioritete tri: varnost, suverenost Francije in njen vpliv v svetu. V nekaterih analizah je brati, da bo Macronov zunanjepoliti\u010dni pristop drzen, po drugih celo tvegan, tretji, bolj zadr\u017eani, pa verjamejo, da bo treba skrbno bedeti nad tem, kolikokrat bo pre\u0161el od besed\u00a0&#8230;<\/p>\n","protected":false},"excerpt":{"rendered":"<p>Kategorija: Evropa Wed, 30 Aug 2017 18:00:00 +0200  Francija mora biti prostor, kjer se filozofsko, pravno in \u0161e druga\u010de vzpostavljajo nova pravila sodobnega, hitro spreminjajo\u010dega se sveta. V tem slogu je predsednik Emmanuel Macron v torek nagovoril doma\u010de veleposlanike, ki so se, kakor narekuje tradicija, zbrali na letnem sre\u010danju v Elizejski pala\u010di. Po svetu jih je razkropljenih kakih 170. Tri mesece po prevzemu polo\u017eaja je predsednik v grobem nakazal, kaj vse je pri\u010dakovati v francoski diplomaciji. V govoru, ki je trajal poldrugo uro in je bil, kot ga ocenjujejo neredki, \u00bbodli\u010dno\u00ab strukturiran, je zatrdil, da bodo prioritete tri: varnost, suverenost Francije in njen vpliv v svetu. V nekaterih analizah je brati, da bo Macronov zunanjepoliti\u010dni pristop drzen, po drugih celo tvegan, tretji, bolj zadr\u017eani, pa verjamejo, da bo treba skrbno bedeti nad tem, kolikokrat bo pre\u0161el od besed\u00a0&#8230;<\/p>\n","protected":false},"author":1,"featured_media":0,"comment_status":"closed","ping_status":"closed","sticky":false,"template":"","format":"standard","meta":{"footnotes":""},"categories":[1179],"tags":[],"source":[1703],"supertag":[],"acf":[],"yoast_head":"<!-- This site is optimized with the Yoast SEO plugin v21.3 - https:\/\/yoast.com\/wordpress\/plugins\/seo\/ -->\n<title>Pariz ho\u010de biti v sr\u010diki civilizacijskih sprememb - Hudo Slovenija<\/title>\n<meta name=\"robots\" content=\"index, follow, max-snippet:-1, max-image-preview:large, max-video-preview:-1\" \/>\n<link rel=\"canonical\" href=\"https:\/\/hudo.com\/si\/aktualno\/pariz-hoce-biti-v-srciki-civilizacijskih-sprememb\/\" \/>\n<meta property=\"og:locale\" content=\"sl_SI\" \/>\n<meta property=\"og:type\" content=\"article\" \/>\n<meta property=\"og:title\" content=\"Pariz ho\u010de biti v sr\u010diki civilizacijskih sprememb - Hudo Slovenija\" \/>\n<meta property=\"og:description\" content=\"Kategorija: Evropa Wed, 30 Aug 2017 18:00:00 +0200 Francija mora biti prostor, kjer se filozofsko, pravno in \u0161e druga\u010de vzpostavljajo nova pravila sodobnega, hitro spreminjajo\u010dega se sveta. V tem slogu je predsednik Emmanuel Macron v torek nagovoril doma\u010de veleposlanike, ki so se, kakor narekuje tradicija, zbrali na letnem sre\u010danju v Elizejski pala\u010di. Po svetu jih je razkropljenih kakih 170. Tri mesece po prevzemu polo\u017eaja je predsednik v grobem nakazal, kaj vse je pri\u010dakovati v francoski diplomaciji. V govoru, ki je trajal poldrugo uro in je bil, kot ga ocenjujejo neredki, \u00bbodli\u010dno\u00ab strukturiran, je zatrdil, da bodo prioritete tri: varnost, suverenost Francije in njen vpliv v svetu. V nekaterih analizah je brati, da bo Macronov zunanjepoliti\u010dni pristop drzen, po drugih celo tvegan, tretji, bolj zadr\u017eani, pa verjamejo, da bo treba skrbno bedeti nad tem, kolikokrat bo pre\u0161el od besed\u00a0...\" \/>\n<meta property=\"og:url\" content=\"https:\/\/hudo.com\/si\/aktualno\/pariz-hoce-biti-v-srciki-civilizacijskih-sprememb\/\" \/>\n<meta property=\"og:site_name\" content=\"Hudo Slovenija\" \/>\n<meta property=\"article:publisher\" content=\"https:\/\/www.facebook.com\/hudo.si\" \/>\n<meta property=\"article:published_time\" content=\"2017-08-30T14:00:00+00:00\" \/>\n<meta property=\"og:image\" content=\"https:\/\/hudo.com\/si\/wp-content\/uploads\/sites\/2\/2017\/08\/480x290_Zunanja__AFP_Photo_20170829_hires0.jpeg\" \/>\n\t<meta property=\"og:image:width\" content=\"480\" \/>\n\t<meta property=\"og:image:height\" content=\"290\" \/>\n\t<meta property=\"og:image:type\" content=\"image\/jpeg\" \/>\n<meta name=\"author\" content=\"hudo\" \/>\n<meta name=\"twitter:card\" content=\"summary_large_image\" \/>\n<meta name=\"twitter:creator\" content=\"@hudo_si\" \/>\n<meta name=\"twitter:site\" content=\"@hudo_si\" \/>\n<meta name=\"twitter:label1\" content=\"Written by\" \/>\n\t<meta name=\"twitter:data1\" content=\"hudo\" \/>\n\t<meta name=\"twitter:label2\" content=\"Est. reading time\" \/>\n\t<meta name=\"twitter:data2\" content=\"1 minuta\" \/>\n<script type=\"application\/ld+json\" class=\"yoast-schema-graph\">{\"@context\":\"https:\/\/schema.org\",\"@graph\":[{\"@type\":\"Article\",\"@id\":\"https:\/\/hudo.com\/si\/aktualno\/pariz-hoce-biti-v-srciki-civilizacijskih-sprememb\/#article\",\"isPartOf\":{\"@id\":\"https:\/\/hudo.com\/si\/aktualno\/pariz-hoce-biti-v-srciki-civilizacijskih-sprememb\/\"},\"author\":{\"name\":\"hudo\",\"@id\":\"https:\/\/hudo.com\/si\/#\/schema\/person\/601cf3379633985b20f7e50f2bb47707\"},\"headline\":\"Pariz ho\u010de biti v sr\u010diki civilizacijskih sprememb\",\"datePublished\":\"2017-08-30T14:00:00+00:00\",\"dateModified\":\"2017-08-30T14:00:00+00:00\",\"mainEntityOfPage\":{\"@id\":\"https:\/\/hudo.com\/si\/aktualno\/pariz-hoce-biti-v-srciki-civilizacijskih-sprememb\/\"},\"wordCount\":153,\"publisher\":{\"@id\":\"https:\/\/hudo.com\/si\/#organization\"},\"articleSection\":[\"Aktualno\"],\"inLanguage\":\"sl-SI\"},{\"@type\":\"WebPage\",\"@id\":\"https:\/\/hudo.com\/si\/aktualno\/pariz-hoce-biti-v-srciki-civilizacijskih-sprememb\/\",\"url\":\"https:\/\/hudo.com\/si\/aktualno\/pariz-hoce-biti-v-srciki-civilizacijskih-sprememb\/\",\"name\":\"Pariz ho\u010de biti v sr\u010diki civilizacijskih sprememb - Hudo Slovenija\",\"isPartOf\":{\"@id\":\"https:\/\/hudo.com\/si\/#website\"},\"datePublished\":\"2017-08-30T14:00:00+00:00\",\"dateModified\":\"2017-08-30T14:00:00+00:00\",\"breadcrumb\":{\"@id\":\"https:\/\/hudo.com\/si\/aktualno\/pariz-hoce-biti-v-srciki-civilizacijskih-sprememb\/#breadcrumb\"},\"inLanguage\":\"sl-SI\",\"potentialAction\":[{\"@type\":\"ReadAction\",\"target\":[\"https:\/\/hudo.com\/si\/aktualno\/pariz-hoce-biti-v-srciki-civilizacijskih-sprememb\/\"]}]},{\"@type\":\"BreadcrumbList\",\"@id\":\"https:\/\/hudo.com\/si\/aktualno\/pariz-hoce-biti-v-srciki-civilizacijskih-sprememb\/#breadcrumb\",\"itemListElement\":[{\"@type\":\"ListItem\",\"position\":1,\"name\":\"Home\",\"item\":\"https:\/\/hudo.com\/si\/\"},{\"@type\":\"ListItem\",\"position\":2,\"name\":\"Pariz ho\u010de biti v sr\u010diki civilizacijskih sprememb\"}]},{\"@type\":\"WebSite\",\"@id\":\"https:\/\/hudo.com\/si\/#website\",\"url\":\"https:\/\/hudo.com\/si\/\",\"name\":\"Hudo Slovenija\",\"description\":\"Vse novice iz Slovenije in sveta\",\"publisher\":{\"@id\":\"https:\/\/hudo.com\/si\/#organization\"},\"potentialAction\":[{\"@type\":\"SearchAction\",\"target\":{\"@type\":\"EntryPoint\",\"urlTemplate\":\"https:\/\/hudo.com\/si\/?s={search_term_string}\"},\"query-input\":\"required name=search_term_string\"}],\"inLanguage\":\"sl-SI\"},{\"@type\":\"Organization\",\"@id\":\"https:\/\/hudo.com\/si\/#organization\",\"name\":\"VSN Media\",\"url\":\"https:\/\/hudo.com\/si\/\",\"logo\":{\"@type\":\"ImageObject\",\"inLanguage\":\"sl-SI\",\"@id\":\"https:\/\/hudo.com\/si\/#\/schema\/logo\/image\/\",\"url\":\"https:\/\/hudo.com\/si\/wp-content\/uploads\/sites\/2\/2021\/03\/hudo-app-2.png\",\"contentUrl\":\"https:\/\/hudo.com\/si\/wp-content\/uploads\/sites\/2\/2021\/03\/hudo-app-2.png\",\"width\":2185,\"height\":2167,\"caption\":\"VSN Media\"},\"image\":{\"@id\":\"https:\/\/hudo.com\/si\/#\/schema\/logo\/image\/\"},\"sameAs\":[\"https:\/\/www.facebook.com\/hudo.si\",\"https:\/\/twitter.com\/hudo_si\"]},{\"@type\":\"Person\",\"@id\":\"https:\/\/hudo.com\/si\/#\/schema\/person\/601cf3379633985b20f7e50f2bb47707\",\"name\":\"hudo\",\"image\":{\"@type\":\"ImageObject\",\"inLanguage\":\"sl-SI\",\"@id\":\"https:\/\/hudo.com\/si\/#\/schema\/person\/image\/\",\"url\":\"https:\/\/secure.gravatar.com\/avatar\/c4ca25fa72cace7a696b52ff5db9e095?s=96&d=mm&r=g\",\"contentUrl\":\"https:\/\/secure.gravatar.com\/avatar\/c4ca25fa72cace7a696b52ff5db9e095?s=96&d=mm&r=g\",\"caption\":\"hudo\"},\"url\":\"https:\/\/hudo.com\/si\/author\/hudo\/\"}]}<\/script>\n<!-- \/ Yoast SEO plugin. -->","yoast_head_json":{"title":"Pariz ho\u010de biti v sr\u010diki civilizacijskih sprememb - Hudo Slovenija","robots":{"index":"index","follow":"follow","max-snippet":"max-snippet:-1","max-image-preview":"max-image-preview:large","max-video-preview":"max-video-preview:-1"},"canonical":"https:\/\/hudo.com\/si\/aktualno\/pariz-hoce-biti-v-srciki-civilizacijskih-sprememb\/","og_locale":"sl_SI","og_type":"article","og_title":"Pariz ho\u010de biti v sr\u010diki civilizacijskih sprememb - Hudo Slovenija","og_description":"Kategorija: Evropa Wed, 30 Aug 2017 18:00:00 +0200 Francija mora biti prostor, kjer se filozofsko, pravno in \u0161e druga\u010de vzpostavljajo nova pravila sodobnega, hitro spreminjajo\u010dega se sveta. V tem slogu je predsednik Emmanuel Macron v torek nagovoril doma\u010de veleposlanike, ki so se, kakor narekuje tradicija, zbrali na letnem sre\u010danju v Elizejski pala\u010di. Po svetu jih je razkropljenih kakih 170. Tri mesece po prevzemu polo\u017eaja je predsednik v grobem nakazal, kaj vse je pri\u010dakovati v francoski diplomaciji. V govoru, ki je trajal poldrugo uro in je bil, kot ga ocenjujejo neredki, \u00bbodli\u010dno\u00ab strukturiran, je zatrdil, da bodo prioritete tri: varnost, suverenost Francije in njen vpliv v svetu. V nekaterih analizah je brati, da bo Macronov zunanjepoliti\u010dni pristop drzen, po drugih celo tvegan, tretji, bolj zadr\u017eani, pa verjamejo, da bo treba skrbno bedeti nad tem, kolikokrat bo pre\u0161el od besed\u00a0...","og_url":"https:\/\/hudo.com\/si\/aktualno\/pariz-hoce-biti-v-srciki-civilizacijskih-sprememb\/","og_site_name":"Hudo Slovenija","article_publisher":"https:\/\/www.facebook.com\/hudo.si","article_published_time":"2017-08-30T14:00:00+00:00","og_image":[{"width":480,"height":290,"url":"https:\/\/hudo.com\/si\/wp-content\/uploads\/sites\/2\/2017\/08\/480x290_Zunanja__AFP_Photo_20170829_hires0.jpeg","type":"image\/jpeg"}],"author":"hudo","twitter_card":"summary_large_image","twitter_creator":"@hudo_si","twitter_site":"@hudo_si","twitter_misc":{"Written by":"hudo","Est. reading time":"1 minuta"},"schema":{"@context":"https:\/\/schema.org","@graph":[{"@type":"Article","@id":"https:\/\/hudo.com\/si\/aktualno\/pariz-hoce-biti-v-srciki-civilizacijskih-sprememb\/#article","isPartOf":{"@id":"https:\/\/hudo.com\/si\/aktualno\/pariz-hoce-biti-v-srciki-civilizacijskih-sprememb\/"},"author":{"name":"hudo","@id":"https:\/\/hudo.com\/si\/#\/schema\/person\/601cf3379633985b20f7e50f2bb47707"},"headline":"Pariz ho\u010de biti v sr\u010diki civilizacijskih sprememb","datePublished":"2017-08-30T14:00:00+00:00","dateModified":"2017-08-30T14:00:00+00:00","mainEntityOfPage":{"@id":"https:\/\/hudo.com\/si\/aktualno\/pariz-hoce-biti-v-srciki-civilizacijskih-sprememb\/"},"wordCount":153,"publisher":{"@id":"https:\/\/hudo.com\/si\/#organization"},"articleSection":["Aktualno"],"inLanguage":"sl-SI"},{"@type":"WebPage","@id":"https:\/\/hudo.com\/si\/aktualno\/pariz-hoce-biti-v-srciki-civilizacijskih-sprememb\/","url":"https:\/\/hudo.com\/si\/aktualno\/pariz-hoce-biti-v-srciki-civilizacijskih-sprememb\/","name":"Pariz ho\u010de biti v sr\u010diki civilizacijskih sprememb - Hudo Slovenija","isPartOf":{"@id":"https:\/\/hudo.com\/si\/#website"},"datePublished":"2017-08-30T14:00:00+00:00","dateModified":"2017-08-30T14:00:00+00:00","breadcrumb":{"@id":"https:\/\/hudo.com\/si\/aktualno\/pariz-hoce-biti-v-srciki-civilizacijskih-sprememb\/#breadcrumb"},"inLanguage":"sl-SI","potentialAction":[{"@type":"ReadAction","target":["https:\/\/hudo.com\/si\/aktualno\/pariz-hoce-biti-v-srciki-civilizacijskih-sprememb\/"]}]},{"@type":"BreadcrumbList","@id":"https:\/\/hudo.com\/si\/aktualno\/pariz-hoce-biti-v-srciki-civilizacijskih-sprememb\/#breadcrumb","itemListElement":[{"@type":"ListItem","position":1,"name":"Home","item":"https:\/\/hudo.com\/si\/"},{"@type":"ListItem","position":2,"name":"Pariz ho\u010de biti v sr\u010diki civilizacijskih sprememb"}]},{"@type":"WebSite","@id":"https:\/\/hudo.com\/si\/#website","url":"https:\/\/hudo.com\/si\/","name":"Hudo Slovenija","description":"Vse novice iz Slovenije in sveta","publisher":{"@id":"https:\/\/hudo.com\/si\/#organization"},"potentialAction":[{"@type":"SearchAction","target":{"@type":"EntryPoint","urlTemplate":"https:\/\/hudo.com\/si\/?s={search_term_string}"},"query-input":"required name=search_term_string"}],"inLanguage":"sl-SI"},{"@type":"Organization","@id":"https:\/\/hudo.com\/si\/#organization","name":"VSN Media","url":"https:\/\/hudo.com\/si\/","logo":{"@type":"ImageObject","inLanguage":"sl-SI","@id":"https:\/\/hudo.com\/si\/#\/schema\/logo\/image\/","url":"https:\/\/hudo.com\/si\/wp-content\/uploads\/sites\/2\/2021\/03\/hudo-app-2.png","contentUrl":"https:\/\/hudo.com\/si\/wp-content\/uploads\/sites\/2\/2021\/03\/hudo-app-2.png","width":2185,"height":2167,"caption":"VSN Media"},"image":{"@id":"https:\/\/hudo.com\/si\/#\/schema\/logo\/image\/"},"sameAs":["https:\/\/www.facebook.com\/hudo.si","https:\/\/twitter.com\/hudo_si"]},{"@type":"Person","@id":"https:\/\/hudo.com\/si\/#\/schema\/person\/601cf3379633985b20f7e50f2bb47707","name":"hudo","image":{"@type":"ImageObject","inLanguage":"sl-SI","@id":"https:\/\/hudo.com\/si\/#\/schema\/person\/image\/","url":"https:\/\/secure.gravatar.com\/avatar\/c4ca25fa72cace7a696b52ff5db9e095?s=96&d=mm&r=g","contentUrl":"https:\/\/secure.gravatar.com\/avatar\/c4ca25fa72cace7a696b52ff5db9e095?s=96&d=mm&r=g","caption":"hudo"},"url":"https:\/\/hudo.com\/si\/author\/hudo\/"}]}},"amp_enabled":true,"_links":{"self":[{"href":"https:\/\/hudo.com\/si\/wp-json\/wp\/v2\/posts\/293114"}],"collection":[{"href":"https:\/\/hudo.com\/si\/wp-json\/wp\/v2\/posts"}],"about":[{"href":"https:\/\/hudo.com\/si\/wp-json\/wp\/v2\/types\/post"}],"author":[{"embeddable":true,"href":"https:\/\/hudo.com\/si\/wp-json\/wp\/v2\/users\/1"}],"replies":[{"embeddable":true,"href":"https:\/\/hudo.com\/si\/wp-json\/wp\/v2\/comments?post=293114"}],"version-history":[{"count":0,"href":"https:\/\/hudo.com\/si\/wp-json\/wp\/v2\/posts\/293114\/revisions"}],"wp:attachment":[{"href":"https:\/\/hudo.com\/si\/wp-json\/wp\/v2\/media?parent=293114"}],"wp:term":[{"taxonomy":"category","embeddable":true,"href":"https:\/\/hudo.com\/si\/wp-json\/wp\/v2\/categories?post=293114"},{"taxonomy":"post_tag","embeddable":true,"href":"https:\/\/hudo.com\/si\/wp-json\/wp\/v2\/tags?post=293114"},{"taxonomy":"source","embeddable":true,"href":"https:\/\/hudo.com\/si\/wp-json\/wp\/v2\/source?post=293114"},{"taxonomy":"supertag","embeddable":true,"href":"https:\/\/hudo.com\/si\/wp-json\/wp\/v2\/supertag?post=293114"}],"curies":[{"name":"wp","href":"https:\/\/api.w.org\/{rel}","templated":true}]}}