{"id":293134,"date":"2017-08-30T16:20:00","date_gmt":"2017-08-30T14:20:00","guid":{"rendered":"http:\/\/hudo.com\/si\/2017\/08\/30\/po-vrnitvi-dareta-vrsica-ni-ne-prvi-ne-zadnji-ki-je-tako-reagiral\/"},"modified":"2017-08-30T16:20:00","modified_gmt":"2017-08-30T14:20:00","slug":"po-vrnitvi-dareta-vrsica-ni-ne-prvi-ne-zadnji-ki-je-tako-reagiral","status":"publish","type":"post","link":"https:\/\/hudo.com\/si\/aktualno\/po-vrnitvi-dareta-vrsica-ni-ne-prvi-ne-zadnji-ki-je-tako-reagiral\/","title":{"rendered":"Po vrnitvi Dareta Vr\u0161i\u010da: &#8220;Ni ne prvi ne zadnji, ki je tako reagiral&#8221;"},"content":{"rendered":"<p>Novica, da se\u00a0Dare Vr\u0161i\u010d\u00a0vra\u010da v Ljudski vrt, je v\u010deraj marsikoga presenetila. Zlasti ker se je Vr\u0161i\u010d po lanski sezoni, ko je bil najbolj\u0161i igralec slovenskega prvenstva, poslovil od Ljudskega vrta. Z Mariborom oziroma \u0161portnim direktorjem Zlatkom Zahovi\u010dem ni na\u0161el skupnega jezika pri vi\u0161ini nove pogodbe. Ali povedano druga\u010de, vezist iz Apa\u010d, nekdanji reprezentant, je pri\u010dakoval (pre)ve\u010d. Da gre v iskanje novega kluba, kjer bo lahko podpisal donosnej\u0161o pogodbo, je napovedal, \u010deprav ga je Miran Pavlin tudi javno nekajkrat opomnil, da ni ve\u010d v letih, ko je tak\u0161en scenarij zelo verjeten.\u00a0 Klub v tujini je iskal celo poletje. \u0160pekuliralo se je o Cipru, o Indiji, a ni\u010d. Vmes je treniral celo v Kidri\u010devem, pa skupaj z Renejem Miheli\u010dem. Nakar je tik pred koncem prestopnega roka sam prikorakal nazaj v Ljudski vrt. S \u0161portnim direktorjem sta se hitro dogovorila.\u00a0 Je tveganje za NK Maribor, da je v svoje vrste vrnil nekoga,\u00a0ki se \u0161e junija, ko so v klubu rezali stro\u0161ke, ni ve\u010d videl v vijoli\u010dastem? Je na koncu zmagal \u0161portni direktor, ki ni popustil v pogajanjih, in je Vr\u0161i\u010d zdaj moral pristati na bistveno druga\u010dne pogoje? Ali se je za Apa\u010dana celo dobro izteklo &#8211; igral bo v ligi prvakov, \u010deprav so kvalifikacije oddelali njegovi biv\u0161i in spet aktualni soigralci? Ima ta zgodba jasnega zmagovalca in pora\u017eenca ali jih v njej sploh ni?   Boris Vugrinec&#8221;>     Boris Vugrinec    Bojan Pra\u0161nikar, nekdanji trener Maribora in nekdanji selektor slovenske reprezentance: &#8220;Odlo\u010ditev je verjetno plod poznavanja razmer vseh vpletenih, kar je zunaj tega, je te\u017eko komentirati. Dejanske razmere in situacijo najbolje poznajo Vr\u0161i\u010d in klub. Spomladi je pokazal svoje kvalitete in je predstavljal pomemben \u010dlen mariborske ekipe, \u010de bo enako nadaljeval, je ta vrnitev izjemno koristna za obe strani. \u010ce pa nisi v centru dogajanja, je te\u017eko presoditi, kaj je dobro in kaj ni. Verjetno sta obe strani na koncu ugotovili, da je lahko ta vrnitev koristna. Maribor \u010daka izjemno te\u017eka jesen, igrati bodo moral<\/p>\n","protected":false},"excerpt":{"rendered":"<p>Novica, da se\u00a0Dare Vr\u0161i\u010d\u00a0vra\u010da v Ljudski vrt, je v\u010deraj marsikoga presenetila. Zlasti ker se je Vr\u0161i\u010d po lanski sezoni, ko je bil najbolj\u0161i igralec slovenskega prvenstva, poslovil od Ljudskega vrta. Z Mariborom oziroma \u0161portnim direktorjem Zlatkom Zahovi\u010dem ni na\u0161el skupnega jezika pri vi\u0161ini nove pogodbe. Ali povedano druga\u010de, vezist iz Apa\u010d, nekdanji reprezentant, je pri\u010dakoval (pre)ve\u010d. Da gre v iskanje novega kluba, kjer bo lahko podpisal donosnej\u0161o pogodbo, je napovedal, \u010deprav ga je Miran Pavlin tudi javno nekajkrat opomnil, da ni ve\u010d v letih, ko je tak\u0161en scenarij zelo verjeten.\u00a0 Klub v tujini je iskal celo poletje. \u0160pekuliralo se je o Cipru, o Indiji, a ni\u010d. Vmes je treniral celo v Kidri\u010devem, pa skupaj z Renejem Miheli\u010dem. Nakar je tik pred koncem prestopnega roka sam prikorakal nazaj v Ljudski vrt. S \u0161portnim direktorjem sta se hitro dogovorila.\u00a0 Je tveganje za NK Maribor, da je v svoje vrste vrnil nekoga,\u00a0ki se \u0161e junija, ko so v klubu rezali stro\u0161ke, ni ve\u010d videl v vijoli\u010dastem? Je na koncu zmagal \u0161portni direktor, ki ni popustil v pogajanjih, in je Vr\u0161i\u010d zdaj moral pristati na bistveno druga\u010dne pogoje? Ali se je za Apa\u010dana celo dobro izteklo &#8211; igral bo v ligi prvakov, \u010deprav so kvalifikacije oddelali njegovi biv\u0161i in spet aktualni soigralci? Ima ta zgodba jasnega zmagovalca in pora\u017eenca ali jih v njej sploh ni?   Boris Vugrinec&#8221;>     Boris Vugrinec    Bojan Pra\u0161nikar, nekdanji trener Maribora in nekdanji selektor slovenske reprezentance: &#8220;Odlo\u010ditev je verjetno plod poznavanja razmer vseh vpletenih, kar je zunaj tega, je te\u017eko komentirati. Dejanske razmere in situacijo najbolje poznajo Vr\u0161i\u010d in klub. Spomladi je pokazal svoje kvalitete in je predstavljal pomemben \u010dlen mariborske ekipe, \u010de bo enako nadaljeval, je ta vrnitev izjemno koristna za obe strani. \u010ce pa nisi v centru dogajanja, je te\u017eko presoditi, kaj je dobro in kaj ni. Verjetno sta obe strani na koncu ugotovili, da je lahko ta vrnitev koristna. Maribor \u010daka izjemno te\u017eka jesen, igrati bodo moral<\/p>\n","protected":false},"author":1,"featured_media":0,"comment_status":"closed","ping_status":"closed","sticky":false,"template":"","format":"standard","meta":{"footnotes":""},"categories":[1179],"tags":[],"source":[1711],"supertag":[],"acf":[],"yoast_head":"<!-- This site is optimized with the Yoast SEO plugin v21.3 - https:\/\/yoast.com\/wordpress\/plugins\/seo\/ -->\n<title>Po vrnitvi Dareta Vr\u0161i\u010da: &quot;Ni ne prvi ne zadnji, ki je tako reagiral&quot; - Hudo Slovenija<\/title>\n<meta name=\"robots\" content=\"index, follow, max-snippet:-1, max-image-preview:large, max-video-preview:-1\" \/>\n<link rel=\"canonical\" href=\"https:\/\/hudo.com\/si\/aktualno\/po-vrnitvi-dareta-vrsica-ni-ne-prvi-ne-zadnji-ki-je-tako-reagiral\/\" \/>\n<meta property=\"og:locale\" content=\"sl_SI\" \/>\n<meta property=\"og:type\" content=\"article\" \/>\n<meta property=\"og:title\" content=\"Po vrnitvi Dareta Vr\u0161i\u010da: &quot;Ni ne prvi ne zadnji, ki je tako reagiral&quot; - Hudo Slovenija\" \/>\n<meta property=\"og:description\" content=\"Novica, da se\u00a0Dare Vr\u0161i\u010d\u00a0vra\u010da v Ljudski vrt, je v\u010deraj marsikoga presenetila. Zlasti ker se je Vr\u0161i\u010d po lanski sezoni, ko je bil najbolj\u0161i igralec slovenskega prvenstva, poslovil od Ljudskega vrta. Z Mariborom oziroma \u0161portnim direktorjem Zlatkom Zahovi\u010dem ni na\u0161el skupnega jezika pri vi\u0161ini nove pogodbe. Ali povedano druga\u010de, vezist iz Apa\u010d, nekdanji reprezentant, je pri\u010dakoval (pre)ve\u010d. Da gre v iskanje novega kluba, kjer bo lahko podpisal donosnej\u0161o pogodbo, je napovedal, \u010deprav ga je Miran Pavlin tudi javno nekajkrat opomnil, da ni ve\u010d v letih, ko je tak\u0161en scenarij zelo verjeten.\u00a0 Klub v tujini je iskal celo poletje. \u0160pekuliralo se je o Cipru, o Indiji, a ni\u010d. Vmes je treniral celo v Kidri\u010devem, pa skupaj z Renejem Miheli\u010dem. Nakar je tik pred koncem prestopnega roka sam prikorakal nazaj v Ljudski vrt. S \u0161portnim direktorjem sta se hitro dogovorila.\u00a0 Je tveganje za NK Maribor, da je v svoje vrste vrnil nekoga,\u00a0ki se \u0161e junija, ko so v klubu rezali stro\u0161ke, ni ve\u010d videl v vijoli\u010dastem? Je na koncu zmagal \u0161portni direktor, ki ni popustil v pogajanjih, in je Vr\u0161i\u010d zdaj moral pristati na bistveno druga\u010dne pogoje? Ali se je za Apa\u010dana celo dobro izteklo - igral bo v ligi prvakov, \u010deprav so kvalifikacije oddelali njegovi biv\u0161i in spet aktualni soigralci? Ima ta zgodba jasnega zmagovalca in pora\u017eenca ali jih v njej sploh ni?  Boris Vugrinec&quot;&gt;   Boris Vugrinec  Bojan Pra\u0161nikar, nekdanji trener Maribora in nekdanji selektor slovenske reprezentance: &quot;Odlo\u010ditev je verjetno plod poznavanja razmer vseh vpletenih, kar je zunaj tega, je te\u017eko komentirati. Dejanske razmere in situacijo najbolje poznajo Vr\u0161i\u010d in klub. Spomladi je pokazal svoje kvalitete in je predstavljal pomemben \u010dlen mariborske ekipe, \u010de bo enako nadaljeval, je ta vrnitev izjemno koristna za obe strani. \u010ce pa nisi v centru dogajanja, je te\u017eko presoditi, kaj je dobro in kaj ni. Verjetno sta obe strani na koncu ugotovili, da je lahko ta vrnitev koristna. Maribor \u010daka izjemno te\u017eka jesen, igrati bodo moral\" \/>\n<meta property=\"og:url\" content=\"https:\/\/hudo.com\/si\/aktualno\/po-vrnitvi-dareta-vrsica-ni-ne-prvi-ne-zadnji-ki-je-tako-reagiral\/\" \/>\n<meta property=\"og:site_name\" content=\"Hudo Slovenija\" \/>\n<meta property=\"article:publisher\" content=\"https:\/\/www.facebook.com\/hudo.si\" \/>\n<meta property=\"article:published_time\" content=\"2017-08-30T14:20:00+00:00\" \/>\n<meta property=\"og:image\" content=\"https:\/\/hudo.com\/si\/wp-content\/uploads\/sites\/2\/2017\/08\/1820483-300.jpg\" \/>\n\t<meta property=\"og:image:width\" content=\"450\" \/>\n\t<meta property=\"og:image:height\" content=\"300\" \/>\n\t<meta property=\"og:image:type\" content=\"image\/jpeg\" \/>\n<meta name=\"author\" content=\"hudo\" \/>\n<meta name=\"twitter:card\" content=\"summary_large_image\" \/>\n<meta name=\"twitter:creator\" content=\"@hudo_si\" \/>\n<meta name=\"twitter:site\" content=\"@hudo_si\" \/>\n<meta name=\"twitter:label1\" content=\"Written by\" \/>\n\t<meta name=\"twitter:data1\" content=\"hudo\" \/>\n\t<meta name=\"twitter:label2\" content=\"Est. reading time\" \/>\n\t<meta name=\"twitter:data2\" content=\"2 minuti\" \/>\n<script type=\"application\/ld+json\" class=\"yoast-schema-graph\">{\"@context\":\"https:\/\/schema.org\",\"@graph\":[{\"@type\":\"Article\",\"@id\":\"https:\/\/hudo.com\/si\/aktualno\/po-vrnitvi-dareta-vrsica-ni-ne-prvi-ne-zadnji-ki-je-tako-reagiral\/#article\",\"isPartOf\":{\"@id\":\"https:\/\/hudo.com\/si\/aktualno\/po-vrnitvi-dareta-vrsica-ni-ne-prvi-ne-zadnji-ki-je-tako-reagiral\/\"},\"author\":{\"name\":\"hudo\",\"@id\":\"https:\/\/hudo.com\/si\/#\/schema\/person\/601cf3379633985b20f7e50f2bb47707\"},\"headline\":\"Po vrnitvi Dareta Vr\u0161i\u010da: &#8220;Ni ne prvi ne zadnji, ki je tako reagiral&#8221;\",\"datePublished\":\"2017-08-30T14:20:00+00:00\",\"dateModified\":\"2017-08-30T14:20:00+00:00\",\"mainEntityOfPage\":{\"@id\":\"https:\/\/hudo.com\/si\/aktualno\/po-vrnitvi-dareta-vrsica-ni-ne-prvi-ne-zadnji-ki-je-tako-reagiral\/\"},\"wordCount\":365,\"publisher\":{\"@id\":\"https:\/\/hudo.com\/si\/#organization\"},\"articleSection\":[\"Aktualno\"],\"inLanguage\":\"sl-SI\"},{\"@type\":\"WebPage\",\"@id\":\"https:\/\/hudo.com\/si\/aktualno\/po-vrnitvi-dareta-vrsica-ni-ne-prvi-ne-zadnji-ki-je-tako-reagiral\/\",\"url\":\"https:\/\/hudo.com\/si\/aktualno\/po-vrnitvi-dareta-vrsica-ni-ne-prvi-ne-zadnji-ki-je-tako-reagiral\/\",\"name\":\"Po vrnitvi Dareta Vr\u0161i\u010da: \\\"Ni ne prvi ne zadnji, ki je tako reagiral\\\" - Hudo Slovenija\",\"isPartOf\":{\"@id\":\"https:\/\/hudo.com\/si\/#website\"},\"datePublished\":\"2017-08-30T14:20:00+00:00\",\"dateModified\":\"2017-08-30T14:20:00+00:00\",\"breadcrumb\":{\"@id\":\"https:\/\/hudo.com\/si\/aktualno\/po-vrnitvi-dareta-vrsica-ni-ne-prvi-ne-zadnji-ki-je-tako-reagiral\/#breadcrumb\"},\"inLanguage\":\"sl-SI\",\"potentialAction\":[{\"@type\":\"ReadAction\",\"target\":[\"https:\/\/hudo.com\/si\/aktualno\/po-vrnitvi-dareta-vrsica-ni-ne-prvi-ne-zadnji-ki-je-tako-reagiral\/\"]}]},{\"@type\":\"BreadcrumbList\",\"@id\":\"https:\/\/hudo.com\/si\/aktualno\/po-vrnitvi-dareta-vrsica-ni-ne-prvi-ne-zadnji-ki-je-tako-reagiral\/#breadcrumb\",\"itemListElement\":[{\"@type\":\"ListItem\",\"position\":1,\"name\":\"Home\",\"item\":\"https:\/\/hudo.com\/si\/\"},{\"@type\":\"ListItem\",\"position\":2,\"name\":\"Po vrnitvi Dareta Vr\u0161i\u010da: &#8220;Ni ne prvi ne zadnji, ki je tako reagiral&#8221;\"}]},{\"@type\":\"WebSite\",\"@id\":\"https:\/\/hudo.com\/si\/#website\",\"url\":\"https:\/\/hudo.com\/si\/\",\"name\":\"Hudo Slovenija\",\"description\":\"Vse novice iz Slovenije in sveta\",\"publisher\":{\"@id\":\"https:\/\/hudo.com\/si\/#organization\"},\"potentialAction\":[{\"@type\":\"SearchAction\",\"target\":{\"@type\":\"EntryPoint\",\"urlTemplate\":\"https:\/\/hudo.com\/si\/?s={search_term_string}\"},\"query-input\":\"required name=search_term_string\"}],\"inLanguage\":\"sl-SI\"},{\"@type\":\"Organization\",\"@id\":\"https:\/\/hudo.com\/si\/#organization\",\"name\":\"VSN Media\",\"url\":\"https:\/\/hudo.com\/si\/\",\"logo\":{\"@type\":\"ImageObject\",\"inLanguage\":\"sl-SI\",\"@id\":\"https:\/\/hudo.com\/si\/#\/schema\/logo\/image\/\",\"url\":\"https:\/\/hudo.com\/si\/wp-content\/uploads\/sites\/2\/2021\/03\/hudo-app-2.png\",\"contentUrl\":\"https:\/\/hudo.com\/si\/wp-content\/uploads\/sites\/2\/2021\/03\/hudo-app-2.png\",\"width\":2185,\"height\":2167,\"caption\":\"VSN Media\"},\"image\":{\"@id\":\"https:\/\/hudo.com\/si\/#\/schema\/logo\/image\/\"},\"sameAs\":[\"https:\/\/www.facebook.com\/hudo.si\",\"https:\/\/twitter.com\/hudo_si\"]},{\"@type\":\"Person\",\"@id\":\"https:\/\/hudo.com\/si\/#\/schema\/person\/601cf3379633985b20f7e50f2bb47707\",\"name\":\"hudo\",\"image\":{\"@type\":\"ImageObject\",\"inLanguage\":\"sl-SI\",\"@id\":\"https:\/\/hudo.com\/si\/#\/schema\/person\/image\/\",\"url\":\"https:\/\/secure.gravatar.com\/avatar\/c4ca25fa72cace7a696b52ff5db9e095?s=96&d=mm&r=g\",\"contentUrl\":\"https:\/\/secure.gravatar.com\/avatar\/c4ca25fa72cace7a696b52ff5db9e095?s=96&d=mm&r=g\",\"caption\":\"hudo\"},\"url\":\"https:\/\/hudo.com\/si\/author\/hudo\/\"}]}<\/script>\n<!-- \/ Yoast SEO plugin. -->","yoast_head_json":{"title":"Po vrnitvi Dareta Vr\u0161i\u010da: \"Ni ne prvi ne zadnji, ki je tako reagiral\" - Hudo Slovenija","robots":{"index":"index","follow":"follow","max-snippet":"max-snippet:-1","max-image-preview":"max-image-preview:large","max-video-preview":"max-video-preview:-1"},"canonical":"https:\/\/hudo.com\/si\/aktualno\/po-vrnitvi-dareta-vrsica-ni-ne-prvi-ne-zadnji-ki-je-tako-reagiral\/","og_locale":"sl_SI","og_type":"article","og_title":"Po vrnitvi Dareta Vr\u0161i\u010da: \"Ni ne prvi ne zadnji, ki je tako reagiral\" - Hudo Slovenija","og_description":"Novica, da se\u00a0Dare Vr\u0161i\u010d\u00a0vra\u010da v Ljudski vrt, je v\u010deraj marsikoga presenetila. Zlasti ker se je Vr\u0161i\u010d po lanski sezoni, ko je bil najbolj\u0161i igralec slovenskega prvenstva, poslovil od Ljudskega vrta. Z Mariborom oziroma \u0161portnim direktorjem Zlatkom Zahovi\u010dem ni na\u0161el skupnega jezika pri vi\u0161ini nove pogodbe. Ali povedano druga\u010de, vezist iz Apa\u010d, nekdanji reprezentant, je pri\u010dakoval (pre)ve\u010d. Da gre v iskanje novega kluba, kjer bo lahko podpisal donosnej\u0161o pogodbo, je napovedal, \u010deprav ga je Miran Pavlin tudi javno nekajkrat opomnil, da ni ve\u010d v letih, ko je tak\u0161en scenarij zelo verjeten.\u00a0 Klub v tujini je iskal celo poletje. \u0160pekuliralo se je o Cipru, o Indiji, a ni\u010d. Vmes je treniral celo v Kidri\u010devem, pa skupaj z Renejem Miheli\u010dem. Nakar je tik pred koncem prestopnega roka sam prikorakal nazaj v Ljudski vrt. S \u0161portnim direktorjem sta se hitro dogovorila.\u00a0 Je tveganje za NK Maribor, da je v svoje vrste vrnil nekoga,\u00a0ki se \u0161e junija, ko so v klubu rezali stro\u0161ke, ni ve\u010d videl v vijoli\u010dastem? Je na koncu zmagal \u0161portni direktor, ki ni popustil v pogajanjih, in je Vr\u0161i\u010d zdaj moral pristati na bistveno druga\u010dne pogoje? Ali se je za Apa\u010dana celo dobro izteklo - igral bo v ligi prvakov, \u010deprav so kvalifikacije oddelali njegovi biv\u0161i in spet aktualni soigralci? Ima ta zgodba jasnega zmagovalca in pora\u017eenca ali jih v njej sploh ni?  Boris Vugrinec\">   Boris Vugrinec  Bojan Pra\u0161nikar, nekdanji trener Maribora in nekdanji selektor slovenske reprezentance: \"Odlo\u010ditev je verjetno plod poznavanja razmer vseh vpletenih, kar je zunaj tega, je te\u017eko komentirati. Dejanske razmere in situacijo najbolje poznajo Vr\u0161i\u010d in klub. Spomladi je pokazal svoje kvalitete in je predstavljal pomemben \u010dlen mariborske ekipe, \u010de bo enako nadaljeval, je ta vrnitev izjemno koristna za obe strani. \u010ce pa nisi v centru dogajanja, je te\u017eko presoditi, kaj je dobro in kaj ni. Verjetno sta obe strani na koncu ugotovili, da je lahko ta vrnitev koristna. Maribor \u010daka izjemno te\u017eka jesen, igrati bodo moral","og_url":"https:\/\/hudo.com\/si\/aktualno\/po-vrnitvi-dareta-vrsica-ni-ne-prvi-ne-zadnji-ki-je-tako-reagiral\/","og_site_name":"Hudo Slovenija","article_publisher":"https:\/\/www.facebook.com\/hudo.si","article_published_time":"2017-08-30T14:20:00+00:00","og_image":[{"width":450,"height":300,"url":"https:\/\/hudo.com\/si\/wp-content\/uploads\/sites\/2\/2017\/08\/1820483-300.jpg","type":"image\/jpeg"}],"author":"hudo","twitter_card":"summary_large_image","twitter_creator":"@hudo_si","twitter_site":"@hudo_si","twitter_misc":{"Written by":"hudo","Est. reading time":"2 minuti"},"schema":{"@context":"https:\/\/schema.org","@graph":[{"@type":"Article","@id":"https:\/\/hudo.com\/si\/aktualno\/po-vrnitvi-dareta-vrsica-ni-ne-prvi-ne-zadnji-ki-je-tako-reagiral\/#article","isPartOf":{"@id":"https:\/\/hudo.com\/si\/aktualno\/po-vrnitvi-dareta-vrsica-ni-ne-prvi-ne-zadnji-ki-je-tako-reagiral\/"},"author":{"name":"hudo","@id":"https:\/\/hudo.com\/si\/#\/schema\/person\/601cf3379633985b20f7e50f2bb47707"},"headline":"Po vrnitvi Dareta Vr\u0161i\u010da: &#8220;Ni ne prvi ne zadnji, ki je tako reagiral&#8221;","datePublished":"2017-08-30T14:20:00+00:00","dateModified":"2017-08-30T14:20:00+00:00","mainEntityOfPage":{"@id":"https:\/\/hudo.com\/si\/aktualno\/po-vrnitvi-dareta-vrsica-ni-ne-prvi-ne-zadnji-ki-je-tako-reagiral\/"},"wordCount":365,"publisher":{"@id":"https:\/\/hudo.com\/si\/#organization"},"articleSection":["Aktualno"],"inLanguage":"sl-SI"},{"@type":"WebPage","@id":"https:\/\/hudo.com\/si\/aktualno\/po-vrnitvi-dareta-vrsica-ni-ne-prvi-ne-zadnji-ki-je-tako-reagiral\/","url":"https:\/\/hudo.com\/si\/aktualno\/po-vrnitvi-dareta-vrsica-ni-ne-prvi-ne-zadnji-ki-je-tako-reagiral\/","name":"Po vrnitvi Dareta Vr\u0161i\u010da: \"Ni ne prvi ne zadnji, ki je tako reagiral\" - Hudo Slovenija","isPartOf":{"@id":"https:\/\/hudo.com\/si\/#website"},"datePublished":"2017-08-30T14:20:00+00:00","dateModified":"2017-08-30T14:20:00+00:00","breadcrumb":{"@id":"https:\/\/hudo.com\/si\/aktualno\/po-vrnitvi-dareta-vrsica-ni-ne-prvi-ne-zadnji-ki-je-tako-reagiral\/#breadcrumb"},"inLanguage":"sl-SI","potentialAction":[{"@type":"ReadAction","target":["https:\/\/hudo.com\/si\/aktualno\/po-vrnitvi-dareta-vrsica-ni-ne-prvi-ne-zadnji-ki-je-tako-reagiral\/"]}]},{"@type":"BreadcrumbList","@id":"https:\/\/hudo.com\/si\/aktualno\/po-vrnitvi-dareta-vrsica-ni-ne-prvi-ne-zadnji-ki-je-tako-reagiral\/#breadcrumb","itemListElement":[{"@type":"ListItem","position":1,"name":"Home","item":"https:\/\/hudo.com\/si\/"},{"@type":"ListItem","position":2,"name":"Po vrnitvi Dareta Vr\u0161i\u010da: &#8220;Ni ne prvi ne zadnji, ki je tako reagiral&#8221;"}]},{"@type":"WebSite","@id":"https:\/\/hudo.com\/si\/#website","url":"https:\/\/hudo.com\/si\/","name":"Hudo Slovenija","description":"Vse novice iz Slovenije in sveta","publisher":{"@id":"https:\/\/hudo.com\/si\/#organization"},"potentialAction":[{"@type":"SearchAction","target":{"@type":"EntryPoint","urlTemplate":"https:\/\/hudo.com\/si\/?s={search_term_string}"},"query-input":"required name=search_term_string"}],"inLanguage":"sl-SI"},{"@type":"Organization","@id":"https:\/\/hudo.com\/si\/#organization","name":"VSN Media","url":"https:\/\/hudo.com\/si\/","logo":{"@type":"ImageObject","inLanguage":"sl-SI","@id":"https:\/\/hudo.com\/si\/#\/schema\/logo\/image\/","url":"https:\/\/hudo.com\/si\/wp-content\/uploads\/sites\/2\/2021\/03\/hudo-app-2.png","contentUrl":"https:\/\/hudo.com\/si\/wp-content\/uploads\/sites\/2\/2021\/03\/hudo-app-2.png","width":2185,"height":2167,"caption":"VSN Media"},"image":{"@id":"https:\/\/hudo.com\/si\/#\/schema\/logo\/image\/"},"sameAs":["https:\/\/www.facebook.com\/hudo.si","https:\/\/twitter.com\/hudo_si"]},{"@type":"Person","@id":"https:\/\/hudo.com\/si\/#\/schema\/person\/601cf3379633985b20f7e50f2bb47707","name":"hudo","image":{"@type":"ImageObject","inLanguage":"sl-SI","@id":"https:\/\/hudo.com\/si\/#\/schema\/person\/image\/","url":"https:\/\/secure.gravatar.com\/avatar\/c4ca25fa72cace7a696b52ff5db9e095?s=96&d=mm&r=g","contentUrl":"https:\/\/secure.gravatar.com\/avatar\/c4ca25fa72cace7a696b52ff5db9e095?s=96&d=mm&r=g","caption":"hudo"},"url":"https:\/\/hudo.com\/si\/author\/hudo\/"}]}},"amp_enabled":true,"_links":{"self":[{"href":"https:\/\/hudo.com\/si\/wp-json\/wp\/v2\/posts\/293134"}],"collection":[{"href":"https:\/\/hudo.com\/si\/wp-json\/wp\/v2\/posts"}],"about":[{"href":"https:\/\/hudo.com\/si\/wp-json\/wp\/v2\/types\/post"}],"author":[{"embeddable":true,"href":"https:\/\/hudo.com\/si\/wp-json\/wp\/v2\/users\/1"}],"replies":[{"embeddable":true,"href":"https:\/\/hudo.com\/si\/wp-json\/wp\/v2\/comments?post=293134"}],"version-history":[{"count":0,"href":"https:\/\/hudo.com\/si\/wp-json\/wp\/v2\/posts\/293134\/revisions"}],"wp:attachment":[{"href":"https:\/\/hudo.com\/si\/wp-json\/wp\/v2\/media?parent=293134"}],"wp:term":[{"taxonomy":"category","embeddable":true,"href":"https:\/\/hudo.com\/si\/wp-json\/wp\/v2\/categories?post=293134"},{"taxonomy":"post_tag","embeddable":true,"href":"https:\/\/hudo.com\/si\/wp-json\/wp\/v2\/tags?post=293134"},{"taxonomy":"source","embeddable":true,"href":"https:\/\/hudo.com\/si\/wp-json\/wp\/v2\/source?post=293134"},{"taxonomy":"supertag","embeddable":true,"href":"https:\/\/hudo.com\/si\/wp-json\/wp\/v2\/supertag?post=293134"}],"curies":[{"name":"wp","href":"https:\/\/api.w.org\/{rel}","templated":true}]}}