{"id":293136,"date":"2017-08-30T16:14:00","date_gmt":"2017-08-30T14:14:00","guid":{"rendered":"http:\/\/hudo.com\/si\/2017\/08\/30\/v-preiskavo-uboja-gasperja-tica-bo-vkljucen-se-psihiater\/"},"modified":"2017-08-30T16:14:00","modified_gmt":"2017-08-30T14:14:00","slug":"v-preiskavo-uboja-gasperja-tica-bo-vkljucen-se-psihiater","status":"publish","type":"post","link":"https:\/\/hudo.com\/si\/aktualno\/v-preiskavo-uboja-gasperja-tica-bo-vkljucen-se-psihiater\/","title":{"rendered":"V preiskavo uboja Ga\u0161perja Ti\u010da bo vklju\u010den \u0161e psihiater"},"content":{"rendered":"<p>Na ljubljansko okro\u017eno sodi\u0161\u010de je bila 1. avgusta vlo\u017eena obto\u017enica zoper obto\u017eenega, 20-letnega Stefana Caki\u0107a, obto\u017eenega uboja igralca Ga\u0161perja Ti\u010da. Na obto\u017enico se je prito\u017eil njegov odvetnik Gorazd Fi\u0161er in s prito\u017ebo uspel. Odvetnik Fi\u0161er je namre\u010d, kot smo izvedeli neuradno, v prito\u017ebi zapisal, da v preiskavi ni bil vklju\u010den izvedenec psihiater, zaradi \u010desar bi morda lahko bila druga\u010dna kvalifikacija kaznivega dejanja, ki se o\u010dita Caki\u0107u. To\u017eilstvo mu v obto\u017enici namre\u010d o\u010dita kaznivo dejanje uboja, za kar je zagro\u017eena kazen od pet do 15 let zapora. Osumljenec je v priporu od 20. junija. Odvetnik Fi\u0161er je s prito\u017ebo uspel, zato je zadeva vrnjena nazaj na preiskovalni oddelek ljubljanskega sodi\u0161\u010da. Neuradno smo izvedeli, da sta Caki\u0107 in odvetnik Fi\u0161er \u017ee prejela sklep sodi\u0161\u010da, da se zadeva vrne nazaj v preiskavo, v katero bo o\u010ditno vklju\u010den \u0161e izvedenec psihiater. Po kon\u010dani preiskavi se bo sodni spis znova vrnil na to\u017eilstvo, kjer se bodo odlo\u010dili, ali bo zoper Caki\u0107a vlo\u017eena obto\u017enica in kak\u0161nega kaznivega dejanja ga bodo obto\u017eili. Igralca Ga\u0161perja Ti\u010da so policisti na\u0161li mrtvega 18. junija letos v njegovem stanovanju na Trubarjevi ulici v Ljubljani. Ti\u010d je bil ve\u010dkrat zaboden, kmalu po najdbi Ti\u010devega trupla pa je policija pridr\u017eala Caki\u0107a. Izkazalo se je, da ste se igralec in mladeni\u010d poznala \u017ee nekaj \u010dasa. Usodno no\u010d sta se dru\u017eila po ljubljanskih lokalih, nato pa proti jutru od\u0161la k Ti\u010du domov, kjer naj bi Caki\u0107 \u017ee nekajkrat prej prespal. Tistega ve\u010dera sta mo\u0161ka sprla, v stanovanju pa naj bi bil Caki\u0107 med prepirom ve\u010dkrat zabodel Ti\u010da. Stekla je preiskava, to\u017eilstvo pa je le nekaj ve\u010d kot mesec dni od dogodka, torej 1. avgusta, zoper Caki\u0107a vlo\u017eilo obto\u017enico. Zadeva pa je trenutno spet v fazi preiskave.<\/p>\n","protected":false},"excerpt":{"rendered":"<p>Na ljubljansko okro\u017eno sodi\u0161\u010de je bila 1. avgusta vlo\u017eena obto\u017enica zoper obto\u017eenega, 20-letnega Stefana Caki\u0107a, obto\u017eenega uboja igralca Ga\u0161perja Ti\u010da. Na obto\u017enico se je prito\u017eil njegov odvetnik Gorazd Fi\u0161er in s prito\u017ebo uspel. Odvetnik Fi\u0161er je namre\u010d, kot smo izvedeli neuradno, v prito\u017ebi zapisal, da v preiskavi ni bil vklju\u010den izvedenec psihiater, zaradi \u010desar bi morda lahko bila druga\u010dna kvalifikacija kaznivega dejanja, ki se o\u010dita Caki\u0107u. To\u017eilstvo mu v obto\u017enici namre\u010d o\u010dita kaznivo dejanje uboja, za kar je zagro\u017eena kazen od pet do 15 let zapora. Osumljenec je v priporu od 20. junija. Odvetnik Fi\u0161er je s prito\u017ebo uspel, zato je zadeva vrnjena nazaj na preiskovalni oddelek ljubljanskega sodi\u0161\u010da. Neuradno smo izvedeli, da sta Caki\u0107 in odvetnik Fi\u0161er \u017ee prejela sklep sodi\u0161\u010da, da se zadeva vrne nazaj v preiskavo, v katero bo o\u010ditno vklju\u010den \u0161e izvedenec psihiater. Po kon\u010dani preiskavi se bo sodni spis znova vrnil na to\u017eilstvo, kjer se bodo odlo\u010dili, ali bo zoper Caki\u0107a vlo\u017eena obto\u017enica in kak\u0161nega kaznivega dejanja ga bodo obto\u017eili. Igralca Ga\u0161perja Ti\u010da so policisti na\u0161li mrtvega 18. junija letos v njegovem stanovanju na Trubarjevi ulici v Ljubljani. Ti\u010d je bil ve\u010dkrat zaboden, kmalu po najdbi Ti\u010devega trupla pa je policija pridr\u017eala Caki\u0107a. Izkazalo se je, da ste se igralec in mladeni\u010d poznala \u017ee nekaj \u010dasa. Usodno no\u010d sta se dru\u017eila po ljubljanskih lokalih, nato pa proti jutru od\u0161la k Ti\u010du domov, kjer naj bi Caki\u0107 \u017ee nekajkrat prej prespal. Tistega ve\u010dera sta mo\u0161ka sprla, v stanovanju pa naj bi bil Caki\u0107 med prepirom ve\u010dkrat zabodel Ti\u010da. Stekla je preiskava, to\u017eilstvo pa je le nekaj ve\u010d kot mesec dni od dogodka, torej 1. avgusta, zoper Caki\u0107a vlo\u017eilo obto\u017enico. Zadeva pa je trenutno spet v fazi preiskave.<\/p>\n","protected":false},"author":1,"featured_media":0,"comment_status":"closed","ping_status":"closed","sticky":false,"template":"","format":"standard","meta":{"footnotes":""},"categories":[1179],"tags":[],"source":[1711],"supertag":[],"acf":[],"yoast_head":"<!-- This site is optimized with the Yoast SEO plugin v21.3 - https:\/\/yoast.com\/wordpress\/plugins\/seo\/ -->\n<title>V preiskavo uboja Ga\u0161perja Ti\u010da bo vklju\u010den \u0161e psihiater - Hudo Slovenija<\/title>\n<meta name=\"robots\" content=\"index, follow, max-snippet:-1, max-image-preview:large, max-video-preview:-1\" \/>\n<link rel=\"canonical\" href=\"https:\/\/hudo.com\/si\/aktualno\/v-preiskavo-uboja-gasperja-tica-bo-vkljucen-se-psihiater\/\" \/>\n<meta property=\"og:locale\" content=\"sl_SI\" \/>\n<meta property=\"og:type\" content=\"article\" \/>\n<meta property=\"og:title\" content=\"V preiskavo uboja Ga\u0161perja Ti\u010da bo vklju\u010den \u0161e psihiater - Hudo Slovenija\" \/>\n<meta property=\"og:description\" content=\"Na ljubljansko okro\u017eno sodi\u0161\u010de je bila 1. avgusta vlo\u017eena obto\u017enica zoper obto\u017eenega, 20-letnega Stefana Caki\u0107a, obto\u017eenega uboja igralca Ga\u0161perja Ti\u010da. Na obto\u017enico se je prito\u017eil njegov odvetnik Gorazd Fi\u0161er in s prito\u017ebo uspel. Odvetnik Fi\u0161er je namre\u010d, kot smo izvedeli neuradno, v prito\u017ebi zapisal, da v preiskavi ni bil vklju\u010den izvedenec psihiater, zaradi \u010desar bi morda lahko bila druga\u010dna kvalifikacija kaznivega dejanja, ki se o\u010dita Caki\u0107u. To\u017eilstvo mu v obto\u017enici namre\u010d o\u010dita kaznivo dejanje uboja, za kar je zagro\u017eena kazen od pet do 15 let zapora. Osumljenec je v priporu od 20. junija. Odvetnik Fi\u0161er je s prito\u017ebo uspel, zato je zadeva vrnjena nazaj na preiskovalni oddelek ljubljanskega sodi\u0161\u010da. Neuradno smo izvedeli, da sta Caki\u0107 in odvetnik Fi\u0161er \u017ee prejela sklep sodi\u0161\u010da, da se zadeva vrne nazaj v preiskavo, v katero bo o\u010ditno vklju\u010den \u0161e izvedenec psihiater. Po kon\u010dani preiskavi se bo sodni spis znova vrnil na to\u017eilstvo, kjer se bodo odlo\u010dili, ali bo zoper Caki\u0107a vlo\u017eena obto\u017enica in kak\u0161nega kaznivega dejanja ga bodo obto\u017eili. Igralca Ga\u0161perja Ti\u010da so policisti na\u0161li mrtvega 18. junija letos v njegovem stanovanju na Trubarjevi ulici v Ljubljani. Ti\u010d je bil ve\u010dkrat zaboden, kmalu po najdbi Ti\u010devega trupla pa je policija pridr\u017eala Caki\u0107a. Izkazalo se je, da ste se igralec in mladeni\u010d poznala \u017ee nekaj \u010dasa. Usodno no\u010d sta se dru\u017eila po ljubljanskih lokalih, nato pa proti jutru od\u0161la k Ti\u010du domov, kjer naj bi Caki\u0107 \u017ee nekajkrat prej prespal. Tistega ve\u010dera sta mo\u0161ka sprla, v stanovanju pa naj bi bil Caki\u0107 med prepirom ve\u010dkrat zabodel Ti\u010da. Stekla je preiskava, to\u017eilstvo pa je le nekaj ve\u010d kot mesec dni od dogodka, torej 1. avgusta, zoper Caki\u0107a vlo\u017eilo obto\u017enico. Zadeva pa je trenutno spet v fazi preiskave.\" \/>\n<meta property=\"og:url\" content=\"https:\/\/hudo.com\/si\/aktualno\/v-preiskavo-uboja-gasperja-tica-bo-vkljucen-se-psihiater\/\" \/>\n<meta property=\"og:site_name\" content=\"Hudo Slovenija\" \/>\n<meta property=\"article:publisher\" content=\"https:\/\/www.facebook.com\/hudo.si\" \/>\n<meta property=\"article:published_time\" content=\"2017-08-30T14:14:00+00:00\" \/>\n<meta property=\"og:image\" content=\"https:\/\/hudo.com\/si\/wp-content\/uploads\/sites\/2\/2017\/08\/3110298-300.jpg\" \/>\n\t<meta property=\"og:image:width\" content=\"450\" \/>\n\t<meta property=\"og:image:height\" content=\"300\" \/>\n\t<meta property=\"og:image:type\" content=\"image\/jpeg\" \/>\n<meta name=\"author\" content=\"hudo\" \/>\n<meta name=\"twitter:card\" content=\"summary_large_image\" \/>\n<meta name=\"twitter:creator\" content=\"@hudo_si\" \/>\n<meta name=\"twitter:site\" content=\"@hudo_si\" \/>\n<meta name=\"twitter:label1\" content=\"Written by\" \/>\n\t<meta name=\"twitter:data1\" content=\"hudo\" \/>\n\t<meta name=\"twitter:label2\" content=\"Est. reading time\" \/>\n\t<meta name=\"twitter:data2\" content=\"2 minuti\" \/>\n<script type=\"application\/ld+json\" class=\"yoast-schema-graph\">{\"@context\":\"https:\/\/schema.org\",\"@graph\":[{\"@type\":\"Article\",\"@id\":\"https:\/\/hudo.com\/si\/aktualno\/v-preiskavo-uboja-gasperja-tica-bo-vkljucen-se-psihiater\/#article\",\"isPartOf\":{\"@id\":\"https:\/\/hudo.com\/si\/aktualno\/v-preiskavo-uboja-gasperja-tica-bo-vkljucen-se-psihiater\/\"},\"author\":{\"name\":\"hudo\",\"@id\":\"https:\/\/hudo.com\/si\/#\/schema\/person\/601cf3379633985b20f7e50f2bb47707\"},\"headline\":\"V preiskavo uboja Ga\u0161perja Ti\u010da bo vklju\u010den \u0161e psihiater\",\"datePublished\":\"2017-08-30T14:14:00+00:00\",\"dateModified\":\"2017-08-30T14:14:00+00:00\",\"mainEntityOfPage\":{\"@id\":\"https:\/\/hudo.com\/si\/aktualno\/v-preiskavo-uboja-gasperja-tica-bo-vkljucen-se-psihiater\/\"},\"wordCount\":344,\"publisher\":{\"@id\":\"https:\/\/hudo.com\/si\/#organization\"},\"articleSection\":[\"Aktualno\"],\"inLanguage\":\"sl-SI\"},{\"@type\":\"WebPage\",\"@id\":\"https:\/\/hudo.com\/si\/aktualno\/v-preiskavo-uboja-gasperja-tica-bo-vkljucen-se-psihiater\/\",\"url\":\"https:\/\/hudo.com\/si\/aktualno\/v-preiskavo-uboja-gasperja-tica-bo-vkljucen-se-psihiater\/\",\"name\":\"V preiskavo uboja Ga\u0161perja Ti\u010da bo vklju\u010den \u0161e psihiater - Hudo Slovenija\",\"isPartOf\":{\"@id\":\"https:\/\/hudo.com\/si\/#website\"},\"datePublished\":\"2017-08-30T14:14:00+00:00\",\"dateModified\":\"2017-08-30T14:14:00+00:00\",\"breadcrumb\":{\"@id\":\"https:\/\/hudo.com\/si\/aktualno\/v-preiskavo-uboja-gasperja-tica-bo-vkljucen-se-psihiater\/#breadcrumb\"},\"inLanguage\":\"sl-SI\",\"potentialAction\":[{\"@type\":\"ReadAction\",\"target\":[\"https:\/\/hudo.com\/si\/aktualno\/v-preiskavo-uboja-gasperja-tica-bo-vkljucen-se-psihiater\/\"]}]},{\"@type\":\"BreadcrumbList\",\"@id\":\"https:\/\/hudo.com\/si\/aktualno\/v-preiskavo-uboja-gasperja-tica-bo-vkljucen-se-psihiater\/#breadcrumb\",\"itemListElement\":[{\"@type\":\"ListItem\",\"position\":1,\"name\":\"Home\",\"item\":\"https:\/\/hudo.com\/si\/\"},{\"@type\":\"ListItem\",\"position\":2,\"name\":\"V preiskavo uboja Ga\u0161perja Ti\u010da bo vklju\u010den \u0161e psihiater\"}]},{\"@type\":\"WebSite\",\"@id\":\"https:\/\/hudo.com\/si\/#website\",\"url\":\"https:\/\/hudo.com\/si\/\",\"name\":\"Hudo Slovenija\",\"description\":\"Vse novice iz Slovenije in sveta\",\"publisher\":{\"@id\":\"https:\/\/hudo.com\/si\/#organization\"},\"potentialAction\":[{\"@type\":\"SearchAction\",\"target\":{\"@type\":\"EntryPoint\",\"urlTemplate\":\"https:\/\/hudo.com\/si\/?s={search_term_string}\"},\"query-input\":\"required name=search_term_string\"}],\"inLanguage\":\"sl-SI\"},{\"@type\":\"Organization\",\"@id\":\"https:\/\/hudo.com\/si\/#organization\",\"name\":\"VSN Media\",\"url\":\"https:\/\/hudo.com\/si\/\",\"logo\":{\"@type\":\"ImageObject\",\"inLanguage\":\"sl-SI\",\"@id\":\"https:\/\/hudo.com\/si\/#\/schema\/logo\/image\/\",\"url\":\"https:\/\/hudo.com\/si\/wp-content\/uploads\/sites\/2\/2021\/03\/hudo-app-2.png\",\"contentUrl\":\"https:\/\/hudo.com\/si\/wp-content\/uploads\/sites\/2\/2021\/03\/hudo-app-2.png\",\"width\":2185,\"height\":2167,\"caption\":\"VSN Media\"},\"image\":{\"@id\":\"https:\/\/hudo.com\/si\/#\/schema\/logo\/image\/\"},\"sameAs\":[\"https:\/\/www.facebook.com\/hudo.si\",\"https:\/\/twitter.com\/hudo_si\"]},{\"@type\":\"Person\",\"@id\":\"https:\/\/hudo.com\/si\/#\/schema\/person\/601cf3379633985b20f7e50f2bb47707\",\"name\":\"hudo\",\"image\":{\"@type\":\"ImageObject\",\"inLanguage\":\"sl-SI\",\"@id\":\"https:\/\/hudo.com\/si\/#\/schema\/person\/image\/\",\"url\":\"https:\/\/secure.gravatar.com\/avatar\/c4ca25fa72cace7a696b52ff5db9e095?s=96&d=mm&r=g\",\"contentUrl\":\"https:\/\/secure.gravatar.com\/avatar\/c4ca25fa72cace7a696b52ff5db9e095?s=96&d=mm&r=g\",\"caption\":\"hudo\"},\"url\":\"https:\/\/hudo.com\/si\/author\/hudo\/\"}]}<\/script>\n<!-- \/ Yoast SEO plugin. -->","yoast_head_json":{"title":"V preiskavo uboja Ga\u0161perja Ti\u010da bo vklju\u010den \u0161e psihiater - Hudo Slovenija","robots":{"index":"index","follow":"follow","max-snippet":"max-snippet:-1","max-image-preview":"max-image-preview:large","max-video-preview":"max-video-preview:-1"},"canonical":"https:\/\/hudo.com\/si\/aktualno\/v-preiskavo-uboja-gasperja-tica-bo-vkljucen-se-psihiater\/","og_locale":"sl_SI","og_type":"article","og_title":"V preiskavo uboja Ga\u0161perja Ti\u010da bo vklju\u010den \u0161e psihiater - Hudo Slovenija","og_description":"Na ljubljansko okro\u017eno sodi\u0161\u010de je bila 1. avgusta vlo\u017eena obto\u017enica zoper obto\u017eenega, 20-letnega Stefana Caki\u0107a, obto\u017eenega uboja igralca Ga\u0161perja Ti\u010da. Na obto\u017enico se je prito\u017eil njegov odvetnik Gorazd Fi\u0161er in s prito\u017ebo uspel. Odvetnik Fi\u0161er je namre\u010d, kot smo izvedeli neuradno, v prito\u017ebi zapisal, da v preiskavi ni bil vklju\u010den izvedenec psihiater, zaradi \u010desar bi morda lahko bila druga\u010dna kvalifikacija kaznivega dejanja, ki se o\u010dita Caki\u0107u. To\u017eilstvo mu v obto\u017enici namre\u010d o\u010dita kaznivo dejanje uboja, za kar je zagro\u017eena kazen od pet do 15 let zapora. Osumljenec je v priporu od 20. junija. Odvetnik Fi\u0161er je s prito\u017ebo uspel, zato je zadeva vrnjena nazaj na preiskovalni oddelek ljubljanskega sodi\u0161\u010da. Neuradno smo izvedeli, da sta Caki\u0107 in odvetnik Fi\u0161er \u017ee prejela sklep sodi\u0161\u010da, da se zadeva vrne nazaj v preiskavo, v katero bo o\u010ditno vklju\u010den \u0161e izvedenec psihiater. Po kon\u010dani preiskavi se bo sodni spis znova vrnil na to\u017eilstvo, kjer se bodo odlo\u010dili, ali bo zoper Caki\u0107a vlo\u017eena obto\u017enica in kak\u0161nega kaznivega dejanja ga bodo obto\u017eili. Igralca Ga\u0161perja Ti\u010da so policisti na\u0161li mrtvega 18. junija letos v njegovem stanovanju na Trubarjevi ulici v Ljubljani. Ti\u010d je bil ve\u010dkrat zaboden, kmalu po najdbi Ti\u010devega trupla pa je policija pridr\u017eala Caki\u0107a. Izkazalo se je, da ste se igralec in mladeni\u010d poznala \u017ee nekaj \u010dasa. Usodno no\u010d sta se dru\u017eila po ljubljanskih lokalih, nato pa proti jutru od\u0161la k Ti\u010du domov, kjer naj bi Caki\u0107 \u017ee nekajkrat prej prespal. Tistega ve\u010dera sta mo\u0161ka sprla, v stanovanju pa naj bi bil Caki\u0107 med prepirom ve\u010dkrat zabodel Ti\u010da. Stekla je preiskava, to\u017eilstvo pa je le nekaj ve\u010d kot mesec dni od dogodka, torej 1. avgusta, zoper Caki\u0107a vlo\u017eilo obto\u017enico. Zadeva pa je trenutno spet v fazi preiskave.","og_url":"https:\/\/hudo.com\/si\/aktualno\/v-preiskavo-uboja-gasperja-tica-bo-vkljucen-se-psihiater\/","og_site_name":"Hudo Slovenija","article_publisher":"https:\/\/www.facebook.com\/hudo.si","article_published_time":"2017-08-30T14:14:00+00:00","og_image":[{"width":450,"height":300,"url":"https:\/\/hudo.com\/si\/wp-content\/uploads\/sites\/2\/2017\/08\/3110298-300.jpg","type":"image\/jpeg"}],"author":"hudo","twitter_card":"summary_large_image","twitter_creator":"@hudo_si","twitter_site":"@hudo_si","twitter_misc":{"Written by":"hudo","Est. reading time":"2 minuti"},"schema":{"@context":"https:\/\/schema.org","@graph":[{"@type":"Article","@id":"https:\/\/hudo.com\/si\/aktualno\/v-preiskavo-uboja-gasperja-tica-bo-vkljucen-se-psihiater\/#article","isPartOf":{"@id":"https:\/\/hudo.com\/si\/aktualno\/v-preiskavo-uboja-gasperja-tica-bo-vkljucen-se-psihiater\/"},"author":{"name":"hudo","@id":"https:\/\/hudo.com\/si\/#\/schema\/person\/601cf3379633985b20f7e50f2bb47707"},"headline":"V preiskavo uboja Ga\u0161perja Ti\u010da bo vklju\u010den \u0161e psihiater","datePublished":"2017-08-30T14:14:00+00:00","dateModified":"2017-08-30T14:14:00+00:00","mainEntityOfPage":{"@id":"https:\/\/hudo.com\/si\/aktualno\/v-preiskavo-uboja-gasperja-tica-bo-vkljucen-se-psihiater\/"},"wordCount":344,"publisher":{"@id":"https:\/\/hudo.com\/si\/#organization"},"articleSection":["Aktualno"],"inLanguage":"sl-SI"},{"@type":"WebPage","@id":"https:\/\/hudo.com\/si\/aktualno\/v-preiskavo-uboja-gasperja-tica-bo-vkljucen-se-psihiater\/","url":"https:\/\/hudo.com\/si\/aktualno\/v-preiskavo-uboja-gasperja-tica-bo-vkljucen-se-psihiater\/","name":"V preiskavo uboja Ga\u0161perja Ti\u010da bo vklju\u010den \u0161e psihiater - Hudo Slovenija","isPartOf":{"@id":"https:\/\/hudo.com\/si\/#website"},"datePublished":"2017-08-30T14:14:00+00:00","dateModified":"2017-08-30T14:14:00+00:00","breadcrumb":{"@id":"https:\/\/hudo.com\/si\/aktualno\/v-preiskavo-uboja-gasperja-tica-bo-vkljucen-se-psihiater\/#breadcrumb"},"inLanguage":"sl-SI","potentialAction":[{"@type":"ReadAction","target":["https:\/\/hudo.com\/si\/aktualno\/v-preiskavo-uboja-gasperja-tica-bo-vkljucen-se-psihiater\/"]}]},{"@type":"BreadcrumbList","@id":"https:\/\/hudo.com\/si\/aktualno\/v-preiskavo-uboja-gasperja-tica-bo-vkljucen-se-psihiater\/#breadcrumb","itemListElement":[{"@type":"ListItem","position":1,"name":"Home","item":"https:\/\/hudo.com\/si\/"},{"@type":"ListItem","position":2,"name":"V preiskavo uboja Ga\u0161perja Ti\u010da bo vklju\u010den \u0161e psihiater"}]},{"@type":"WebSite","@id":"https:\/\/hudo.com\/si\/#website","url":"https:\/\/hudo.com\/si\/","name":"Hudo Slovenija","description":"Vse novice iz Slovenije in sveta","publisher":{"@id":"https:\/\/hudo.com\/si\/#organization"},"potentialAction":[{"@type":"SearchAction","target":{"@type":"EntryPoint","urlTemplate":"https:\/\/hudo.com\/si\/?s={search_term_string}"},"query-input":"required name=search_term_string"}],"inLanguage":"sl-SI"},{"@type":"Organization","@id":"https:\/\/hudo.com\/si\/#organization","name":"VSN Media","url":"https:\/\/hudo.com\/si\/","logo":{"@type":"ImageObject","inLanguage":"sl-SI","@id":"https:\/\/hudo.com\/si\/#\/schema\/logo\/image\/","url":"https:\/\/hudo.com\/si\/wp-content\/uploads\/sites\/2\/2021\/03\/hudo-app-2.png","contentUrl":"https:\/\/hudo.com\/si\/wp-content\/uploads\/sites\/2\/2021\/03\/hudo-app-2.png","width":2185,"height":2167,"caption":"VSN Media"},"image":{"@id":"https:\/\/hudo.com\/si\/#\/schema\/logo\/image\/"},"sameAs":["https:\/\/www.facebook.com\/hudo.si","https:\/\/twitter.com\/hudo_si"]},{"@type":"Person","@id":"https:\/\/hudo.com\/si\/#\/schema\/person\/601cf3379633985b20f7e50f2bb47707","name":"hudo","image":{"@type":"ImageObject","inLanguage":"sl-SI","@id":"https:\/\/hudo.com\/si\/#\/schema\/person\/image\/","url":"https:\/\/secure.gravatar.com\/avatar\/c4ca25fa72cace7a696b52ff5db9e095?s=96&d=mm&r=g","contentUrl":"https:\/\/secure.gravatar.com\/avatar\/c4ca25fa72cace7a696b52ff5db9e095?s=96&d=mm&r=g","caption":"hudo"},"url":"https:\/\/hudo.com\/si\/author\/hudo\/"}]}},"amp_enabled":true,"_links":{"self":[{"href":"https:\/\/hudo.com\/si\/wp-json\/wp\/v2\/posts\/293136"}],"collection":[{"href":"https:\/\/hudo.com\/si\/wp-json\/wp\/v2\/posts"}],"about":[{"href":"https:\/\/hudo.com\/si\/wp-json\/wp\/v2\/types\/post"}],"author":[{"embeddable":true,"href":"https:\/\/hudo.com\/si\/wp-json\/wp\/v2\/users\/1"}],"replies":[{"embeddable":true,"href":"https:\/\/hudo.com\/si\/wp-json\/wp\/v2\/comments?post=293136"}],"version-history":[{"count":0,"href":"https:\/\/hudo.com\/si\/wp-json\/wp\/v2\/posts\/293136\/revisions"}],"wp:attachment":[{"href":"https:\/\/hudo.com\/si\/wp-json\/wp\/v2\/media?parent=293136"}],"wp:term":[{"taxonomy":"category","embeddable":true,"href":"https:\/\/hudo.com\/si\/wp-json\/wp\/v2\/categories?post=293136"},{"taxonomy":"post_tag","embeddable":true,"href":"https:\/\/hudo.com\/si\/wp-json\/wp\/v2\/tags?post=293136"},{"taxonomy":"source","embeddable":true,"href":"https:\/\/hudo.com\/si\/wp-json\/wp\/v2\/source?post=293136"},{"taxonomy":"supertag","embeddable":true,"href":"https:\/\/hudo.com\/si\/wp-json\/wp\/v2\/supertag?post=293136"}],"curies":[{"name":"wp","href":"https:\/\/api.w.org\/{rel}","templated":true}]}}