{"id":293138,"date":"2017-08-30T15:44:00","date_gmt":"2017-08-30T13:44:00","guid":{"rendered":"http:\/\/hudo.com\/si\/2017\/08\/30\/nekdanji-slovenski-veleposlanik-le-prisel-na-sodisce\/"},"modified":"2017-08-30T15:44:00","modified_gmt":"2017-08-30T13:44:00","slug":"nekdanji-slovenski-veleposlanik-le-prisel-na-sodisce","status":"publish","type":"post","link":"https:\/\/hudo.com\/si\/aktualno\/nekdanji-slovenski-veleposlanik-le-prisel-na-sodisce\/","title":{"rendered":"Nekdanji slovenski veleposlanik le pri\u0161el na sodi\u0161\u010de"},"content":{"rendered":"<p>Ve\u010d pred sodno dvorano kot v njej smo danes pre\u017edeli novinarji, ki smo \u017eeleli spremljati sojenje nekdanjemu veleposlaniku v Madridu Petru Rebercu. Po ve\u010d neuspelih poskusih jim ga je sicer uspelo privabiti na sodi\u0161\u010de, a so nato za zaprtimi vrati razpravljali, ali je sploh sposoben spremljati obravnavo. Ko so javnosti nato vendarle spet dovolili v dvorano, je bilo iz nadaljnjega poteka razbrati, da sojenje bo oziroma da je glavni akter v njem zmo\u017een sodelovati. A potem so javnost spet izklju\u010dili. Pregledi ob nemogo\u010dih urah Kot smo \u017ee pisali, Reberca dol\u017eijo zlorabe polo\u017eaja, ponarejanja listin, nevestnega dela v slu\u017ebi in poneverb. Del, ki zadeva nevestno delo in je v javnosti najbolj odmeval, je \u017ee zastaral. Med bivanjem v Madridu med letoma 2007 in 2010 je s prora\u010dunskim denarjem nakupil enormno koli\u010dino gospodinjskih pripomo\u010dkov, orodja, goriva, knjig in tako dalje. V obto\u017enici \u0161e pi\u0161e, da je delodajalcu predlo\u017eil \u0161tiri povratne letalske vozovnice, \u010deprav ne njega ne njegove dru\u017eine ni bilo na letalu. Prav tako naj bi bil devetkrat neupravi\u010deno predlo\u017eil ra\u010dune za nakup dizelskega goriva, vpra\u0161ljivi so tudi \u0161tevilni ra\u010duni za hotelske preno\u010ditve, kajti ne njega ne njegovega voznika niso na\u0161li na seznamu gostov. Iz prora\u010duna naj bi bil poravnal celo sodno takso za to\u017ebo proti dr\u017eavi. Vlo\u017eil jo je zaradi po njegovem mnenju nezakonitega pregleda rezidence, ki je razkril njegovo zapravljivost, a je to\u017ebo izgubil. Prav tako tudi tisto, s katero je zahteval vrnitev v slu\u017ebo. Ker naj bi imel psihi\u010dne te\u017eave, so danes najprej zasli\u0161ali psihiatri\u010dnega izvedenca dr. Petra Preglja. Obto\u017eeni je sicer \u017eelel njegovo izlo\u010ditev, \u010de\u0161 da sodeluje tudi v drugih njegovih postopkih in da dvomi o njegovi nepristranskosti. Slednje tudi zato, ker se je Reberc glede njega prito\u017eil zdravni\u0161ki zbornici. Obto\u017eeni je v pisni zahtevi po izlo\u010ditvi med drugim navedel, da ga je na zdravni\u0161ki pregled vabil ob nemogo\u010dih urah, na primer ob 20. uri ali v soboto popoldne. Toda zahtevo obto\u017eenega, ki j<\/p>\n","protected":false},"excerpt":{"rendered":"<p>Ve\u010d pred sodno dvorano kot v njej smo danes pre\u017edeli novinarji, ki smo \u017eeleli spremljati sojenje nekdanjemu veleposlaniku v Madridu Petru Rebercu. Po ve\u010d neuspelih poskusih jim ga je sicer uspelo privabiti na sodi\u0161\u010de, a so nato za zaprtimi vrati razpravljali, ali je sploh sposoben spremljati obravnavo. Ko so javnosti nato vendarle spet dovolili v dvorano, je bilo iz nadaljnjega poteka razbrati, da sojenje bo oziroma da je glavni akter v njem zmo\u017een sodelovati. A potem so javnost spet izklju\u010dili. Pregledi ob nemogo\u010dih urah Kot smo \u017ee pisali, Reberca dol\u017eijo zlorabe polo\u017eaja, ponarejanja listin, nevestnega dela v slu\u017ebi in poneverb. Del, ki zadeva nevestno delo in je v javnosti najbolj odmeval, je \u017ee zastaral. Med bivanjem v Madridu med letoma 2007 in 2010 je s prora\u010dunskim denarjem nakupil enormno koli\u010dino gospodinjskih pripomo\u010dkov, orodja, goriva, knjig in tako dalje. V obto\u017enici \u0161e pi\u0161e, da je delodajalcu predlo\u017eil \u0161tiri povratne letalske vozovnice, \u010deprav ne njega ne njegove dru\u017eine ni bilo na letalu. Prav tako naj bi bil devetkrat neupravi\u010deno predlo\u017eil ra\u010dune za nakup dizelskega goriva, vpra\u0161ljivi so tudi \u0161tevilni ra\u010duni za hotelske preno\u010ditve, kajti ne njega ne njegovega voznika niso na\u0161li na seznamu gostov. Iz prora\u010duna naj bi bil poravnal celo sodno takso za to\u017ebo proti dr\u017eavi. Vlo\u017eil jo je zaradi po njegovem mnenju nezakonitega pregleda rezidence, ki je razkril njegovo zapravljivost, a je to\u017ebo izgubil. Prav tako tudi tisto, s katero je zahteval vrnitev v slu\u017ebo. Ker naj bi imel psihi\u010dne te\u017eave, so danes najprej zasli\u0161ali psihiatri\u010dnega izvedenca dr. Petra Preglja. Obto\u017eeni je sicer \u017eelel njegovo izlo\u010ditev, \u010de\u0161 da sodeluje tudi v drugih njegovih postopkih in da dvomi o njegovi nepristranskosti. Slednje tudi zato, ker se je Reberc glede njega prito\u017eil zdravni\u0161ki zbornici. Obto\u017eeni je v pisni zahtevi po izlo\u010ditvi med drugim navedel, da ga je na zdravni\u0161ki pregled vabil ob nemogo\u010dih urah, na primer ob 20. uri ali v soboto popoldne. Toda zahtevo obto\u017eenega, ki j<\/p>\n","protected":false},"author":1,"featured_media":0,"comment_status":"closed","ping_status":"closed","sticky":false,"template":"","format":"standard","meta":{"footnotes":""},"categories":[1179],"tags":[],"source":[1711],"supertag":[],"acf":[],"yoast_head":"<!-- This site is optimized with the Yoast SEO plugin v21.3 - https:\/\/yoast.com\/wordpress\/plugins\/seo\/ -->\n<title>Nekdanji slovenski veleposlanik le pri\u0161el na sodi\u0161\u010de - Hudo Slovenija<\/title>\n<meta name=\"robots\" content=\"index, follow, max-snippet:-1, max-image-preview:large, max-video-preview:-1\" \/>\n<link rel=\"canonical\" href=\"https:\/\/hudo.com\/si\/aktualno\/nekdanji-slovenski-veleposlanik-le-prisel-na-sodisce\/\" \/>\n<meta property=\"og:locale\" content=\"sl_SI\" \/>\n<meta property=\"og:type\" content=\"article\" \/>\n<meta property=\"og:title\" content=\"Nekdanji slovenski veleposlanik le pri\u0161el na sodi\u0161\u010de - Hudo Slovenija\" \/>\n<meta property=\"og:description\" content=\"Ve\u010d pred sodno dvorano kot v njej smo danes pre\u017edeli novinarji, ki smo \u017eeleli spremljati sojenje nekdanjemu veleposlaniku v Madridu Petru Rebercu. Po ve\u010d neuspelih poskusih jim ga je sicer uspelo privabiti na sodi\u0161\u010de, a so nato za zaprtimi vrati razpravljali, ali je sploh sposoben spremljati obravnavo. Ko so javnosti nato vendarle spet dovolili v dvorano, je bilo iz nadaljnjega poteka razbrati, da sojenje bo oziroma da je glavni akter v njem zmo\u017een sodelovati. A potem so javnost spet izklju\u010dili. Pregledi ob nemogo\u010dih urah Kot smo \u017ee pisali, Reberca dol\u017eijo zlorabe polo\u017eaja, ponarejanja listin, nevestnega dela v slu\u017ebi in poneverb. Del, ki zadeva nevestno delo in je v javnosti najbolj odmeval, je \u017ee zastaral. Med bivanjem v Madridu med letoma 2007 in 2010 je s prora\u010dunskim denarjem nakupil enormno koli\u010dino gospodinjskih pripomo\u010dkov, orodja, goriva, knjig in tako dalje. V obto\u017enici \u0161e pi\u0161e, da je delodajalcu predlo\u017eil \u0161tiri povratne letalske vozovnice, \u010deprav ne njega ne njegove dru\u017eine ni bilo na letalu. Prav tako naj bi bil devetkrat neupravi\u010deno predlo\u017eil ra\u010dune za nakup dizelskega goriva, vpra\u0161ljivi so tudi \u0161tevilni ra\u010duni za hotelske preno\u010ditve, kajti ne njega ne njegovega voznika niso na\u0161li na seznamu gostov. Iz prora\u010duna naj bi bil poravnal celo sodno takso za to\u017ebo proti dr\u017eavi. Vlo\u017eil jo je zaradi po njegovem mnenju nezakonitega pregleda rezidence, ki je razkril njegovo zapravljivost, a je to\u017ebo izgubil. Prav tako tudi tisto, s katero je zahteval vrnitev v slu\u017ebo. Ker naj bi imel psihi\u010dne te\u017eave, so danes najprej zasli\u0161ali psihiatri\u010dnega izvedenca dr. Petra Preglja. Obto\u017eeni je sicer \u017eelel njegovo izlo\u010ditev, \u010de\u0161 da sodeluje tudi v drugih njegovih postopkih in da dvomi o njegovi nepristranskosti. Slednje tudi zato, ker se je Reberc glede njega prito\u017eil zdravni\u0161ki zbornici. Obto\u017eeni je v pisni zahtevi po izlo\u010ditvi med drugim navedel, da ga je na zdravni\u0161ki pregled vabil ob nemogo\u010dih urah, na primer ob 20. uri ali v soboto popoldne. Toda zahtevo obto\u017eenega, ki j\" \/>\n<meta property=\"og:url\" content=\"https:\/\/hudo.com\/si\/aktualno\/nekdanji-slovenski-veleposlanik-le-prisel-na-sodisce\/\" \/>\n<meta property=\"og:site_name\" content=\"Hudo Slovenija\" \/>\n<meta property=\"article:publisher\" content=\"https:\/\/www.facebook.com\/hudo.si\" \/>\n<meta property=\"article:published_time\" content=\"2017-08-30T13:44:00+00:00\" \/>\n<meta property=\"og:image\" content=\"https:\/\/hudo.com\/si\/wp-content\/uploads\/sites\/2\/2017\/08\/3379371-300.jpg\" \/>\n\t<meta property=\"og:image:width\" content=\"450\" \/>\n\t<meta property=\"og:image:height\" content=\"664\" \/>\n\t<meta property=\"og:image:type\" content=\"image\/jpeg\" \/>\n<meta name=\"author\" content=\"hudo\" \/>\n<meta name=\"twitter:card\" content=\"summary_large_image\" \/>\n<meta name=\"twitter:creator\" content=\"@hudo_si\" \/>\n<meta name=\"twitter:site\" content=\"@hudo_si\" \/>\n<meta name=\"twitter:label1\" content=\"Written by\" \/>\n\t<meta name=\"twitter:data1\" content=\"hudo\" \/>\n\t<meta name=\"twitter:label2\" content=\"Est. reading time\" \/>\n\t<meta name=\"twitter:data2\" content=\"2 minuti\" \/>\n<script type=\"application\/ld+json\" class=\"yoast-schema-graph\">{\"@context\":\"https:\/\/schema.org\",\"@graph\":[{\"@type\":\"Article\",\"@id\":\"https:\/\/hudo.com\/si\/aktualno\/nekdanji-slovenski-veleposlanik-le-prisel-na-sodisce\/#article\",\"isPartOf\":{\"@id\":\"https:\/\/hudo.com\/si\/aktualno\/nekdanji-slovenski-veleposlanik-le-prisel-na-sodisce\/\"},\"author\":{\"name\":\"hudo\",\"@id\":\"https:\/\/hudo.com\/si\/#\/schema\/person\/601cf3379633985b20f7e50f2bb47707\"},\"headline\":\"Nekdanji slovenski veleposlanik le pri\u0161el na sodi\u0161\u010de\",\"datePublished\":\"2017-08-30T13:44:00+00:00\",\"dateModified\":\"2017-08-30T13:44:00+00:00\",\"mainEntityOfPage\":{\"@id\":\"https:\/\/hudo.com\/si\/aktualno\/nekdanji-slovenski-veleposlanik-le-prisel-na-sodisce\/\"},\"wordCount\":363,\"publisher\":{\"@id\":\"https:\/\/hudo.com\/si\/#organization\"},\"articleSection\":[\"Aktualno\"],\"inLanguage\":\"sl-SI\"},{\"@type\":\"WebPage\",\"@id\":\"https:\/\/hudo.com\/si\/aktualno\/nekdanji-slovenski-veleposlanik-le-prisel-na-sodisce\/\",\"url\":\"https:\/\/hudo.com\/si\/aktualno\/nekdanji-slovenski-veleposlanik-le-prisel-na-sodisce\/\",\"name\":\"Nekdanji slovenski veleposlanik le pri\u0161el na sodi\u0161\u010de - Hudo Slovenija\",\"isPartOf\":{\"@id\":\"https:\/\/hudo.com\/si\/#website\"},\"datePublished\":\"2017-08-30T13:44:00+00:00\",\"dateModified\":\"2017-08-30T13:44:00+00:00\",\"breadcrumb\":{\"@id\":\"https:\/\/hudo.com\/si\/aktualno\/nekdanji-slovenski-veleposlanik-le-prisel-na-sodisce\/#breadcrumb\"},\"inLanguage\":\"sl-SI\",\"potentialAction\":[{\"@type\":\"ReadAction\",\"target\":[\"https:\/\/hudo.com\/si\/aktualno\/nekdanji-slovenski-veleposlanik-le-prisel-na-sodisce\/\"]}]},{\"@type\":\"BreadcrumbList\",\"@id\":\"https:\/\/hudo.com\/si\/aktualno\/nekdanji-slovenski-veleposlanik-le-prisel-na-sodisce\/#breadcrumb\",\"itemListElement\":[{\"@type\":\"ListItem\",\"position\":1,\"name\":\"Home\",\"item\":\"https:\/\/hudo.com\/si\/\"},{\"@type\":\"ListItem\",\"position\":2,\"name\":\"Nekdanji slovenski veleposlanik le pri\u0161el na sodi\u0161\u010de\"}]},{\"@type\":\"WebSite\",\"@id\":\"https:\/\/hudo.com\/si\/#website\",\"url\":\"https:\/\/hudo.com\/si\/\",\"name\":\"Hudo Slovenija\",\"description\":\"Vse novice iz Slovenije in sveta\",\"publisher\":{\"@id\":\"https:\/\/hudo.com\/si\/#organization\"},\"potentialAction\":[{\"@type\":\"SearchAction\",\"target\":{\"@type\":\"EntryPoint\",\"urlTemplate\":\"https:\/\/hudo.com\/si\/?s={search_term_string}\"},\"query-input\":\"required name=search_term_string\"}],\"inLanguage\":\"sl-SI\"},{\"@type\":\"Organization\",\"@id\":\"https:\/\/hudo.com\/si\/#organization\",\"name\":\"VSN Media\",\"url\":\"https:\/\/hudo.com\/si\/\",\"logo\":{\"@type\":\"ImageObject\",\"inLanguage\":\"sl-SI\",\"@id\":\"https:\/\/hudo.com\/si\/#\/schema\/logo\/image\/\",\"url\":\"https:\/\/hudo.com\/si\/wp-content\/uploads\/sites\/2\/2021\/03\/hudo-app-2.png\",\"contentUrl\":\"https:\/\/hudo.com\/si\/wp-content\/uploads\/sites\/2\/2021\/03\/hudo-app-2.png\",\"width\":2185,\"height\":2167,\"caption\":\"VSN Media\"},\"image\":{\"@id\":\"https:\/\/hudo.com\/si\/#\/schema\/logo\/image\/\"},\"sameAs\":[\"https:\/\/www.facebook.com\/hudo.si\",\"https:\/\/twitter.com\/hudo_si\"]},{\"@type\":\"Person\",\"@id\":\"https:\/\/hudo.com\/si\/#\/schema\/person\/601cf3379633985b20f7e50f2bb47707\",\"name\":\"hudo\",\"image\":{\"@type\":\"ImageObject\",\"inLanguage\":\"sl-SI\",\"@id\":\"https:\/\/hudo.com\/si\/#\/schema\/person\/image\/\",\"url\":\"https:\/\/secure.gravatar.com\/avatar\/c4ca25fa72cace7a696b52ff5db9e095?s=96&d=mm&r=g\",\"contentUrl\":\"https:\/\/secure.gravatar.com\/avatar\/c4ca25fa72cace7a696b52ff5db9e095?s=96&d=mm&r=g\",\"caption\":\"hudo\"},\"url\":\"https:\/\/hudo.com\/si\/author\/hudo\/\"}]}<\/script>\n<!-- \/ Yoast SEO plugin. -->","yoast_head_json":{"title":"Nekdanji slovenski veleposlanik le pri\u0161el na sodi\u0161\u010de - Hudo Slovenija","robots":{"index":"index","follow":"follow","max-snippet":"max-snippet:-1","max-image-preview":"max-image-preview:large","max-video-preview":"max-video-preview:-1"},"canonical":"https:\/\/hudo.com\/si\/aktualno\/nekdanji-slovenski-veleposlanik-le-prisel-na-sodisce\/","og_locale":"sl_SI","og_type":"article","og_title":"Nekdanji slovenski veleposlanik le pri\u0161el na sodi\u0161\u010de - Hudo Slovenija","og_description":"Ve\u010d pred sodno dvorano kot v njej smo danes pre\u017edeli novinarji, ki smo \u017eeleli spremljati sojenje nekdanjemu veleposlaniku v Madridu Petru Rebercu. Po ve\u010d neuspelih poskusih jim ga je sicer uspelo privabiti na sodi\u0161\u010de, a so nato za zaprtimi vrati razpravljali, ali je sploh sposoben spremljati obravnavo. Ko so javnosti nato vendarle spet dovolili v dvorano, je bilo iz nadaljnjega poteka razbrati, da sojenje bo oziroma da je glavni akter v njem zmo\u017een sodelovati. A potem so javnost spet izklju\u010dili. Pregledi ob nemogo\u010dih urah Kot smo \u017ee pisali, Reberca dol\u017eijo zlorabe polo\u017eaja, ponarejanja listin, nevestnega dela v slu\u017ebi in poneverb. Del, ki zadeva nevestno delo in je v javnosti najbolj odmeval, je \u017ee zastaral. Med bivanjem v Madridu med letoma 2007 in 2010 je s prora\u010dunskim denarjem nakupil enormno koli\u010dino gospodinjskih pripomo\u010dkov, orodja, goriva, knjig in tako dalje. V obto\u017enici \u0161e pi\u0161e, da je delodajalcu predlo\u017eil \u0161tiri povratne letalske vozovnice, \u010deprav ne njega ne njegove dru\u017eine ni bilo na letalu. Prav tako naj bi bil devetkrat neupravi\u010deno predlo\u017eil ra\u010dune za nakup dizelskega goriva, vpra\u0161ljivi so tudi \u0161tevilni ra\u010duni za hotelske preno\u010ditve, kajti ne njega ne njegovega voznika niso na\u0161li na seznamu gostov. Iz prora\u010duna naj bi bil poravnal celo sodno takso za to\u017ebo proti dr\u017eavi. Vlo\u017eil jo je zaradi po njegovem mnenju nezakonitega pregleda rezidence, ki je razkril njegovo zapravljivost, a je to\u017ebo izgubil. Prav tako tudi tisto, s katero je zahteval vrnitev v slu\u017ebo. Ker naj bi imel psihi\u010dne te\u017eave, so danes najprej zasli\u0161ali psihiatri\u010dnega izvedenca dr. Petra Preglja. Obto\u017eeni je sicer \u017eelel njegovo izlo\u010ditev, \u010de\u0161 da sodeluje tudi v drugih njegovih postopkih in da dvomi o njegovi nepristranskosti. Slednje tudi zato, ker se je Reberc glede njega prito\u017eil zdravni\u0161ki zbornici. Obto\u017eeni je v pisni zahtevi po izlo\u010ditvi med drugim navedel, da ga je na zdravni\u0161ki pregled vabil ob nemogo\u010dih urah, na primer ob 20. uri ali v soboto popoldne. Toda zahtevo obto\u017eenega, ki j","og_url":"https:\/\/hudo.com\/si\/aktualno\/nekdanji-slovenski-veleposlanik-le-prisel-na-sodisce\/","og_site_name":"Hudo Slovenija","article_publisher":"https:\/\/www.facebook.com\/hudo.si","article_published_time":"2017-08-30T13:44:00+00:00","og_image":[{"width":450,"height":664,"url":"https:\/\/hudo.com\/si\/wp-content\/uploads\/sites\/2\/2017\/08\/3379371-300.jpg","type":"image\/jpeg"}],"author":"hudo","twitter_card":"summary_large_image","twitter_creator":"@hudo_si","twitter_site":"@hudo_si","twitter_misc":{"Written by":"hudo","Est. reading time":"2 minuti"},"schema":{"@context":"https:\/\/schema.org","@graph":[{"@type":"Article","@id":"https:\/\/hudo.com\/si\/aktualno\/nekdanji-slovenski-veleposlanik-le-prisel-na-sodisce\/#article","isPartOf":{"@id":"https:\/\/hudo.com\/si\/aktualno\/nekdanji-slovenski-veleposlanik-le-prisel-na-sodisce\/"},"author":{"name":"hudo","@id":"https:\/\/hudo.com\/si\/#\/schema\/person\/601cf3379633985b20f7e50f2bb47707"},"headline":"Nekdanji slovenski veleposlanik le pri\u0161el na sodi\u0161\u010de","datePublished":"2017-08-30T13:44:00+00:00","dateModified":"2017-08-30T13:44:00+00:00","mainEntityOfPage":{"@id":"https:\/\/hudo.com\/si\/aktualno\/nekdanji-slovenski-veleposlanik-le-prisel-na-sodisce\/"},"wordCount":363,"publisher":{"@id":"https:\/\/hudo.com\/si\/#organization"},"articleSection":["Aktualno"],"inLanguage":"sl-SI"},{"@type":"WebPage","@id":"https:\/\/hudo.com\/si\/aktualno\/nekdanji-slovenski-veleposlanik-le-prisel-na-sodisce\/","url":"https:\/\/hudo.com\/si\/aktualno\/nekdanji-slovenski-veleposlanik-le-prisel-na-sodisce\/","name":"Nekdanji slovenski veleposlanik le pri\u0161el na sodi\u0161\u010de - Hudo Slovenija","isPartOf":{"@id":"https:\/\/hudo.com\/si\/#website"},"datePublished":"2017-08-30T13:44:00+00:00","dateModified":"2017-08-30T13:44:00+00:00","breadcrumb":{"@id":"https:\/\/hudo.com\/si\/aktualno\/nekdanji-slovenski-veleposlanik-le-prisel-na-sodisce\/#breadcrumb"},"inLanguage":"sl-SI","potentialAction":[{"@type":"ReadAction","target":["https:\/\/hudo.com\/si\/aktualno\/nekdanji-slovenski-veleposlanik-le-prisel-na-sodisce\/"]}]},{"@type":"BreadcrumbList","@id":"https:\/\/hudo.com\/si\/aktualno\/nekdanji-slovenski-veleposlanik-le-prisel-na-sodisce\/#breadcrumb","itemListElement":[{"@type":"ListItem","position":1,"name":"Home","item":"https:\/\/hudo.com\/si\/"},{"@type":"ListItem","position":2,"name":"Nekdanji slovenski veleposlanik le pri\u0161el na sodi\u0161\u010de"}]},{"@type":"WebSite","@id":"https:\/\/hudo.com\/si\/#website","url":"https:\/\/hudo.com\/si\/","name":"Hudo Slovenija","description":"Vse novice iz Slovenije in sveta","publisher":{"@id":"https:\/\/hudo.com\/si\/#organization"},"potentialAction":[{"@type":"SearchAction","target":{"@type":"EntryPoint","urlTemplate":"https:\/\/hudo.com\/si\/?s={search_term_string}"},"query-input":"required name=search_term_string"}],"inLanguage":"sl-SI"},{"@type":"Organization","@id":"https:\/\/hudo.com\/si\/#organization","name":"VSN Media","url":"https:\/\/hudo.com\/si\/","logo":{"@type":"ImageObject","inLanguage":"sl-SI","@id":"https:\/\/hudo.com\/si\/#\/schema\/logo\/image\/","url":"https:\/\/hudo.com\/si\/wp-content\/uploads\/sites\/2\/2021\/03\/hudo-app-2.png","contentUrl":"https:\/\/hudo.com\/si\/wp-content\/uploads\/sites\/2\/2021\/03\/hudo-app-2.png","width":2185,"height":2167,"caption":"VSN Media"},"image":{"@id":"https:\/\/hudo.com\/si\/#\/schema\/logo\/image\/"},"sameAs":["https:\/\/www.facebook.com\/hudo.si","https:\/\/twitter.com\/hudo_si"]},{"@type":"Person","@id":"https:\/\/hudo.com\/si\/#\/schema\/person\/601cf3379633985b20f7e50f2bb47707","name":"hudo","image":{"@type":"ImageObject","inLanguage":"sl-SI","@id":"https:\/\/hudo.com\/si\/#\/schema\/person\/image\/","url":"https:\/\/secure.gravatar.com\/avatar\/c4ca25fa72cace7a696b52ff5db9e095?s=96&d=mm&r=g","contentUrl":"https:\/\/secure.gravatar.com\/avatar\/c4ca25fa72cace7a696b52ff5db9e095?s=96&d=mm&r=g","caption":"hudo"},"url":"https:\/\/hudo.com\/si\/author\/hudo\/"}]}},"amp_enabled":true,"_links":{"self":[{"href":"https:\/\/hudo.com\/si\/wp-json\/wp\/v2\/posts\/293138"}],"collection":[{"href":"https:\/\/hudo.com\/si\/wp-json\/wp\/v2\/posts"}],"about":[{"href":"https:\/\/hudo.com\/si\/wp-json\/wp\/v2\/types\/post"}],"author":[{"embeddable":true,"href":"https:\/\/hudo.com\/si\/wp-json\/wp\/v2\/users\/1"}],"replies":[{"embeddable":true,"href":"https:\/\/hudo.com\/si\/wp-json\/wp\/v2\/comments?post=293138"}],"version-history":[{"count":0,"href":"https:\/\/hudo.com\/si\/wp-json\/wp\/v2\/posts\/293138\/revisions"}],"wp:attachment":[{"href":"https:\/\/hudo.com\/si\/wp-json\/wp\/v2\/media?parent=293138"}],"wp:term":[{"taxonomy":"category","embeddable":true,"href":"https:\/\/hudo.com\/si\/wp-json\/wp\/v2\/categories?post=293138"},{"taxonomy":"post_tag","embeddable":true,"href":"https:\/\/hudo.com\/si\/wp-json\/wp\/v2\/tags?post=293138"},{"taxonomy":"source","embeddable":true,"href":"https:\/\/hudo.com\/si\/wp-json\/wp\/v2\/source?post=293138"},{"taxonomy":"supertag","embeddable":true,"href":"https:\/\/hudo.com\/si\/wp-json\/wp\/v2\/supertag?post=293138"}],"curies":[{"name":"wp","href":"https:\/\/api.w.org\/{rel}","templated":true}]}}