{"id":293150,"date":"2017-08-30T18:19:00","date_gmt":"2017-08-30T16:19:00","guid":{"rendered":"http:\/\/hudo.com\/si\/2017\/08\/30\/miro-cerar-hrvaski-dajemo-dovolj-moznosti-da-spremeni-stalisce\/"},"modified":"2017-08-30T18:19:00","modified_gmt":"2017-08-30T16:19:00","slug":"miro-cerar-hrvaski-dajemo-dovolj-moznosti-da-spremeni-stalisce","status":"publish","type":"post","link":"https:\/\/hudo.com\/si\/aktualno\/miro-cerar-hrvaski-dajemo-dovolj-moznosti-da-spremeni-stalisce\/","title":{"rendered":"Miro Cerar: Hrva\u0161ki dajemo dovolj mo\u017enosti, da spremeni stali\u0161\u010de"},"content":{"rendered":"<p>Kategorija: Politika Wed, 30 Aug 2017 20:19:00 +0200  Gornja Radgona &#8211; Za uveljavitev arbitra\u017ene odlo\u010dbe imamo \u0161est mescev, vlada dela intenzivno v skladu z odlo\u010ditvijo na politi\u010dnem vrhu in znotraj vlade, da damo sosednji Hrva\u0161ki dovolj mo\u017enosti, da spremeni stali\u0161\u010de in pristopi k implementaciji arbitra\u017ene odlo\u010dbe, je danes povedal premier Miro Cerar ob robu sejma Agra v Gornji Radgoni. \u00bbPri tem bom kot predsednik vlade odlo\u010dno vztrajal. \u010ce tega ne bo, bomo naredili naslednje korake, zdaj pa gremo po na\u010drtu, ki ga je podprl celotni politi\u010dni vrh in ki je zelo smiseln, kajti voditi moramo dialog, Hrva\u0161ki moramo dati prilo\u017enost, da ne bo ve\u010d kr\u0161ila mednarodnega prava, evropskega prava, zaveze iz arbitra\u017enega sporazuma,\u00ab je nadaljeval Cerar. Ob tem je dodal, da si ne predstavlja, da bi lahko neka \u010dlanica EU nadaljevala s tako politiko, pa \u010detudi je bila zadnja,\u00a0&#8230;<\/p>\n","protected":false},"excerpt":{"rendered":"<p>Kategorija: Politika Wed, 30 Aug 2017 20:19:00 +0200  Gornja Radgona &#8211; Za uveljavitev arbitra\u017ene odlo\u010dbe imamo \u0161est mescev, vlada dela intenzivno v skladu z odlo\u010ditvijo na politi\u010dnem vrhu in znotraj vlade, da damo sosednji Hrva\u0161ki dovolj mo\u017enosti, da spremeni stali\u0161\u010de in pristopi k implementaciji arbitra\u017ene odlo\u010dbe, je danes povedal premier Miro Cerar ob robu sejma Agra v Gornji Radgoni. \u00bbPri tem bom kot predsednik vlade odlo\u010dno vztrajal. \u010ce tega ne bo, bomo naredili naslednje korake, zdaj pa gremo po na\u010drtu, ki ga je podprl celotni politi\u010dni vrh in ki je zelo smiseln, kajti voditi moramo dialog, Hrva\u0161ki moramo dati prilo\u017enost, da ne bo ve\u010d kr\u0161ila mednarodnega prava, evropskega prava, zaveze iz arbitra\u017enega sporazuma,\u00ab je nadaljeval Cerar. Ob tem je dodal, da si ne predstavlja, da bi lahko neka \u010dlanica EU nadaljevala s tako politiko, pa \u010detudi je bila zadnja,\u00a0&#8230;<\/p>\n","protected":false},"author":1,"featured_media":0,"comment_status":"closed","ping_status":"closed","sticky":false,"template":"","format":"standard","meta":{"footnotes":""},"categories":[1179],"tags":[],"source":[1703],"supertag":[],"acf":[],"yoast_head":"<!-- This site is optimized with the Yoast SEO plugin v21.3 - https:\/\/yoast.com\/wordpress\/plugins\/seo\/ -->\n<title>Miro Cerar: Hrva\u0161ki dajemo dovolj mo\u017enosti, da spremeni stali\u0161\u010de - Hudo Slovenija<\/title>\n<meta name=\"robots\" content=\"index, follow, max-snippet:-1, max-image-preview:large, max-video-preview:-1\" \/>\n<link rel=\"canonical\" href=\"https:\/\/hudo.com\/si\/aktualno\/miro-cerar-hrvaski-dajemo-dovolj-moznosti-da-spremeni-stalisce\/\" \/>\n<meta property=\"og:locale\" content=\"sl_SI\" \/>\n<meta property=\"og:type\" content=\"article\" \/>\n<meta property=\"og:title\" content=\"Miro Cerar: Hrva\u0161ki dajemo dovolj mo\u017enosti, da spremeni stali\u0161\u010de - Hudo Slovenija\" \/>\n<meta property=\"og:description\" content=\"Kategorija: Politika Wed, 30 Aug 2017 20:19:00 +0200 Gornja Radgona - Za uveljavitev arbitra\u017ene odlo\u010dbe imamo \u0161est mescev, vlada dela intenzivno v skladu z odlo\u010ditvijo na politi\u010dnem vrhu in znotraj vlade, da damo sosednji Hrva\u0161ki dovolj mo\u017enosti, da spremeni stali\u0161\u010de in pristopi k implementaciji arbitra\u017ene odlo\u010dbe, je danes povedal premier Miro Cerar ob robu sejma Agra v Gornji Radgoni. \u00bbPri tem bom kot predsednik vlade odlo\u010dno vztrajal. \u010ce tega ne bo, bomo naredili naslednje korake, zdaj pa gremo po na\u010drtu, ki ga je podprl celotni politi\u010dni vrh in ki je zelo smiseln, kajti voditi moramo dialog, Hrva\u0161ki moramo dati prilo\u017enost, da ne bo ve\u010d kr\u0161ila mednarodnega prava, evropskega prava, zaveze iz arbitra\u017enega sporazuma,\u00ab je nadaljeval Cerar. Ob tem je dodal, da si ne predstavlja, da bi lahko neka \u010dlanica EU nadaljevala s tako politiko, pa \u010detudi je bila zadnja,\u00a0...\" \/>\n<meta property=\"og:url\" content=\"https:\/\/hudo.com\/si\/aktualno\/miro-cerar-hrvaski-dajemo-dovolj-moznosti-da-spremeni-stalisce\/\" \/>\n<meta property=\"og:site_name\" content=\"Hudo Slovenija\" \/>\n<meta property=\"article:publisher\" content=\"https:\/\/www.facebook.com\/hudo.si\" \/>\n<meta property=\"article:published_time\" content=\"2017-08-30T16:19:00+00:00\" \/>\n<meta property=\"og:image\" content=\"https:\/\/hudo.com\/si\/wp-content\/uploads\/sites\/2\/2017\/08\/480x290_djvu_2274841_pavlinb_jsu-Cerar.jpeg\" \/>\n\t<meta property=\"og:image:width\" content=\"480\" \/>\n\t<meta property=\"og:image:height\" content=\"290\" \/>\n\t<meta property=\"og:image:type\" content=\"image\/jpeg\" \/>\n<meta name=\"author\" content=\"hudo\" \/>\n<meta name=\"twitter:card\" content=\"summary_large_image\" \/>\n<meta name=\"twitter:creator\" content=\"@hudo_si\" \/>\n<meta name=\"twitter:site\" content=\"@hudo_si\" \/>\n<meta name=\"twitter:label1\" content=\"Written by\" \/>\n\t<meta name=\"twitter:data1\" content=\"hudo\" \/>\n\t<meta name=\"twitter:label2\" content=\"Est. reading time\" \/>\n\t<meta name=\"twitter:data2\" content=\"1 minuta\" \/>\n<script type=\"application\/ld+json\" class=\"yoast-schema-graph\">{\"@context\":\"https:\/\/schema.org\",\"@graph\":[{\"@type\":\"Article\",\"@id\":\"https:\/\/hudo.com\/si\/aktualno\/miro-cerar-hrvaski-dajemo-dovolj-moznosti-da-spremeni-stalisce\/#article\",\"isPartOf\":{\"@id\":\"https:\/\/hudo.com\/si\/aktualno\/miro-cerar-hrvaski-dajemo-dovolj-moznosti-da-spremeni-stalisce\/\"},\"author\":{\"name\":\"hudo\",\"@id\":\"https:\/\/hudo.com\/si\/#\/schema\/person\/601cf3379633985b20f7e50f2bb47707\"},\"headline\":\"Miro Cerar: Hrva\u0161ki dajemo dovolj mo\u017enosti, da spremeni stali\u0161\u010de\",\"datePublished\":\"2017-08-30T16:19:00+00:00\",\"dateModified\":\"2017-08-30T16:19:00+00:00\",\"mainEntityOfPage\":{\"@id\":\"https:\/\/hudo.com\/si\/aktualno\/miro-cerar-hrvaski-dajemo-dovolj-moznosti-da-spremeni-stalisce\/\"},\"wordCount\":163,\"publisher\":{\"@id\":\"https:\/\/hudo.com\/si\/#organization\"},\"articleSection\":[\"Aktualno\"],\"inLanguage\":\"sl-SI\"},{\"@type\":\"WebPage\",\"@id\":\"https:\/\/hudo.com\/si\/aktualno\/miro-cerar-hrvaski-dajemo-dovolj-moznosti-da-spremeni-stalisce\/\",\"url\":\"https:\/\/hudo.com\/si\/aktualno\/miro-cerar-hrvaski-dajemo-dovolj-moznosti-da-spremeni-stalisce\/\",\"name\":\"Miro Cerar: Hrva\u0161ki dajemo dovolj mo\u017enosti, da spremeni stali\u0161\u010de - Hudo Slovenija\",\"isPartOf\":{\"@id\":\"https:\/\/hudo.com\/si\/#website\"},\"datePublished\":\"2017-08-30T16:19:00+00:00\",\"dateModified\":\"2017-08-30T16:19:00+00:00\",\"breadcrumb\":{\"@id\":\"https:\/\/hudo.com\/si\/aktualno\/miro-cerar-hrvaski-dajemo-dovolj-moznosti-da-spremeni-stalisce\/#breadcrumb\"},\"inLanguage\":\"sl-SI\",\"potentialAction\":[{\"@type\":\"ReadAction\",\"target\":[\"https:\/\/hudo.com\/si\/aktualno\/miro-cerar-hrvaski-dajemo-dovolj-moznosti-da-spremeni-stalisce\/\"]}]},{\"@type\":\"BreadcrumbList\",\"@id\":\"https:\/\/hudo.com\/si\/aktualno\/miro-cerar-hrvaski-dajemo-dovolj-moznosti-da-spremeni-stalisce\/#breadcrumb\",\"itemListElement\":[{\"@type\":\"ListItem\",\"position\":1,\"name\":\"Home\",\"item\":\"https:\/\/hudo.com\/si\/\"},{\"@type\":\"ListItem\",\"position\":2,\"name\":\"Miro Cerar: Hrva\u0161ki dajemo dovolj mo\u017enosti, da spremeni stali\u0161\u010de\"}]},{\"@type\":\"WebSite\",\"@id\":\"https:\/\/hudo.com\/si\/#website\",\"url\":\"https:\/\/hudo.com\/si\/\",\"name\":\"Hudo Slovenija\",\"description\":\"Vse novice iz Slovenije in sveta\",\"publisher\":{\"@id\":\"https:\/\/hudo.com\/si\/#organization\"},\"potentialAction\":[{\"@type\":\"SearchAction\",\"target\":{\"@type\":\"EntryPoint\",\"urlTemplate\":\"https:\/\/hudo.com\/si\/?s={search_term_string}\"},\"query-input\":\"required name=search_term_string\"}],\"inLanguage\":\"sl-SI\"},{\"@type\":\"Organization\",\"@id\":\"https:\/\/hudo.com\/si\/#organization\",\"name\":\"VSN Media\",\"url\":\"https:\/\/hudo.com\/si\/\",\"logo\":{\"@type\":\"ImageObject\",\"inLanguage\":\"sl-SI\",\"@id\":\"https:\/\/hudo.com\/si\/#\/schema\/logo\/image\/\",\"url\":\"https:\/\/hudo.com\/si\/wp-content\/uploads\/sites\/2\/2021\/03\/hudo-app-2.png\",\"contentUrl\":\"https:\/\/hudo.com\/si\/wp-content\/uploads\/sites\/2\/2021\/03\/hudo-app-2.png\",\"width\":2185,\"height\":2167,\"caption\":\"VSN Media\"},\"image\":{\"@id\":\"https:\/\/hudo.com\/si\/#\/schema\/logo\/image\/\"},\"sameAs\":[\"https:\/\/www.facebook.com\/hudo.si\",\"https:\/\/twitter.com\/hudo_si\"]},{\"@type\":\"Person\",\"@id\":\"https:\/\/hudo.com\/si\/#\/schema\/person\/601cf3379633985b20f7e50f2bb47707\",\"name\":\"hudo\",\"image\":{\"@type\":\"ImageObject\",\"inLanguage\":\"sl-SI\",\"@id\":\"https:\/\/hudo.com\/si\/#\/schema\/person\/image\/\",\"url\":\"https:\/\/secure.gravatar.com\/avatar\/c4ca25fa72cace7a696b52ff5db9e095?s=96&d=mm&r=g\",\"contentUrl\":\"https:\/\/secure.gravatar.com\/avatar\/c4ca25fa72cace7a696b52ff5db9e095?s=96&d=mm&r=g\",\"caption\":\"hudo\"},\"url\":\"https:\/\/hudo.com\/si\/author\/hudo\/\"}]}<\/script>\n<!-- \/ Yoast SEO plugin. -->","yoast_head_json":{"title":"Miro Cerar: Hrva\u0161ki dajemo dovolj mo\u017enosti, da spremeni stali\u0161\u010de - Hudo Slovenija","robots":{"index":"index","follow":"follow","max-snippet":"max-snippet:-1","max-image-preview":"max-image-preview:large","max-video-preview":"max-video-preview:-1"},"canonical":"https:\/\/hudo.com\/si\/aktualno\/miro-cerar-hrvaski-dajemo-dovolj-moznosti-da-spremeni-stalisce\/","og_locale":"sl_SI","og_type":"article","og_title":"Miro Cerar: Hrva\u0161ki dajemo dovolj mo\u017enosti, da spremeni stali\u0161\u010de - Hudo Slovenija","og_description":"Kategorija: Politika Wed, 30 Aug 2017 20:19:00 +0200 Gornja Radgona - Za uveljavitev arbitra\u017ene odlo\u010dbe imamo \u0161est mescev, vlada dela intenzivno v skladu z odlo\u010ditvijo na politi\u010dnem vrhu in znotraj vlade, da damo sosednji Hrva\u0161ki dovolj mo\u017enosti, da spremeni stali\u0161\u010de in pristopi k implementaciji arbitra\u017ene odlo\u010dbe, je danes povedal premier Miro Cerar ob robu sejma Agra v Gornji Radgoni. \u00bbPri tem bom kot predsednik vlade odlo\u010dno vztrajal. \u010ce tega ne bo, bomo naredili naslednje korake, zdaj pa gremo po na\u010drtu, ki ga je podprl celotni politi\u010dni vrh in ki je zelo smiseln, kajti voditi moramo dialog, Hrva\u0161ki moramo dati prilo\u017enost, da ne bo ve\u010d kr\u0161ila mednarodnega prava, evropskega prava, zaveze iz arbitra\u017enega sporazuma,\u00ab je nadaljeval Cerar. Ob tem je dodal, da si ne predstavlja, da bi lahko neka \u010dlanica EU nadaljevala s tako politiko, pa \u010detudi je bila zadnja,\u00a0...","og_url":"https:\/\/hudo.com\/si\/aktualno\/miro-cerar-hrvaski-dajemo-dovolj-moznosti-da-spremeni-stalisce\/","og_site_name":"Hudo Slovenija","article_publisher":"https:\/\/www.facebook.com\/hudo.si","article_published_time":"2017-08-30T16:19:00+00:00","og_image":[{"width":480,"height":290,"url":"https:\/\/hudo.com\/si\/wp-content\/uploads\/sites\/2\/2017\/08\/480x290_djvu_2274841_pavlinb_jsu-Cerar.jpeg","type":"image\/jpeg"}],"author":"hudo","twitter_card":"summary_large_image","twitter_creator":"@hudo_si","twitter_site":"@hudo_si","twitter_misc":{"Written by":"hudo","Est. reading time":"1 minuta"},"schema":{"@context":"https:\/\/schema.org","@graph":[{"@type":"Article","@id":"https:\/\/hudo.com\/si\/aktualno\/miro-cerar-hrvaski-dajemo-dovolj-moznosti-da-spremeni-stalisce\/#article","isPartOf":{"@id":"https:\/\/hudo.com\/si\/aktualno\/miro-cerar-hrvaski-dajemo-dovolj-moznosti-da-spremeni-stalisce\/"},"author":{"name":"hudo","@id":"https:\/\/hudo.com\/si\/#\/schema\/person\/601cf3379633985b20f7e50f2bb47707"},"headline":"Miro Cerar: Hrva\u0161ki dajemo dovolj mo\u017enosti, da spremeni stali\u0161\u010de","datePublished":"2017-08-30T16:19:00+00:00","dateModified":"2017-08-30T16:19:00+00:00","mainEntityOfPage":{"@id":"https:\/\/hudo.com\/si\/aktualno\/miro-cerar-hrvaski-dajemo-dovolj-moznosti-da-spremeni-stalisce\/"},"wordCount":163,"publisher":{"@id":"https:\/\/hudo.com\/si\/#organization"},"articleSection":["Aktualno"],"inLanguage":"sl-SI"},{"@type":"WebPage","@id":"https:\/\/hudo.com\/si\/aktualno\/miro-cerar-hrvaski-dajemo-dovolj-moznosti-da-spremeni-stalisce\/","url":"https:\/\/hudo.com\/si\/aktualno\/miro-cerar-hrvaski-dajemo-dovolj-moznosti-da-spremeni-stalisce\/","name":"Miro Cerar: Hrva\u0161ki dajemo dovolj mo\u017enosti, da spremeni stali\u0161\u010de - Hudo Slovenija","isPartOf":{"@id":"https:\/\/hudo.com\/si\/#website"},"datePublished":"2017-08-30T16:19:00+00:00","dateModified":"2017-08-30T16:19:00+00:00","breadcrumb":{"@id":"https:\/\/hudo.com\/si\/aktualno\/miro-cerar-hrvaski-dajemo-dovolj-moznosti-da-spremeni-stalisce\/#breadcrumb"},"inLanguage":"sl-SI","potentialAction":[{"@type":"ReadAction","target":["https:\/\/hudo.com\/si\/aktualno\/miro-cerar-hrvaski-dajemo-dovolj-moznosti-da-spremeni-stalisce\/"]}]},{"@type":"BreadcrumbList","@id":"https:\/\/hudo.com\/si\/aktualno\/miro-cerar-hrvaski-dajemo-dovolj-moznosti-da-spremeni-stalisce\/#breadcrumb","itemListElement":[{"@type":"ListItem","position":1,"name":"Home","item":"https:\/\/hudo.com\/si\/"},{"@type":"ListItem","position":2,"name":"Miro Cerar: Hrva\u0161ki dajemo dovolj mo\u017enosti, da spremeni stali\u0161\u010de"}]},{"@type":"WebSite","@id":"https:\/\/hudo.com\/si\/#website","url":"https:\/\/hudo.com\/si\/","name":"Hudo Slovenija","description":"Vse novice iz Slovenije in sveta","publisher":{"@id":"https:\/\/hudo.com\/si\/#organization"},"potentialAction":[{"@type":"SearchAction","target":{"@type":"EntryPoint","urlTemplate":"https:\/\/hudo.com\/si\/?s={search_term_string}"},"query-input":"required name=search_term_string"}],"inLanguage":"sl-SI"},{"@type":"Organization","@id":"https:\/\/hudo.com\/si\/#organization","name":"VSN Media","url":"https:\/\/hudo.com\/si\/","logo":{"@type":"ImageObject","inLanguage":"sl-SI","@id":"https:\/\/hudo.com\/si\/#\/schema\/logo\/image\/","url":"https:\/\/hudo.com\/si\/wp-content\/uploads\/sites\/2\/2021\/03\/hudo-app-2.png","contentUrl":"https:\/\/hudo.com\/si\/wp-content\/uploads\/sites\/2\/2021\/03\/hudo-app-2.png","width":2185,"height":2167,"caption":"VSN Media"},"image":{"@id":"https:\/\/hudo.com\/si\/#\/schema\/logo\/image\/"},"sameAs":["https:\/\/www.facebook.com\/hudo.si","https:\/\/twitter.com\/hudo_si"]},{"@type":"Person","@id":"https:\/\/hudo.com\/si\/#\/schema\/person\/601cf3379633985b20f7e50f2bb47707","name":"hudo","image":{"@type":"ImageObject","inLanguage":"sl-SI","@id":"https:\/\/hudo.com\/si\/#\/schema\/person\/image\/","url":"https:\/\/secure.gravatar.com\/avatar\/c4ca25fa72cace7a696b52ff5db9e095?s=96&d=mm&r=g","contentUrl":"https:\/\/secure.gravatar.com\/avatar\/c4ca25fa72cace7a696b52ff5db9e095?s=96&d=mm&r=g","caption":"hudo"},"url":"https:\/\/hudo.com\/si\/author\/hudo\/"}]}},"amp_enabled":true,"_links":{"self":[{"href":"https:\/\/hudo.com\/si\/wp-json\/wp\/v2\/posts\/293150"}],"collection":[{"href":"https:\/\/hudo.com\/si\/wp-json\/wp\/v2\/posts"}],"about":[{"href":"https:\/\/hudo.com\/si\/wp-json\/wp\/v2\/types\/post"}],"author":[{"embeddable":true,"href":"https:\/\/hudo.com\/si\/wp-json\/wp\/v2\/users\/1"}],"replies":[{"embeddable":true,"href":"https:\/\/hudo.com\/si\/wp-json\/wp\/v2\/comments?post=293150"}],"version-history":[{"count":0,"href":"https:\/\/hudo.com\/si\/wp-json\/wp\/v2\/posts\/293150\/revisions"}],"wp:attachment":[{"href":"https:\/\/hudo.com\/si\/wp-json\/wp\/v2\/media?parent=293150"}],"wp:term":[{"taxonomy":"category","embeddable":true,"href":"https:\/\/hudo.com\/si\/wp-json\/wp\/v2\/categories?post=293150"},{"taxonomy":"post_tag","embeddable":true,"href":"https:\/\/hudo.com\/si\/wp-json\/wp\/v2\/tags?post=293150"},{"taxonomy":"source","embeddable":true,"href":"https:\/\/hudo.com\/si\/wp-json\/wp\/v2\/source?post=293150"},{"taxonomy":"supertag","embeddable":true,"href":"https:\/\/hudo.com\/si\/wp-json\/wp\/v2\/supertag?post=293150"}],"curies":[{"name":"wp","href":"https:\/\/api.w.org\/{rel}","templated":true}]}}