{"id":293158,"date":"2017-08-30T19:00:00","date_gmt":"2017-08-30T17:00:00","guid":{"rendered":"http:\/\/hudo.com\/si\/2017\/08\/30\/mrezenje\/"},"modified":"2017-08-30T19:00:00","modified_gmt":"2017-08-30T17:00:00","slug":"mrezenje","status":"publish","type":"post","link":"https:\/\/hudo.com\/si\/aktualno\/mrezenje\/","title":{"rendered":"Mre\u017eenje"},"content":{"rendered":"<p>Kategorija: Komentarji Wed, 30 Aug 2017 21:00:00 +0200  Ko bo, \u010de bo, pravosodni minister Goran Klemen\u010di\u010d leto dni pred koncem funkcije pred strokovno in predvsem politi\u010dno javnostjo razgrnil na\u010drte glede nove mre\u017ee sodi\u0161\u010d \u2013 kar pomeni, da nekaterih ne bo ve\u010d oziroma da bodo priklju\u010dena drugim, sicer o kr\u010denju ali racionalizaciji mre\u017ee sodi\u0161\u010d nima smisla govoriti \u2013, se bo proti njemu obrnil celoten dr\u017eavni aparat. Seveda s tem mislimo predvsem na njen regijski ali lokalni del, ki se mu upira centralizacija ne samo na sodnem podro\u010dju, ampak tudi na vseh drugih. In \u010de se morebiti ta hip zdi upor \u00bbni\u017ejih\u00ab dr\u017eavnih ravni res pretiran izraz, bo to veljalo samo do tedaj, ko bodo v teh okoljih za\u010deli prera\u010dunavati, kaj za njih konkretno pomeni ukinitev nekaterih od zdaj 11 okro\u017enih sodi\u0161\u010d in priklju\u010ditev k drugim in kaj za 44\u00a0&#8230;<\/p>\n","protected":false},"excerpt":{"rendered":"<p>Kategorija: Komentarji Wed, 30 Aug 2017 21:00:00 +0200  Ko bo, \u010de bo, pravosodni minister Goran Klemen\u010di\u010d leto dni pred koncem funkcije pred strokovno in predvsem politi\u010dno javnostjo razgrnil na\u010drte glede nove mre\u017ee sodi\u0161\u010d \u2013 kar pomeni, da nekaterih ne bo ve\u010d oziroma da bodo priklju\u010dena drugim, sicer o kr\u010denju ali racionalizaciji mre\u017ee sodi\u0161\u010d nima smisla govoriti \u2013, se bo proti njemu obrnil celoten dr\u017eavni aparat. Seveda s tem mislimo predvsem na njen regijski ali lokalni del, ki se mu upira centralizacija ne samo na sodnem podro\u010dju, ampak tudi na vseh drugih. In \u010de se morebiti ta hip zdi upor \u00bbni\u017ejih\u00ab dr\u017eavnih ravni res pretiran izraz, bo to veljalo samo do tedaj, ko bodo v teh okoljih za\u010deli prera\u010dunavati, kaj za njih konkretno pomeni ukinitev nekaterih od zdaj 11 okro\u017enih sodi\u0161\u010d in priklju\u010ditev k drugim in kaj za 44\u00a0&#8230;<\/p>\n","protected":false},"author":1,"featured_media":0,"comment_status":"closed","ping_status":"closed","sticky":false,"template":"","format":"standard","meta":{"footnotes":""},"categories":[1179],"tags":[],"source":[1703],"supertag":[],"acf":[],"yoast_head":"<!-- This site is optimized with the Yoast SEO plugin v21.3 - https:\/\/yoast.com\/wordpress\/plugins\/seo\/ -->\n<title>Mre\u017eenje - Hudo Slovenija<\/title>\n<meta name=\"robots\" content=\"index, follow, max-snippet:-1, max-image-preview:large, max-video-preview:-1\" \/>\n<link rel=\"canonical\" href=\"https:\/\/hudo.com\/si\/aktualno\/mrezenje\/\" \/>\n<meta property=\"og:locale\" content=\"sl_SI\" \/>\n<meta property=\"og:type\" content=\"article\" \/>\n<meta property=\"og:title\" content=\"Mre\u017eenje - Hudo Slovenija\" \/>\n<meta property=\"og:description\" content=\"Kategorija: Komentarji Wed, 30 Aug 2017 21:00:00 +0200 Ko bo, \u010de bo, pravosodni minister Goran Klemen\u010di\u010d leto dni pred koncem funkcije pred strokovno in predvsem politi\u010dno javnostjo razgrnil na\u010drte glede nove mre\u017ee sodi\u0161\u010d \u2013 kar pomeni, da nekaterih ne bo ve\u010d oziroma da bodo priklju\u010dena drugim, sicer o kr\u010denju ali racionalizaciji mre\u017ee sodi\u0161\u010d nima smisla govoriti \u2013, se bo proti njemu obrnil celoten dr\u017eavni aparat. Seveda s tem mislimo predvsem na njen regijski ali lokalni del, ki se mu upira centralizacija ne samo na sodnem podro\u010dju, ampak tudi na vseh drugih. In \u010de se morebiti ta hip zdi upor \u00bbni\u017ejih\u00ab dr\u017eavnih ravni res pretiran izraz, bo to veljalo samo do tedaj, ko bodo v teh okoljih za\u010deli prera\u010dunavati, kaj za njih konkretno pomeni ukinitev nekaterih od zdaj 11 okro\u017enih sodi\u0161\u010d in priklju\u010ditev k drugim in kaj za 44\u00a0...\" \/>\n<meta property=\"og:url\" content=\"https:\/\/hudo.com\/si\/aktualno\/mrezenje\/\" \/>\n<meta property=\"og:site_name\" content=\"Hudo Slovenija\" \/>\n<meta property=\"article:publisher\" content=\"https:\/\/www.facebook.com\/hudo.si\" \/>\n<meta property=\"article:published_time\" content=\"2017-08-30T17:00:00+00:00\" \/>\n<meta property=\"og:image\" content=\"https:\/\/hudo.com\/si\/wp-content\/uploads\/sites\/2\/2017\/08\/480x290_djvu_1080090_matkok_bsa-SP-mnenja-1.jpeg\" \/>\n\t<meta property=\"og:image:width\" content=\"480\" \/>\n\t<meta property=\"og:image:height\" content=\"290\" \/>\n\t<meta property=\"og:image:type\" content=\"image\/jpeg\" \/>\n<meta name=\"author\" content=\"hudo\" \/>\n<meta name=\"twitter:card\" content=\"summary_large_image\" \/>\n<meta name=\"twitter:creator\" content=\"@hudo_si\" \/>\n<meta name=\"twitter:site\" content=\"@hudo_si\" \/>\n<meta name=\"twitter:label1\" content=\"Written by\" \/>\n\t<meta name=\"twitter:data1\" content=\"hudo\" \/>\n\t<meta name=\"twitter:label2\" content=\"Est. reading time\" \/>\n\t<meta name=\"twitter:data2\" content=\"1 minuta\" \/>\n<script type=\"application\/ld+json\" class=\"yoast-schema-graph\">{\"@context\":\"https:\/\/schema.org\",\"@graph\":[{\"@type\":\"Article\",\"@id\":\"https:\/\/hudo.com\/si\/aktualno\/mrezenje\/#article\",\"isPartOf\":{\"@id\":\"https:\/\/hudo.com\/si\/aktualno\/mrezenje\/\"},\"author\":{\"name\":\"hudo\",\"@id\":\"https:\/\/hudo.com\/si\/#\/schema\/person\/601cf3379633985b20f7e50f2bb47707\"},\"headline\":\"Mre\u017eenje\",\"datePublished\":\"2017-08-30T17:00:00+00:00\",\"dateModified\":\"2017-08-30T17:00:00+00:00\",\"mainEntityOfPage\":{\"@id\":\"https:\/\/hudo.com\/si\/aktualno\/mrezenje\/\"},\"wordCount\":147,\"publisher\":{\"@id\":\"https:\/\/hudo.com\/si\/#organization\"},\"articleSection\":[\"Aktualno\"],\"inLanguage\":\"sl-SI\"},{\"@type\":\"WebPage\",\"@id\":\"https:\/\/hudo.com\/si\/aktualno\/mrezenje\/\",\"url\":\"https:\/\/hudo.com\/si\/aktualno\/mrezenje\/\",\"name\":\"Mre\u017eenje - Hudo Slovenija\",\"isPartOf\":{\"@id\":\"https:\/\/hudo.com\/si\/#website\"},\"datePublished\":\"2017-08-30T17:00:00+00:00\",\"dateModified\":\"2017-08-30T17:00:00+00:00\",\"breadcrumb\":{\"@id\":\"https:\/\/hudo.com\/si\/aktualno\/mrezenje\/#breadcrumb\"},\"inLanguage\":\"sl-SI\",\"potentialAction\":[{\"@type\":\"ReadAction\",\"target\":[\"https:\/\/hudo.com\/si\/aktualno\/mrezenje\/\"]}]},{\"@type\":\"BreadcrumbList\",\"@id\":\"https:\/\/hudo.com\/si\/aktualno\/mrezenje\/#breadcrumb\",\"itemListElement\":[{\"@type\":\"ListItem\",\"position\":1,\"name\":\"Home\",\"item\":\"https:\/\/hudo.com\/si\/\"},{\"@type\":\"ListItem\",\"position\":2,\"name\":\"Mre\u017eenje\"}]},{\"@type\":\"WebSite\",\"@id\":\"https:\/\/hudo.com\/si\/#website\",\"url\":\"https:\/\/hudo.com\/si\/\",\"name\":\"Hudo Slovenija\",\"description\":\"Vse novice iz Slovenije in sveta\",\"publisher\":{\"@id\":\"https:\/\/hudo.com\/si\/#organization\"},\"potentialAction\":[{\"@type\":\"SearchAction\",\"target\":{\"@type\":\"EntryPoint\",\"urlTemplate\":\"https:\/\/hudo.com\/si\/?s={search_term_string}\"},\"query-input\":\"required name=search_term_string\"}],\"inLanguage\":\"sl-SI\"},{\"@type\":\"Organization\",\"@id\":\"https:\/\/hudo.com\/si\/#organization\",\"name\":\"VSN Media\",\"url\":\"https:\/\/hudo.com\/si\/\",\"logo\":{\"@type\":\"ImageObject\",\"inLanguage\":\"sl-SI\",\"@id\":\"https:\/\/hudo.com\/si\/#\/schema\/logo\/image\/\",\"url\":\"https:\/\/hudo.com\/si\/wp-content\/uploads\/sites\/2\/2021\/03\/hudo-app-2.png\",\"contentUrl\":\"https:\/\/hudo.com\/si\/wp-content\/uploads\/sites\/2\/2021\/03\/hudo-app-2.png\",\"width\":2185,\"height\":2167,\"caption\":\"VSN Media\"},\"image\":{\"@id\":\"https:\/\/hudo.com\/si\/#\/schema\/logo\/image\/\"},\"sameAs\":[\"https:\/\/www.facebook.com\/hudo.si\",\"https:\/\/twitter.com\/hudo_si\"]},{\"@type\":\"Person\",\"@id\":\"https:\/\/hudo.com\/si\/#\/schema\/person\/601cf3379633985b20f7e50f2bb47707\",\"name\":\"hudo\",\"image\":{\"@type\":\"ImageObject\",\"inLanguage\":\"sl-SI\",\"@id\":\"https:\/\/hudo.com\/si\/#\/schema\/person\/image\/\",\"url\":\"https:\/\/secure.gravatar.com\/avatar\/c4ca25fa72cace7a696b52ff5db9e095?s=96&d=mm&r=g\",\"contentUrl\":\"https:\/\/secure.gravatar.com\/avatar\/c4ca25fa72cace7a696b52ff5db9e095?s=96&d=mm&r=g\",\"caption\":\"hudo\"},\"url\":\"https:\/\/hudo.com\/si\/author\/hudo\/\"}]}<\/script>\n<!-- \/ Yoast SEO plugin. -->","yoast_head_json":{"title":"Mre\u017eenje - Hudo Slovenija","robots":{"index":"index","follow":"follow","max-snippet":"max-snippet:-1","max-image-preview":"max-image-preview:large","max-video-preview":"max-video-preview:-1"},"canonical":"https:\/\/hudo.com\/si\/aktualno\/mrezenje\/","og_locale":"sl_SI","og_type":"article","og_title":"Mre\u017eenje - Hudo Slovenija","og_description":"Kategorija: Komentarji Wed, 30 Aug 2017 21:00:00 +0200 Ko bo, \u010de bo, pravosodni minister Goran Klemen\u010di\u010d leto dni pred koncem funkcije pred strokovno in predvsem politi\u010dno javnostjo razgrnil na\u010drte glede nove mre\u017ee sodi\u0161\u010d \u2013 kar pomeni, da nekaterih ne bo ve\u010d oziroma da bodo priklju\u010dena drugim, sicer o kr\u010denju ali racionalizaciji mre\u017ee sodi\u0161\u010d nima smisla govoriti \u2013, se bo proti njemu obrnil celoten dr\u017eavni aparat. Seveda s tem mislimo predvsem na njen regijski ali lokalni del, ki se mu upira centralizacija ne samo na sodnem podro\u010dju, ampak tudi na vseh drugih. In \u010de se morebiti ta hip zdi upor \u00bbni\u017ejih\u00ab dr\u017eavnih ravni res pretiran izraz, bo to veljalo samo do tedaj, ko bodo v teh okoljih za\u010deli prera\u010dunavati, kaj za njih konkretno pomeni ukinitev nekaterih od zdaj 11 okro\u017enih sodi\u0161\u010d in priklju\u010ditev k drugim in kaj za 44\u00a0...","og_url":"https:\/\/hudo.com\/si\/aktualno\/mrezenje\/","og_site_name":"Hudo Slovenija","article_publisher":"https:\/\/www.facebook.com\/hudo.si","article_published_time":"2017-08-30T17:00:00+00:00","og_image":[{"width":480,"height":290,"url":"https:\/\/hudo.com\/si\/wp-content\/uploads\/sites\/2\/2017\/08\/480x290_djvu_1080090_matkok_bsa-SP-mnenja-1.jpeg","type":"image\/jpeg"}],"author":"hudo","twitter_card":"summary_large_image","twitter_creator":"@hudo_si","twitter_site":"@hudo_si","twitter_misc":{"Written by":"hudo","Est. reading time":"1 minuta"},"schema":{"@context":"https:\/\/schema.org","@graph":[{"@type":"Article","@id":"https:\/\/hudo.com\/si\/aktualno\/mrezenje\/#article","isPartOf":{"@id":"https:\/\/hudo.com\/si\/aktualno\/mrezenje\/"},"author":{"name":"hudo","@id":"https:\/\/hudo.com\/si\/#\/schema\/person\/601cf3379633985b20f7e50f2bb47707"},"headline":"Mre\u017eenje","datePublished":"2017-08-30T17:00:00+00:00","dateModified":"2017-08-30T17:00:00+00:00","mainEntityOfPage":{"@id":"https:\/\/hudo.com\/si\/aktualno\/mrezenje\/"},"wordCount":147,"publisher":{"@id":"https:\/\/hudo.com\/si\/#organization"},"articleSection":["Aktualno"],"inLanguage":"sl-SI"},{"@type":"WebPage","@id":"https:\/\/hudo.com\/si\/aktualno\/mrezenje\/","url":"https:\/\/hudo.com\/si\/aktualno\/mrezenje\/","name":"Mre\u017eenje - Hudo Slovenija","isPartOf":{"@id":"https:\/\/hudo.com\/si\/#website"},"datePublished":"2017-08-30T17:00:00+00:00","dateModified":"2017-08-30T17:00:00+00:00","breadcrumb":{"@id":"https:\/\/hudo.com\/si\/aktualno\/mrezenje\/#breadcrumb"},"inLanguage":"sl-SI","potentialAction":[{"@type":"ReadAction","target":["https:\/\/hudo.com\/si\/aktualno\/mrezenje\/"]}]},{"@type":"BreadcrumbList","@id":"https:\/\/hudo.com\/si\/aktualno\/mrezenje\/#breadcrumb","itemListElement":[{"@type":"ListItem","position":1,"name":"Home","item":"https:\/\/hudo.com\/si\/"},{"@type":"ListItem","position":2,"name":"Mre\u017eenje"}]},{"@type":"WebSite","@id":"https:\/\/hudo.com\/si\/#website","url":"https:\/\/hudo.com\/si\/","name":"Hudo Slovenija","description":"Vse novice iz Slovenije in sveta","publisher":{"@id":"https:\/\/hudo.com\/si\/#organization"},"potentialAction":[{"@type":"SearchAction","target":{"@type":"EntryPoint","urlTemplate":"https:\/\/hudo.com\/si\/?s={search_term_string}"},"query-input":"required name=search_term_string"}],"inLanguage":"sl-SI"},{"@type":"Organization","@id":"https:\/\/hudo.com\/si\/#organization","name":"VSN Media","url":"https:\/\/hudo.com\/si\/","logo":{"@type":"ImageObject","inLanguage":"sl-SI","@id":"https:\/\/hudo.com\/si\/#\/schema\/logo\/image\/","url":"https:\/\/hudo.com\/si\/wp-content\/uploads\/sites\/2\/2021\/03\/hudo-app-2.png","contentUrl":"https:\/\/hudo.com\/si\/wp-content\/uploads\/sites\/2\/2021\/03\/hudo-app-2.png","width":2185,"height":2167,"caption":"VSN Media"},"image":{"@id":"https:\/\/hudo.com\/si\/#\/schema\/logo\/image\/"},"sameAs":["https:\/\/www.facebook.com\/hudo.si","https:\/\/twitter.com\/hudo_si"]},{"@type":"Person","@id":"https:\/\/hudo.com\/si\/#\/schema\/person\/601cf3379633985b20f7e50f2bb47707","name":"hudo","image":{"@type":"ImageObject","inLanguage":"sl-SI","@id":"https:\/\/hudo.com\/si\/#\/schema\/person\/image\/","url":"https:\/\/secure.gravatar.com\/avatar\/c4ca25fa72cace7a696b52ff5db9e095?s=96&d=mm&r=g","contentUrl":"https:\/\/secure.gravatar.com\/avatar\/c4ca25fa72cace7a696b52ff5db9e095?s=96&d=mm&r=g","caption":"hudo"},"url":"https:\/\/hudo.com\/si\/author\/hudo\/"}]}},"amp_enabled":true,"_links":{"self":[{"href":"https:\/\/hudo.com\/si\/wp-json\/wp\/v2\/posts\/293158"}],"collection":[{"href":"https:\/\/hudo.com\/si\/wp-json\/wp\/v2\/posts"}],"about":[{"href":"https:\/\/hudo.com\/si\/wp-json\/wp\/v2\/types\/post"}],"author":[{"embeddable":true,"href":"https:\/\/hudo.com\/si\/wp-json\/wp\/v2\/users\/1"}],"replies":[{"embeddable":true,"href":"https:\/\/hudo.com\/si\/wp-json\/wp\/v2\/comments?post=293158"}],"version-history":[{"count":0,"href":"https:\/\/hudo.com\/si\/wp-json\/wp\/v2\/posts\/293158\/revisions"}],"wp:attachment":[{"href":"https:\/\/hudo.com\/si\/wp-json\/wp\/v2\/media?parent=293158"}],"wp:term":[{"taxonomy":"category","embeddable":true,"href":"https:\/\/hudo.com\/si\/wp-json\/wp\/v2\/categories?post=293158"},{"taxonomy":"post_tag","embeddable":true,"href":"https:\/\/hudo.com\/si\/wp-json\/wp\/v2\/tags?post=293158"},{"taxonomy":"source","embeddable":true,"href":"https:\/\/hudo.com\/si\/wp-json\/wp\/v2\/source?post=293158"},{"taxonomy":"supertag","embeddable":true,"href":"https:\/\/hudo.com\/si\/wp-json\/wp\/v2\/supertag?post=293158"}],"curies":[{"name":"wp","href":"https:\/\/api.w.org\/{rel}","templated":true}]}}