{"id":293188,"date":"2017-08-30T20:41:00","date_gmt":"2017-08-30T18:41:00","guid":{"rendered":"http:\/\/hudo.com\/si\/2017\/08\/30\/celjanom-prvi-derbi-sezone\/"},"modified":"2017-08-30T20:41:00","modified_gmt":"2017-08-30T18:41:00","slug":"celjanom-prvi-derbi-sezone","status":"publish","type":"post","link":"https:\/\/hudo.com\/si\/aktualno\/celjanom-prvi-derbi-sezone\/","title":{"rendered":"Celjanom prvi derbi sezone"},"content":{"rendered":"<p>Kategorija: Rokomet Wed, 30 Aug 2017 22:41:00 +0200  Velenje &#8211; Prvi medsebojni obra\u010dun tekmovalnega pomena med Velenj\u010dani in Celjani pred 1700 gledalci v Rde\u010di dvorani se je kon\u010dal z zmagoslavjem dr\u017eavnih in pokalnih prvakov iz mesta ob Savinji. Velenj\u010dani so navkljub glasnim napovedim po zmagi znova ostali praznih rok, Celjane so denimo zadnji\u010d premagali davnega 4. decembra 2013. Pred dvobojem najhuj\u0161ih tekmecev je bilo kar nekaj \u00bbvro\u010de krvi\u00ab, zanjo pa je poskrbel novi velenjski strateg \u017deljko Babi\u0107 z izjavo, da so ga pred za\u010detkom sezone vabili v Celje, a se je nato odlo\u010dil za \u00bbperspektivnej\u0161e\u00ab Velenje. V celjskem taboru so kategori\u010dno zavrnili stike z nekdanjim hrva\u0161kim selektorjem, ki je pred za\u010detkom sezone zamenjal Boruta Plaskana. Obra\u010dun najmo\u010dnej\u0161ih slovenskih zasedb so bolje pri\u010deli Celjani. Njihov strateg Branko Tam\u0161e je v uvodno postavo uvrstil vse igralce iz minule sezone, \u010deravno so ekipo\u00a0&#8230;<\/p>\n","protected":false},"excerpt":{"rendered":"<p>Kategorija: Rokomet Wed, 30 Aug 2017 22:41:00 +0200  Velenje &#8211; Prvi medsebojni obra\u010dun tekmovalnega pomena med Velenj\u010dani in Celjani pred 1700 gledalci v Rde\u010di dvorani se je kon\u010dal z zmagoslavjem dr\u017eavnih in pokalnih prvakov iz mesta ob Savinji. Velenj\u010dani so navkljub glasnim napovedim po zmagi znova ostali praznih rok, Celjane so denimo zadnji\u010d premagali davnega 4. decembra 2013. Pred dvobojem najhuj\u0161ih tekmecev je bilo kar nekaj \u00bbvro\u010de krvi\u00ab, zanjo pa je poskrbel novi velenjski strateg \u017deljko Babi\u0107 z izjavo, da so ga pred za\u010detkom sezone vabili v Celje, a se je nato odlo\u010dil za \u00bbperspektivnej\u0161e\u00ab Velenje. V celjskem taboru so kategori\u010dno zavrnili stike z nekdanjim hrva\u0161kim selektorjem, ki je pred za\u010detkom sezone zamenjal Boruta Plaskana. Obra\u010dun najmo\u010dnej\u0161ih slovenskih zasedb so bolje pri\u010deli Celjani. Njihov strateg Branko Tam\u0161e je v uvodno postavo uvrstil vse igralce iz minule sezone, \u010deravno so ekipo\u00a0&#8230;<\/p>\n","protected":false},"author":1,"featured_media":0,"comment_status":"closed","ping_status":"closed","sticky":false,"template":"","format":"standard","meta":{"footnotes":""},"categories":[1179],"tags":[],"source":[1703],"supertag":[],"acf":[],"yoast_head":"<!-- This site is optimized with the Yoast SEO plugin v21.3 - https:\/\/yoast.com\/wordpress\/plugins\/seo\/ -->\n<title>Celjanom prvi derbi sezone - Hudo Slovenija<\/title>\n<meta name=\"robots\" content=\"index, follow, max-snippet:-1, max-image-preview:large, max-video-preview:-1\" \/>\n<link rel=\"canonical\" href=\"https:\/\/hudo.com\/si\/aktualno\/celjanom-prvi-derbi-sezone\/\" \/>\n<meta property=\"og:locale\" content=\"sl_SI\" \/>\n<meta property=\"og:type\" content=\"article\" \/>\n<meta property=\"og:title\" content=\"Celjanom prvi derbi sezone - Hudo Slovenija\" \/>\n<meta property=\"og:description\" content=\"Kategorija: Rokomet Wed, 30 Aug 2017 22:41:00 +0200 Velenje - Prvi medsebojni obra\u010dun tekmovalnega pomena med Velenj\u010dani in Celjani pred 1700 gledalci v Rde\u010di dvorani se je kon\u010dal z zmagoslavjem dr\u017eavnih in pokalnih prvakov iz mesta ob Savinji. Velenj\u010dani so navkljub glasnim napovedim po zmagi znova ostali praznih rok, Celjane so denimo zadnji\u010d premagali davnega 4. decembra 2013. Pred dvobojem najhuj\u0161ih tekmecev je bilo kar nekaj \u00bbvro\u010de krvi\u00ab, zanjo pa je poskrbel novi velenjski strateg \u017deljko Babi\u0107 z izjavo, da so ga pred za\u010detkom sezone vabili v Celje, a se je nato odlo\u010dil za \u00bbperspektivnej\u0161e\u00ab Velenje. V celjskem taboru so kategori\u010dno zavrnili stike z nekdanjim hrva\u0161kim selektorjem, ki je pred za\u010detkom sezone zamenjal Boruta Plaskana. Obra\u010dun najmo\u010dnej\u0161ih slovenskih zasedb so bolje pri\u010deli Celjani. Njihov strateg Branko Tam\u0161e je v uvodno postavo uvrstil vse igralce iz minule sezone, \u010deravno so ekipo\u00a0...\" \/>\n<meta property=\"og:url\" content=\"https:\/\/hudo.com\/si\/aktualno\/celjanom-prvi-derbi-sezone\/\" \/>\n<meta property=\"og:site_name\" content=\"Hudo Slovenija\" \/>\n<meta property=\"article:publisher\" content=\"https:\/\/www.facebook.com\/hudo.si\" \/>\n<meta property=\"article:published_time\" content=\"2017-08-30T18:41:00+00:00\" \/>\n<meta property=\"og:image\" content=\"https:\/\/hudo.com\/si\/wp-content\/uploads\/sites\/2\/2017\/08\/480x290_Delo_Foto-20170830215051-63965100.jpeg\" \/>\n\t<meta property=\"og:image:width\" content=\"480\" \/>\n\t<meta property=\"og:image:height\" content=\"290\" \/>\n\t<meta property=\"og:image:type\" content=\"image\/jpeg\" \/>\n<meta name=\"author\" content=\"hudo\" \/>\n<meta name=\"twitter:card\" content=\"summary_large_image\" \/>\n<meta name=\"twitter:creator\" content=\"@hudo_si\" \/>\n<meta name=\"twitter:site\" content=\"@hudo_si\" \/>\n<meta name=\"twitter:label1\" content=\"Written by\" \/>\n\t<meta name=\"twitter:data1\" content=\"hudo\" \/>\n\t<meta name=\"twitter:label2\" content=\"Est. reading time\" \/>\n\t<meta name=\"twitter:data2\" content=\"1 minuta\" \/>\n<script type=\"application\/ld+json\" class=\"yoast-schema-graph\">{\"@context\":\"https:\/\/schema.org\",\"@graph\":[{\"@type\":\"Article\",\"@id\":\"https:\/\/hudo.com\/si\/aktualno\/celjanom-prvi-derbi-sezone\/#article\",\"isPartOf\":{\"@id\":\"https:\/\/hudo.com\/si\/aktualno\/celjanom-prvi-derbi-sezone\/\"},\"author\":{\"name\":\"hudo\",\"@id\":\"https:\/\/hudo.com\/si\/#\/schema\/person\/601cf3379633985b20f7e50f2bb47707\"},\"headline\":\"Celjanom prvi derbi sezone\",\"datePublished\":\"2017-08-30T18:41:00+00:00\",\"dateModified\":\"2017-08-30T18:41:00+00:00\",\"mainEntityOfPage\":{\"@id\":\"https:\/\/hudo.com\/si\/aktualno\/celjanom-prvi-derbi-sezone\/\"},\"wordCount\":156,\"publisher\":{\"@id\":\"https:\/\/hudo.com\/si\/#organization\"},\"articleSection\":[\"Aktualno\"],\"inLanguage\":\"sl-SI\"},{\"@type\":\"WebPage\",\"@id\":\"https:\/\/hudo.com\/si\/aktualno\/celjanom-prvi-derbi-sezone\/\",\"url\":\"https:\/\/hudo.com\/si\/aktualno\/celjanom-prvi-derbi-sezone\/\",\"name\":\"Celjanom prvi derbi sezone - Hudo Slovenija\",\"isPartOf\":{\"@id\":\"https:\/\/hudo.com\/si\/#website\"},\"datePublished\":\"2017-08-30T18:41:00+00:00\",\"dateModified\":\"2017-08-30T18:41:00+00:00\",\"breadcrumb\":{\"@id\":\"https:\/\/hudo.com\/si\/aktualno\/celjanom-prvi-derbi-sezone\/#breadcrumb\"},\"inLanguage\":\"sl-SI\",\"potentialAction\":[{\"@type\":\"ReadAction\",\"target\":[\"https:\/\/hudo.com\/si\/aktualno\/celjanom-prvi-derbi-sezone\/\"]}]},{\"@type\":\"BreadcrumbList\",\"@id\":\"https:\/\/hudo.com\/si\/aktualno\/celjanom-prvi-derbi-sezone\/#breadcrumb\",\"itemListElement\":[{\"@type\":\"ListItem\",\"position\":1,\"name\":\"Home\",\"item\":\"https:\/\/hudo.com\/si\/\"},{\"@type\":\"ListItem\",\"position\":2,\"name\":\"Celjanom prvi derbi sezone\"}]},{\"@type\":\"WebSite\",\"@id\":\"https:\/\/hudo.com\/si\/#website\",\"url\":\"https:\/\/hudo.com\/si\/\",\"name\":\"Hudo Slovenija\",\"description\":\"Vse novice iz Slovenije in sveta\",\"publisher\":{\"@id\":\"https:\/\/hudo.com\/si\/#organization\"},\"potentialAction\":[{\"@type\":\"SearchAction\",\"target\":{\"@type\":\"EntryPoint\",\"urlTemplate\":\"https:\/\/hudo.com\/si\/?s={search_term_string}\"},\"query-input\":\"required name=search_term_string\"}],\"inLanguage\":\"sl-SI\"},{\"@type\":\"Organization\",\"@id\":\"https:\/\/hudo.com\/si\/#organization\",\"name\":\"VSN Media\",\"url\":\"https:\/\/hudo.com\/si\/\",\"logo\":{\"@type\":\"ImageObject\",\"inLanguage\":\"sl-SI\",\"@id\":\"https:\/\/hudo.com\/si\/#\/schema\/logo\/image\/\",\"url\":\"https:\/\/hudo.com\/si\/wp-content\/uploads\/sites\/2\/2021\/03\/hudo-app-2.png\",\"contentUrl\":\"https:\/\/hudo.com\/si\/wp-content\/uploads\/sites\/2\/2021\/03\/hudo-app-2.png\",\"width\":2185,\"height\":2167,\"caption\":\"VSN Media\"},\"image\":{\"@id\":\"https:\/\/hudo.com\/si\/#\/schema\/logo\/image\/\"},\"sameAs\":[\"https:\/\/www.facebook.com\/hudo.si\",\"https:\/\/twitter.com\/hudo_si\"]},{\"@type\":\"Person\",\"@id\":\"https:\/\/hudo.com\/si\/#\/schema\/person\/601cf3379633985b20f7e50f2bb47707\",\"name\":\"hudo\",\"image\":{\"@type\":\"ImageObject\",\"inLanguage\":\"sl-SI\",\"@id\":\"https:\/\/hudo.com\/si\/#\/schema\/person\/image\/\",\"url\":\"https:\/\/secure.gravatar.com\/avatar\/c4ca25fa72cace7a696b52ff5db9e095?s=96&d=mm&r=g\",\"contentUrl\":\"https:\/\/secure.gravatar.com\/avatar\/c4ca25fa72cace7a696b52ff5db9e095?s=96&d=mm&r=g\",\"caption\":\"hudo\"},\"url\":\"https:\/\/hudo.com\/si\/author\/hudo\/\"}]}<\/script>\n<!-- \/ Yoast SEO plugin. -->","yoast_head_json":{"title":"Celjanom prvi derbi sezone - Hudo Slovenija","robots":{"index":"index","follow":"follow","max-snippet":"max-snippet:-1","max-image-preview":"max-image-preview:large","max-video-preview":"max-video-preview:-1"},"canonical":"https:\/\/hudo.com\/si\/aktualno\/celjanom-prvi-derbi-sezone\/","og_locale":"sl_SI","og_type":"article","og_title":"Celjanom prvi derbi sezone - Hudo Slovenija","og_description":"Kategorija: Rokomet Wed, 30 Aug 2017 22:41:00 +0200 Velenje - Prvi medsebojni obra\u010dun tekmovalnega pomena med Velenj\u010dani in Celjani pred 1700 gledalci v Rde\u010di dvorani se je kon\u010dal z zmagoslavjem dr\u017eavnih in pokalnih prvakov iz mesta ob Savinji. Velenj\u010dani so navkljub glasnim napovedim po zmagi znova ostali praznih rok, Celjane so denimo zadnji\u010d premagali davnega 4. decembra 2013. Pred dvobojem najhuj\u0161ih tekmecev je bilo kar nekaj \u00bbvro\u010de krvi\u00ab, zanjo pa je poskrbel novi velenjski strateg \u017deljko Babi\u0107 z izjavo, da so ga pred za\u010detkom sezone vabili v Celje, a se je nato odlo\u010dil za \u00bbperspektivnej\u0161e\u00ab Velenje. V celjskem taboru so kategori\u010dno zavrnili stike z nekdanjim hrva\u0161kim selektorjem, ki je pred za\u010detkom sezone zamenjal Boruta Plaskana. Obra\u010dun najmo\u010dnej\u0161ih slovenskih zasedb so bolje pri\u010deli Celjani. Njihov strateg Branko Tam\u0161e je v uvodno postavo uvrstil vse igralce iz minule sezone, \u010deravno so ekipo\u00a0...","og_url":"https:\/\/hudo.com\/si\/aktualno\/celjanom-prvi-derbi-sezone\/","og_site_name":"Hudo Slovenija","article_publisher":"https:\/\/www.facebook.com\/hudo.si","article_published_time":"2017-08-30T18:41:00+00:00","og_image":[{"width":480,"height":290,"url":"https:\/\/hudo.com\/si\/wp-content\/uploads\/sites\/2\/2017\/08\/480x290_Delo_Foto-20170830215051-63965100.jpeg","type":"image\/jpeg"}],"author":"hudo","twitter_card":"summary_large_image","twitter_creator":"@hudo_si","twitter_site":"@hudo_si","twitter_misc":{"Written by":"hudo","Est. reading time":"1 minuta"},"schema":{"@context":"https:\/\/schema.org","@graph":[{"@type":"Article","@id":"https:\/\/hudo.com\/si\/aktualno\/celjanom-prvi-derbi-sezone\/#article","isPartOf":{"@id":"https:\/\/hudo.com\/si\/aktualno\/celjanom-prvi-derbi-sezone\/"},"author":{"name":"hudo","@id":"https:\/\/hudo.com\/si\/#\/schema\/person\/601cf3379633985b20f7e50f2bb47707"},"headline":"Celjanom prvi derbi sezone","datePublished":"2017-08-30T18:41:00+00:00","dateModified":"2017-08-30T18:41:00+00:00","mainEntityOfPage":{"@id":"https:\/\/hudo.com\/si\/aktualno\/celjanom-prvi-derbi-sezone\/"},"wordCount":156,"publisher":{"@id":"https:\/\/hudo.com\/si\/#organization"},"articleSection":["Aktualno"],"inLanguage":"sl-SI"},{"@type":"WebPage","@id":"https:\/\/hudo.com\/si\/aktualno\/celjanom-prvi-derbi-sezone\/","url":"https:\/\/hudo.com\/si\/aktualno\/celjanom-prvi-derbi-sezone\/","name":"Celjanom prvi derbi sezone - Hudo Slovenija","isPartOf":{"@id":"https:\/\/hudo.com\/si\/#website"},"datePublished":"2017-08-30T18:41:00+00:00","dateModified":"2017-08-30T18:41:00+00:00","breadcrumb":{"@id":"https:\/\/hudo.com\/si\/aktualno\/celjanom-prvi-derbi-sezone\/#breadcrumb"},"inLanguage":"sl-SI","potentialAction":[{"@type":"ReadAction","target":["https:\/\/hudo.com\/si\/aktualno\/celjanom-prvi-derbi-sezone\/"]}]},{"@type":"BreadcrumbList","@id":"https:\/\/hudo.com\/si\/aktualno\/celjanom-prvi-derbi-sezone\/#breadcrumb","itemListElement":[{"@type":"ListItem","position":1,"name":"Home","item":"https:\/\/hudo.com\/si\/"},{"@type":"ListItem","position":2,"name":"Celjanom prvi derbi sezone"}]},{"@type":"WebSite","@id":"https:\/\/hudo.com\/si\/#website","url":"https:\/\/hudo.com\/si\/","name":"Hudo Slovenija","description":"Vse novice iz Slovenije in sveta","publisher":{"@id":"https:\/\/hudo.com\/si\/#organization"},"potentialAction":[{"@type":"SearchAction","target":{"@type":"EntryPoint","urlTemplate":"https:\/\/hudo.com\/si\/?s={search_term_string}"},"query-input":"required name=search_term_string"}],"inLanguage":"sl-SI"},{"@type":"Organization","@id":"https:\/\/hudo.com\/si\/#organization","name":"VSN Media","url":"https:\/\/hudo.com\/si\/","logo":{"@type":"ImageObject","inLanguage":"sl-SI","@id":"https:\/\/hudo.com\/si\/#\/schema\/logo\/image\/","url":"https:\/\/hudo.com\/si\/wp-content\/uploads\/sites\/2\/2021\/03\/hudo-app-2.png","contentUrl":"https:\/\/hudo.com\/si\/wp-content\/uploads\/sites\/2\/2021\/03\/hudo-app-2.png","width":2185,"height":2167,"caption":"VSN Media"},"image":{"@id":"https:\/\/hudo.com\/si\/#\/schema\/logo\/image\/"},"sameAs":["https:\/\/www.facebook.com\/hudo.si","https:\/\/twitter.com\/hudo_si"]},{"@type":"Person","@id":"https:\/\/hudo.com\/si\/#\/schema\/person\/601cf3379633985b20f7e50f2bb47707","name":"hudo","image":{"@type":"ImageObject","inLanguage":"sl-SI","@id":"https:\/\/hudo.com\/si\/#\/schema\/person\/image\/","url":"https:\/\/secure.gravatar.com\/avatar\/c4ca25fa72cace7a696b52ff5db9e095?s=96&d=mm&r=g","contentUrl":"https:\/\/secure.gravatar.com\/avatar\/c4ca25fa72cace7a696b52ff5db9e095?s=96&d=mm&r=g","caption":"hudo"},"url":"https:\/\/hudo.com\/si\/author\/hudo\/"}]}},"amp_enabled":true,"_links":{"self":[{"href":"https:\/\/hudo.com\/si\/wp-json\/wp\/v2\/posts\/293188"}],"collection":[{"href":"https:\/\/hudo.com\/si\/wp-json\/wp\/v2\/posts"}],"about":[{"href":"https:\/\/hudo.com\/si\/wp-json\/wp\/v2\/types\/post"}],"author":[{"embeddable":true,"href":"https:\/\/hudo.com\/si\/wp-json\/wp\/v2\/users\/1"}],"replies":[{"embeddable":true,"href":"https:\/\/hudo.com\/si\/wp-json\/wp\/v2\/comments?post=293188"}],"version-history":[{"count":0,"href":"https:\/\/hudo.com\/si\/wp-json\/wp\/v2\/posts\/293188\/revisions"}],"wp:attachment":[{"href":"https:\/\/hudo.com\/si\/wp-json\/wp\/v2\/media?parent=293188"}],"wp:term":[{"taxonomy":"category","embeddable":true,"href":"https:\/\/hudo.com\/si\/wp-json\/wp\/v2\/categories?post=293188"},{"taxonomy":"post_tag","embeddable":true,"href":"https:\/\/hudo.com\/si\/wp-json\/wp\/v2\/tags?post=293188"},{"taxonomy":"source","embeddable":true,"href":"https:\/\/hudo.com\/si\/wp-json\/wp\/v2\/source?post=293188"},{"taxonomy":"supertag","embeddable":true,"href":"https:\/\/hudo.com\/si\/wp-json\/wp\/v2\/supertag?post=293188"}],"curies":[{"name":"wp","href":"https:\/\/api.w.org\/{rel}","templated":true}]}}