{"id":293210,"date":"2017-08-31T04:00:00","date_gmt":"2017-08-31T02:00:00","guid":{"rendered":"http:\/\/hudo.com\/si\/2017\/08\/31\/celjski-junak-mlakar-gorenju-se-zasolil-rane\/"},"modified":"2017-08-31T04:00:00","modified_gmt":"2017-08-31T02:00:00","slug":"celjski-junak-mlakar-gorenju-se-zasolil-rane","status":"publish","type":"post","link":"https:\/\/hudo.com\/si\/aktualno\/celjski-junak-mlakar-gorenju-se-zasolil-rane\/","title":{"rendered":"Celjski junak Mlakar Gorenju \u0161e zasolil rane"},"content":{"rendered":"<p>Kategorija: Rokomet Thu, 31 Aug 2017 06:00:00 +0200  Velenje \u2013 Tudi v \u0161portu je vse minljivo, ampak ene stvari so precej obstojnej\u0161e od drugih. Mednje vsekakor sodi prevlada rokometa\u0161ev Celja Pivovarne La\u0161ko nad tekmeci iz Gorenja, ki se ni kon\u010dala niti po 1365 dneh. V Rde\u010di dvorani so se gostje veselili zmage na derbiju 1. kola lige SEHA. Celje je 24 let in dan, odkar je s Pelisterjem odigralo prvo tekmo v ligi prvakov, doseglo sladko zmago pri Gorenju, ki je mesec in pol, kolikor so trajale njegove priprave, sanjalo o tem, da bo po 4. decembru 2013 kon\u010dno vzelo mero ve\u010dnim tekmecem. Njihov \u010das \u0161e ni pri\u0161el in celjski trener Branko Tam\u0161e je \u0161e naprej brez poraza proti Gorenju, odkar je pri\u0161el v Celje. Zmaga mu ne jam\u010di uspe\u0161ne sezone, jasno pa je, da ima \u017ee pomembno\u00a0&#8230;<\/p>\n","protected":false},"excerpt":{"rendered":"<p>Kategorija: Rokomet Thu, 31 Aug 2017 06:00:00 +0200  Velenje \u2013 Tudi v \u0161portu je vse minljivo, ampak ene stvari so precej obstojnej\u0161e od drugih. Mednje vsekakor sodi prevlada rokometa\u0161ev Celja Pivovarne La\u0161ko nad tekmeci iz Gorenja, ki se ni kon\u010dala niti po 1365 dneh. V Rde\u010di dvorani so se gostje veselili zmage na derbiju 1. kola lige SEHA. Celje je 24 let in dan, odkar je s Pelisterjem odigralo prvo tekmo v ligi prvakov, doseglo sladko zmago pri Gorenju, ki je mesec in pol, kolikor so trajale njegove priprave, sanjalo o tem, da bo po 4. decembru 2013 kon\u010dno vzelo mero ve\u010dnim tekmecem. Njihov \u010das \u0161e ni pri\u0161el in celjski trener Branko Tam\u0161e je \u0161e naprej brez poraza proti Gorenju, odkar je pri\u0161el v Celje. Zmaga mu ne jam\u010di uspe\u0161ne sezone, jasno pa je, da ima \u017ee pomembno\u00a0&#8230;<\/p>\n","protected":false},"author":1,"featured_media":0,"comment_status":"closed","ping_status":"closed","sticky":false,"template":"","format":"standard","meta":{"footnotes":""},"categories":[1179],"tags":[],"source":[1703],"supertag":[],"acf":[],"yoast_head":"<!-- This site is optimized with the Yoast SEO plugin v21.3 - https:\/\/yoast.com\/wordpress\/plugins\/seo\/ -->\n<title>Celjski junak Mlakar Gorenju \u0161e zasolil rane - Hudo Slovenija<\/title>\n<meta name=\"robots\" content=\"index, follow, max-snippet:-1, max-image-preview:large, max-video-preview:-1\" \/>\n<link rel=\"canonical\" href=\"https:\/\/hudo.com\/si\/aktualno\/celjski-junak-mlakar-gorenju-se-zasolil-rane\/\" \/>\n<meta property=\"og:locale\" content=\"sl_SI\" \/>\n<meta property=\"og:type\" content=\"article\" \/>\n<meta property=\"og:title\" content=\"Celjski junak Mlakar Gorenju \u0161e zasolil rane - Hudo Slovenija\" \/>\n<meta property=\"og:description\" content=\"Kategorija: Rokomet Thu, 31 Aug 2017 06:00:00 +0200 Velenje \u2013 Tudi v \u0161portu je vse minljivo, ampak ene stvari so precej obstojnej\u0161e od drugih. Mednje vsekakor sodi prevlada rokometa\u0161ev Celja Pivovarne La\u0161ko nad tekmeci iz Gorenja, ki se ni kon\u010dala niti po 1365 dneh. V Rde\u010di dvorani so se gostje veselili zmage na derbiju 1. kola lige SEHA. Celje je 24 let in dan, odkar je s Pelisterjem odigralo prvo tekmo v ligi prvakov, doseglo sladko zmago pri Gorenju, ki je mesec in pol, kolikor so trajale njegove priprave, sanjalo o tem, da bo po 4. decembru 2013 kon\u010dno vzelo mero ve\u010dnim tekmecem. Njihov \u010das \u0161e ni pri\u0161el in celjski trener Branko Tam\u0161e je \u0161e naprej brez poraza proti Gorenju, odkar je pri\u0161el v Celje. Zmaga mu ne jam\u010di uspe\u0161ne sezone, jasno pa je, da ima \u017ee pomembno\u00a0...\" \/>\n<meta property=\"og:url\" content=\"https:\/\/hudo.com\/si\/aktualno\/celjski-junak-mlakar-gorenju-se-zasolil-rane\/\" \/>\n<meta property=\"og:site_name\" content=\"Hudo Slovenija\" \/>\n<meta property=\"article:publisher\" content=\"https:\/\/www.facebook.com\/hudo.si\" \/>\n<meta property=\"article:published_time\" content=\"2017-08-31T02:00:00+00:00\" \/>\n<meta property=\"og:image\" content=\"https:\/\/hudo.com\/si\/wp-content\/uploads\/sites\/2\/2017\/08\/480x290_Sport__Delo_Foto_2017083021_hires0.jpeg\" \/>\n\t<meta property=\"og:image:width\" content=\"480\" \/>\n\t<meta property=\"og:image:height\" content=\"290\" \/>\n\t<meta property=\"og:image:type\" content=\"image\/jpeg\" \/>\n<meta name=\"author\" content=\"hudo\" \/>\n<meta name=\"twitter:card\" content=\"summary_large_image\" \/>\n<meta name=\"twitter:creator\" content=\"@hudo_si\" \/>\n<meta name=\"twitter:site\" content=\"@hudo_si\" \/>\n<meta name=\"twitter:label1\" content=\"Written by\" \/>\n\t<meta name=\"twitter:data1\" content=\"hudo\" \/>\n\t<meta name=\"twitter:label2\" content=\"Est. reading time\" \/>\n\t<meta name=\"twitter:data2\" content=\"1 minuta\" \/>\n<script type=\"application\/ld+json\" class=\"yoast-schema-graph\">{\"@context\":\"https:\/\/schema.org\",\"@graph\":[{\"@type\":\"Article\",\"@id\":\"https:\/\/hudo.com\/si\/aktualno\/celjski-junak-mlakar-gorenju-se-zasolil-rane\/#article\",\"isPartOf\":{\"@id\":\"https:\/\/hudo.com\/si\/aktualno\/celjski-junak-mlakar-gorenju-se-zasolil-rane\/\"},\"author\":{\"name\":\"hudo\",\"@id\":\"https:\/\/hudo.com\/si\/#\/schema\/person\/601cf3379633985b20f7e50f2bb47707\"},\"headline\":\"Celjski junak Mlakar Gorenju \u0161e zasolil rane\",\"datePublished\":\"2017-08-31T02:00:00+00:00\",\"dateModified\":\"2017-08-31T02:00:00+00:00\",\"mainEntityOfPage\":{\"@id\":\"https:\/\/hudo.com\/si\/aktualno\/celjski-junak-mlakar-gorenju-se-zasolil-rane\/\"},\"wordCount\":147,\"publisher\":{\"@id\":\"https:\/\/hudo.com\/si\/#organization\"},\"articleSection\":[\"Aktualno\"],\"inLanguage\":\"sl-SI\"},{\"@type\":\"WebPage\",\"@id\":\"https:\/\/hudo.com\/si\/aktualno\/celjski-junak-mlakar-gorenju-se-zasolil-rane\/\",\"url\":\"https:\/\/hudo.com\/si\/aktualno\/celjski-junak-mlakar-gorenju-se-zasolil-rane\/\",\"name\":\"Celjski junak Mlakar Gorenju \u0161e zasolil rane - Hudo Slovenija\",\"isPartOf\":{\"@id\":\"https:\/\/hudo.com\/si\/#website\"},\"datePublished\":\"2017-08-31T02:00:00+00:00\",\"dateModified\":\"2017-08-31T02:00:00+00:00\",\"breadcrumb\":{\"@id\":\"https:\/\/hudo.com\/si\/aktualno\/celjski-junak-mlakar-gorenju-se-zasolil-rane\/#breadcrumb\"},\"inLanguage\":\"sl-SI\",\"potentialAction\":[{\"@type\":\"ReadAction\",\"target\":[\"https:\/\/hudo.com\/si\/aktualno\/celjski-junak-mlakar-gorenju-se-zasolil-rane\/\"]}]},{\"@type\":\"BreadcrumbList\",\"@id\":\"https:\/\/hudo.com\/si\/aktualno\/celjski-junak-mlakar-gorenju-se-zasolil-rane\/#breadcrumb\",\"itemListElement\":[{\"@type\":\"ListItem\",\"position\":1,\"name\":\"Home\",\"item\":\"https:\/\/hudo.com\/si\/\"},{\"@type\":\"ListItem\",\"position\":2,\"name\":\"Celjski junak Mlakar Gorenju \u0161e zasolil rane\"}]},{\"@type\":\"WebSite\",\"@id\":\"https:\/\/hudo.com\/si\/#website\",\"url\":\"https:\/\/hudo.com\/si\/\",\"name\":\"Hudo Slovenija\",\"description\":\"Vse novice iz Slovenije in sveta\",\"publisher\":{\"@id\":\"https:\/\/hudo.com\/si\/#organization\"},\"potentialAction\":[{\"@type\":\"SearchAction\",\"target\":{\"@type\":\"EntryPoint\",\"urlTemplate\":\"https:\/\/hudo.com\/si\/?s={search_term_string}\"},\"query-input\":\"required name=search_term_string\"}],\"inLanguage\":\"sl-SI\"},{\"@type\":\"Organization\",\"@id\":\"https:\/\/hudo.com\/si\/#organization\",\"name\":\"VSN Media\",\"url\":\"https:\/\/hudo.com\/si\/\",\"logo\":{\"@type\":\"ImageObject\",\"inLanguage\":\"sl-SI\",\"@id\":\"https:\/\/hudo.com\/si\/#\/schema\/logo\/image\/\",\"url\":\"https:\/\/hudo.com\/si\/wp-content\/uploads\/sites\/2\/2021\/03\/hudo-app-2.png\",\"contentUrl\":\"https:\/\/hudo.com\/si\/wp-content\/uploads\/sites\/2\/2021\/03\/hudo-app-2.png\",\"width\":2185,\"height\":2167,\"caption\":\"VSN Media\"},\"image\":{\"@id\":\"https:\/\/hudo.com\/si\/#\/schema\/logo\/image\/\"},\"sameAs\":[\"https:\/\/www.facebook.com\/hudo.si\",\"https:\/\/twitter.com\/hudo_si\"]},{\"@type\":\"Person\",\"@id\":\"https:\/\/hudo.com\/si\/#\/schema\/person\/601cf3379633985b20f7e50f2bb47707\",\"name\":\"hudo\",\"image\":{\"@type\":\"ImageObject\",\"inLanguage\":\"sl-SI\",\"@id\":\"https:\/\/hudo.com\/si\/#\/schema\/person\/image\/\",\"url\":\"https:\/\/secure.gravatar.com\/avatar\/c4ca25fa72cace7a696b52ff5db9e095?s=96&d=mm&r=g\",\"contentUrl\":\"https:\/\/secure.gravatar.com\/avatar\/c4ca25fa72cace7a696b52ff5db9e095?s=96&d=mm&r=g\",\"caption\":\"hudo\"},\"url\":\"https:\/\/hudo.com\/si\/author\/hudo\/\"}]}<\/script>\n<!-- \/ Yoast SEO plugin. -->","yoast_head_json":{"title":"Celjski junak Mlakar Gorenju \u0161e zasolil rane - Hudo Slovenija","robots":{"index":"index","follow":"follow","max-snippet":"max-snippet:-1","max-image-preview":"max-image-preview:large","max-video-preview":"max-video-preview:-1"},"canonical":"https:\/\/hudo.com\/si\/aktualno\/celjski-junak-mlakar-gorenju-se-zasolil-rane\/","og_locale":"sl_SI","og_type":"article","og_title":"Celjski junak Mlakar Gorenju \u0161e zasolil rane - Hudo Slovenija","og_description":"Kategorija: Rokomet Thu, 31 Aug 2017 06:00:00 +0200 Velenje \u2013 Tudi v \u0161portu je vse minljivo, ampak ene stvari so precej obstojnej\u0161e od drugih. Mednje vsekakor sodi prevlada rokometa\u0161ev Celja Pivovarne La\u0161ko nad tekmeci iz Gorenja, ki se ni kon\u010dala niti po 1365 dneh. V Rde\u010di dvorani so se gostje veselili zmage na derbiju 1. kola lige SEHA. Celje je 24 let in dan, odkar je s Pelisterjem odigralo prvo tekmo v ligi prvakov, doseglo sladko zmago pri Gorenju, ki je mesec in pol, kolikor so trajale njegove priprave, sanjalo o tem, da bo po 4. decembru 2013 kon\u010dno vzelo mero ve\u010dnim tekmecem. Njihov \u010das \u0161e ni pri\u0161el in celjski trener Branko Tam\u0161e je \u0161e naprej brez poraza proti Gorenju, odkar je pri\u0161el v Celje. Zmaga mu ne jam\u010di uspe\u0161ne sezone, jasno pa je, da ima \u017ee pomembno\u00a0...","og_url":"https:\/\/hudo.com\/si\/aktualno\/celjski-junak-mlakar-gorenju-se-zasolil-rane\/","og_site_name":"Hudo Slovenija","article_publisher":"https:\/\/www.facebook.com\/hudo.si","article_published_time":"2017-08-31T02:00:00+00:00","og_image":[{"width":480,"height":290,"url":"https:\/\/hudo.com\/si\/wp-content\/uploads\/sites\/2\/2017\/08\/480x290_Sport__Delo_Foto_2017083021_hires0.jpeg","type":"image\/jpeg"}],"author":"hudo","twitter_card":"summary_large_image","twitter_creator":"@hudo_si","twitter_site":"@hudo_si","twitter_misc":{"Written by":"hudo","Est. reading time":"1 minuta"},"schema":{"@context":"https:\/\/schema.org","@graph":[{"@type":"Article","@id":"https:\/\/hudo.com\/si\/aktualno\/celjski-junak-mlakar-gorenju-se-zasolil-rane\/#article","isPartOf":{"@id":"https:\/\/hudo.com\/si\/aktualno\/celjski-junak-mlakar-gorenju-se-zasolil-rane\/"},"author":{"name":"hudo","@id":"https:\/\/hudo.com\/si\/#\/schema\/person\/601cf3379633985b20f7e50f2bb47707"},"headline":"Celjski junak Mlakar Gorenju \u0161e zasolil rane","datePublished":"2017-08-31T02:00:00+00:00","dateModified":"2017-08-31T02:00:00+00:00","mainEntityOfPage":{"@id":"https:\/\/hudo.com\/si\/aktualno\/celjski-junak-mlakar-gorenju-se-zasolil-rane\/"},"wordCount":147,"publisher":{"@id":"https:\/\/hudo.com\/si\/#organization"},"articleSection":["Aktualno"],"inLanguage":"sl-SI"},{"@type":"WebPage","@id":"https:\/\/hudo.com\/si\/aktualno\/celjski-junak-mlakar-gorenju-se-zasolil-rane\/","url":"https:\/\/hudo.com\/si\/aktualno\/celjski-junak-mlakar-gorenju-se-zasolil-rane\/","name":"Celjski junak Mlakar Gorenju \u0161e zasolil rane - Hudo Slovenija","isPartOf":{"@id":"https:\/\/hudo.com\/si\/#website"},"datePublished":"2017-08-31T02:00:00+00:00","dateModified":"2017-08-31T02:00:00+00:00","breadcrumb":{"@id":"https:\/\/hudo.com\/si\/aktualno\/celjski-junak-mlakar-gorenju-se-zasolil-rane\/#breadcrumb"},"inLanguage":"sl-SI","potentialAction":[{"@type":"ReadAction","target":["https:\/\/hudo.com\/si\/aktualno\/celjski-junak-mlakar-gorenju-se-zasolil-rane\/"]}]},{"@type":"BreadcrumbList","@id":"https:\/\/hudo.com\/si\/aktualno\/celjski-junak-mlakar-gorenju-se-zasolil-rane\/#breadcrumb","itemListElement":[{"@type":"ListItem","position":1,"name":"Home","item":"https:\/\/hudo.com\/si\/"},{"@type":"ListItem","position":2,"name":"Celjski junak Mlakar Gorenju \u0161e zasolil rane"}]},{"@type":"WebSite","@id":"https:\/\/hudo.com\/si\/#website","url":"https:\/\/hudo.com\/si\/","name":"Hudo Slovenija","description":"Vse novice iz Slovenije in sveta","publisher":{"@id":"https:\/\/hudo.com\/si\/#organization"},"potentialAction":[{"@type":"SearchAction","target":{"@type":"EntryPoint","urlTemplate":"https:\/\/hudo.com\/si\/?s={search_term_string}"},"query-input":"required name=search_term_string"}],"inLanguage":"sl-SI"},{"@type":"Organization","@id":"https:\/\/hudo.com\/si\/#organization","name":"VSN Media","url":"https:\/\/hudo.com\/si\/","logo":{"@type":"ImageObject","inLanguage":"sl-SI","@id":"https:\/\/hudo.com\/si\/#\/schema\/logo\/image\/","url":"https:\/\/hudo.com\/si\/wp-content\/uploads\/sites\/2\/2021\/03\/hudo-app-2.png","contentUrl":"https:\/\/hudo.com\/si\/wp-content\/uploads\/sites\/2\/2021\/03\/hudo-app-2.png","width":2185,"height":2167,"caption":"VSN Media"},"image":{"@id":"https:\/\/hudo.com\/si\/#\/schema\/logo\/image\/"},"sameAs":["https:\/\/www.facebook.com\/hudo.si","https:\/\/twitter.com\/hudo_si"]},{"@type":"Person","@id":"https:\/\/hudo.com\/si\/#\/schema\/person\/601cf3379633985b20f7e50f2bb47707","name":"hudo","image":{"@type":"ImageObject","inLanguage":"sl-SI","@id":"https:\/\/hudo.com\/si\/#\/schema\/person\/image\/","url":"https:\/\/secure.gravatar.com\/avatar\/c4ca25fa72cace7a696b52ff5db9e095?s=96&d=mm&r=g","contentUrl":"https:\/\/secure.gravatar.com\/avatar\/c4ca25fa72cace7a696b52ff5db9e095?s=96&d=mm&r=g","caption":"hudo"},"url":"https:\/\/hudo.com\/si\/author\/hudo\/"}]}},"amp_enabled":true,"_links":{"self":[{"href":"https:\/\/hudo.com\/si\/wp-json\/wp\/v2\/posts\/293210"}],"collection":[{"href":"https:\/\/hudo.com\/si\/wp-json\/wp\/v2\/posts"}],"about":[{"href":"https:\/\/hudo.com\/si\/wp-json\/wp\/v2\/types\/post"}],"author":[{"embeddable":true,"href":"https:\/\/hudo.com\/si\/wp-json\/wp\/v2\/users\/1"}],"replies":[{"embeddable":true,"href":"https:\/\/hudo.com\/si\/wp-json\/wp\/v2\/comments?post=293210"}],"version-history":[{"count":0,"href":"https:\/\/hudo.com\/si\/wp-json\/wp\/v2\/posts\/293210\/revisions"}],"wp:attachment":[{"href":"https:\/\/hudo.com\/si\/wp-json\/wp\/v2\/media?parent=293210"}],"wp:term":[{"taxonomy":"category","embeddable":true,"href":"https:\/\/hudo.com\/si\/wp-json\/wp\/v2\/categories?post=293210"},{"taxonomy":"post_tag","embeddable":true,"href":"https:\/\/hudo.com\/si\/wp-json\/wp\/v2\/tags?post=293210"},{"taxonomy":"source","embeddable":true,"href":"https:\/\/hudo.com\/si\/wp-json\/wp\/v2\/source?post=293210"},{"taxonomy":"supertag","embeddable":true,"href":"https:\/\/hudo.com\/si\/wp-json\/wp\/v2\/supertag?post=293210"}],"curies":[{"name":"wp","href":"https:\/\/api.w.org\/{rel}","templated":true}]}}