{"id":293249,"date":"2017-08-31T05:00:00","date_gmt":"2017-08-31T03:00:00","guid":{"rendered":"http:\/\/hudo.com\/si\/2017\/08\/31\/na-cesti-bo-spet-polno-solarjev\/"},"modified":"2017-08-31T05:00:00","modified_gmt":"2017-08-31T03:00:00","slug":"na-cesti-bo-spet-polno-solarjev","status":"publish","type":"post","link":"https:\/\/hudo.com\/si\/aktualno\/na-cesti-bo-spet-polno-solarjev\/","title":{"rendered":"Na cesti bo spet polno \u0161olarjev"},"content":{"rendered":"<p>Kategorija: Ljubljana Thu, 31 Aug 2017 07:00:00 +0200  Ljubljana \u2013 Na jutri\u0161nji prvi \u0161olski dan bo \u0161olske klopi ljubljanskih javnih osnovnih \u0161ol napolnilo 23.500 u\u010dencev, med njimi bo 2906 prvo\u0161ol\u010dkov. Ceste bodo spet polne otrok, zato na MOL voznike pozivajo k strpni vo\u017enji, da bodo poti v \u0161ole in vrtce \u010dim varnej\u0161e. V ljubljanskih javnih osnovnih \u0161olah bo 767 u\u010dencev ve\u010d kot v preteklem \u0161olskem letu, od teh jih bo 702 ve\u010d v javnih in 65 ve\u010d v \u0161tirih zasebnih osnovnih \u0161olah, v katere je letos vpisanih 1028 u\u010dencev. Povpre\u010dno \u0161tevilo u\u010dencev v oddelku pa se bo v primerjavi s preteklim letom pove\u010dalo z 22,37 na 22,42. Za 3685 u\u010dencev ve\u010d kot pred devetimi leti V javnih in zasebnih \u0161olah bo skupaj 3030 prvo\u0161ol\u010dkov, v zasebnih 124, kar je skupaj za 68 manj kot v preteklem \u0161olskem letu. V oddelku bo\u00a0&#8230;<\/p>\n","protected":false},"excerpt":{"rendered":"<p>Kategorija: Ljubljana Thu, 31 Aug 2017 07:00:00 +0200  Ljubljana \u2013 Na jutri\u0161nji prvi \u0161olski dan bo \u0161olske klopi ljubljanskih javnih osnovnih \u0161ol napolnilo 23.500 u\u010dencev, med njimi bo 2906 prvo\u0161ol\u010dkov. Ceste bodo spet polne otrok, zato na MOL voznike pozivajo k strpni vo\u017enji, da bodo poti v \u0161ole in vrtce \u010dim varnej\u0161e. V ljubljanskih javnih osnovnih \u0161olah bo 767 u\u010dencev ve\u010d kot v preteklem \u0161olskem letu, od teh jih bo 702 ve\u010d v javnih in 65 ve\u010d v \u0161tirih zasebnih osnovnih \u0161olah, v katere je letos vpisanih 1028 u\u010dencev. Povpre\u010dno \u0161tevilo u\u010dencev v oddelku pa se bo v primerjavi s preteklim letom pove\u010dalo z 22,37 na 22,42. Za 3685 u\u010dencev ve\u010d kot pred devetimi leti V javnih in zasebnih \u0161olah bo skupaj 3030 prvo\u0161ol\u010dkov, v zasebnih 124, kar je skupaj za 68 manj kot v preteklem \u0161olskem letu. V oddelku bo\u00a0&#8230;<\/p>\n","protected":false},"author":1,"featured_media":0,"comment_status":"closed","ping_status":"closed","sticky":false,"template":"","format":"standard","meta":{"footnotes":""},"categories":[1179],"tags":[],"source":[1703],"supertag":[],"acf":[],"yoast_head":"<!-- This site is optimized with the Yoast SEO plugin v21.3 - https:\/\/yoast.com\/wordpress\/plugins\/seo\/ -->\n<title>Na cesti bo spet polno \u0161olarjev - Hudo Slovenija<\/title>\n<meta name=\"robots\" content=\"index, follow, max-snippet:-1, max-image-preview:large, max-video-preview:-1\" \/>\n<link rel=\"canonical\" href=\"https:\/\/hudo.com\/si\/aktualno\/na-cesti-bo-spet-polno-solarjev\/\" \/>\n<meta property=\"og:locale\" content=\"sl_SI\" \/>\n<meta property=\"og:type\" content=\"article\" \/>\n<meta property=\"og:title\" content=\"Na cesti bo spet polno \u0161olarjev - Hudo Slovenija\" \/>\n<meta property=\"og:description\" content=\"Kategorija: Ljubljana Thu, 31 Aug 2017 07:00:00 +0200 Ljubljana \u2013 Na jutri\u0161nji prvi \u0161olski dan bo \u0161olske klopi ljubljanskih javnih osnovnih \u0161ol napolnilo 23.500 u\u010dencev, med njimi bo 2906 prvo\u0161ol\u010dkov. Ceste bodo spet polne otrok, zato na MOL voznike pozivajo k strpni vo\u017enji, da bodo poti v \u0161ole in vrtce \u010dim varnej\u0161e. V ljubljanskih javnih osnovnih \u0161olah bo 767 u\u010dencev ve\u010d kot v preteklem \u0161olskem letu, od teh jih bo 702 ve\u010d v javnih in 65 ve\u010d v \u0161tirih zasebnih osnovnih \u0161olah, v katere je letos vpisanih 1028 u\u010dencev. Povpre\u010dno \u0161tevilo u\u010dencev v oddelku pa se bo v primerjavi s preteklim letom pove\u010dalo z 22,37 na 22,42. Za 3685 u\u010dencev ve\u010d kot pred devetimi leti V javnih in zasebnih \u0161olah bo skupaj 3030 prvo\u0161ol\u010dkov, v zasebnih 124, kar je skupaj za 68 manj kot v preteklem \u0161olskem letu. V oddelku bo\u00a0...\" \/>\n<meta property=\"og:url\" content=\"https:\/\/hudo.com\/si\/aktualno\/na-cesti-bo-spet-polno-solarjev\/\" \/>\n<meta property=\"og:site_name\" content=\"Hudo Slovenija\" \/>\n<meta property=\"article:publisher\" content=\"https:\/\/www.facebook.com\/hudo.si\" \/>\n<meta property=\"article:published_time\" content=\"2017-08-31T03:00:00+00:00\" \/>\n<meta property=\"og:image\" content=\"https:\/\/hudo.com\/si\/wp-content\/uploads\/sites\/2\/2017\/08\/480x290_Ljubljanska__djvu_2384613_p_hires0.jpeg\" \/>\n\t<meta property=\"og:image:width\" content=\"480\" \/>\n\t<meta property=\"og:image:height\" content=\"290\" \/>\n\t<meta property=\"og:image:type\" content=\"image\/jpeg\" \/>\n<meta name=\"author\" content=\"hudo\" \/>\n<meta name=\"twitter:card\" content=\"summary_large_image\" \/>\n<meta name=\"twitter:creator\" content=\"@hudo_si\" \/>\n<meta name=\"twitter:site\" content=\"@hudo_si\" \/>\n<meta name=\"twitter:label1\" content=\"Written by\" \/>\n\t<meta name=\"twitter:data1\" content=\"hudo\" \/>\n\t<meta name=\"twitter:label2\" content=\"Est. reading time\" \/>\n\t<meta name=\"twitter:data2\" content=\"1 minuta\" \/>\n<script type=\"application\/ld+json\" class=\"yoast-schema-graph\">{\"@context\":\"https:\/\/schema.org\",\"@graph\":[{\"@type\":\"Article\",\"@id\":\"https:\/\/hudo.com\/si\/aktualno\/na-cesti-bo-spet-polno-solarjev\/#article\",\"isPartOf\":{\"@id\":\"https:\/\/hudo.com\/si\/aktualno\/na-cesti-bo-spet-polno-solarjev\/\"},\"author\":{\"name\":\"hudo\",\"@id\":\"https:\/\/hudo.com\/si\/#\/schema\/person\/601cf3379633985b20f7e50f2bb47707\"},\"headline\":\"Na cesti bo spet polno \u0161olarjev\",\"datePublished\":\"2017-08-31T03:00:00+00:00\",\"dateModified\":\"2017-08-31T03:00:00+00:00\",\"mainEntityOfPage\":{\"@id\":\"https:\/\/hudo.com\/si\/aktualno\/na-cesti-bo-spet-polno-solarjev\/\"},\"wordCount\":144,\"publisher\":{\"@id\":\"https:\/\/hudo.com\/si\/#organization\"},\"articleSection\":[\"Aktualno\"],\"inLanguage\":\"sl-SI\"},{\"@type\":\"WebPage\",\"@id\":\"https:\/\/hudo.com\/si\/aktualno\/na-cesti-bo-spet-polno-solarjev\/\",\"url\":\"https:\/\/hudo.com\/si\/aktualno\/na-cesti-bo-spet-polno-solarjev\/\",\"name\":\"Na cesti bo spet polno \u0161olarjev - Hudo Slovenija\",\"isPartOf\":{\"@id\":\"https:\/\/hudo.com\/si\/#website\"},\"datePublished\":\"2017-08-31T03:00:00+00:00\",\"dateModified\":\"2017-08-31T03:00:00+00:00\",\"breadcrumb\":{\"@id\":\"https:\/\/hudo.com\/si\/aktualno\/na-cesti-bo-spet-polno-solarjev\/#breadcrumb\"},\"inLanguage\":\"sl-SI\",\"potentialAction\":[{\"@type\":\"ReadAction\",\"target\":[\"https:\/\/hudo.com\/si\/aktualno\/na-cesti-bo-spet-polno-solarjev\/\"]}]},{\"@type\":\"BreadcrumbList\",\"@id\":\"https:\/\/hudo.com\/si\/aktualno\/na-cesti-bo-spet-polno-solarjev\/#breadcrumb\",\"itemListElement\":[{\"@type\":\"ListItem\",\"position\":1,\"name\":\"Home\",\"item\":\"https:\/\/hudo.com\/si\/\"},{\"@type\":\"ListItem\",\"position\":2,\"name\":\"Na cesti bo spet polno \u0161olarjev\"}]},{\"@type\":\"WebSite\",\"@id\":\"https:\/\/hudo.com\/si\/#website\",\"url\":\"https:\/\/hudo.com\/si\/\",\"name\":\"Hudo Slovenija\",\"description\":\"Vse novice iz Slovenije in sveta\",\"publisher\":{\"@id\":\"https:\/\/hudo.com\/si\/#organization\"},\"potentialAction\":[{\"@type\":\"SearchAction\",\"target\":{\"@type\":\"EntryPoint\",\"urlTemplate\":\"https:\/\/hudo.com\/si\/?s={search_term_string}\"},\"query-input\":\"required name=search_term_string\"}],\"inLanguage\":\"sl-SI\"},{\"@type\":\"Organization\",\"@id\":\"https:\/\/hudo.com\/si\/#organization\",\"name\":\"VSN Media\",\"url\":\"https:\/\/hudo.com\/si\/\",\"logo\":{\"@type\":\"ImageObject\",\"inLanguage\":\"sl-SI\",\"@id\":\"https:\/\/hudo.com\/si\/#\/schema\/logo\/image\/\",\"url\":\"https:\/\/hudo.com\/si\/wp-content\/uploads\/sites\/2\/2021\/03\/hudo-app-2.png\",\"contentUrl\":\"https:\/\/hudo.com\/si\/wp-content\/uploads\/sites\/2\/2021\/03\/hudo-app-2.png\",\"width\":2185,\"height\":2167,\"caption\":\"VSN Media\"},\"image\":{\"@id\":\"https:\/\/hudo.com\/si\/#\/schema\/logo\/image\/\"},\"sameAs\":[\"https:\/\/www.facebook.com\/hudo.si\",\"https:\/\/twitter.com\/hudo_si\"]},{\"@type\":\"Person\",\"@id\":\"https:\/\/hudo.com\/si\/#\/schema\/person\/601cf3379633985b20f7e50f2bb47707\",\"name\":\"hudo\",\"image\":{\"@type\":\"ImageObject\",\"inLanguage\":\"sl-SI\",\"@id\":\"https:\/\/hudo.com\/si\/#\/schema\/person\/image\/\",\"url\":\"https:\/\/secure.gravatar.com\/avatar\/c4ca25fa72cace7a696b52ff5db9e095?s=96&d=mm&r=g\",\"contentUrl\":\"https:\/\/secure.gravatar.com\/avatar\/c4ca25fa72cace7a696b52ff5db9e095?s=96&d=mm&r=g\",\"caption\":\"hudo\"},\"url\":\"https:\/\/hudo.com\/si\/author\/hudo\/\"}]}<\/script>\n<!-- \/ Yoast SEO plugin. -->","yoast_head_json":{"title":"Na cesti bo spet polno \u0161olarjev - Hudo Slovenija","robots":{"index":"index","follow":"follow","max-snippet":"max-snippet:-1","max-image-preview":"max-image-preview:large","max-video-preview":"max-video-preview:-1"},"canonical":"https:\/\/hudo.com\/si\/aktualno\/na-cesti-bo-spet-polno-solarjev\/","og_locale":"sl_SI","og_type":"article","og_title":"Na cesti bo spet polno \u0161olarjev - Hudo Slovenija","og_description":"Kategorija: Ljubljana Thu, 31 Aug 2017 07:00:00 +0200 Ljubljana \u2013 Na jutri\u0161nji prvi \u0161olski dan bo \u0161olske klopi ljubljanskih javnih osnovnih \u0161ol napolnilo 23.500 u\u010dencev, med njimi bo 2906 prvo\u0161ol\u010dkov. Ceste bodo spet polne otrok, zato na MOL voznike pozivajo k strpni vo\u017enji, da bodo poti v \u0161ole in vrtce \u010dim varnej\u0161e. V ljubljanskih javnih osnovnih \u0161olah bo 767 u\u010dencev ve\u010d kot v preteklem \u0161olskem letu, od teh jih bo 702 ve\u010d v javnih in 65 ve\u010d v \u0161tirih zasebnih osnovnih \u0161olah, v katere je letos vpisanih 1028 u\u010dencev. Povpre\u010dno \u0161tevilo u\u010dencev v oddelku pa se bo v primerjavi s preteklim letom pove\u010dalo z 22,37 na 22,42. Za 3685 u\u010dencev ve\u010d kot pred devetimi leti V javnih in zasebnih \u0161olah bo skupaj 3030 prvo\u0161ol\u010dkov, v zasebnih 124, kar je skupaj za 68 manj kot v preteklem \u0161olskem letu. V oddelku bo\u00a0...","og_url":"https:\/\/hudo.com\/si\/aktualno\/na-cesti-bo-spet-polno-solarjev\/","og_site_name":"Hudo Slovenija","article_publisher":"https:\/\/www.facebook.com\/hudo.si","article_published_time":"2017-08-31T03:00:00+00:00","og_image":[{"width":480,"height":290,"url":"https:\/\/hudo.com\/si\/wp-content\/uploads\/sites\/2\/2017\/08\/480x290_Ljubljanska__djvu_2384613_p_hires0.jpeg","type":"image\/jpeg"}],"author":"hudo","twitter_card":"summary_large_image","twitter_creator":"@hudo_si","twitter_site":"@hudo_si","twitter_misc":{"Written by":"hudo","Est. reading time":"1 minuta"},"schema":{"@context":"https:\/\/schema.org","@graph":[{"@type":"Article","@id":"https:\/\/hudo.com\/si\/aktualno\/na-cesti-bo-spet-polno-solarjev\/#article","isPartOf":{"@id":"https:\/\/hudo.com\/si\/aktualno\/na-cesti-bo-spet-polno-solarjev\/"},"author":{"name":"hudo","@id":"https:\/\/hudo.com\/si\/#\/schema\/person\/601cf3379633985b20f7e50f2bb47707"},"headline":"Na cesti bo spet polno \u0161olarjev","datePublished":"2017-08-31T03:00:00+00:00","dateModified":"2017-08-31T03:00:00+00:00","mainEntityOfPage":{"@id":"https:\/\/hudo.com\/si\/aktualno\/na-cesti-bo-spet-polno-solarjev\/"},"wordCount":144,"publisher":{"@id":"https:\/\/hudo.com\/si\/#organization"},"articleSection":["Aktualno"],"inLanguage":"sl-SI"},{"@type":"WebPage","@id":"https:\/\/hudo.com\/si\/aktualno\/na-cesti-bo-spet-polno-solarjev\/","url":"https:\/\/hudo.com\/si\/aktualno\/na-cesti-bo-spet-polno-solarjev\/","name":"Na cesti bo spet polno \u0161olarjev - Hudo Slovenija","isPartOf":{"@id":"https:\/\/hudo.com\/si\/#website"},"datePublished":"2017-08-31T03:00:00+00:00","dateModified":"2017-08-31T03:00:00+00:00","breadcrumb":{"@id":"https:\/\/hudo.com\/si\/aktualno\/na-cesti-bo-spet-polno-solarjev\/#breadcrumb"},"inLanguage":"sl-SI","potentialAction":[{"@type":"ReadAction","target":["https:\/\/hudo.com\/si\/aktualno\/na-cesti-bo-spet-polno-solarjev\/"]}]},{"@type":"BreadcrumbList","@id":"https:\/\/hudo.com\/si\/aktualno\/na-cesti-bo-spet-polno-solarjev\/#breadcrumb","itemListElement":[{"@type":"ListItem","position":1,"name":"Home","item":"https:\/\/hudo.com\/si\/"},{"@type":"ListItem","position":2,"name":"Na cesti bo spet polno \u0161olarjev"}]},{"@type":"WebSite","@id":"https:\/\/hudo.com\/si\/#website","url":"https:\/\/hudo.com\/si\/","name":"Hudo Slovenija","description":"Vse novice iz Slovenije in sveta","publisher":{"@id":"https:\/\/hudo.com\/si\/#organization"},"potentialAction":[{"@type":"SearchAction","target":{"@type":"EntryPoint","urlTemplate":"https:\/\/hudo.com\/si\/?s={search_term_string}"},"query-input":"required name=search_term_string"}],"inLanguage":"sl-SI"},{"@type":"Organization","@id":"https:\/\/hudo.com\/si\/#organization","name":"VSN Media","url":"https:\/\/hudo.com\/si\/","logo":{"@type":"ImageObject","inLanguage":"sl-SI","@id":"https:\/\/hudo.com\/si\/#\/schema\/logo\/image\/","url":"https:\/\/hudo.com\/si\/wp-content\/uploads\/sites\/2\/2021\/03\/hudo-app-2.png","contentUrl":"https:\/\/hudo.com\/si\/wp-content\/uploads\/sites\/2\/2021\/03\/hudo-app-2.png","width":2185,"height":2167,"caption":"VSN Media"},"image":{"@id":"https:\/\/hudo.com\/si\/#\/schema\/logo\/image\/"},"sameAs":["https:\/\/www.facebook.com\/hudo.si","https:\/\/twitter.com\/hudo_si"]},{"@type":"Person","@id":"https:\/\/hudo.com\/si\/#\/schema\/person\/601cf3379633985b20f7e50f2bb47707","name":"hudo","image":{"@type":"ImageObject","inLanguage":"sl-SI","@id":"https:\/\/hudo.com\/si\/#\/schema\/person\/image\/","url":"https:\/\/secure.gravatar.com\/avatar\/c4ca25fa72cace7a696b52ff5db9e095?s=96&d=mm&r=g","contentUrl":"https:\/\/secure.gravatar.com\/avatar\/c4ca25fa72cace7a696b52ff5db9e095?s=96&d=mm&r=g","caption":"hudo"},"url":"https:\/\/hudo.com\/si\/author\/hudo\/"}]}},"amp_enabled":true,"_links":{"self":[{"href":"https:\/\/hudo.com\/si\/wp-json\/wp\/v2\/posts\/293249"}],"collection":[{"href":"https:\/\/hudo.com\/si\/wp-json\/wp\/v2\/posts"}],"about":[{"href":"https:\/\/hudo.com\/si\/wp-json\/wp\/v2\/types\/post"}],"author":[{"embeddable":true,"href":"https:\/\/hudo.com\/si\/wp-json\/wp\/v2\/users\/1"}],"replies":[{"embeddable":true,"href":"https:\/\/hudo.com\/si\/wp-json\/wp\/v2\/comments?post=293249"}],"version-history":[{"count":0,"href":"https:\/\/hudo.com\/si\/wp-json\/wp\/v2\/posts\/293249\/revisions"}],"wp:attachment":[{"href":"https:\/\/hudo.com\/si\/wp-json\/wp\/v2\/media?parent=293249"}],"wp:term":[{"taxonomy":"category","embeddable":true,"href":"https:\/\/hudo.com\/si\/wp-json\/wp\/v2\/categories?post=293249"},{"taxonomy":"post_tag","embeddable":true,"href":"https:\/\/hudo.com\/si\/wp-json\/wp\/v2\/tags?post=293249"},{"taxonomy":"source","embeddable":true,"href":"https:\/\/hudo.com\/si\/wp-json\/wp\/v2\/source?post=293249"},{"taxonomy":"supertag","embeddable":true,"href":"https:\/\/hudo.com\/si\/wp-json\/wp\/v2\/supertag?post=293249"}],"curies":[{"name":"wp","href":"https:\/\/api.w.org\/{rel}","templated":true}]}}