{"id":29334,"date":"2016-04-14T09:14:41","date_gmt":"2016-04-14T07:14:41","guid":{"rendered":"http:\/\/hudo.com\/si\/2016\/04\/14\/pri-tolminu-strmoglavil-jadralni-padalec\/"},"modified":"2016-04-15T07:06:47","modified_gmt":"2016-04-15T05:06:47","slug":"pri-tolminu-strmoglavil-jadralni-padalec","status":"publish","type":"post","link":"https:\/\/hudo.com\/si\/aktualno\/pri-tolminu-strmoglavil-jadralni-padalec\/","title":{"rendered":"Pri Tolminu strmoglavil jadralni padalec"},"content":{"rendered":"<p>Na ju\u017enem pobo\u010dju hriba Vodil vrh nad vasjo Zatolmin je v\u010deraj strmoglavil jadralni padalec. 49-letni Mad\u017ear je s \u0161estimi prijatelji vzletel iz Kobala nad Tolminom, zaradi nenadnega sunka vetra pa je nato strmoglavil.\u00a0 Veter mu je zaprl jadralno padalo, zaradi \u010desar je pri\u010del izgubljati vi\u0161ino in ni imel \u010dasa, da bi odprl rezervno padalo. Strmoglavil<\/p>\n","protected":false},"excerpt":{"rendered":"<p>Na ju\u017enem pobo\u010dju hriba Vodil vrh nad vasjo Zatolmin je v\u010deraj strmoglavil jadralni padalec. 49-letni Mad\u017ear je s \u0161estimi prijatelji vzletel iz Kobala nad Tolminom, zaradi nenadnega sunka vetra pa je nato strmoglavil.\u00a0 Veter mu je zaprl jadralno padalo, zaradi \u010desar je pri\u010del izgubljati vi\u0161ino in ni imel \u010dasa, da bi odprl rezervno padalo. Strmoglavil<\/p>\n","protected":false},"author":1,"featured_media":0,"comment_status":"closed","ping_status":"closed","sticky":false,"template":"","format":"standard","meta":{"footnotes":""},"categories":[1179],"tags":[],"source":[1710],"supertag":[],"acf":[],"yoast_head":"<!-- This site is optimized with the Yoast SEO plugin v21.3 - https:\/\/yoast.com\/wordpress\/plugins\/seo\/ -->\n<title>Pri Tolminu strmoglavil jadralni padalec - Hudo Slovenija<\/title>\n<meta name=\"robots\" content=\"index, follow, max-snippet:-1, max-image-preview:large, max-video-preview:-1\" \/>\n<link rel=\"canonical\" href=\"https:\/\/hudo.com\/si\/aktualno\/pri-tolminu-strmoglavil-jadralni-padalec\/\" \/>\n<meta property=\"og:locale\" content=\"sl_SI\" \/>\n<meta property=\"og:type\" content=\"article\" \/>\n<meta property=\"og:title\" content=\"Pri Tolminu strmoglavil jadralni padalec - Hudo Slovenija\" \/>\n<meta property=\"og:description\" content=\"Na ju\u017enem pobo\u010dju hriba Vodil vrh nad vasjo Zatolmin je v\u010deraj strmoglavil jadralni padalec. 49-letni Mad\u017ear je s \u0161estimi prijatelji vzletel iz Kobala nad Tolminom, zaradi nenadnega sunka vetra pa je nato strmoglavil.\u00a0 Veter mu je zaprl jadralno padalo, zaradi \u010desar je pri\u010del izgubljati vi\u0161ino in ni imel \u010dasa, da bi odprl rezervno padalo. Strmoglavil\" \/>\n<meta property=\"og:url\" content=\"https:\/\/hudo.com\/si\/aktualno\/pri-tolminu-strmoglavil-jadralni-padalec\/\" \/>\n<meta property=\"og:site_name\" content=\"Hudo Slovenija\" \/>\n<meta property=\"article:publisher\" content=\"https:\/\/www.facebook.com\/hudo.si\" \/>\n<meta property=\"article:published_time\" content=\"2016-04-14T07:14:41+00:00\" \/>\n<meta property=\"article:modified_time\" content=\"2016-04-15T05:06:47+00:00\" \/>\n<meta property=\"og:image\" content=\"https:\/\/hudo.com\/si\/wp-content\/uploads\/sites\/2\/2016\/04\/pri-tolminu-strmoglavil-jadralni-padalec-01-1024x768.jpg\" \/>\n\t<meta property=\"og:image:width\" content=\"1024\" \/>\n\t<meta property=\"og:image:height\" content=\"768\" \/>\n\t<meta property=\"og:image:type\" content=\"image\/jpeg\" \/>\n<meta name=\"author\" content=\"hudo\" \/>\n<meta name=\"twitter:card\" content=\"summary_large_image\" \/>\n<meta name=\"twitter:creator\" content=\"@hudo_si\" \/>\n<meta name=\"twitter:site\" content=\"@hudo_si\" \/>\n<meta name=\"twitter:label1\" content=\"Written by\" \/>\n\t<meta name=\"twitter:data1\" content=\"hudo\" \/>\n<script type=\"application\/ld+json\" class=\"yoast-schema-graph\">{\"@context\":\"https:\/\/schema.org\",\"@graph\":[{\"@type\":\"Article\",\"@id\":\"https:\/\/hudo.com\/si\/aktualno\/pri-tolminu-strmoglavil-jadralni-padalec\/#article\",\"isPartOf\":{\"@id\":\"https:\/\/hudo.com\/si\/aktualno\/pri-tolminu-strmoglavil-jadralni-padalec\/\"},\"author\":{\"name\":\"hudo\",\"@id\":\"https:\/\/hudo.com\/si\/#\/schema\/person\/601cf3379633985b20f7e50f2bb47707\"},\"headline\":\"Pri Tolminu strmoglavil jadralni padalec\",\"datePublished\":\"2016-04-14T07:14:41+00:00\",\"dateModified\":\"2016-04-15T05:06:47+00:00\",\"mainEntityOfPage\":{\"@id\":\"https:\/\/hudo.com\/si\/aktualno\/pri-tolminu-strmoglavil-jadralni-padalec\/\"},\"wordCount\":66,\"publisher\":{\"@id\":\"https:\/\/hudo.com\/si\/#organization\"},\"articleSection\":[\"Aktualno\"],\"inLanguage\":\"sl-SI\"},{\"@type\":\"WebPage\",\"@id\":\"https:\/\/hudo.com\/si\/aktualno\/pri-tolminu-strmoglavil-jadralni-padalec\/\",\"url\":\"https:\/\/hudo.com\/si\/aktualno\/pri-tolminu-strmoglavil-jadralni-padalec\/\",\"name\":\"Pri Tolminu strmoglavil jadralni padalec - Hudo Slovenija\",\"isPartOf\":{\"@id\":\"https:\/\/hudo.com\/si\/#website\"},\"datePublished\":\"2016-04-14T07:14:41+00:00\",\"dateModified\":\"2016-04-15T05:06:47+00:00\",\"breadcrumb\":{\"@id\":\"https:\/\/hudo.com\/si\/aktualno\/pri-tolminu-strmoglavil-jadralni-padalec\/#breadcrumb\"},\"inLanguage\":\"sl-SI\",\"potentialAction\":[{\"@type\":\"ReadAction\",\"target\":[\"https:\/\/hudo.com\/si\/aktualno\/pri-tolminu-strmoglavil-jadralni-padalec\/\"]}]},{\"@type\":\"BreadcrumbList\",\"@id\":\"https:\/\/hudo.com\/si\/aktualno\/pri-tolminu-strmoglavil-jadralni-padalec\/#breadcrumb\",\"itemListElement\":[{\"@type\":\"ListItem\",\"position\":1,\"name\":\"Home\",\"item\":\"https:\/\/hudo.com\/si\/\"},{\"@type\":\"ListItem\",\"position\":2,\"name\":\"Pri Tolminu strmoglavil jadralni padalec\"}]},{\"@type\":\"WebSite\",\"@id\":\"https:\/\/hudo.com\/si\/#website\",\"url\":\"https:\/\/hudo.com\/si\/\",\"name\":\"Hudo Slovenija\",\"description\":\"Vse novice iz Slovenije in sveta\",\"publisher\":{\"@id\":\"https:\/\/hudo.com\/si\/#organization\"},\"potentialAction\":[{\"@type\":\"SearchAction\",\"target\":{\"@type\":\"EntryPoint\",\"urlTemplate\":\"https:\/\/hudo.com\/si\/?s={search_term_string}\"},\"query-input\":\"required name=search_term_string\"}],\"inLanguage\":\"sl-SI\"},{\"@type\":\"Organization\",\"@id\":\"https:\/\/hudo.com\/si\/#organization\",\"name\":\"VSN Media\",\"url\":\"https:\/\/hudo.com\/si\/\",\"logo\":{\"@type\":\"ImageObject\",\"inLanguage\":\"sl-SI\",\"@id\":\"https:\/\/hudo.com\/si\/#\/schema\/logo\/image\/\",\"url\":\"https:\/\/hudo.com\/si\/wp-content\/uploads\/sites\/2\/2021\/03\/hudo-app-2.png\",\"contentUrl\":\"https:\/\/hudo.com\/si\/wp-content\/uploads\/sites\/2\/2021\/03\/hudo-app-2.png\",\"width\":2185,\"height\":2167,\"caption\":\"VSN Media\"},\"image\":{\"@id\":\"https:\/\/hudo.com\/si\/#\/schema\/logo\/image\/\"},\"sameAs\":[\"https:\/\/www.facebook.com\/hudo.si\",\"https:\/\/twitter.com\/hudo_si\"]},{\"@type\":\"Person\",\"@id\":\"https:\/\/hudo.com\/si\/#\/schema\/person\/601cf3379633985b20f7e50f2bb47707\",\"name\":\"hudo\",\"image\":{\"@type\":\"ImageObject\",\"inLanguage\":\"sl-SI\",\"@id\":\"https:\/\/hudo.com\/si\/#\/schema\/person\/image\/\",\"url\":\"https:\/\/secure.gravatar.com\/avatar\/c4ca25fa72cace7a696b52ff5db9e095?s=96&d=mm&r=g\",\"contentUrl\":\"https:\/\/secure.gravatar.com\/avatar\/c4ca25fa72cace7a696b52ff5db9e095?s=96&d=mm&r=g\",\"caption\":\"hudo\"},\"url\":\"https:\/\/hudo.com\/si\/author\/hudo\/\"}]}<\/script>\n<!-- \/ Yoast SEO plugin. -->","yoast_head_json":{"title":"Pri Tolminu strmoglavil jadralni padalec - Hudo Slovenija","robots":{"index":"index","follow":"follow","max-snippet":"max-snippet:-1","max-image-preview":"max-image-preview:large","max-video-preview":"max-video-preview:-1"},"canonical":"https:\/\/hudo.com\/si\/aktualno\/pri-tolminu-strmoglavil-jadralni-padalec\/","og_locale":"sl_SI","og_type":"article","og_title":"Pri Tolminu strmoglavil jadralni padalec - Hudo Slovenija","og_description":"Na ju\u017enem pobo\u010dju hriba Vodil vrh nad vasjo Zatolmin je v\u010deraj strmoglavil jadralni padalec. 49-letni Mad\u017ear je s \u0161estimi prijatelji vzletel iz Kobala nad Tolminom, zaradi nenadnega sunka vetra pa je nato strmoglavil.\u00a0 Veter mu je zaprl jadralno padalo, zaradi \u010desar je pri\u010del izgubljati vi\u0161ino in ni imel \u010dasa, da bi odprl rezervno padalo. Strmoglavil","og_url":"https:\/\/hudo.com\/si\/aktualno\/pri-tolminu-strmoglavil-jadralni-padalec\/","og_site_name":"Hudo Slovenija","article_publisher":"https:\/\/www.facebook.com\/hudo.si","article_published_time":"2016-04-14T07:14:41+00:00","article_modified_time":"2016-04-15T05:06:47+00:00","og_image":[{"width":1024,"height":768,"url":"https:\/\/hudo.com\/si\/wp-content\/uploads\/sites\/2\/2016\/04\/pri-tolminu-strmoglavil-jadralni-padalec-01-1024x768.jpg","type":"image\/jpeg"}],"author":"hudo","twitter_card":"summary_large_image","twitter_creator":"@hudo_si","twitter_site":"@hudo_si","twitter_misc":{"Written by":"hudo"},"schema":{"@context":"https:\/\/schema.org","@graph":[{"@type":"Article","@id":"https:\/\/hudo.com\/si\/aktualno\/pri-tolminu-strmoglavil-jadralni-padalec\/#article","isPartOf":{"@id":"https:\/\/hudo.com\/si\/aktualno\/pri-tolminu-strmoglavil-jadralni-padalec\/"},"author":{"name":"hudo","@id":"https:\/\/hudo.com\/si\/#\/schema\/person\/601cf3379633985b20f7e50f2bb47707"},"headline":"Pri Tolminu strmoglavil jadralni padalec","datePublished":"2016-04-14T07:14:41+00:00","dateModified":"2016-04-15T05:06:47+00:00","mainEntityOfPage":{"@id":"https:\/\/hudo.com\/si\/aktualno\/pri-tolminu-strmoglavil-jadralni-padalec\/"},"wordCount":66,"publisher":{"@id":"https:\/\/hudo.com\/si\/#organization"},"articleSection":["Aktualno"],"inLanguage":"sl-SI"},{"@type":"WebPage","@id":"https:\/\/hudo.com\/si\/aktualno\/pri-tolminu-strmoglavil-jadralni-padalec\/","url":"https:\/\/hudo.com\/si\/aktualno\/pri-tolminu-strmoglavil-jadralni-padalec\/","name":"Pri Tolminu strmoglavil jadralni padalec - Hudo Slovenija","isPartOf":{"@id":"https:\/\/hudo.com\/si\/#website"},"datePublished":"2016-04-14T07:14:41+00:00","dateModified":"2016-04-15T05:06:47+00:00","breadcrumb":{"@id":"https:\/\/hudo.com\/si\/aktualno\/pri-tolminu-strmoglavil-jadralni-padalec\/#breadcrumb"},"inLanguage":"sl-SI","potentialAction":[{"@type":"ReadAction","target":["https:\/\/hudo.com\/si\/aktualno\/pri-tolminu-strmoglavil-jadralni-padalec\/"]}]},{"@type":"BreadcrumbList","@id":"https:\/\/hudo.com\/si\/aktualno\/pri-tolminu-strmoglavil-jadralni-padalec\/#breadcrumb","itemListElement":[{"@type":"ListItem","position":1,"name":"Home","item":"https:\/\/hudo.com\/si\/"},{"@type":"ListItem","position":2,"name":"Pri Tolminu strmoglavil jadralni padalec"}]},{"@type":"WebSite","@id":"https:\/\/hudo.com\/si\/#website","url":"https:\/\/hudo.com\/si\/","name":"Hudo Slovenija","description":"Vse novice iz Slovenije in sveta","publisher":{"@id":"https:\/\/hudo.com\/si\/#organization"},"potentialAction":[{"@type":"SearchAction","target":{"@type":"EntryPoint","urlTemplate":"https:\/\/hudo.com\/si\/?s={search_term_string}"},"query-input":"required name=search_term_string"}],"inLanguage":"sl-SI"},{"@type":"Organization","@id":"https:\/\/hudo.com\/si\/#organization","name":"VSN Media","url":"https:\/\/hudo.com\/si\/","logo":{"@type":"ImageObject","inLanguage":"sl-SI","@id":"https:\/\/hudo.com\/si\/#\/schema\/logo\/image\/","url":"https:\/\/hudo.com\/si\/wp-content\/uploads\/sites\/2\/2021\/03\/hudo-app-2.png","contentUrl":"https:\/\/hudo.com\/si\/wp-content\/uploads\/sites\/2\/2021\/03\/hudo-app-2.png","width":2185,"height":2167,"caption":"VSN Media"},"image":{"@id":"https:\/\/hudo.com\/si\/#\/schema\/logo\/image\/"},"sameAs":["https:\/\/www.facebook.com\/hudo.si","https:\/\/twitter.com\/hudo_si"]},{"@type":"Person","@id":"https:\/\/hudo.com\/si\/#\/schema\/person\/601cf3379633985b20f7e50f2bb47707","name":"hudo","image":{"@type":"ImageObject","inLanguage":"sl-SI","@id":"https:\/\/hudo.com\/si\/#\/schema\/person\/image\/","url":"https:\/\/secure.gravatar.com\/avatar\/c4ca25fa72cace7a696b52ff5db9e095?s=96&d=mm&r=g","contentUrl":"https:\/\/secure.gravatar.com\/avatar\/c4ca25fa72cace7a696b52ff5db9e095?s=96&d=mm&r=g","caption":"hudo"},"url":"https:\/\/hudo.com\/si\/author\/hudo\/"}]}},"amp_enabled":true,"_links":{"self":[{"href":"https:\/\/hudo.com\/si\/wp-json\/wp\/v2\/posts\/29334"}],"collection":[{"href":"https:\/\/hudo.com\/si\/wp-json\/wp\/v2\/posts"}],"about":[{"href":"https:\/\/hudo.com\/si\/wp-json\/wp\/v2\/types\/post"}],"author":[{"embeddable":true,"href":"https:\/\/hudo.com\/si\/wp-json\/wp\/v2\/users\/1"}],"replies":[{"embeddable":true,"href":"https:\/\/hudo.com\/si\/wp-json\/wp\/v2\/comments?post=29334"}],"version-history":[{"count":1,"href":"https:\/\/hudo.com\/si\/wp-json\/wp\/v2\/posts\/29334\/revisions"}],"predecessor-version":[{"id":29426,"href":"https:\/\/hudo.com\/si\/wp-json\/wp\/v2\/posts\/29334\/revisions\/29426"}],"wp:attachment":[{"href":"https:\/\/hudo.com\/si\/wp-json\/wp\/v2\/media?parent=29334"}],"wp:term":[{"taxonomy":"category","embeddable":true,"href":"https:\/\/hudo.com\/si\/wp-json\/wp\/v2\/categories?post=29334"},{"taxonomy":"post_tag","embeddable":true,"href":"https:\/\/hudo.com\/si\/wp-json\/wp\/v2\/tags?post=29334"},{"taxonomy":"source","embeddable":true,"href":"https:\/\/hudo.com\/si\/wp-json\/wp\/v2\/source?post=29334"},{"taxonomy":"supertag","embeddable":true,"href":"https:\/\/hudo.com\/si\/wp-json\/wp\/v2\/supertag?post=29334"}],"curies":[{"name":"wp","href":"https:\/\/api.w.org\/{rel}","templated":true}]}}