{"id":293347,"date":"2017-08-31T06:59:00","date_gmt":"2017-08-31T04:59:00","guid":{"rendered":"http:\/\/hudo.com\/si\/2017\/08\/31\/dezevni-in-hladnejsi-dnevi-so-pred-nami-spremenljiv-tudi-naslednji-teden\/"},"modified":"2017-08-31T06:59:00","modified_gmt":"2017-08-31T04:59:00","slug":"dezevni-in-hladnejsi-dnevi-so-pred-nami-spremenljiv-tudi-naslednji-teden","status":"publish","type":"post","link":"https:\/\/hudo.com\/si\/aktualno\/dezevni-in-hladnejsi-dnevi-so-pred-nami-spremenljiv-tudi-naslednji-teden\/","title":{"rendered":"De\u017eevni in hladnej\u0161i dnevi so pred nami, spremenljiv tudi naslednji teden"},"content":{"rendered":"<p>Pred nami je lep in son\u010den dan, pri\u010dakujemo pa lahko temperature do 34 stopinj Celzija. \u0160ele zve\u010der se bo na zahodu pri\u010delo obla\u010diti. \u017de jutri pa prihajajo prve poobla\u010ditve in padavine. V vzhodnem delu dr\u017eave bo sprva \u0161e ob\u010dasno son\u010dno, na zahodu in v delu osrednje Slovenije pa se bo poobla\u010dilo. Ob\u010dasne padavine v obliki neviht z nalivi se bodo dopoldne postopno \u0161irile proti vzhodu. Ponekod bo pihal jugozahodni veter, ob obali jugo. Najvi\u0161je dnevne temperature bodo od 17 do 26 stopinj Celzija. V soboto bo prete\u017eno obla\u010dno z ob\u010dasnimi krajevnimi padavinami, deloma nevihtami. Ohladilo se bo. Za jutri in soboto so meteorologi pri agenciji za okolje (Arso) izdali tudi rumeni alarm zaradi mo\u017enosti nalivov in nevhit. To pomeni, da so lokalno mo\u017eni mo\u010dnej\u0161i nalivi, pi\u0161 vetra in udari strel. Hitro lahko narastejo hudourni\u0161ki vodotoki. Hkrati opozarjajo, da se med\u00a0nevihto ne zadr\u017eujte na izpostavljenih mestih. Po\u010dakajte na varnem mestu, saj nevihta obi\u010dajno ne traja dolgo, dodajajo. V nedeljo bo prevladovalo obla\u010dno vreme z ob\u010dasnimi padavinami, predvsem ob morju tudi nevihtami. Ohladilo se bo, najvi\u0161je dnevne temperature bodo v notranjosti Slovenije pod 20 stopinj Celzija. Meja sne\u017eenja se bo predvidoma spustila do nadmorske vi\u0161ine okoli 2200 metrov. Od ponedeljka do petka bo vreme \u0161e nestanovitno.<\/p>\n","protected":false},"excerpt":{"rendered":"<p>Pred nami je lep in son\u010den dan, pri\u010dakujemo pa lahko temperature do 34 stopinj Celzija. \u0160ele zve\u010der se bo na zahodu pri\u010delo obla\u010diti. \u017de jutri pa prihajajo prve poobla\u010ditve in padavine. V vzhodnem delu dr\u017eave bo sprva \u0161e ob\u010dasno son\u010dno, na zahodu in v delu osrednje Slovenije pa se bo poobla\u010dilo. Ob\u010dasne padavine v obliki neviht z nalivi se bodo dopoldne postopno \u0161irile proti vzhodu. Ponekod bo pihal jugozahodni veter, ob obali jugo. Najvi\u0161je dnevne temperature bodo od 17 do 26 stopinj Celzija. V soboto bo prete\u017eno obla\u010dno z ob\u010dasnimi krajevnimi padavinami, deloma nevihtami. Ohladilo se bo. Za jutri in soboto so meteorologi pri agenciji za okolje (Arso) izdali tudi rumeni alarm zaradi mo\u017enosti nalivov in nevhit. To pomeni, da so lokalno mo\u017eni mo\u010dnej\u0161i nalivi, pi\u0161 vetra in udari strel. Hitro lahko narastejo hudourni\u0161ki vodotoki. Hkrati opozarjajo, da se med\u00a0nevihto ne zadr\u017eujte na izpostavljenih mestih. Po\u010dakajte na varnem mestu, saj nevihta obi\u010dajno ne traja dolgo, dodajajo. V nedeljo bo prevladovalo obla\u010dno vreme z ob\u010dasnimi padavinami, predvsem ob morju tudi nevihtami. Ohladilo se bo, najvi\u0161je dnevne temperature bodo v notranjosti Slovenije pod 20 stopinj Celzija. Meja sne\u017eenja se bo predvidoma spustila do nadmorske vi\u0161ine okoli 2200 metrov. Od ponedeljka do petka bo vreme \u0161e nestanovitno.<\/p>\n","protected":false},"author":1,"featured_media":0,"comment_status":"closed","ping_status":"closed","sticky":false,"template":"","format":"standard","meta":{"footnotes":""},"categories":[1179],"tags":[],"source":[1711],"supertag":[],"acf":[],"yoast_head":"<!-- This site is optimized with the Yoast SEO plugin v21.3 - https:\/\/yoast.com\/wordpress\/plugins\/seo\/ -->\n<title>De\u017eevni in hladnej\u0161i dnevi so pred nami, spremenljiv tudi naslednji teden - Hudo Slovenija<\/title>\n<meta name=\"robots\" content=\"index, follow, max-snippet:-1, max-image-preview:large, max-video-preview:-1\" \/>\n<link rel=\"canonical\" href=\"https:\/\/hudo.com\/si\/aktualno\/dezevni-in-hladnejsi-dnevi-so-pred-nami-spremenljiv-tudi-naslednji-teden\/\" \/>\n<meta property=\"og:locale\" content=\"sl_SI\" \/>\n<meta property=\"og:type\" content=\"article\" \/>\n<meta property=\"og:title\" content=\"De\u017eevni in hladnej\u0161i dnevi so pred nami, spremenljiv tudi naslednji teden - Hudo Slovenija\" \/>\n<meta property=\"og:description\" content=\"Pred nami je lep in son\u010den dan, pri\u010dakujemo pa lahko temperature do 34 stopinj Celzija. \u0160ele zve\u010der se bo na zahodu pri\u010delo obla\u010diti. \u017de jutri pa prihajajo prve poobla\u010ditve in padavine. V vzhodnem delu dr\u017eave bo sprva \u0161e ob\u010dasno son\u010dno, na zahodu in v delu osrednje Slovenije pa se bo poobla\u010dilo. Ob\u010dasne padavine v obliki neviht z nalivi se bodo dopoldne postopno \u0161irile proti vzhodu. Ponekod bo pihal jugozahodni veter, ob obali jugo. Najvi\u0161je dnevne temperature bodo od 17 do 26 stopinj Celzija. V soboto bo prete\u017eno obla\u010dno z ob\u010dasnimi krajevnimi padavinami, deloma nevihtami. Ohladilo se bo. Za jutri in soboto so meteorologi pri agenciji za okolje (Arso) izdali tudi rumeni alarm zaradi mo\u017enosti nalivov in nevhit. To pomeni, da so lokalno mo\u017eni mo\u010dnej\u0161i nalivi, pi\u0161 vetra in udari strel. Hitro lahko narastejo hudourni\u0161ki vodotoki. Hkrati opozarjajo, da se med\u00a0nevihto ne zadr\u017eujte na izpostavljenih mestih. Po\u010dakajte na varnem mestu, saj nevihta obi\u010dajno ne traja dolgo, dodajajo. V nedeljo bo prevladovalo obla\u010dno vreme z ob\u010dasnimi padavinami, predvsem ob morju tudi nevihtami. Ohladilo se bo, najvi\u0161je dnevne temperature bodo v notranjosti Slovenije pod 20 stopinj Celzija. Meja sne\u017eenja se bo predvidoma spustila do nadmorske vi\u0161ine okoli 2200 metrov. Od ponedeljka do petka bo vreme \u0161e nestanovitno.\" \/>\n<meta property=\"og:url\" content=\"https:\/\/hudo.com\/si\/aktualno\/dezevni-in-hladnejsi-dnevi-so-pred-nami-spremenljiv-tudi-naslednji-teden\/\" \/>\n<meta property=\"og:site_name\" content=\"Hudo Slovenija\" \/>\n<meta property=\"article:publisher\" content=\"https:\/\/www.facebook.com\/hudo.si\" \/>\n<meta property=\"article:published_time\" content=\"2017-08-31T04:59:00+00:00\" \/>\n<meta property=\"og:image\" content=\"https:\/\/hudo.com\/si\/wp-content\/uploads\/sites\/2\/2017\/08\/3199179-300.jpg\" \/>\n\t<meta property=\"og:image:width\" content=\"450\" \/>\n\t<meta property=\"og:image:height\" content=\"300\" \/>\n\t<meta property=\"og:image:type\" content=\"image\/jpeg\" \/>\n<meta name=\"author\" content=\"hudo\" \/>\n<meta name=\"twitter:card\" content=\"summary_large_image\" \/>\n<meta name=\"twitter:creator\" content=\"@hudo_si\" \/>\n<meta name=\"twitter:site\" content=\"@hudo_si\" \/>\n<meta name=\"twitter:label1\" content=\"Written by\" \/>\n\t<meta name=\"twitter:data1\" content=\"hudo\" \/>\n\t<meta name=\"twitter:label2\" content=\"Est. reading time\" \/>\n\t<meta name=\"twitter:data2\" content=\"1 minuta\" \/>\n<script type=\"application\/ld+json\" class=\"yoast-schema-graph\">{\"@context\":\"https:\/\/schema.org\",\"@graph\":[{\"@type\":\"Article\",\"@id\":\"https:\/\/hudo.com\/si\/aktualno\/dezevni-in-hladnejsi-dnevi-so-pred-nami-spremenljiv-tudi-naslednji-teden\/#article\",\"isPartOf\":{\"@id\":\"https:\/\/hudo.com\/si\/aktualno\/dezevni-in-hladnejsi-dnevi-so-pred-nami-spremenljiv-tudi-naslednji-teden\/\"},\"author\":{\"name\":\"hudo\",\"@id\":\"https:\/\/hudo.com\/si\/#\/schema\/person\/601cf3379633985b20f7e50f2bb47707\"},\"headline\":\"De\u017eevni in hladnej\u0161i dnevi so pred nami, spremenljiv tudi naslednji teden\",\"datePublished\":\"2017-08-31T04:59:00+00:00\",\"dateModified\":\"2017-08-31T04:59:00+00:00\",\"mainEntityOfPage\":{\"@id\":\"https:\/\/hudo.com\/si\/aktualno\/dezevni-in-hladnejsi-dnevi-so-pred-nami-spremenljiv-tudi-naslednji-teden\/\"},\"wordCount\":241,\"publisher\":{\"@id\":\"https:\/\/hudo.com\/si\/#organization\"},\"articleSection\":[\"Aktualno\"],\"inLanguage\":\"sl-SI\"},{\"@type\":\"WebPage\",\"@id\":\"https:\/\/hudo.com\/si\/aktualno\/dezevni-in-hladnejsi-dnevi-so-pred-nami-spremenljiv-tudi-naslednji-teden\/\",\"url\":\"https:\/\/hudo.com\/si\/aktualno\/dezevni-in-hladnejsi-dnevi-so-pred-nami-spremenljiv-tudi-naslednji-teden\/\",\"name\":\"De\u017eevni in hladnej\u0161i dnevi so pred nami, spremenljiv tudi naslednji teden - Hudo Slovenija\",\"isPartOf\":{\"@id\":\"https:\/\/hudo.com\/si\/#website\"},\"datePublished\":\"2017-08-31T04:59:00+00:00\",\"dateModified\":\"2017-08-31T04:59:00+00:00\",\"breadcrumb\":{\"@id\":\"https:\/\/hudo.com\/si\/aktualno\/dezevni-in-hladnejsi-dnevi-so-pred-nami-spremenljiv-tudi-naslednji-teden\/#breadcrumb\"},\"inLanguage\":\"sl-SI\",\"potentialAction\":[{\"@type\":\"ReadAction\",\"target\":[\"https:\/\/hudo.com\/si\/aktualno\/dezevni-in-hladnejsi-dnevi-so-pred-nami-spremenljiv-tudi-naslednji-teden\/\"]}]},{\"@type\":\"BreadcrumbList\",\"@id\":\"https:\/\/hudo.com\/si\/aktualno\/dezevni-in-hladnejsi-dnevi-so-pred-nami-spremenljiv-tudi-naslednji-teden\/#breadcrumb\",\"itemListElement\":[{\"@type\":\"ListItem\",\"position\":1,\"name\":\"Home\",\"item\":\"https:\/\/hudo.com\/si\/\"},{\"@type\":\"ListItem\",\"position\":2,\"name\":\"De\u017eevni in hladnej\u0161i dnevi so pred nami, spremenljiv tudi naslednji teden\"}]},{\"@type\":\"WebSite\",\"@id\":\"https:\/\/hudo.com\/si\/#website\",\"url\":\"https:\/\/hudo.com\/si\/\",\"name\":\"Hudo Slovenija\",\"description\":\"Vse novice iz Slovenije in sveta\",\"publisher\":{\"@id\":\"https:\/\/hudo.com\/si\/#organization\"},\"potentialAction\":[{\"@type\":\"SearchAction\",\"target\":{\"@type\":\"EntryPoint\",\"urlTemplate\":\"https:\/\/hudo.com\/si\/?s={search_term_string}\"},\"query-input\":\"required name=search_term_string\"}],\"inLanguage\":\"sl-SI\"},{\"@type\":\"Organization\",\"@id\":\"https:\/\/hudo.com\/si\/#organization\",\"name\":\"VSN Media\",\"url\":\"https:\/\/hudo.com\/si\/\",\"logo\":{\"@type\":\"ImageObject\",\"inLanguage\":\"sl-SI\",\"@id\":\"https:\/\/hudo.com\/si\/#\/schema\/logo\/image\/\",\"url\":\"https:\/\/hudo.com\/si\/wp-content\/uploads\/sites\/2\/2021\/03\/hudo-app-2.png\",\"contentUrl\":\"https:\/\/hudo.com\/si\/wp-content\/uploads\/sites\/2\/2021\/03\/hudo-app-2.png\",\"width\":2185,\"height\":2167,\"caption\":\"VSN Media\"},\"image\":{\"@id\":\"https:\/\/hudo.com\/si\/#\/schema\/logo\/image\/\"},\"sameAs\":[\"https:\/\/www.facebook.com\/hudo.si\",\"https:\/\/twitter.com\/hudo_si\"]},{\"@type\":\"Person\",\"@id\":\"https:\/\/hudo.com\/si\/#\/schema\/person\/601cf3379633985b20f7e50f2bb47707\",\"name\":\"hudo\",\"image\":{\"@type\":\"ImageObject\",\"inLanguage\":\"sl-SI\",\"@id\":\"https:\/\/hudo.com\/si\/#\/schema\/person\/image\/\",\"url\":\"https:\/\/secure.gravatar.com\/avatar\/c4ca25fa72cace7a696b52ff5db9e095?s=96&d=mm&r=g\",\"contentUrl\":\"https:\/\/secure.gravatar.com\/avatar\/c4ca25fa72cace7a696b52ff5db9e095?s=96&d=mm&r=g\",\"caption\":\"hudo\"},\"url\":\"https:\/\/hudo.com\/si\/author\/hudo\/\"}]}<\/script>\n<!-- \/ Yoast SEO plugin. -->","yoast_head_json":{"title":"De\u017eevni in hladnej\u0161i dnevi so pred nami, spremenljiv tudi naslednji teden - Hudo Slovenija","robots":{"index":"index","follow":"follow","max-snippet":"max-snippet:-1","max-image-preview":"max-image-preview:large","max-video-preview":"max-video-preview:-1"},"canonical":"https:\/\/hudo.com\/si\/aktualno\/dezevni-in-hladnejsi-dnevi-so-pred-nami-spremenljiv-tudi-naslednji-teden\/","og_locale":"sl_SI","og_type":"article","og_title":"De\u017eevni in hladnej\u0161i dnevi so pred nami, spremenljiv tudi naslednji teden - Hudo Slovenija","og_description":"Pred nami je lep in son\u010den dan, pri\u010dakujemo pa lahko temperature do 34 stopinj Celzija. \u0160ele zve\u010der se bo na zahodu pri\u010delo obla\u010diti. \u017de jutri pa prihajajo prve poobla\u010ditve in padavine. V vzhodnem delu dr\u017eave bo sprva \u0161e ob\u010dasno son\u010dno, na zahodu in v delu osrednje Slovenije pa se bo poobla\u010dilo. Ob\u010dasne padavine v obliki neviht z nalivi se bodo dopoldne postopno \u0161irile proti vzhodu. Ponekod bo pihal jugozahodni veter, ob obali jugo. Najvi\u0161je dnevne temperature bodo od 17 do 26 stopinj Celzija. V soboto bo prete\u017eno obla\u010dno z ob\u010dasnimi krajevnimi padavinami, deloma nevihtami. Ohladilo se bo. Za jutri in soboto so meteorologi pri agenciji za okolje (Arso) izdali tudi rumeni alarm zaradi mo\u017enosti nalivov in nevhit. To pomeni, da so lokalno mo\u017eni mo\u010dnej\u0161i nalivi, pi\u0161 vetra in udari strel. Hitro lahko narastejo hudourni\u0161ki vodotoki. Hkrati opozarjajo, da se med\u00a0nevihto ne zadr\u017eujte na izpostavljenih mestih. Po\u010dakajte na varnem mestu, saj nevihta obi\u010dajno ne traja dolgo, dodajajo. V nedeljo bo prevladovalo obla\u010dno vreme z ob\u010dasnimi padavinami, predvsem ob morju tudi nevihtami. Ohladilo se bo, najvi\u0161je dnevne temperature bodo v notranjosti Slovenije pod 20 stopinj Celzija. Meja sne\u017eenja se bo predvidoma spustila do nadmorske vi\u0161ine okoli 2200 metrov. Od ponedeljka do petka bo vreme \u0161e nestanovitno.","og_url":"https:\/\/hudo.com\/si\/aktualno\/dezevni-in-hladnejsi-dnevi-so-pred-nami-spremenljiv-tudi-naslednji-teden\/","og_site_name":"Hudo Slovenija","article_publisher":"https:\/\/www.facebook.com\/hudo.si","article_published_time":"2017-08-31T04:59:00+00:00","og_image":[{"width":450,"height":300,"url":"https:\/\/hudo.com\/si\/wp-content\/uploads\/sites\/2\/2017\/08\/3199179-300.jpg","type":"image\/jpeg"}],"author":"hudo","twitter_card":"summary_large_image","twitter_creator":"@hudo_si","twitter_site":"@hudo_si","twitter_misc":{"Written by":"hudo","Est. reading time":"1 minuta"},"schema":{"@context":"https:\/\/schema.org","@graph":[{"@type":"Article","@id":"https:\/\/hudo.com\/si\/aktualno\/dezevni-in-hladnejsi-dnevi-so-pred-nami-spremenljiv-tudi-naslednji-teden\/#article","isPartOf":{"@id":"https:\/\/hudo.com\/si\/aktualno\/dezevni-in-hladnejsi-dnevi-so-pred-nami-spremenljiv-tudi-naslednji-teden\/"},"author":{"name":"hudo","@id":"https:\/\/hudo.com\/si\/#\/schema\/person\/601cf3379633985b20f7e50f2bb47707"},"headline":"De\u017eevni in hladnej\u0161i dnevi so pred nami, spremenljiv tudi naslednji teden","datePublished":"2017-08-31T04:59:00+00:00","dateModified":"2017-08-31T04:59:00+00:00","mainEntityOfPage":{"@id":"https:\/\/hudo.com\/si\/aktualno\/dezevni-in-hladnejsi-dnevi-so-pred-nami-spremenljiv-tudi-naslednji-teden\/"},"wordCount":241,"publisher":{"@id":"https:\/\/hudo.com\/si\/#organization"},"articleSection":["Aktualno"],"inLanguage":"sl-SI"},{"@type":"WebPage","@id":"https:\/\/hudo.com\/si\/aktualno\/dezevni-in-hladnejsi-dnevi-so-pred-nami-spremenljiv-tudi-naslednji-teden\/","url":"https:\/\/hudo.com\/si\/aktualno\/dezevni-in-hladnejsi-dnevi-so-pred-nami-spremenljiv-tudi-naslednji-teden\/","name":"De\u017eevni in hladnej\u0161i dnevi so pred nami, spremenljiv tudi naslednji teden - Hudo Slovenija","isPartOf":{"@id":"https:\/\/hudo.com\/si\/#website"},"datePublished":"2017-08-31T04:59:00+00:00","dateModified":"2017-08-31T04:59:00+00:00","breadcrumb":{"@id":"https:\/\/hudo.com\/si\/aktualno\/dezevni-in-hladnejsi-dnevi-so-pred-nami-spremenljiv-tudi-naslednji-teden\/#breadcrumb"},"inLanguage":"sl-SI","potentialAction":[{"@type":"ReadAction","target":["https:\/\/hudo.com\/si\/aktualno\/dezevni-in-hladnejsi-dnevi-so-pred-nami-spremenljiv-tudi-naslednji-teden\/"]}]},{"@type":"BreadcrumbList","@id":"https:\/\/hudo.com\/si\/aktualno\/dezevni-in-hladnejsi-dnevi-so-pred-nami-spremenljiv-tudi-naslednji-teden\/#breadcrumb","itemListElement":[{"@type":"ListItem","position":1,"name":"Home","item":"https:\/\/hudo.com\/si\/"},{"@type":"ListItem","position":2,"name":"De\u017eevni in hladnej\u0161i dnevi so pred nami, spremenljiv tudi naslednji teden"}]},{"@type":"WebSite","@id":"https:\/\/hudo.com\/si\/#website","url":"https:\/\/hudo.com\/si\/","name":"Hudo Slovenija","description":"Vse novice iz Slovenije in sveta","publisher":{"@id":"https:\/\/hudo.com\/si\/#organization"},"potentialAction":[{"@type":"SearchAction","target":{"@type":"EntryPoint","urlTemplate":"https:\/\/hudo.com\/si\/?s={search_term_string}"},"query-input":"required name=search_term_string"}],"inLanguage":"sl-SI"},{"@type":"Organization","@id":"https:\/\/hudo.com\/si\/#organization","name":"VSN Media","url":"https:\/\/hudo.com\/si\/","logo":{"@type":"ImageObject","inLanguage":"sl-SI","@id":"https:\/\/hudo.com\/si\/#\/schema\/logo\/image\/","url":"https:\/\/hudo.com\/si\/wp-content\/uploads\/sites\/2\/2021\/03\/hudo-app-2.png","contentUrl":"https:\/\/hudo.com\/si\/wp-content\/uploads\/sites\/2\/2021\/03\/hudo-app-2.png","width":2185,"height":2167,"caption":"VSN Media"},"image":{"@id":"https:\/\/hudo.com\/si\/#\/schema\/logo\/image\/"},"sameAs":["https:\/\/www.facebook.com\/hudo.si","https:\/\/twitter.com\/hudo_si"]},{"@type":"Person","@id":"https:\/\/hudo.com\/si\/#\/schema\/person\/601cf3379633985b20f7e50f2bb47707","name":"hudo","image":{"@type":"ImageObject","inLanguage":"sl-SI","@id":"https:\/\/hudo.com\/si\/#\/schema\/person\/image\/","url":"https:\/\/secure.gravatar.com\/avatar\/c4ca25fa72cace7a696b52ff5db9e095?s=96&d=mm&r=g","contentUrl":"https:\/\/secure.gravatar.com\/avatar\/c4ca25fa72cace7a696b52ff5db9e095?s=96&d=mm&r=g","caption":"hudo"},"url":"https:\/\/hudo.com\/si\/author\/hudo\/"}]}},"amp_enabled":true,"_links":{"self":[{"href":"https:\/\/hudo.com\/si\/wp-json\/wp\/v2\/posts\/293347"}],"collection":[{"href":"https:\/\/hudo.com\/si\/wp-json\/wp\/v2\/posts"}],"about":[{"href":"https:\/\/hudo.com\/si\/wp-json\/wp\/v2\/types\/post"}],"author":[{"embeddable":true,"href":"https:\/\/hudo.com\/si\/wp-json\/wp\/v2\/users\/1"}],"replies":[{"embeddable":true,"href":"https:\/\/hudo.com\/si\/wp-json\/wp\/v2\/comments?post=293347"}],"version-history":[{"count":0,"href":"https:\/\/hudo.com\/si\/wp-json\/wp\/v2\/posts\/293347\/revisions"}],"wp:attachment":[{"href":"https:\/\/hudo.com\/si\/wp-json\/wp\/v2\/media?parent=293347"}],"wp:term":[{"taxonomy":"category","embeddable":true,"href":"https:\/\/hudo.com\/si\/wp-json\/wp\/v2\/categories?post=293347"},{"taxonomy":"post_tag","embeddable":true,"href":"https:\/\/hudo.com\/si\/wp-json\/wp\/v2\/tags?post=293347"},{"taxonomy":"source","embeddable":true,"href":"https:\/\/hudo.com\/si\/wp-json\/wp\/v2\/source?post=293347"},{"taxonomy":"supertag","embeddable":true,"href":"https:\/\/hudo.com\/si\/wp-json\/wp\/v2\/supertag?post=293347"}],"curies":[{"name":"wp","href":"https:\/\/api.w.org\/{rel}","templated":true}]}}