{"id":293360,"date":"2017-08-31T06:15:00","date_gmt":"2017-08-31T04:15:00","guid":{"rendered":"http:\/\/hudo.com\/si\/2017\/08\/31\/kolona-za-ligo-prvakov-v-ljudskem-vrtu-prvi-je-prisel-ob-treh\/"},"modified":"2017-08-31T06:15:00","modified_gmt":"2017-08-31T04:15:00","slug":"kolona-za-ligo-prvakov-v-ljudskem-vrtu-prvi-je-prisel-ob-treh","status":"publish","type":"post","link":"https:\/\/hudo.com\/si\/aktualno\/kolona-za-ligo-prvakov-v-ljudskem-vrtu-prvi-je-prisel-ob-treh\/","title":{"rendered":"Kolona za ligo prvakov v Ljudskem vrtu: Prvi je pri\u0161el ob treh"},"content":{"rendered":"<p>\u010ceprav se bo prodaja kompletov vstopnic za ogled tekem lige prvakov v Ljudskem vrtu za\u010dela \u0161ele danes opoldne v Vijol&#39;\u010dni bajti in Mercatorjevem centru v Mariboru, je nekaj najbolj vnetih navija\u010dev slovenskega dr\u017eavnega prvaka pohitelo v Tyr\u0161evo ulico \u017ee zgodaj zjutraj. Da bi si \u010dimprej zagotovili vstopnice in pa malo tudi iz navade, tudi zaradi dru\u017eenja. Pri\u010dakovali so namre\u010d dolgo vrsto \u017ee v jutranjih urah, a te \u0161e ni bilo.   Andrej PetelinsekProdaja kompletov vstopnic za tekme lige prvakov se bo za\u010dela opoldne.&#8221;>     Andrej Petelinsek Prodaja kompletov vstopnic za tekme lige prvakov se bo za\u010dela opoldne.    Prvi je pri\u0161el pred vijol&#39;\u010dno bajto Toma\u017e, ob treh zjutraj je bil s stol\u010dkom \u017ee pred trgovino. &#8220;Vedno pridem zelo zgodaj, to je \u017ee tradicija. Ko se je Maribor prvi\u010d uvrstil v skupinski del lige prvakov sem pri\u0161el \u017ee ob desetih zve\u010der. Mislim pa, da je bilo najte\u017eje priti do vstopnic za tekmo proti Lyonu. Ob \u0161estih zjutraj sem bil pred blagajno, pa \u017ee ni bilo ve\u010d vstopnic.&#8221; Uro\u0161, prav tako zvest privr\u017eenec vijoli\u010dastih, se je danes med najboj zgodnjimi &#8220;uvrstil&#8221; na tretje mesto. \u010cas njegovega prihoda &#8211; 4.35. Pri\u010dakoval je ve\u010d navija\u010dev \u017ee v temi, a je bila ob \u0161estih pred vrati skupinica sedmih, ki se je \u0161ele po eni uri pove\u010dala za enega. Pri\u010dakuje uvrsttiev Maribora na tretje mesto v skupini. Strinjali so se \u010dakajo\u010di z n jim, da bi lahko bilo 5 to\u010dk dovolj za ta podvig. In so ra\u010dunali, da bi lahko moskovski Spartak premagali doma, mu to\u010dko od\u0161\u010dipnili v gosteh in doma \u0161e Sevilli. Marjan iz Maribora, najizku\u0161enj\u0161i navija\u010d med njimi, se je pohvalil, da je redni obiskovalec tekem NK Maribor \u017ee od leta 1970. Navijal je za vijoli\u010daste \u017ee v prvi jugoslovanski ligi, ga pa izpad iz nogometne klubske elite biv\u0161e dr\u017eave in tudi nekateri kasnej\u0161i slab\u0161i rezultati niso omajali. Ostaja zvest navija\u010d vijoli\u010dastih, zato si je vstopnice hotel zagotoviti \u010dimprej. Imetniki sezonskih vstopnic (ob kompletu vstopnic za svoj sede\u017e po ni\u017eji ceni lahko kupijo \u0161e dva kompleta po<\/p>\n","protected":false},"excerpt":{"rendered":"<p>\u010ceprav se bo prodaja kompletov vstopnic za ogled tekem lige prvakov v Ljudskem vrtu za\u010dela \u0161ele danes opoldne v Vijol&#39;\u010dni bajti in Mercatorjevem centru v Mariboru, je nekaj najbolj vnetih navija\u010dev slovenskega dr\u017eavnega prvaka pohitelo v Tyr\u0161evo ulico \u017ee zgodaj zjutraj. Da bi si \u010dimprej zagotovili vstopnice in pa malo tudi iz navade, tudi zaradi dru\u017eenja. Pri\u010dakovali so namre\u010d dolgo vrsto \u017ee v jutranjih urah, a te \u0161e ni bilo.   Andrej PetelinsekProdaja kompletov vstopnic za tekme lige prvakov se bo za\u010dela opoldne.&#8221;>     Andrej Petelinsek Prodaja kompletov vstopnic za tekme lige prvakov se bo za\u010dela opoldne.    Prvi je pri\u0161el pred vijol&#39;\u010dno bajto Toma\u017e, ob treh zjutraj je bil s stol\u010dkom \u017ee pred trgovino. &#8220;Vedno pridem zelo zgodaj, to je \u017ee tradicija. Ko se je Maribor prvi\u010d uvrstil v skupinski del lige prvakov sem pri\u0161el \u017ee ob desetih zve\u010der. Mislim pa, da je bilo najte\u017eje priti do vstopnic za tekmo proti Lyonu. Ob \u0161estih zjutraj sem bil pred blagajno, pa \u017ee ni bilo ve\u010d vstopnic.&#8221; Uro\u0161, prav tako zvest privr\u017eenec vijoli\u010dastih, se je danes med najboj zgodnjimi &#8220;uvrstil&#8221; na tretje mesto. \u010cas njegovega prihoda &#8211; 4.35. Pri\u010dakoval je ve\u010d navija\u010dev \u017ee v temi, a je bila ob \u0161estih pred vrati skupinica sedmih, ki se je \u0161ele po eni uri pove\u010dala za enega. Pri\u010dakuje uvrsttiev Maribora na tretje mesto v skupini. Strinjali so se \u010dakajo\u010di z n jim, da bi lahko bilo 5 to\u010dk dovolj za ta podvig. In so ra\u010dunali, da bi lahko moskovski Spartak premagali doma, mu to\u010dko od\u0161\u010dipnili v gosteh in doma \u0161e Sevilli. Marjan iz Maribora, najizku\u0161enj\u0161i navija\u010d med njimi, se je pohvalil, da je redni obiskovalec tekem NK Maribor \u017ee od leta 1970. Navijal je za vijoli\u010daste \u017ee v prvi jugoslovanski ligi, ga pa izpad iz nogometne klubske elite biv\u0161e dr\u017eave in tudi nekateri kasnej\u0161i slab\u0161i rezultati niso omajali. Ostaja zvest navija\u010d vijoli\u010dastih, zato si je vstopnice hotel zagotoviti \u010dimprej. Imetniki sezonskih vstopnic (ob kompletu vstopnic za svoj sede\u017e po ni\u017eji ceni lahko kupijo \u0161e dva kompleta po<\/p>\n","protected":false},"author":1,"featured_media":0,"comment_status":"closed","ping_status":"closed","sticky":false,"template":"","format":"standard","meta":{"footnotes":""},"categories":[1179],"tags":[],"source":[1711],"supertag":[],"acf":[],"yoast_head":"<!-- This site is optimized with the Yoast SEO plugin v21.3 - https:\/\/yoast.com\/wordpress\/plugins\/seo\/ -->\n<title>Kolona za ligo prvakov v Ljudskem vrtu: Prvi je pri\u0161el ob treh - Hudo Slovenija<\/title>\n<meta name=\"robots\" content=\"index, follow, max-snippet:-1, max-image-preview:large, max-video-preview:-1\" \/>\n<link rel=\"canonical\" href=\"https:\/\/hudo.com\/si\/aktualno\/kolona-za-ligo-prvakov-v-ljudskem-vrtu-prvi-je-prisel-ob-treh\/\" \/>\n<meta property=\"og:locale\" content=\"sl_SI\" \/>\n<meta property=\"og:type\" content=\"article\" \/>\n<meta property=\"og:title\" content=\"Kolona za ligo prvakov v Ljudskem vrtu: Prvi je pri\u0161el ob treh - Hudo Slovenija\" \/>\n<meta property=\"og:description\" content=\"\u010ceprav se bo prodaja kompletov vstopnic za ogled tekem lige prvakov v Ljudskem vrtu za\u010dela \u0161ele danes opoldne v Vijol&#039;\u010dni bajti in Mercatorjevem centru v Mariboru, je nekaj najbolj vnetih navija\u010dev slovenskega dr\u017eavnega prvaka pohitelo v Tyr\u0161evo ulico \u017ee zgodaj zjutraj. Da bi si \u010dimprej zagotovili vstopnice in pa malo tudi iz navade, tudi zaradi dru\u017eenja. Pri\u010dakovali so namre\u010d dolgo vrsto \u017ee v jutranjih urah, a te \u0161e ni bilo.  Andrej PetelinsekProdaja kompletov vstopnic za tekme lige prvakov se bo za\u010dela opoldne.&quot;&gt;   Andrej Petelinsek Prodaja kompletov vstopnic za tekme lige prvakov se bo za\u010dela opoldne.  Prvi je pri\u0161el pred vijol&#039;\u010dno bajto Toma\u017e, ob treh zjutraj je bil s stol\u010dkom \u017ee pred trgovino. &quot;Vedno pridem zelo zgodaj, to je \u017ee tradicija. Ko se je Maribor prvi\u010d uvrstil v skupinski del lige prvakov sem pri\u0161el \u017ee ob desetih zve\u010der. Mislim pa, da je bilo najte\u017eje priti do vstopnic za tekmo proti Lyonu. Ob \u0161estih zjutraj sem bil pred blagajno, pa \u017ee ni bilo ve\u010d vstopnic.&quot; Uro\u0161, prav tako zvest privr\u017eenec vijoli\u010dastih, se je danes med najboj zgodnjimi &quot;uvrstil&quot; na tretje mesto. \u010cas njegovega prihoda - 4.35. Pri\u010dakoval je ve\u010d navija\u010dev \u017ee v temi, a je bila ob \u0161estih pred vrati skupinica sedmih, ki se je \u0161ele po eni uri pove\u010dala za enega. Pri\u010dakuje uvrsttiev Maribora na tretje mesto v skupini. Strinjali so se \u010dakajo\u010di z n jim, da bi lahko bilo 5 to\u010dk dovolj za ta podvig. In so ra\u010dunali, da bi lahko moskovski Spartak premagali doma, mu to\u010dko od\u0161\u010dipnili v gosteh in doma \u0161e Sevilli. Marjan iz Maribora, najizku\u0161enj\u0161i navija\u010d med njimi, se je pohvalil, da je redni obiskovalec tekem NK Maribor \u017ee od leta 1970. Navijal je za vijoli\u010daste \u017ee v prvi jugoslovanski ligi, ga pa izpad iz nogometne klubske elite biv\u0161e dr\u017eave in tudi nekateri kasnej\u0161i slab\u0161i rezultati niso omajali. Ostaja zvest navija\u010d vijoli\u010dastih, zato si je vstopnice hotel zagotoviti \u010dimprej. Imetniki sezonskih vstopnic (ob kompletu vstopnic za svoj sede\u017e po ni\u017eji ceni lahko kupijo \u0161e dva kompleta po\" \/>\n<meta property=\"og:url\" content=\"https:\/\/hudo.com\/si\/aktualno\/kolona-za-ligo-prvakov-v-ljudskem-vrtu-prvi-je-prisel-ob-treh\/\" \/>\n<meta property=\"og:site_name\" content=\"Hudo Slovenija\" \/>\n<meta property=\"article:publisher\" content=\"https:\/\/www.facebook.com\/hudo.si\" \/>\n<meta property=\"article:published_time\" content=\"2017-08-31T04:15:00+00:00\" \/>\n<meta property=\"og:image\" content=\"https:\/\/hudo.com\/si\/wp-content\/uploads\/sites\/2\/2017\/08\/3381760-300.jpg\" \/>\n\t<meta property=\"og:image:width\" content=\"450\" \/>\n\t<meta property=\"og:image:height\" content=\"300\" \/>\n\t<meta property=\"og:image:type\" content=\"image\/jpeg\" \/>\n<meta name=\"author\" content=\"hudo\" \/>\n<meta name=\"twitter:card\" content=\"summary_large_image\" \/>\n<meta name=\"twitter:creator\" content=\"@hudo_si\" \/>\n<meta name=\"twitter:site\" content=\"@hudo_si\" \/>\n<meta name=\"twitter:label1\" content=\"Written by\" \/>\n\t<meta name=\"twitter:data1\" content=\"hudo\" \/>\n\t<meta name=\"twitter:label2\" content=\"Est. reading time\" \/>\n\t<meta name=\"twitter:data2\" content=\"2 minuti\" \/>\n<script type=\"application\/ld+json\" class=\"yoast-schema-graph\">{\"@context\":\"https:\/\/schema.org\",\"@graph\":[{\"@type\":\"Article\",\"@id\":\"https:\/\/hudo.com\/si\/aktualno\/kolona-za-ligo-prvakov-v-ljudskem-vrtu-prvi-je-prisel-ob-treh\/#article\",\"isPartOf\":{\"@id\":\"https:\/\/hudo.com\/si\/aktualno\/kolona-za-ligo-prvakov-v-ljudskem-vrtu-prvi-je-prisel-ob-treh\/\"},\"author\":{\"name\":\"hudo\",\"@id\":\"https:\/\/hudo.com\/si\/#\/schema\/person\/601cf3379633985b20f7e50f2bb47707\"},\"headline\":\"Kolona za ligo prvakov v Ljudskem vrtu: Prvi je pri\u0161el ob treh\",\"datePublished\":\"2017-08-31T04:15:00+00:00\",\"dateModified\":\"2017-08-31T04:15:00+00:00\",\"mainEntityOfPage\":{\"@id\":\"https:\/\/hudo.com\/si\/aktualno\/kolona-za-ligo-prvakov-v-ljudskem-vrtu-prvi-je-prisel-ob-treh\/\"},\"wordCount\":375,\"publisher\":{\"@id\":\"https:\/\/hudo.com\/si\/#organization\"},\"articleSection\":[\"Aktualno\"],\"inLanguage\":\"sl-SI\"},{\"@type\":\"WebPage\",\"@id\":\"https:\/\/hudo.com\/si\/aktualno\/kolona-za-ligo-prvakov-v-ljudskem-vrtu-prvi-je-prisel-ob-treh\/\",\"url\":\"https:\/\/hudo.com\/si\/aktualno\/kolona-za-ligo-prvakov-v-ljudskem-vrtu-prvi-je-prisel-ob-treh\/\",\"name\":\"Kolona za ligo prvakov v Ljudskem vrtu: Prvi je pri\u0161el ob treh - Hudo Slovenija\",\"isPartOf\":{\"@id\":\"https:\/\/hudo.com\/si\/#website\"},\"datePublished\":\"2017-08-31T04:15:00+00:00\",\"dateModified\":\"2017-08-31T04:15:00+00:00\",\"breadcrumb\":{\"@id\":\"https:\/\/hudo.com\/si\/aktualno\/kolona-za-ligo-prvakov-v-ljudskem-vrtu-prvi-je-prisel-ob-treh\/#breadcrumb\"},\"inLanguage\":\"sl-SI\",\"potentialAction\":[{\"@type\":\"ReadAction\",\"target\":[\"https:\/\/hudo.com\/si\/aktualno\/kolona-za-ligo-prvakov-v-ljudskem-vrtu-prvi-je-prisel-ob-treh\/\"]}]},{\"@type\":\"BreadcrumbList\",\"@id\":\"https:\/\/hudo.com\/si\/aktualno\/kolona-za-ligo-prvakov-v-ljudskem-vrtu-prvi-je-prisel-ob-treh\/#breadcrumb\",\"itemListElement\":[{\"@type\":\"ListItem\",\"position\":1,\"name\":\"Home\",\"item\":\"https:\/\/hudo.com\/si\/\"},{\"@type\":\"ListItem\",\"position\":2,\"name\":\"Kolona za ligo prvakov v Ljudskem vrtu: Prvi je pri\u0161el ob treh\"}]},{\"@type\":\"WebSite\",\"@id\":\"https:\/\/hudo.com\/si\/#website\",\"url\":\"https:\/\/hudo.com\/si\/\",\"name\":\"Hudo Slovenija\",\"description\":\"Vse novice iz Slovenije in sveta\",\"publisher\":{\"@id\":\"https:\/\/hudo.com\/si\/#organization\"},\"potentialAction\":[{\"@type\":\"SearchAction\",\"target\":{\"@type\":\"EntryPoint\",\"urlTemplate\":\"https:\/\/hudo.com\/si\/?s={search_term_string}\"},\"query-input\":\"required name=search_term_string\"}],\"inLanguage\":\"sl-SI\"},{\"@type\":\"Organization\",\"@id\":\"https:\/\/hudo.com\/si\/#organization\",\"name\":\"VSN Media\",\"url\":\"https:\/\/hudo.com\/si\/\",\"logo\":{\"@type\":\"ImageObject\",\"inLanguage\":\"sl-SI\",\"@id\":\"https:\/\/hudo.com\/si\/#\/schema\/logo\/image\/\",\"url\":\"https:\/\/hudo.com\/si\/wp-content\/uploads\/sites\/2\/2021\/03\/hudo-app-2.png\",\"contentUrl\":\"https:\/\/hudo.com\/si\/wp-content\/uploads\/sites\/2\/2021\/03\/hudo-app-2.png\",\"width\":2185,\"height\":2167,\"caption\":\"VSN Media\"},\"image\":{\"@id\":\"https:\/\/hudo.com\/si\/#\/schema\/logo\/image\/\"},\"sameAs\":[\"https:\/\/www.facebook.com\/hudo.si\",\"https:\/\/twitter.com\/hudo_si\"]},{\"@type\":\"Person\",\"@id\":\"https:\/\/hudo.com\/si\/#\/schema\/person\/601cf3379633985b20f7e50f2bb47707\",\"name\":\"hudo\",\"image\":{\"@type\":\"ImageObject\",\"inLanguage\":\"sl-SI\",\"@id\":\"https:\/\/hudo.com\/si\/#\/schema\/person\/image\/\",\"url\":\"https:\/\/secure.gravatar.com\/avatar\/c4ca25fa72cace7a696b52ff5db9e095?s=96&d=mm&r=g\",\"contentUrl\":\"https:\/\/secure.gravatar.com\/avatar\/c4ca25fa72cace7a696b52ff5db9e095?s=96&d=mm&r=g\",\"caption\":\"hudo\"},\"url\":\"https:\/\/hudo.com\/si\/author\/hudo\/\"}]}<\/script>\n<!-- \/ Yoast SEO plugin. -->","yoast_head_json":{"title":"Kolona za ligo prvakov v Ljudskem vrtu: Prvi je pri\u0161el ob treh - Hudo Slovenija","robots":{"index":"index","follow":"follow","max-snippet":"max-snippet:-1","max-image-preview":"max-image-preview:large","max-video-preview":"max-video-preview:-1"},"canonical":"https:\/\/hudo.com\/si\/aktualno\/kolona-za-ligo-prvakov-v-ljudskem-vrtu-prvi-je-prisel-ob-treh\/","og_locale":"sl_SI","og_type":"article","og_title":"Kolona za ligo prvakov v Ljudskem vrtu: Prvi je pri\u0161el ob treh - Hudo Slovenija","og_description":"\u010ceprav se bo prodaja kompletov vstopnic za ogled tekem lige prvakov v Ljudskem vrtu za\u010dela \u0161ele danes opoldne v Vijol&#39;\u010dni bajti in Mercatorjevem centru v Mariboru, je nekaj najbolj vnetih navija\u010dev slovenskega dr\u017eavnega prvaka pohitelo v Tyr\u0161evo ulico \u017ee zgodaj zjutraj. Da bi si \u010dimprej zagotovili vstopnice in pa malo tudi iz navade, tudi zaradi dru\u017eenja. Pri\u010dakovali so namre\u010d dolgo vrsto \u017ee v jutranjih urah, a te \u0161e ni bilo.  Andrej PetelinsekProdaja kompletov vstopnic za tekme lige prvakov se bo za\u010dela opoldne.\">   Andrej Petelinsek Prodaja kompletov vstopnic za tekme lige prvakov se bo za\u010dela opoldne.  Prvi je pri\u0161el pred vijol&#39;\u010dno bajto Toma\u017e, ob treh zjutraj je bil s stol\u010dkom \u017ee pred trgovino. \"Vedno pridem zelo zgodaj, to je \u017ee tradicija. Ko se je Maribor prvi\u010d uvrstil v skupinski del lige prvakov sem pri\u0161el \u017ee ob desetih zve\u010der. Mislim pa, da je bilo najte\u017eje priti do vstopnic za tekmo proti Lyonu. Ob \u0161estih zjutraj sem bil pred blagajno, pa \u017ee ni bilo ve\u010d vstopnic.\" Uro\u0161, prav tako zvest privr\u017eenec vijoli\u010dastih, se je danes med najboj zgodnjimi \"uvrstil\" na tretje mesto. \u010cas njegovega prihoda - 4.35. Pri\u010dakoval je ve\u010d navija\u010dev \u017ee v temi, a je bila ob \u0161estih pred vrati skupinica sedmih, ki se je \u0161ele po eni uri pove\u010dala za enega. Pri\u010dakuje uvrsttiev Maribora na tretje mesto v skupini. Strinjali so se \u010dakajo\u010di z n jim, da bi lahko bilo 5 to\u010dk dovolj za ta podvig. In so ra\u010dunali, da bi lahko moskovski Spartak premagali doma, mu to\u010dko od\u0161\u010dipnili v gosteh in doma \u0161e Sevilli. Marjan iz Maribora, najizku\u0161enj\u0161i navija\u010d med njimi, se je pohvalil, da je redni obiskovalec tekem NK Maribor \u017ee od leta 1970. Navijal je za vijoli\u010daste \u017ee v prvi jugoslovanski ligi, ga pa izpad iz nogometne klubske elite biv\u0161e dr\u017eave in tudi nekateri kasnej\u0161i slab\u0161i rezultati niso omajali. Ostaja zvest navija\u010d vijoli\u010dastih, zato si je vstopnice hotel zagotoviti \u010dimprej. Imetniki sezonskih vstopnic (ob kompletu vstopnic za svoj sede\u017e po ni\u017eji ceni lahko kupijo \u0161e dva kompleta po","og_url":"https:\/\/hudo.com\/si\/aktualno\/kolona-za-ligo-prvakov-v-ljudskem-vrtu-prvi-je-prisel-ob-treh\/","og_site_name":"Hudo Slovenija","article_publisher":"https:\/\/www.facebook.com\/hudo.si","article_published_time":"2017-08-31T04:15:00+00:00","og_image":[{"width":450,"height":300,"url":"https:\/\/hudo.com\/si\/wp-content\/uploads\/sites\/2\/2017\/08\/3381760-300.jpg","type":"image\/jpeg"}],"author":"hudo","twitter_card":"summary_large_image","twitter_creator":"@hudo_si","twitter_site":"@hudo_si","twitter_misc":{"Written by":"hudo","Est. reading time":"2 minuti"},"schema":{"@context":"https:\/\/schema.org","@graph":[{"@type":"Article","@id":"https:\/\/hudo.com\/si\/aktualno\/kolona-za-ligo-prvakov-v-ljudskem-vrtu-prvi-je-prisel-ob-treh\/#article","isPartOf":{"@id":"https:\/\/hudo.com\/si\/aktualno\/kolona-za-ligo-prvakov-v-ljudskem-vrtu-prvi-je-prisel-ob-treh\/"},"author":{"name":"hudo","@id":"https:\/\/hudo.com\/si\/#\/schema\/person\/601cf3379633985b20f7e50f2bb47707"},"headline":"Kolona za ligo prvakov v Ljudskem vrtu: Prvi je pri\u0161el ob treh","datePublished":"2017-08-31T04:15:00+00:00","dateModified":"2017-08-31T04:15:00+00:00","mainEntityOfPage":{"@id":"https:\/\/hudo.com\/si\/aktualno\/kolona-za-ligo-prvakov-v-ljudskem-vrtu-prvi-je-prisel-ob-treh\/"},"wordCount":375,"publisher":{"@id":"https:\/\/hudo.com\/si\/#organization"},"articleSection":["Aktualno"],"inLanguage":"sl-SI"},{"@type":"WebPage","@id":"https:\/\/hudo.com\/si\/aktualno\/kolona-za-ligo-prvakov-v-ljudskem-vrtu-prvi-je-prisel-ob-treh\/","url":"https:\/\/hudo.com\/si\/aktualno\/kolona-za-ligo-prvakov-v-ljudskem-vrtu-prvi-je-prisel-ob-treh\/","name":"Kolona za ligo prvakov v Ljudskem vrtu: Prvi je pri\u0161el ob treh - Hudo Slovenija","isPartOf":{"@id":"https:\/\/hudo.com\/si\/#website"},"datePublished":"2017-08-31T04:15:00+00:00","dateModified":"2017-08-31T04:15:00+00:00","breadcrumb":{"@id":"https:\/\/hudo.com\/si\/aktualno\/kolona-za-ligo-prvakov-v-ljudskem-vrtu-prvi-je-prisel-ob-treh\/#breadcrumb"},"inLanguage":"sl-SI","potentialAction":[{"@type":"ReadAction","target":["https:\/\/hudo.com\/si\/aktualno\/kolona-za-ligo-prvakov-v-ljudskem-vrtu-prvi-je-prisel-ob-treh\/"]}]},{"@type":"BreadcrumbList","@id":"https:\/\/hudo.com\/si\/aktualno\/kolona-za-ligo-prvakov-v-ljudskem-vrtu-prvi-je-prisel-ob-treh\/#breadcrumb","itemListElement":[{"@type":"ListItem","position":1,"name":"Home","item":"https:\/\/hudo.com\/si\/"},{"@type":"ListItem","position":2,"name":"Kolona za ligo prvakov v Ljudskem vrtu: Prvi je pri\u0161el ob treh"}]},{"@type":"WebSite","@id":"https:\/\/hudo.com\/si\/#website","url":"https:\/\/hudo.com\/si\/","name":"Hudo Slovenija","description":"Vse novice iz Slovenije in sveta","publisher":{"@id":"https:\/\/hudo.com\/si\/#organization"},"potentialAction":[{"@type":"SearchAction","target":{"@type":"EntryPoint","urlTemplate":"https:\/\/hudo.com\/si\/?s={search_term_string}"},"query-input":"required name=search_term_string"}],"inLanguage":"sl-SI"},{"@type":"Organization","@id":"https:\/\/hudo.com\/si\/#organization","name":"VSN Media","url":"https:\/\/hudo.com\/si\/","logo":{"@type":"ImageObject","inLanguage":"sl-SI","@id":"https:\/\/hudo.com\/si\/#\/schema\/logo\/image\/","url":"https:\/\/hudo.com\/si\/wp-content\/uploads\/sites\/2\/2021\/03\/hudo-app-2.png","contentUrl":"https:\/\/hudo.com\/si\/wp-content\/uploads\/sites\/2\/2021\/03\/hudo-app-2.png","width":2185,"height":2167,"caption":"VSN Media"},"image":{"@id":"https:\/\/hudo.com\/si\/#\/schema\/logo\/image\/"},"sameAs":["https:\/\/www.facebook.com\/hudo.si","https:\/\/twitter.com\/hudo_si"]},{"@type":"Person","@id":"https:\/\/hudo.com\/si\/#\/schema\/person\/601cf3379633985b20f7e50f2bb47707","name":"hudo","image":{"@type":"ImageObject","inLanguage":"sl-SI","@id":"https:\/\/hudo.com\/si\/#\/schema\/person\/image\/","url":"https:\/\/secure.gravatar.com\/avatar\/c4ca25fa72cace7a696b52ff5db9e095?s=96&d=mm&r=g","contentUrl":"https:\/\/secure.gravatar.com\/avatar\/c4ca25fa72cace7a696b52ff5db9e095?s=96&d=mm&r=g","caption":"hudo"},"url":"https:\/\/hudo.com\/si\/author\/hudo\/"}]}},"amp_enabled":true,"_links":{"self":[{"href":"https:\/\/hudo.com\/si\/wp-json\/wp\/v2\/posts\/293360"}],"collection":[{"href":"https:\/\/hudo.com\/si\/wp-json\/wp\/v2\/posts"}],"about":[{"href":"https:\/\/hudo.com\/si\/wp-json\/wp\/v2\/types\/post"}],"author":[{"embeddable":true,"href":"https:\/\/hudo.com\/si\/wp-json\/wp\/v2\/users\/1"}],"replies":[{"embeddable":true,"href":"https:\/\/hudo.com\/si\/wp-json\/wp\/v2\/comments?post=293360"}],"version-history":[{"count":0,"href":"https:\/\/hudo.com\/si\/wp-json\/wp\/v2\/posts\/293360\/revisions"}],"wp:attachment":[{"href":"https:\/\/hudo.com\/si\/wp-json\/wp\/v2\/media?parent=293360"}],"wp:term":[{"taxonomy":"category","embeddable":true,"href":"https:\/\/hudo.com\/si\/wp-json\/wp\/v2\/categories?post=293360"},{"taxonomy":"post_tag","embeddable":true,"href":"https:\/\/hudo.com\/si\/wp-json\/wp\/v2\/tags?post=293360"},{"taxonomy":"source","embeddable":true,"href":"https:\/\/hudo.com\/si\/wp-json\/wp\/v2\/source?post=293360"},{"taxonomy":"supertag","embeddable":true,"href":"https:\/\/hudo.com\/si\/wp-json\/wp\/v2\/supertag?post=293360"}],"curies":[{"name":"wp","href":"https:\/\/api.w.org\/{rel}","templated":true}]}}