{"id":293411,"date":"2017-08-31T09:19:00","date_gmt":"2017-08-31T07:19:00","guid":{"rendered":"http:\/\/hudo.com\/si\/2017\/08\/31\/zoran-jankovic-vlozil-ovadbi-zaradi-objave-prisluhov\/"},"modified":"2017-08-31T09:19:00","modified_gmt":"2017-08-31T07:19:00","slug":"zoran-jankovic-vlozil-ovadbi-zaradi-objave-prisluhov","status":"publish","type":"post","link":"https:\/\/hudo.com\/si\/aktualno\/zoran-jankovic-vlozil-ovadbi-zaradi-objave-prisluhov\/","title":{"rendered":"Zoran Jankovi\u0107 vlo\u017eil ovadbi zaradi objave prisluhov"},"content":{"rendered":"<p>To nam je potrdil, Jankovi\u0107ev odvetnik, ki dodaja, da je bila ovadba vlo\u017eena zoper Blanko \u017dgajnar in tudi zoper\u00a0poobla\u0161\u010deno uradno osebo za posredovanje informacij javnega zna\u010daja Aleksandra Lenarda. Jankovi\u0107 jima o\u010dita kaznivo dejanja zlorabe osebnih podatkov zaradi posredovanja kazenske ovadbe o Jankovi\u0107u portalu Pod \u010drto. Ta je namre\u010d objavil dele obto\u017enice zoper Jankovi\u0107a, hkrati pa tudi prisluhe, v katere se je zapletel ljubljanski \u017eupan. \u200bVe\u010d sledi &#8230;<\/p>\n","protected":false},"excerpt":{"rendered":"<p>To nam je potrdil, Jankovi\u0107ev odvetnik, ki dodaja, da je bila ovadba vlo\u017eena zoper Blanko \u017dgajnar in tudi zoper\u00a0poobla\u0161\u010deno uradno osebo za posredovanje informacij javnega zna\u010daja Aleksandra Lenarda. Jankovi\u0107 jima o\u010dita kaznivo dejanja zlorabe osebnih podatkov zaradi posredovanja kazenske ovadbe o Jankovi\u0107u portalu Pod \u010drto. Ta je namre\u010d objavil dele obto\u017enice zoper Jankovi\u0107a, hkrati pa tudi prisluhe, v katere se je zapletel ljubljanski \u017eupan. \u200bVe\u010d sledi &#8230;<\/p>\n","protected":false},"author":1,"featured_media":0,"comment_status":"closed","ping_status":"closed","sticky":false,"template":"","format":"standard","meta":{"footnotes":""},"categories":[1179],"tags":[],"source":[1711],"supertag":[],"acf":[],"yoast_head":"<!-- This site is optimized with the Yoast SEO plugin v21.3 - https:\/\/yoast.com\/wordpress\/plugins\/seo\/ -->\n<title>Zoran Jankovi\u0107 vlo\u017eil ovadbi zaradi objave prisluhov - Hudo Slovenija<\/title>\n<meta name=\"robots\" content=\"index, follow, max-snippet:-1, max-image-preview:large, max-video-preview:-1\" \/>\n<link rel=\"canonical\" href=\"https:\/\/hudo.com\/si\/aktualno\/zoran-jankovic-vlozil-ovadbi-zaradi-objave-prisluhov\/\" \/>\n<meta property=\"og:locale\" content=\"sl_SI\" \/>\n<meta property=\"og:type\" content=\"article\" \/>\n<meta property=\"og:title\" content=\"Zoran Jankovi\u0107 vlo\u017eil ovadbi zaradi objave prisluhov - Hudo Slovenija\" \/>\n<meta property=\"og:description\" content=\"To nam je potrdil, Jankovi\u0107ev odvetnik, ki dodaja, da je bila ovadba vlo\u017eena zoper Blanko \u017dgajnar in tudi zoper\u00a0poobla\u0161\u010deno uradno osebo za posredovanje informacij javnega zna\u010daja Aleksandra Lenarda. Jankovi\u0107 jima o\u010dita kaznivo dejanja zlorabe osebnih podatkov zaradi posredovanja kazenske ovadbe o Jankovi\u0107u portalu Pod \u010drto. Ta je namre\u010d objavil dele obto\u017enice zoper Jankovi\u0107a, hkrati pa tudi prisluhe, v katere se je zapletel ljubljanski \u017eupan. \u200bVe\u010d sledi ...\" \/>\n<meta property=\"og:url\" content=\"https:\/\/hudo.com\/si\/aktualno\/zoran-jankovic-vlozil-ovadbi-zaradi-objave-prisluhov\/\" \/>\n<meta property=\"og:site_name\" content=\"Hudo Slovenija\" \/>\n<meta property=\"article:publisher\" content=\"https:\/\/www.facebook.com\/hudo.si\" \/>\n<meta property=\"article:published_time\" content=\"2017-08-31T07:19:00+00:00\" \/>\n<meta property=\"og:image\" content=\"https:\/\/hudo.com\/si\/wp-content\/uploads\/sites\/2\/2017\/08\/1240261-300.jpg\" \/>\n\t<meta property=\"og:image:width\" content=\"450\" \/>\n\t<meta property=\"og:image:height\" content=\"300\" \/>\n\t<meta property=\"og:image:type\" content=\"image\/jpeg\" \/>\n<meta name=\"author\" content=\"hudo\" \/>\n<meta name=\"twitter:card\" content=\"summary_large_image\" \/>\n<meta name=\"twitter:creator\" content=\"@hudo_si\" \/>\n<meta name=\"twitter:site\" content=\"@hudo_si\" \/>\n<meta name=\"twitter:label1\" content=\"Written by\" \/>\n\t<meta name=\"twitter:data1\" content=\"hudo\" \/>\n<script type=\"application\/ld+json\" class=\"yoast-schema-graph\">{\"@context\":\"https:\/\/schema.org\",\"@graph\":[{\"@type\":\"Article\",\"@id\":\"https:\/\/hudo.com\/si\/aktualno\/zoran-jankovic-vlozil-ovadbi-zaradi-objave-prisluhov\/#article\",\"isPartOf\":{\"@id\":\"https:\/\/hudo.com\/si\/aktualno\/zoran-jankovic-vlozil-ovadbi-zaradi-objave-prisluhov\/\"},\"author\":{\"name\":\"hudo\",\"@id\":\"https:\/\/hudo.com\/si\/#\/schema\/person\/601cf3379633985b20f7e50f2bb47707\"},\"headline\":\"Zoran Jankovi\u0107 vlo\u017eil ovadbi zaradi objave prisluhov\",\"datePublished\":\"2017-08-31T07:19:00+00:00\",\"dateModified\":\"2017-08-31T07:19:00+00:00\",\"mainEntityOfPage\":{\"@id\":\"https:\/\/hudo.com\/si\/aktualno\/zoran-jankovic-vlozil-ovadbi-zaradi-objave-prisluhov\/\"},\"wordCount\":83,\"publisher\":{\"@id\":\"https:\/\/hudo.com\/si\/#organization\"},\"articleSection\":[\"Aktualno\"],\"inLanguage\":\"sl-SI\"},{\"@type\":\"WebPage\",\"@id\":\"https:\/\/hudo.com\/si\/aktualno\/zoran-jankovic-vlozil-ovadbi-zaradi-objave-prisluhov\/\",\"url\":\"https:\/\/hudo.com\/si\/aktualno\/zoran-jankovic-vlozil-ovadbi-zaradi-objave-prisluhov\/\",\"name\":\"Zoran Jankovi\u0107 vlo\u017eil ovadbi zaradi objave prisluhov - Hudo Slovenija\",\"isPartOf\":{\"@id\":\"https:\/\/hudo.com\/si\/#website\"},\"datePublished\":\"2017-08-31T07:19:00+00:00\",\"dateModified\":\"2017-08-31T07:19:00+00:00\",\"breadcrumb\":{\"@id\":\"https:\/\/hudo.com\/si\/aktualno\/zoran-jankovic-vlozil-ovadbi-zaradi-objave-prisluhov\/#breadcrumb\"},\"inLanguage\":\"sl-SI\",\"potentialAction\":[{\"@type\":\"ReadAction\",\"target\":[\"https:\/\/hudo.com\/si\/aktualno\/zoran-jankovic-vlozil-ovadbi-zaradi-objave-prisluhov\/\"]}]},{\"@type\":\"BreadcrumbList\",\"@id\":\"https:\/\/hudo.com\/si\/aktualno\/zoran-jankovic-vlozil-ovadbi-zaradi-objave-prisluhov\/#breadcrumb\",\"itemListElement\":[{\"@type\":\"ListItem\",\"position\":1,\"name\":\"Home\",\"item\":\"https:\/\/hudo.com\/si\/\"},{\"@type\":\"ListItem\",\"position\":2,\"name\":\"Zoran Jankovi\u0107 vlo\u017eil ovadbi zaradi objave prisluhov\"}]},{\"@type\":\"WebSite\",\"@id\":\"https:\/\/hudo.com\/si\/#website\",\"url\":\"https:\/\/hudo.com\/si\/\",\"name\":\"Hudo Slovenija\",\"description\":\"Vse novice iz Slovenije in sveta\",\"publisher\":{\"@id\":\"https:\/\/hudo.com\/si\/#organization\"},\"potentialAction\":[{\"@type\":\"SearchAction\",\"target\":{\"@type\":\"EntryPoint\",\"urlTemplate\":\"https:\/\/hudo.com\/si\/?s={search_term_string}\"},\"query-input\":\"required name=search_term_string\"}],\"inLanguage\":\"sl-SI\"},{\"@type\":\"Organization\",\"@id\":\"https:\/\/hudo.com\/si\/#organization\",\"name\":\"VSN Media\",\"url\":\"https:\/\/hudo.com\/si\/\",\"logo\":{\"@type\":\"ImageObject\",\"inLanguage\":\"sl-SI\",\"@id\":\"https:\/\/hudo.com\/si\/#\/schema\/logo\/image\/\",\"url\":\"https:\/\/hudo.com\/si\/wp-content\/uploads\/sites\/2\/2021\/03\/hudo-app-2.png\",\"contentUrl\":\"https:\/\/hudo.com\/si\/wp-content\/uploads\/sites\/2\/2021\/03\/hudo-app-2.png\",\"width\":2185,\"height\":2167,\"caption\":\"VSN Media\"},\"image\":{\"@id\":\"https:\/\/hudo.com\/si\/#\/schema\/logo\/image\/\"},\"sameAs\":[\"https:\/\/www.facebook.com\/hudo.si\",\"https:\/\/twitter.com\/hudo_si\"]},{\"@type\":\"Person\",\"@id\":\"https:\/\/hudo.com\/si\/#\/schema\/person\/601cf3379633985b20f7e50f2bb47707\",\"name\":\"hudo\",\"image\":{\"@type\":\"ImageObject\",\"inLanguage\":\"sl-SI\",\"@id\":\"https:\/\/hudo.com\/si\/#\/schema\/person\/image\/\",\"url\":\"https:\/\/secure.gravatar.com\/avatar\/c4ca25fa72cace7a696b52ff5db9e095?s=96&d=mm&r=g\",\"contentUrl\":\"https:\/\/secure.gravatar.com\/avatar\/c4ca25fa72cace7a696b52ff5db9e095?s=96&d=mm&r=g\",\"caption\":\"hudo\"},\"url\":\"https:\/\/hudo.com\/si\/author\/hudo\/\"}]}<\/script>\n<!-- \/ Yoast SEO plugin. -->","yoast_head_json":{"title":"Zoran Jankovi\u0107 vlo\u017eil ovadbi zaradi objave prisluhov - Hudo Slovenija","robots":{"index":"index","follow":"follow","max-snippet":"max-snippet:-1","max-image-preview":"max-image-preview:large","max-video-preview":"max-video-preview:-1"},"canonical":"https:\/\/hudo.com\/si\/aktualno\/zoran-jankovic-vlozil-ovadbi-zaradi-objave-prisluhov\/","og_locale":"sl_SI","og_type":"article","og_title":"Zoran Jankovi\u0107 vlo\u017eil ovadbi zaradi objave prisluhov - Hudo Slovenija","og_description":"To nam je potrdil, Jankovi\u0107ev odvetnik, ki dodaja, da je bila ovadba vlo\u017eena zoper Blanko \u017dgajnar in tudi zoper\u00a0poobla\u0161\u010deno uradno osebo za posredovanje informacij javnega zna\u010daja Aleksandra Lenarda. Jankovi\u0107 jima o\u010dita kaznivo dejanja zlorabe osebnih podatkov zaradi posredovanja kazenske ovadbe o Jankovi\u0107u portalu Pod \u010drto. Ta je namre\u010d objavil dele obto\u017enice zoper Jankovi\u0107a, hkrati pa tudi prisluhe, v katere se je zapletel ljubljanski \u017eupan. \u200bVe\u010d sledi ...","og_url":"https:\/\/hudo.com\/si\/aktualno\/zoran-jankovic-vlozil-ovadbi-zaradi-objave-prisluhov\/","og_site_name":"Hudo Slovenija","article_publisher":"https:\/\/www.facebook.com\/hudo.si","article_published_time":"2017-08-31T07:19:00+00:00","og_image":[{"width":450,"height":300,"url":"https:\/\/hudo.com\/si\/wp-content\/uploads\/sites\/2\/2017\/08\/1240261-300.jpg","type":"image\/jpeg"}],"author":"hudo","twitter_card":"summary_large_image","twitter_creator":"@hudo_si","twitter_site":"@hudo_si","twitter_misc":{"Written by":"hudo"},"schema":{"@context":"https:\/\/schema.org","@graph":[{"@type":"Article","@id":"https:\/\/hudo.com\/si\/aktualno\/zoran-jankovic-vlozil-ovadbi-zaradi-objave-prisluhov\/#article","isPartOf":{"@id":"https:\/\/hudo.com\/si\/aktualno\/zoran-jankovic-vlozil-ovadbi-zaradi-objave-prisluhov\/"},"author":{"name":"hudo","@id":"https:\/\/hudo.com\/si\/#\/schema\/person\/601cf3379633985b20f7e50f2bb47707"},"headline":"Zoran Jankovi\u0107 vlo\u017eil ovadbi zaradi objave prisluhov","datePublished":"2017-08-31T07:19:00+00:00","dateModified":"2017-08-31T07:19:00+00:00","mainEntityOfPage":{"@id":"https:\/\/hudo.com\/si\/aktualno\/zoran-jankovic-vlozil-ovadbi-zaradi-objave-prisluhov\/"},"wordCount":83,"publisher":{"@id":"https:\/\/hudo.com\/si\/#organization"},"articleSection":["Aktualno"],"inLanguage":"sl-SI"},{"@type":"WebPage","@id":"https:\/\/hudo.com\/si\/aktualno\/zoran-jankovic-vlozil-ovadbi-zaradi-objave-prisluhov\/","url":"https:\/\/hudo.com\/si\/aktualno\/zoran-jankovic-vlozil-ovadbi-zaradi-objave-prisluhov\/","name":"Zoran Jankovi\u0107 vlo\u017eil ovadbi zaradi objave prisluhov - Hudo Slovenija","isPartOf":{"@id":"https:\/\/hudo.com\/si\/#website"},"datePublished":"2017-08-31T07:19:00+00:00","dateModified":"2017-08-31T07:19:00+00:00","breadcrumb":{"@id":"https:\/\/hudo.com\/si\/aktualno\/zoran-jankovic-vlozil-ovadbi-zaradi-objave-prisluhov\/#breadcrumb"},"inLanguage":"sl-SI","potentialAction":[{"@type":"ReadAction","target":["https:\/\/hudo.com\/si\/aktualno\/zoran-jankovic-vlozil-ovadbi-zaradi-objave-prisluhov\/"]}]},{"@type":"BreadcrumbList","@id":"https:\/\/hudo.com\/si\/aktualno\/zoran-jankovic-vlozil-ovadbi-zaradi-objave-prisluhov\/#breadcrumb","itemListElement":[{"@type":"ListItem","position":1,"name":"Home","item":"https:\/\/hudo.com\/si\/"},{"@type":"ListItem","position":2,"name":"Zoran Jankovi\u0107 vlo\u017eil ovadbi zaradi objave prisluhov"}]},{"@type":"WebSite","@id":"https:\/\/hudo.com\/si\/#website","url":"https:\/\/hudo.com\/si\/","name":"Hudo Slovenija","description":"Vse novice iz Slovenije in sveta","publisher":{"@id":"https:\/\/hudo.com\/si\/#organization"},"potentialAction":[{"@type":"SearchAction","target":{"@type":"EntryPoint","urlTemplate":"https:\/\/hudo.com\/si\/?s={search_term_string}"},"query-input":"required name=search_term_string"}],"inLanguage":"sl-SI"},{"@type":"Organization","@id":"https:\/\/hudo.com\/si\/#organization","name":"VSN Media","url":"https:\/\/hudo.com\/si\/","logo":{"@type":"ImageObject","inLanguage":"sl-SI","@id":"https:\/\/hudo.com\/si\/#\/schema\/logo\/image\/","url":"https:\/\/hudo.com\/si\/wp-content\/uploads\/sites\/2\/2021\/03\/hudo-app-2.png","contentUrl":"https:\/\/hudo.com\/si\/wp-content\/uploads\/sites\/2\/2021\/03\/hudo-app-2.png","width":2185,"height":2167,"caption":"VSN Media"},"image":{"@id":"https:\/\/hudo.com\/si\/#\/schema\/logo\/image\/"},"sameAs":["https:\/\/www.facebook.com\/hudo.si","https:\/\/twitter.com\/hudo_si"]},{"@type":"Person","@id":"https:\/\/hudo.com\/si\/#\/schema\/person\/601cf3379633985b20f7e50f2bb47707","name":"hudo","image":{"@type":"ImageObject","inLanguage":"sl-SI","@id":"https:\/\/hudo.com\/si\/#\/schema\/person\/image\/","url":"https:\/\/secure.gravatar.com\/avatar\/c4ca25fa72cace7a696b52ff5db9e095?s=96&d=mm&r=g","contentUrl":"https:\/\/secure.gravatar.com\/avatar\/c4ca25fa72cace7a696b52ff5db9e095?s=96&d=mm&r=g","caption":"hudo"},"url":"https:\/\/hudo.com\/si\/author\/hudo\/"}]}},"amp_enabled":true,"_links":{"self":[{"href":"https:\/\/hudo.com\/si\/wp-json\/wp\/v2\/posts\/293411"}],"collection":[{"href":"https:\/\/hudo.com\/si\/wp-json\/wp\/v2\/posts"}],"about":[{"href":"https:\/\/hudo.com\/si\/wp-json\/wp\/v2\/types\/post"}],"author":[{"embeddable":true,"href":"https:\/\/hudo.com\/si\/wp-json\/wp\/v2\/users\/1"}],"replies":[{"embeddable":true,"href":"https:\/\/hudo.com\/si\/wp-json\/wp\/v2\/comments?post=293411"}],"version-history":[{"count":0,"href":"https:\/\/hudo.com\/si\/wp-json\/wp\/v2\/posts\/293411\/revisions"}],"wp:attachment":[{"href":"https:\/\/hudo.com\/si\/wp-json\/wp\/v2\/media?parent=293411"}],"wp:term":[{"taxonomy":"category","embeddable":true,"href":"https:\/\/hudo.com\/si\/wp-json\/wp\/v2\/categories?post=293411"},{"taxonomy":"post_tag","embeddable":true,"href":"https:\/\/hudo.com\/si\/wp-json\/wp\/v2\/tags?post=293411"},{"taxonomy":"source","embeddable":true,"href":"https:\/\/hudo.com\/si\/wp-json\/wp\/v2\/source?post=293411"},{"taxonomy":"supertag","embeddable":true,"href":"https:\/\/hudo.com\/si\/wp-json\/wp\/v2\/supertag?post=293411"}],"curies":[{"name":"wp","href":"https:\/\/api.w.org\/{rel}","templated":true}]}}