{"id":29343,"date":"2016-04-14T09:00:00","date_gmt":"2016-04-14T07:00:00","guid":{"rendered":"http:\/\/hudo.com\/si\/2016\/04\/14\/vecerov-novi-stirinajstdnevnik\/"},"modified":"2016-04-14T13:06:28","modified_gmt":"2016-04-14T11:06:28","slug":"vecerov-novi-stirinajstdnevnik","status":"publish","type":"post","link":"https:\/\/hudo.com\/si\/aktualno\/vecerov-novi-stirinajstdnevnik\/","title":{"rendered":"Ve\u010derov novi \u0161tirinajstdnevnik"},"content":{"rendered":"<p>Ve\u010derova medijska dru\u017eina je od danes bogatej\u0161a \u0161e za en produkt &#8211; brezpla\u010dni \u0161tirinajstnevnik Ve\u010der Celje. V nabiralnike ga bo prejelo 21.500 gospodinjstev v mestni ob\u010dini Celje. Ve\u010der tako nadaljuje tradicijo negovanja lokalnih in regijskih vsebin, ki jih dnevno v \u010dasniku kar sedem na dan ponuja naro\u010dnikom. Ob mariborski kroniki s tremi stranmi dnevno so \u0161tiri namenjene tradiconalnim Ve\u010derovim regijam, ki jih novinarsko pozorno spremljajo dopisniki: Pomurje, Podravje, Celjsko in Koro\u0161ka. Prav ponudbo informacij na Koro\u0161kem je lani Ve\u010der raz\u0161iril s prvim brezpla\u010dnikom \u2013 Ve\u010derom Koro\u0161ka, ki je med bralci dobro sprejet, v maju bo prva obletnica njegovega izida. Tokratni brezpla\u010dnik pa je namenjen mestni ob\u010dini Celje. Uro\u0161 Hakl, direktor Ve\u010dera je povedal: &#8220;Gre za izvirno poslovno potezo v slovenskem medijskem prostoru, katere namen je z lokalnimi informacijami ohraniti primat v regijah, animirati bralce in pa seveda tudi ogla\u0161evalce. Primer Ve\u010dera Koro\u0161ka nam ka\u017ee, da smo z mikrolokalnostjo na pravi poti, zato je bila odlo\u010ditev za naslednji korak \u2013 Ve\u010der Celje logi\u010dno nadaljevanje, pri \u010demer na Koro\u0161kem pokrivamo celotno regijo, v primeru Celja pa ciljamo na samo mesto Celje, kjer prav tako vidimo velik potencial.&#8221; Ve\u010d o ediciji pa v uvodniku Ve\u010derovega urednika regij Toma\u017ea Ranca &#8211; &#8220;Ve\u010der pri grofih&#8221;: &#8220;Ve\u010der \u0161e zdale\u010d ni samo dnevnik, ki vsakodnevno \u017ee ve\u010d kot 70 let prihaja v domove bralcev \u0161irom po Sloveniji, postaja dru\u017eina raznovrstnih produktov medijskega in \u0161ir\u0161ega zna\u010daja. In prav ta dru\u017eina Ve\u010derovih medijev se pove\u010duje, kar je v te\u017ekih medijskih \u010dasih pogumno in drzno, ampak vedno je bilo tako, da je sre\u010da spremljala hrabre, in naj bo tudi s \u010dasopisom, ki je pred vami, tako. Ve\u010der Celje, ki ga pravkar listate, vas bo pri\u010dakal v va\u0161em nabiralniku vsakih 14 dni ob \u010detrtkih. Brezpla\u010dno in na 32 straneh vas bo opominjal na to, da ste me\u0161\u010dani, ponudil vam bo izklju\u010dno zgodbe mesta ob Savinji, tako uspe\u0161ne kot kriti\u010dne, ki jih na\u0161a okrepljena novinarska ekipa dob<\/p>\n","protected":false},"excerpt":{"rendered":"<p>Ve\u010derova medijska dru\u017eina je od danes bogatej\u0161a \u0161e za en produkt &#8211; brezpla\u010dni \u0161tirinajstnevnik Ve\u010der Celje. V nabiralnike ga bo prejelo 21.500 gospodinjstev v mestni ob\u010dini Celje. Ve\u010der tako nadaljuje tradicijo negovanja lokalnih in regijskih vsebin, ki jih dnevno v \u010dasniku kar sedem na dan ponuja naro\u010dnikom. Ob mariborski kroniki s tremi stranmi dnevno so \u0161tiri namenjene tradiconalnim Ve\u010derovim regijam, ki jih novinarsko pozorno spremljajo dopisniki: Pomurje, Podravje, Celjsko in Koro\u0161ka. Prav ponudbo informacij na Koro\u0161kem je lani Ve\u010der raz\u0161iril s prvim brezpla\u010dnikom \u2013 Ve\u010derom Koro\u0161ka, ki je med bralci dobro sprejet, v maju bo prva obletnica njegovega izida. Tokratni brezpla\u010dnik pa je namenjen mestni ob\u010dini Celje. Uro\u0161 Hakl, direktor Ve\u010dera je povedal: &#8220;Gre za izvirno poslovno potezo v slovenskem medijskem prostoru, katere namen je z lokalnimi informacijami ohraniti primat v regijah, animirati bralce in pa seveda tudi ogla\u0161evalce. Primer Ve\u010dera Koro\u0161ka nam ka\u017ee, da smo z mikrolokalnostjo na pravi poti, zato je bila odlo\u010ditev za naslednji korak \u2013 Ve\u010der Celje logi\u010dno nadaljevanje, pri \u010demer na Koro\u0161kem pokrivamo celotno regijo, v primeru Celja pa ciljamo na samo mesto Celje, kjer prav tako vidimo velik potencial.&#8221; Ve\u010d o ediciji pa v uvodniku Ve\u010derovega urednika regij Toma\u017ea Ranca &#8211; &#8220;Ve\u010der pri grofih&#8221;: &#8220;Ve\u010der \u0161e zdale\u010d ni samo dnevnik, ki vsakodnevno \u017ee ve\u010d kot 70 let prihaja v domove bralcev \u0161irom po Sloveniji, postaja dru\u017eina raznovrstnih produktov medijskega in \u0161ir\u0161ega zna\u010daja. In prav ta dru\u017eina Ve\u010derovih medijev se pove\u010duje, kar je v te\u017ekih medijskih \u010dasih pogumno in drzno, ampak vedno je bilo tako, da je sre\u010da spremljala hrabre, in naj bo tudi s \u010dasopisom, ki je pred vami, tako. Ve\u010der Celje, ki ga pravkar listate, vas bo pri\u010dakal v va\u0161em nabiralniku vsakih 14 dni ob \u010detrtkih. Brezpla\u010dno in na 32 straneh vas bo opominjal na to, da ste me\u0161\u010dani, ponudil vam bo izklju\u010dno zgodbe mesta ob Savinji, tako uspe\u0161ne kot kriti\u010dne, ki jih na\u0161a okrepljena novinarska ekipa dob<\/p>\n","protected":false},"author":1,"featured_media":0,"comment_status":"closed","ping_status":"closed","sticky":false,"template":"","format":"standard","meta":{"footnotes":""},"categories":[1179],"tags":[],"source":[1711],"supertag":[],"acf":[],"yoast_head":"<!-- This site is optimized with the Yoast SEO plugin v21.3 - https:\/\/yoast.com\/wordpress\/plugins\/seo\/ -->\n<title>Ve\u010derov novi \u0161tirinajstdnevnik - Hudo Slovenija<\/title>\n<meta name=\"robots\" content=\"index, follow, max-snippet:-1, max-image-preview:large, max-video-preview:-1\" \/>\n<link rel=\"canonical\" href=\"https:\/\/hudo.com\/si\/aktualno\/vecerov-novi-stirinajstdnevnik\/\" \/>\n<meta property=\"og:locale\" content=\"sl_SI\" \/>\n<meta property=\"og:type\" content=\"article\" \/>\n<meta property=\"og:title\" content=\"Ve\u010derov novi \u0161tirinajstdnevnik - Hudo Slovenija\" \/>\n<meta property=\"og:description\" content=\"Ve\u010derova medijska dru\u017eina je od danes bogatej\u0161a \u0161e za en produkt - brezpla\u010dni \u0161tirinajstnevnik Ve\u010der Celje. V nabiralnike ga bo prejelo 21.500 gospodinjstev v mestni ob\u010dini Celje. Ve\u010der tako nadaljuje tradicijo negovanja lokalnih in regijskih vsebin, ki jih dnevno v \u010dasniku kar sedem na dan ponuja naro\u010dnikom. Ob mariborski kroniki s tremi stranmi dnevno so \u0161tiri namenjene tradiconalnim Ve\u010derovim regijam, ki jih novinarsko pozorno spremljajo dopisniki: Pomurje, Podravje, Celjsko in Koro\u0161ka. Prav ponudbo informacij na Koro\u0161kem je lani Ve\u010der raz\u0161iril s prvim brezpla\u010dnikom \u2013 Ve\u010derom Koro\u0161ka, ki je med bralci dobro sprejet, v maju bo prva obletnica njegovega izida. Tokratni brezpla\u010dnik pa je namenjen mestni ob\u010dini Celje. Uro\u0161 Hakl, direktor Ve\u010dera je povedal: &quot;Gre za izvirno poslovno potezo v slovenskem medijskem prostoru, katere namen je z lokalnimi informacijami ohraniti primat v regijah, animirati bralce in pa seveda tudi ogla\u0161evalce. Primer Ve\u010dera Koro\u0161ka nam ka\u017ee, da smo z mikrolokalnostjo na pravi poti, zato je bila odlo\u010ditev za naslednji korak \u2013 Ve\u010der Celje logi\u010dno nadaljevanje, pri \u010demer na Koro\u0161kem pokrivamo celotno regijo, v primeru Celja pa ciljamo na samo mesto Celje, kjer prav tako vidimo velik potencial.&quot; Ve\u010d o ediciji pa v uvodniku Ve\u010derovega urednika regij Toma\u017ea Ranca - &quot;Ve\u010der pri grofih&quot;: &quot;Ve\u010der \u0161e zdale\u010d ni samo dnevnik, ki vsakodnevno \u017ee ve\u010d kot 70 let prihaja v domove bralcev \u0161irom po Sloveniji, postaja dru\u017eina raznovrstnih produktov medijskega in \u0161ir\u0161ega zna\u010daja. In prav ta dru\u017eina Ve\u010derovih medijev se pove\u010duje, kar je v te\u017ekih medijskih \u010dasih pogumno in drzno, ampak vedno je bilo tako, da je sre\u010da spremljala hrabre, in naj bo tudi s \u010dasopisom, ki je pred vami, tako. Ve\u010der Celje, ki ga pravkar listate, vas bo pri\u010dakal v va\u0161em nabiralniku vsakih 14 dni ob \u010detrtkih. Brezpla\u010dno in na 32 straneh vas bo opominjal na to, da ste me\u0161\u010dani, ponudil vam bo izklju\u010dno zgodbe mesta ob Savinji, tako uspe\u0161ne kot kriti\u010dne, ki jih na\u0161a okrepljena novinarska ekipa dob\" \/>\n<meta property=\"og:url\" content=\"https:\/\/hudo.com\/si\/aktualno\/vecerov-novi-stirinajstdnevnik\/\" \/>\n<meta property=\"og:site_name\" content=\"Hudo Slovenija\" \/>\n<meta property=\"article:publisher\" content=\"https:\/\/www.facebook.com\/hudo.si\" \/>\n<meta property=\"article:published_time\" content=\"2016-04-14T07:00:00+00:00\" \/>\n<meta property=\"article:modified_time\" content=\"2016-04-14T11:06:28+00:00\" \/>\n<meta property=\"og:image\" content=\"https:\/\/hudo.com\/si\/wp-content\/uploads\/sites\/2\/2016\/04\/index-300.jpg\" \/>\n\t<meta property=\"og:image:width\" content=\"450\" \/>\n\t<meta property=\"og:image:height\" content=\"604\" \/>\n\t<meta property=\"og:image:type\" content=\"image\/jpeg\" \/>\n<meta name=\"author\" content=\"hudo\" \/>\n<meta name=\"twitter:card\" content=\"summary_large_image\" \/>\n<meta name=\"twitter:creator\" content=\"@hudo_si\" \/>\n<meta name=\"twitter:site\" content=\"@hudo_si\" \/>\n<meta name=\"twitter:label1\" content=\"Written by\" \/>\n\t<meta name=\"twitter:data1\" content=\"hudo\" \/>\n\t<meta name=\"twitter:label2\" content=\"Est. reading time\" \/>\n\t<meta name=\"twitter:data2\" content=\"2 minuti\" \/>\n<script type=\"application\/ld+json\" class=\"yoast-schema-graph\">{\"@context\":\"https:\/\/schema.org\",\"@graph\":[{\"@type\":\"Article\",\"@id\":\"https:\/\/hudo.com\/si\/aktualno\/vecerov-novi-stirinajstdnevnik\/#article\",\"isPartOf\":{\"@id\":\"https:\/\/hudo.com\/si\/aktualno\/vecerov-novi-stirinajstdnevnik\/\"},\"author\":{\"name\":\"hudo\",\"@id\":\"https:\/\/hudo.com\/si\/#\/schema\/person\/601cf3379633985b20f7e50f2bb47707\"},\"headline\":\"Ve\u010derov novi \u0161tirinajstdnevnik\",\"datePublished\":\"2016-04-14T07:00:00+00:00\",\"dateModified\":\"2016-04-14T11:06:28+00:00\",\"mainEntityOfPage\":{\"@id\":\"https:\/\/hudo.com\/si\/aktualno\/vecerov-novi-stirinajstdnevnik\/\"},\"wordCount\":361,\"publisher\":{\"@id\":\"https:\/\/hudo.com\/si\/#organization\"},\"articleSection\":[\"Aktualno\"],\"inLanguage\":\"sl-SI\"},{\"@type\":\"WebPage\",\"@id\":\"https:\/\/hudo.com\/si\/aktualno\/vecerov-novi-stirinajstdnevnik\/\",\"url\":\"https:\/\/hudo.com\/si\/aktualno\/vecerov-novi-stirinajstdnevnik\/\",\"name\":\"Ve\u010derov novi \u0161tirinajstdnevnik - Hudo Slovenija\",\"isPartOf\":{\"@id\":\"https:\/\/hudo.com\/si\/#website\"},\"datePublished\":\"2016-04-14T07:00:00+00:00\",\"dateModified\":\"2016-04-14T11:06:28+00:00\",\"breadcrumb\":{\"@id\":\"https:\/\/hudo.com\/si\/aktualno\/vecerov-novi-stirinajstdnevnik\/#breadcrumb\"},\"inLanguage\":\"sl-SI\",\"potentialAction\":[{\"@type\":\"ReadAction\",\"target\":[\"https:\/\/hudo.com\/si\/aktualno\/vecerov-novi-stirinajstdnevnik\/\"]}]},{\"@type\":\"BreadcrumbList\",\"@id\":\"https:\/\/hudo.com\/si\/aktualno\/vecerov-novi-stirinajstdnevnik\/#breadcrumb\",\"itemListElement\":[{\"@type\":\"ListItem\",\"position\":1,\"name\":\"Home\",\"item\":\"https:\/\/hudo.com\/si\/\"},{\"@type\":\"ListItem\",\"position\":2,\"name\":\"Ve\u010derov novi \u0161tirinajstdnevnik\"}]},{\"@type\":\"WebSite\",\"@id\":\"https:\/\/hudo.com\/si\/#website\",\"url\":\"https:\/\/hudo.com\/si\/\",\"name\":\"Hudo Slovenija\",\"description\":\"Vse novice iz Slovenije in sveta\",\"publisher\":{\"@id\":\"https:\/\/hudo.com\/si\/#organization\"},\"potentialAction\":[{\"@type\":\"SearchAction\",\"target\":{\"@type\":\"EntryPoint\",\"urlTemplate\":\"https:\/\/hudo.com\/si\/?s={search_term_string}\"},\"query-input\":\"required name=search_term_string\"}],\"inLanguage\":\"sl-SI\"},{\"@type\":\"Organization\",\"@id\":\"https:\/\/hudo.com\/si\/#organization\",\"name\":\"VSN Media\",\"url\":\"https:\/\/hudo.com\/si\/\",\"logo\":{\"@type\":\"ImageObject\",\"inLanguage\":\"sl-SI\",\"@id\":\"https:\/\/hudo.com\/si\/#\/schema\/logo\/image\/\",\"url\":\"https:\/\/hudo.com\/si\/wp-content\/uploads\/sites\/2\/2021\/03\/hudo-app-2.png\",\"contentUrl\":\"https:\/\/hudo.com\/si\/wp-content\/uploads\/sites\/2\/2021\/03\/hudo-app-2.png\",\"width\":2185,\"height\":2167,\"caption\":\"VSN Media\"},\"image\":{\"@id\":\"https:\/\/hudo.com\/si\/#\/schema\/logo\/image\/\"},\"sameAs\":[\"https:\/\/www.facebook.com\/hudo.si\",\"https:\/\/twitter.com\/hudo_si\"]},{\"@type\":\"Person\",\"@id\":\"https:\/\/hudo.com\/si\/#\/schema\/person\/601cf3379633985b20f7e50f2bb47707\",\"name\":\"hudo\",\"image\":{\"@type\":\"ImageObject\",\"inLanguage\":\"sl-SI\",\"@id\":\"https:\/\/hudo.com\/si\/#\/schema\/person\/image\/\",\"url\":\"https:\/\/secure.gravatar.com\/avatar\/c4ca25fa72cace7a696b52ff5db9e095?s=96&d=mm&r=g\",\"contentUrl\":\"https:\/\/secure.gravatar.com\/avatar\/c4ca25fa72cace7a696b52ff5db9e095?s=96&d=mm&r=g\",\"caption\":\"hudo\"},\"url\":\"https:\/\/hudo.com\/si\/author\/hudo\/\"}]}<\/script>\n<!-- \/ Yoast SEO plugin. -->","yoast_head_json":{"title":"Ve\u010derov novi \u0161tirinajstdnevnik - Hudo Slovenija","robots":{"index":"index","follow":"follow","max-snippet":"max-snippet:-1","max-image-preview":"max-image-preview:large","max-video-preview":"max-video-preview:-1"},"canonical":"https:\/\/hudo.com\/si\/aktualno\/vecerov-novi-stirinajstdnevnik\/","og_locale":"sl_SI","og_type":"article","og_title":"Ve\u010derov novi \u0161tirinajstdnevnik - Hudo Slovenija","og_description":"Ve\u010derova medijska dru\u017eina je od danes bogatej\u0161a \u0161e za en produkt - brezpla\u010dni \u0161tirinajstnevnik Ve\u010der Celje. V nabiralnike ga bo prejelo 21.500 gospodinjstev v mestni ob\u010dini Celje. Ve\u010der tako nadaljuje tradicijo negovanja lokalnih in regijskih vsebin, ki jih dnevno v \u010dasniku kar sedem na dan ponuja naro\u010dnikom. Ob mariborski kroniki s tremi stranmi dnevno so \u0161tiri namenjene tradiconalnim Ve\u010derovim regijam, ki jih novinarsko pozorno spremljajo dopisniki: Pomurje, Podravje, Celjsko in Koro\u0161ka. Prav ponudbo informacij na Koro\u0161kem je lani Ve\u010der raz\u0161iril s prvim brezpla\u010dnikom \u2013 Ve\u010derom Koro\u0161ka, ki je med bralci dobro sprejet, v maju bo prva obletnica njegovega izida. Tokratni brezpla\u010dnik pa je namenjen mestni ob\u010dini Celje. Uro\u0161 Hakl, direktor Ve\u010dera je povedal: \"Gre za izvirno poslovno potezo v slovenskem medijskem prostoru, katere namen je z lokalnimi informacijami ohraniti primat v regijah, animirati bralce in pa seveda tudi ogla\u0161evalce. Primer Ve\u010dera Koro\u0161ka nam ka\u017ee, da smo z mikrolokalnostjo na pravi poti, zato je bila odlo\u010ditev za naslednji korak \u2013 Ve\u010der Celje logi\u010dno nadaljevanje, pri \u010demer na Koro\u0161kem pokrivamo celotno regijo, v primeru Celja pa ciljamo na samo mesto Celje, kjer prav tako vidimo velik potencial.\" Ve\u010d o ediciji pa v uvodniku Ve\u010derovega urednika regij Toma\u017ea Ranca - \"Ve\u010der pri grofih\": \"Ve\u010der \u0161e zdale\u010d ni samo dnevnik, ki vsakodnevno \u017ee ve\u010d kot 70 let prihaja v domove bralcev \u0161irom po Sloveniji, postaja dru\u017eina raznovrstnih produktov medijskega in \u0161ir\u0161ega zna\u010daja. In prav ta dru\u017eina Ve\u010derovih medijev se pove\u010duje, kar je v te\u017ekih medijskih \u010dasih pogumno in drzno, ampak vedno je bilo tako, da je sre\u010da spremljala hrabre, in naj bo tudi s \u010dasopisom, ki je pred vami, tako. Ve\u010der Celje, ki ga pravkar listate, vas bo pri\u010dakal v va\u0161em nabiralniku vsakih 14 dni ob \u010detrtkih. Brezpla\u010dno in na 32 straneh vas bo opominjal na to, da ste me\u0161\u010dani, ponudil vam bo izklju\u010dno zgodbe mesta ob Savinji, tako uspe\u0161ne kot kriti\u010dne, ki jih na\u0161a okrepljena novinarska ekipa dob","og_url":"https:\/\/hudo.com\/si\/aktualno\/vecerov-novi-stirinajstdnevnik\/","og_site_name":"Hudo Slovenija","article_publisher":"https:\/\/www.facebook.com\/hudo.si","article_published_time":"2016-04-14T07:00:00+00:00","article_modified_time":"2016-04-14T11:06:28+00:00","og_image":[{"width":450,"height":604,"url":"https:\/\/hudo.com\/si\/wp-content\/uploads\/sites\/2\/2016\/04\/index-300.jpg","type":"image\/jpeg"}],"author":"hudo","twitter_card":"summary_large_image","twitter_creator":"@hudo_si","twitter_site":"@hudo_si","twitter_misc":{"Written by":"hudo","Est. reading time":"2 minuti"},"schema":{"@context":"https:\/\/schema.org","@graph":[{"@type":"Article","@id":"https:\/\/hudo.com\/si\/aktualno\/vecerov-novi-stirinajstdnevnik\/#article","isPartOf":{"@id":"https:\/\/hudo.com\/si\/aktualno\/vecerov-novi-stirinajstdnevnik\/"},"author":{"name":"hudo","@id":"https:\/\/hudo.com\/si\/#\/schema\/person\/601cf3379633985b20f7e50f2bb47707"},"headline":"Ve\u010derov novi \u0161tirinajstdnevnik","datePublished":"2016-04-14T07:00:00+00:00","dateModified":"2016-04-14T11:06:28+00:00","mainEntityOfPage":{"@id":"https:\/\/hudo.com\/si\/aktualno\/vecerov-novi-stirinajstdnevnik\/"},"wordCount":361,"publisher":{"@id":"https:\/\/hudo.com\/si\/#organization"},"articleSection":["Aktualno"],"inLanguage":"sl-SI"},{"@type":"WebPage","@id":"https:\/\/hudo.com\/si\/aktualno\/vecerov-novi-stirinajstdnevnik\/","url":"https:\/\/hudo.com\/si\/aktualno\/vecerov-novi-stirinajstdnevnik\/","name":"Ve\u010derov novi \u0161tirinajstdnevnik - Hudo Slovenija","isPartOf":{"@id":"https:\/\/hudo.com\/si\/#website"},"datePublished":"2016-04-14T07:00:00+00:00","dateModified":"2016-04-14T11:06:28+00:00","breadcrumb":{"@id":"https:\/\/hudo.com\/si\/aktualno\/vecerov-novi-stirinajstdnevnik\/#breadcrumb"},"inLanguage":"sl-SI","potentialAction":[{"@type":"ReadAction","target":["https:\/\/hudo.com\/si\/aktualno\/vecerov-novi-stirinajstdnevnik\/"]}]},{"@type":"BreadcrumbList","@id":"https:\/\/hudo.com\/si\/aktualno\/vecerov-novi-stirinajstdnevnik\/#breadcrumb","itemListElement":[{"@type":"ListItem","position":1,"name":"Home","item":"https:\/\/hudo.com\/si\/"},{"@type":"ListItem","position":2,"name":"Ve\u010derov novi \u0161tirinajstdnevnik"}]},{"@type":"WebSite","@id":"https:\/\/hudo.com\/si\/#website","url":"https:\/\/hudo.com\/si\/","name":"Hudo Slovenija","description":"Vse novice iz Slovenije in sveta","publisher":{"@id":"https:\/\/hudo.com\/si\/#organization"},"potentialAction":[{"@type":"SearchAction","target":{"@type":"EntryPoint","urlTemplate":"https:\/\/hudo.com\/si\/?s={search_term_string}"},"query-input":"required name=search_term_string"}],"inLanguage":"sl-SI"},{"@type":"Organization","@id":"https:\/\/hudo.com\/si\/#organization","name":"VSN Media","url":"https:\/\/hudo.com\/si\/","logo":{"@type":"ImageObject","inLanguage":"sl-SI","@id":"https:\/\/hudo.com\/si\/#\/schema\/logo\/image\/","url":"https:\/\/hudo.com\/si\/wp-content\/uploads\/sites\/2\/2021\/03\/hudo-app-2.png","contentUrl":"https:\/\/hudo.com\/si\/wp-content\/uploads\/sites\/2\/2021\/03\/hudo-app-2.png","width":2185,"height":2167,"caption":"VSN Media"},"image":{"@id":"https:\/\/hudo.com\/si\/#\/schema\/logo\/image\/"},"sameAs":["https:\/\/www.facebook.com\/hudo.si","https:\/\/twitter.com\/hudo_si"]},{"@type":"Person","@id":"https:\/\/hudo.com\/si\/#\/schema\/person\/601cf3379633985b20f7e50f2bb47707","name":"hudo","image":{"@type":"ImageObject","inLanguage":"sl-SI","@id":"https:\/\/hudo.com\/si\/#\/schema\/person\/image\/","url":"https:\/\/secure.gravatar.com\/avatar\/c4ca25fa72cace7a696b52ff5db9e095?s=96&d=mm&r=g","contentUrl":"https:\/\/secure.gravatar.com\/avatar\/c4ca25fa72cace7a696b52ff5db9e095?s=96&d=mm&r=g","caption":"hudo"},"url":"https:\/\/hudo.com\/si\/author\/hudo\/"}]}},"amp_enabled":true,"_links":{"self":[{"href":"https:\/\/hudo.com\/si\/wp-json\/wp\/v2\/posts\/29343"}],"collection":[{"href":"https:\/\/hudo.com\/si\/wp-json\/wp\/v2\/posts"}],"about":[{"href":"https:\/\/hudo.com\/si\/wp-json\/wp\/v2\/types\/post"}],"author":[{"embeddable":true,"href":"https:\/\/hudo.com\/si\/wp-json\/wp\/v2\/users\/1"}],"replies":[{"embeddable":true,"href":"https:\/\/hudo.com\/si\/wp-json\/wp\/v2\/comments?post=29343"}],"version-history":[{"count":1,"href":"https:\/\/hudo.com\/si\/wp-json\/wp\/v2\/posts\/29343\/revisions"}],"predecessor-version":[{"id":29431,"href":"https:\/\/hudo.com\/si\/wp-json\/wp\/v2\/posts\/29343\/revisions\/29431"}],"wp:attachment":[{"href":"https:\/\/hudo.com\/si\/wp-json\/wp\/v2\/media?parent=29343"}],"wp:term":[{"taxonomy":"category","embeddable":true,"href":"https:\/\/hudo.com\/si\/wp-json\/wp\/v2\/categories?post=29343"},{"taxonomy":"post_tag","embeddable":true,"href":"https:\/\/hudo.com\/si\/wp-json\/wp\/v2\/tags?post=29343"},{"taxonomy":"source","embeddable":true,"href":"https:\/\/hudo.com\/si\/wp-json\/wp\/v2\/source?post=29343"},{"taxonomy":"supertag","embeddable":true,"href":"https:\/\/hudo.com\/si\/wp-json\/wp\/v2\/supertag?post=29343"}],"curies":[{"name":"wp","href":"https:\/\/api.w.org\/{rel}","templated":true}]}}