{"id":293497,"date":"2017-08-31T10:23:00","date_gmt":"2017-08-31T08:23:00","guid":{"rendered":"http:\/\/hudo.com\/si\/2017\/08\/31\/visja-kazen-za-zloglasnega-duhovnika-zlorabljal-tudi-6-letnika\/"},"modified":"2017-08-31T10:23:00","modified_gmt":"2017-08-31T08:23:00","slug":"visja-kazen-za-zloglasnega-duhovnika-zlorabljal-tudi-6-letnika","status":"publish","type":"post","link":"https:\/\/hudo.com\/si\/aktualno\/visja-kazen-za-zloglasnega-duhovnika-zlorabljal-tudi-6-letnika\/","title":{"rendered":"Vi\u0161ja kazen za zloglasnega duhovnika: Zlorabljal tudi 6-letnika"},"content":{"rendered":"<p>Med 23 novimi kaznivimi dejanji 83-letnega Geralda Ridsdala, ki je zaradi zlorab otrok v zaporu od leta 1994, je posilstvo in spolni napad na komaj \u0161estletnega otroka.\u00a0 Skupno \u0161tevilo njegovih \u017ertev med letoma 1961 in 1988, ko je bil duhovnik, se je tako povzpelo na 65, skupno \u0161tevilo obsodb pa na 161. Med \u017ertvami je bilo 60 de\u010dkov in pet deklic. Sam je sodi\u0161\u010du v Viktoriji priznal, da je zlorabil na stotine otrok. Cerkev mu je duhovni\u0161ki naziv odvzela leta 1993, ko je \u0161el v zapor. Med sojenjem so razkrili, da je otroke zlorabljal v cerkvenih spovednicah in celo na oltarju, \u017ertvam pa je govoril, da je njegovo po\u010detje &#8220;Bo\u017eje delo&#8221;, in jim grozil, da ga ne bi prijavile. Zlorabe so se nadaljevale leta, ker je avstralska Cerkev zoper obto\u017ebe ukrepala tako, da je Ridsdala zgolj preme\u0161\u010dala iz ene \u017eupnije v drugo. Ridsdale je med sojenjem krivil Cerkev, ker ni prepre\u010dila zlorab, \u010deprav naj bi za njegovo te\u017eavo vedela \u0161e pred njegovim posve\u010denjem. Cerkev Ridsdala tudi nikoli ni prijavila policiji. Na prvo sojenje je pri\u0161el celo v spremstvu duhovnika Georgea Pella, ki je zdaj kardinal v Vatikanu in je tudi sam obto\u017een spolnih zlorab. Pell sicer ostro zavra\u010da obto\u017ebe. Ridsdale sedaj slu\u017ei skupaj skoraj 33-letno zaporno kazen. Glede na prej\u0161nje obsodbe bi bil lahko pogojno izpu\u0161\u010den naslednje leto, vendar se je po novih obsodbah ta datum zdaj premaknil na leto 2022, ko bo star 88 let.<\/p>\n","protected":false},"excerpt":{"rendered":"<p>Med 23 novimi kaznivimi dejanji 83-letnega Geralda Ridsdala, ki je zaradi zlorab otrok v zaporu od leta 1994, je posilstvo in spolni napad na komaj \u0161estletnega otroka.\u00a0 Skupno \u0161tevilo njegovih \u017ertev med letoma 1961 in 1988, ko je bil duhovnik, se je tako povzpelo na 65, skupno \u0161tevilo obsodb pa na 161. Med \u017ertvami je bilo 60 de\u010dkov in pet deklic. Sam je sodi\u0161\u010du v Viktoriji priznal, da je zlorabil na stotine otrok. Cerkev mu je duhovni\u0161ki naziv odvzela leta 1993, ko je \u0161el v zapor. Med sojenjem so razkrili, da je otroke zlorabljal v cerkvenih spovednicah in celo na oltarju, \u017ertvam pa je govoril, da je njegovo po\u010detje &#8220;Bo\u017eje delo&#8221;, in jim grozil, da ga ne bi prijavile. Zlorabe so se nadaljevale leta, ker je avstralska Cerkev zoper obto\u017ebe ukrepala tako, da je Ridsdala zgolj preme\u0161\u010dala iz ene \u017eupnije v drugo. Ridsdale je med sojenjem krivil Cerkev, ker ni prepre\u010dila zlorab, \u010deprav naj bi za njegovo te\u017eavo vedela \u0161e pred njegovim posve\u010denjem. Cerkev Ridsdala tudi nikoli ni prijavila policiji. Na prvo sojenje je pri\u0161el celo v spremstvu duhovnika Georgea Pella, ki je zdaj kardinal v Vatikanu in je tudi sam obto\u017een spolnih zlorab. Pell sicer ostro zavra\u010da obto\u017ebe. Ridsdale sedaj slu\u017ei skupaj skoraj 33-letno zaporno kazen. Glede na prej\u0161nje obsodbe bi bil lahko pogojno izpu\u0161\u010den naslednje leto, vendar se je po novih obsodbah ta datum zdaj premaknil na leto 2022, ko bo star 88 let.<\/p>\n","protected":false},"author":1,"featured_media":0,"comment_status":"closed","ping_status":"closed","sticky":false,"template":"","format":"standard","meta":{"footnotes":""},"categories":[1179],"tags":[],"source":[1711],"supertag":[],"acf":[],"yoast_head":"<!-- This site is optimized with the Yoast SEO plugin v21.3 - https:\/\/yoast.com\/wordpress\/plugins\/seo\/ -->\n<title>Vi\u0161ja kazen za zloglasnega duhovnika: Zlorabljal tudi 6-letnika - Hudo Slovenija<\/title>\n<meta name=\"robots\" content=\"index, follow, max-snippet:-1, max-image-preview:large, max-video-preview:-1\" \/>\n<link rel=\"canonical\" href=\"https:\/\/hudo.com\/si\/aktualno\/visja-kazen-za-zloglasnega-duhovnika-zlorabljal-tudi-6-letnika\/\" \/>\n<meta property=\"og:locale\" content=\"sl_SI\" \/>\n<meta property=\"og:type\" content=\"article\" \/>\n<meta property=\"og:title\" content=\"Vi\u0161ja kazen za zloglasnega duhovnika: Zlorabljal tudi 6-letnika - Hudo Slovenija\" \/>\n<meta property=\"og:description\" content=\"Med 23 novimi kaznivimi dejanji 83-letnega Geralda Ridsdala, ki je zaradi zlorab otrok v zaporu od leta 1994, je posilstvo in spolni napad na komaj \u0161estletnega otroka.\u00a0 Skupno \u0161tevilo njegovih \u017ertev med letoma 1961 in 1988, ko je bil duhovnik, se je tako povzpelo na 65, skupno \u0161tevilo obsodb pa na 161. Med \u017ertvami je bilo 60 de\u010dkov in pet deklic. Sam je sodi\u0161\u010du v Viktoriji priznal, da je zlorabil na stotine otrok. Cerkev mu je duhovni\u0161ki naziv odvzela leta 1993, ko je \u0161el v zapor. Med sojenjem so razkrili, da je otroke zlorabljal v cerkvenih spovednicah in celo na oltarju, \u017ertvam pa je govoril, da je njegovo po\u010detje &quot;Bo\u017eje delo&quot;, in jim grozil, da ga ne bi prijavile. Zlorabe so se nadaljevale leta, ker je avstralska Cerkev zoper obto\u017ebe ukrepala tako, da je Ridsdala zgolj preme\u0161\u010dala iz ene \u017eupnije v drugo. Ridsdale je med sojenjem krivil Cerkev, ker ni prepre\u010dila zlorab, \u010deprav naj bi za njegovo te\u017eavo vedela \u0161e pred njegovim posve\u010denjem. Cerkev Ridsdala tudi nikoli ni prijavila policiji. Na prvo sojenje je pri\u0161el celo v spremstvu duhovnika Georgea Pella, ki je zdaj kardinal v Vatikanu in je tudi sam obto\u017een spolnih zlorab. Pell sicer ostro zavra\u010da obto\u017ebe. Ridsdale sedaj slu\u017ei skupaj skoraj 33-letno zaporno kazen. Glede na prej\u0161nje obsodbe bi bil lahko pogojno izpu\u0161\u010den naslednje leto, vendar se je po novih obsodbah ta datum zdaj premaknil na leto 2022, ko bo star 88 let.\" \/>\n<meta property=\"og:url\" content=\"https:\/\/hudo.com\/si\/aktualno\/visja-kazen-za-zloglasnega-duhovnika-zlorabljal-tudi-6-letnika\/\" \/>\n<meta property=\"og:site_name\" content=\"Hudo Slovenija\" \/>\n<meta property=\"article:publisher\" content=\"https:\/\/www.facebook.com\/hudo.si\" \/>\n<meta property=\"article:published_time\" content=\"2017-08-31T08:23:00+00:00\" \/>\n<meta property=\"og:image\" content=\"https:\/\/hudo.com\/si\/wp-content\/uploads\/sites\/2\/2017\/08\/3382531-300.jpg\" \/>\n\t<meta property=\"og:image:width\" content=\"450\" \/>\n\t<meta property=\"og:image:height\" content=\"299\" \/>\n\t<meta property=\"og:image:type\" content=\"image\/jpeg\" \/>\n<meta name=\"author\" content=\"hudo\" \/>\n<meta name=\"twitter:card\" content=\"summary_large_image\" \/>\n<meta name=\"twitter:creator\" content=\"@hudo_si\" \/>\n<meta name=\"twitter:site\" content=\"@hudo_si\" \/>\n<meta name=\"twitter:label1\" content=\"Written by\" \/>\n\t<meta name=\"twitter:data1\" content=\"hudo\" \/>\n\t<meta name=\"twitter:label2\" content=\"Est. reading time\" \/>\n\t<meta name=\"twitter:data2\" content=\"1 minuta\" \/>\n<script type=\"application\/ld+json\" class=\"yoast-schema-graph\">{\"@context\":\"https:\/\/schema.org\",\"@graph\":[{\"@type\":\"Article\",\"@id\":\"https:\/\/hudo.com\/si\/aktualno\/visja-kazen-za-zloglasnega-duhovnika-zlorabljal-tudi-6-letnika\/#article\",\"isPartOf\":{\"@id\":\"https:\/\/hudo.com\/si\/aktualno\/visja-kazen-za-zloglasnega-duhovnika-zlorabljal-tudi-6-letnika\/\"},\"author\":{\"name\":\"hudo\",\"@id\":\"https:\/\/hudo.com\/si\/#\/schema\/person\/601cf3379633985b20f7e50f2bb47707\"},\"headline\":\"Vi\u0161ja kazen za zloglasnega duhovnika: Zlorabljal tudi 6-letnika\",\"datePublished\":\"2017-08-31T08:23:00+00:00\",\"dateModified\":\"2017-08-31T08:23:00+00:00\",\"mainEntityOfPage\":{\"@id\":\"https:\/\/hudo.com\/si\/aktualno\/visja-kazen-za-zloglasnega-duhovnika-zlorabljal-tudi-6-letnika\/\"},\"wordCount\":252,\"publisher\":{\"@id\":\"https:\/\/hudo.com\/si\/#organization\"},\"articleSection\":[\"Aktualno\"],\"inLanguage\":\"sl-SI\"},{\"@type\":\"WebPage\",\"@id\":\"https:\/\/hudo.com\/si\/aktualno\/visja-kazen-za-zloglasnega-duhovnika-zlorabljal-tudi-6-letnika\/\",\"url\":\"https:\/\/hudo.com\/si\/aktualno\/visja-kazen-za-zloglasnega-duhovnika-zlorabljal-tudi-6-letnika\/\",\"name\":\"Vi\u0161ja kazen za zloglasnega duhovnika: Zlorabljal tudi 6-letnika - Hudo Slovenija\",\"isPartOf\":{\"@id\":\"https:\/\/hudo.com\/si\/#website\"},\"datePublished\":\"2017-08-31T08:23:00+00:00\",\"dateModified\":\"2017-08-31T08:23:00+00:00\",\"breadcrumb\":{\"@id\":\"https:\/\/hudo.com\/si\/aktualno\/visja-kazen-za-zloglasnega-duhovnika-zlorabljal-tudi-6-letnika\/#breadcrumb\"},\"inLanguage\":\"sl-SI\",\"potentialAction\":[{\"@type\":\"ReadAction\",\"target\":[\"https:\/\/hudo.com\/si\/aktualno\/visja-kazen-za-zloglasnega-duhovnika-zlorabljal-tudi-6-letnika\/\"]}]},{\"@type\":\"BreadcrumbList\",\"@id\":\"https:\/\/hudo.com\/si\/aktualno\/visja-kazen-za-zloglasnega-duhovnika-zlorabljal-tudi-6-letnika\/#breadcrumb\",\"itemListElement\":[{\"@type\":\"ListItem\",\"position\":1,\"name\":\"Home\",\"item\":\"https:\/\/hudo.com\/si\/\"},{\"@type\":\"ListItem\",\"position\":2,\"name\":\"Vi\u0161ja kazen za zloglasnega duhovnika: Zlorabljal tudi 6-letnika\"}]},{\"@type\":\"WebSite\",\"@id\":\"https:\/\/hudo.com\/si\/#website\",\"url\":\"https:\/\/hudo.com\/si\/\",\"name\":\"Hudo Slovenija\",\"description\":\"Vse novice iz Slovenije in sveta\",\"publisher\":{\"@id\":\"https:\/\/hudo.com\/si\/#organization\"},\"potentialAction\":[{\"@type\":\"SearchAction\",\"target\":{\"@type\":\"EntryPoint\",\"urlTemplate\":\"https:\/\/hudo.com\/si\/?s={search_term_string}\"},\"query-input\":\"required name=search_term_string\"}],\"inLanguage\":\"sl-SI\"},{\"@type\":\"Organization\",\"@id\":\"https:\/\/hudo.com\/si\/#organization\",\"name\":\"VSN Media\",\"url\":\"https:\/\/hudo.com\/si\/\",\"logo\":{\"@type\":\"ImageObject\",\"inLanguage\":\"sl-SI\",\"@id\":\"https:\/\/hudo.com\/si\/#\/schema\/logo\/image\/\",\"url\":\"https:\/\/hudo.com\/si\/wp-content\/uploads\/sites\/2\/2021\/03\/hudo-app-2.png\",\"contentUrl\":\"https:\/\/hudo.com\/si\/wp-content\/uploads\/sites\/2\/2021\/03\/hudo-app-2.png\",\"width\":2185,\"height\":2167,\"caption\":\"VSN Media\"},\"image\":{\"@id\":\"https:\/\/hudo.com\/si\/#\/schema\/logo\/image\/\"},\"sameAs\":[\"https:\/\/www.facebook.com\/hudo.si\",\"https:\/\/twitter.com\/hudo_si\"]},{\"@type\":\"Person\",\"@id\":\"https:\/\/hudo.com\/si\/#\/schema\/person\/601cf3379633985b20f7e50f2bb47707\",\"name\":\"hudo\",\"image\":{\"@type\":\"ImageObject\",\"inLanguage\":\"sl-SI\",\"@id\":\"https:\/\/hudo.com\/si\/#\/schema\/person\/image\/\",\"url\":\"https:\/\/secure.gravatar.com\/avatar\/c4ca25fa72cace7a696b52ff5db9e095?s=96&d=mm&r=g\",\"contentUrl\":\"https:\/\/secure.gravatar.com\/avatar\/c4ca25fa72cace7a696b52ff5db9e095?s=96&d=mm&r=g\",\"caption\":\"hudo\"},\"url\":\"https:\/\/hudo.com\/si\/author\/hudo\/\"}]}<\/script>\n<!-- \/ Yoast SEO plugin. -->","yoast_head_json":{"title":"Vi\u0161ja kazen za zloglasnega duhovnika: Zlorabljal tudi 6-letnika - Hudo Slovenija","robots":{"index":"index","follow":"follow","max-snippet":"max-snippet:-1","max-image-preview":"max-image-preview:large","max-video-preview":"max-video-preview:-1"},"canonical":"https:\/\/hudo.com\/si\/aktualno\/visja-kazen-za-zloglasnega-duhovnika-zlorabljal-tudi-6-letnika\/","og_locale":"sl_SI","og_type":"article","og_title":"Vi\u0161ja kazen za zloglasnega duhovnika: Zlorabljal tudi 6-letnika - Hudo Slovenija","og_description":"Med 23 novimi kaznivimi dejanji 83-letnega Geralda Ridsdala, ki je zaradi zlorab otrok v zaporu od leta 1994, je posilstvo in spolni napad na komaj \u0161estletnega otroka.\u00a0 Skupno \u0161tevilo njegovih \u017ertev med letoma 1961 in 1988, ko je bil duhovnik, se je tako povzpelo na 65, skupno \u0161tevilo obsodb pa na 161. Med \u017ertvami je bilo 60 de\u010dkov in pet deklic. Sam je sodi\u0161\u010du v Viktoriji priznal, da je zlorabil na stotine otrok. Cerkev mu je duhovni\u0161ki naziv odvzela leta 1993, ko je \u0161el v zapor. Med sojenjem so razkrili, da je otroke zlorabljal v cerkvenih spovednicah in celo na oltarju, \u017ertvam pa je govoril, da je njegovo po\u010detje \"Bo\u017eje delo\", in jim grozil, da ga ne bi prijavile. Zlorabe so se nadaljevale leta, ker je avstralska Cerkev zoper obto\u017ebe ukrepala tako, da je Ridsdala zgolj preme\u0161\u010dala iz ene \u017eupnije v drugo. Ridsdale je med sojenjem krivil Cerkev, ker ni prepre\u010dila zlorab, \u010deprav naj bi za njegovo te\u017eavo vedela \u0161e pred njegovim posve\u010denjem. Cerkev Ridsdala tudi nikoli ni prijavila policiji. Na prvo sojenje je pri\u0161el celo v spremstvu duhovnika Georgea Pella, ki je zdaj kardinal v Vatikanu in je tudi sam obto\u017een spolnih zlorab. Pell sicer ostro zavra\u010da obto\u017ebe. Ridsdale sedaj slu\u017ei skupaj skoraj 33-letno zaporno kazen. Glede na prej\u0161nje obsodbe bi bil lahko pogojno izpu\u0161\u010den naslednje leto, vendar se je po novih obsodbah ta datum zdaj premaknil na leto 2022, ko bo star 88 let.","og_url":"https:\/\/hudo.com\/si\/aktualno\/visja-kazen-za-zloglasnega-duhovnika-zlorabljal-tudi-6-letnika\/","og_site_name":"Hudo Slovenija","article_publisher":"https:\/\/www.facebook.com\/hudo.si","article_published_time":"2017-08-31T08:23:00+00:00","og_image":[{"width":450,"height":299,"url":"https:\/\/hudo.com\/si\/wp-content\/uploads\/sites\/2\/2017\/08\/3382531-300.jpg","type":"image\/jpeg"}],"author":"hudo","twitter_card":"summary_large_image","twitter_creator":"@hudo_si","twitter_site":"@hudo_si","twitter_misc":{"Written by":"hudo","Est. reading time":"1 minuta"},"schema":{"@context":"https:\/\/schema.org","@graph":[{"@type":"Article","@id":"https:\/\/hudo.com\/si\/aktualno\/visja-kazen-za-zloglasnega-duhovnika-zlorabljal-tudi-6-letnika\/#article","isPartOf":{"@id":"https:\/\/hudo.com\/si\/aktualno\/visja-kazen-za-zloglasnega-duhovnika-zlorabljal-tudi-6-letnika\/"},"author":{"name":"hudo","@id":"https:\/\/hudo.com\/si\/#\/schema\/person\/601cf3379633985b20f7e50f2bb47707"},"headline":"Vi\u0161ja kazen za zloglasnega duhovnika: Zlorabljal tudi 6-letnika","datePublished":"2017-08-31T08:23:00+00:00","dateModified":"2017-08-31T08:23:00+00:00","mainEntityOfPage":{"@id":"https:\/\/hudo.com\/si\/aktualno\/visja-kazen-za-zloglasnega-duhovnika-zlorabljal-tudi-6-letnika\/"},"wordCount":252,"publisher":{"@id":"https:\/\/hudo.com\/si\/#organization"},"articleSection":["Aktualno"],"inLanguage":"sl-SI"},{"@type":"WebPage","@id":"https:\/\/hudo.com\/si\/aktualno\/visja-kazen-za-zloglasnega-duhovnika-zlorabljal-tudi-6-letnika\/","url":"https:\/\/hudo.com\/si\/aktualno\/visja-kazen-za-zloglasnega-duhovnika-zlorabljal-tudi-6-letnika\/","name":"Vi\u0161ja kazen za zloglasnega duhovnika: Zlorabljal tudi 6-letnika - Hudo Slovenija","isPartOf":{"@id":"https:\/\/hudo.com\/si\/#website"},"datePublished":"2017-08-31T08:23:00+00:00","dateModified":"2017-08-31T08:23:00+00:00","breadcrumb":{"@id":"https:\/\/hudo.com\/si\/aktualno\/visja-kazen-za-zloglasnega-duhovnika-zlorabljal-tudi-6-letnika\/#breadcrumb"},"inLanguage":"sl-SI","potentialAction":[{"@type":"ReadAction","target":["https:\/\/hudo.com\/si\/aktualno\/visja-kazen-za-zloglasnega-duhovnika-zlorabljal-tudi-6-letnika\/"]}]},{"@type":"BreadcrumbList","@id":"https:\/\/hudo.com\/si\/aktualno\/visja-kazen-za-zloglasnega-duhovnika-zlorabljal-tudi-6-letnika\/#breadcrumb","itemListElement":[{"@type":"ListItem","position":1,"name":"Home","item":"https:\/\/hudo.com\/si\/"},{"@type":"ListItem","position":2,"name":"Vi\u0161ja kazen za zloglasnega duhovnika: Zlorabljal tudi 6-letnika"}]},{"@type":"WebSite","@id":"https:\/\/hudo.com\/si\/#website","url":"https:\/\/hudo.com\/si\/","name":"Hudo Slovenija","description":"Vse novice iz Slovenije in sveta","publisher":{"@id":"https:\/\/hudo.com\/si\/#organization"},"potentialAction":[{"@type":"SearchAction","target":{"@type":"EntryPoint","urlTemplate":"https:\/\/hudo.com\/si\/?s={search_term_string}"},"query-input":"required name=search_term_string"}],"inLanguage":"sl-SI"},{"@type":"Organization","@id":"https:\/\/hudo.com\/si\/#organization","name":"VSN Media","url":"https:\/\/hudo.com\/si\/","logo":{"@type":"ImageObject","inLanguage":"sl-SI","@id":"https:\/\/hudo.com\/si\/#\/schema\/logo\/image\/","url":"https:\/\/hudo.com\/si\/wp-content\/uploads\/sites\/2\/2021\/03\/hudo-app-2.png","contentUrl":"https:\/\/hudo.com\/si\/wp-content\/uploads\/sites\/2\/2021\/03\/hudo-app-2.png","width":2185,"height":2167,"caption":"VSN Media"},"image":{"@id":"https:\/\/hudo.com\/si\/#\/schema\/logo\/image\/"},"sameAs":["https:\/\/www.facebook.com\/hudo.si","https:\/\/twitter.com\/hudo_si"]},{"@type":"Person","@id":"https:\/\/hudo.com\/si\/#\/schema\/person\/601cf3379633985b20f7e50f2bb47707","name":"hudo","image":{"@type":"ImageObject","inLanguage":"sl-SI","@id":"https:\/\/hudo.com\/si\/#\/schema\/person\/image\/","url":"https:\/\/secure.gravatar.com\/avatar\/c4ca25fa72cace7a696b52ff5db9e095?s=96&d=mm&r=g","contentUrl":"https:\/\/secure.gravatar.com\/avatar\/c4ca25fa72cace7a696b52ff5db9e095?s=96&d=mm&r=g","caption":"hudo"},"url":"https:\/\/hudo.com\/si\/author\/hudo\/"}]}},"amp_enabled":true,"_links":{"self":[{"href":"https:\/\/hudo.com\/si\/wp-json\/wp\/v2\/posts\/293497"}],"collection":[{"href":"https:\/\/hudo.com\/si\/wp-json\/wp\/v2\/posts"}],"about":[{"href":"https:\/\/hudo.com\/si\/wp-json\/wp\/v2\/types\/post"}],"author":[{"embeddable":true,"href":"https:\/\/hudo.com\/si\/wp-json\/wp\/v2\/users\/1"}],"replies":[{"embeddable":true,"href":"https:\/\/hudo.com\/si\/wp-json\/wp\/v2\/comments?post=293497"}],"version-history":[{"count":0,"href":"https:\/\/hudo.com\/si\/wp-json\/wp\/v2\/posts\/293497\/revisions"}],"wp:attachment":[{"href":"https:\/\/hudo.com\/si\/wp-json\/wp\/v2\/media?parent=293497"}],"wp:term":[{"taxonomy":"category","embeddable":true,"href":"https:\/\/hudo.com\/si\/wp-json\/wp\/v2\/categories?post=293497"},{"taxonomy":"post_tag","embeddable":true,"href":"https:\/\/hudo.com\/si\/wp-json\/wp\/v2\/tags?post=293497"},{"taxonomy":"source","embeddable":true,"href":"https:\/\/hudo.com\/si\/wp-json\/wp\/v2\/source?post=293497"},{"taxonomy":"supertag","embeddable":true,"href":"https:\/\/hudo.com\/si\/wp-json\/wp\/v2\/supertag?post=293497"}],"curies":[{"name":"wp","href":"https:\/\/api.w.org\/{rel}","templated":true}]}}