{"id":293509,"date":"2017-08-31T10:00:00","date_gmt":"2017-08-31T08:00:00","guid":{"rendered":"http:\/\/hudo.com\/si\/2017\/08\/31\/giani-cara-dalje-in-dvomljivcem-masi-usta\/"},"modified":"2017-08-31T10:00:00","modified_gmt":"2017-08-31T08:00:00","slug":"giani-cara-dalje-in-dvomljivcem-masi-usta","status":"publish","type":"post","link":"https:\/\/hudo.com\/si\/aktualno\/giani-cara-dalje-in-dvomljivcem-masi-usta\/","title":{"rendered":"Giani \u010dara dalje in dvomljivcem ma\u0161i usta"},"content":{"rendered":"<p>Kategorija: Drugi \u0161porti Thu, 31 Aug 2017 12:00:00 +0200  Krakov \u2013 Do lani je \u010daral na selektorskem stol\u010dku Slovenije, zdaj \u2013 na odbojkarskem EP na Poljskem \u2013 \u010dara na klopi Nemcev, ki jih je brez poraza vodil skozi skupinski del in popeljal v \u010detrtfinale. Zadnje mesece, ko je \u017eel izklju\u010dno neuspehe, mu ni bilo lahko, a Italijan Andrea Giani utegne tudi letos zre\u017eirati novo senzacijo in upravi\u010diti selitev v Nem\u010dijo. Nekateri so zgolj nejeverno gledali, drugi so o\u010ditajo\u010de nanj kazali s prstom, ko je v za\u010detku leta izpregel z zelo uspe\u0161nega slovenskega konja in se preselil na nem\u0161kega. Je \u017ee vedel, zakaj. Na prvi pogled je bila njegova leto\u0161nja epizoda v tretjem kakovostnem razredu svetovne lige, zaradi katere si je prislu\u017eil tudi precej posmehov, popolnoma spodletela, a Giani je dobro vedel, kaj po\u010dne. Vedel je, da kon\u010dni razplet ne\u00a0&#8230;<\/p>\n","protected":false},"excerpt":{"rendered":"<p>Kategorija: Drugi \u0161porti Thu, 31 Aug 2017 12:00:00 +0200  Krakov \u2013 Do lani je \u010daral na selektorskem stol\u010dku Slovenije, zdaj \u2013 na odbojkarskem EP na Poljskem \u2013 \u010dara na klopi Nemcev, ki jih je brez poraza vodil skozi skupinski del in popeljal v \u010detrtfinale. Zadnje mesece, ko je \u017eel izklju\u010dno neuspehe, mu ni bilo lahko, a Italijan Andrea Giani utegne tudi letos zre\u017eirati novo senzacijo in upravi\u010diti selitev v Nem\u010dijo. Nekateri so zgolj nejeverno gledali, drugi so o\u010ditajo\u010de nanj kazali s prstom, ko je v za\u010detku leta izpregel z zelo uspe\u0161nega slovenskega konja in se preselil na nem\u0161kega. Je \u017ee vedel, zakaj. Na prvi pogled je bila njegova leto\u0161nja epizoda v tretjem kakovostnem razredu svetovne lige, zaradi katere si je prislu\u017eil tudi precej posmehov, popolnoma spodletela, a Giani je dobro vedel, kaj po\u010dne. Vedel je, da kon\u010dni razplet ne\u00a0&#8230;<\/p>\n","protected":false},"author":1,"featured_media":0,"comment_status":"closed","ping_status":"closed","sticky":false,"template":"","format":"standard","meta":{"footnotes":""},"categories":[1179],"tags":[],"source":[1703],"supertag":[],"acf":[],"yoast_head":"<!-- This site is optimized with the Yoast SEO plugin v21.3 - https:\/\/yoast.com\/wordpress\/plugins\/seo\/ -->\n<title>Giani \u010dara dalje in dvomljivcem ma\u0161i usta - Hudo Slovenija<\/title>\n<meta name=\"robots\" content=\"index, follow, max-snippet:-1, max-image-preview:large, max-video-preview:-1\" \/>\n<link rel=\"canonical\" href=\"https:\/\/hudo.com\/si\/aktualno\/giani-cara-dalje-in-dvomljivcem-masi-usta\/\" \/>\n<meta property=\"og:locale\" content=\"sl_SI\" \/>\n<meta property=\"og:type\" content=\"article\" \/>\n<meta property=\"og:title\" content=\"Giani \u010dara dalje in dvomljivcem ma\u0161i usta - Hudo Slovenija\" \/>\n<meta property=\"og:description\" content=\"Kategorija: Drugi \u0161porti Thu, 31 Aug 2017 12:00:00 +0200 Krakov \u2013 Do lani je \u010daral na selektorskem stol\u010dku Slovenije, zdaj \u2013 na odbojkarskem EP na Poljskem \u2013 \u010dara na klopi Nemcev, ki jih je brez poraza vodil skozi skupinski del in popeljal v \u010detrtfinale. Zadnje mesece, ko je \u017eel izklju\u010dno neuspehe, mu ni bilo lahko, a Italijan Andrea Giani utegne tudi letos zre\u017eirati novo senzacijo in upravi\u010diti selitev v Nem\u010dijo. Nekateri so zgolj nejeverno gledali, drugi so o\u010ditajo\u010de nanj kazali s prstom, ko je v za\u010detku leta izpregel z zelo uspe\u0161nega slovenskega konja in se preselil na nem\u0161kega. Je \u017ee vedel, zakaj. Na prvi pogled je bila njegova leto\u0161nja epizoda v tretjem kakovostnem razredu svetovne lige, zaradi katere si je prislu\u017eil tudi precej posmehov, popolnoma spodletela, a Giani je dobro vedel, kaj po\u010dne. Vedel je, da kon\u010dni razplet ne\u00a0...\" \/>\n<meta property=\"og:url\" content=\"https:\/\/hudo.com\/si\/aktualno\/giani-cara-dalje-in-dvomljivcem-masi-usta\/\" \/>\n<meta property=\"og:site_name\" content=\"Hudo Slovenija\" \/>\n<meta property=\"article:publisher\" content=\"https:\/\/www.facebook.com\/hudo.si\" \/>\n<meta property=\"article:published_time\" content=\"2017-08-31T08:00:00+00:00\" \/>\n<meta property=\"og:image\" content=\"https:\/\/hudo.com\/si\/wp-content\/uploads\/sites\/2\/2017\/08\/480x290_djvu_2176517_janezp_ho-evar-odbojka.jpeg\" \/>\n\t<meta property=\"og:image:width\" content=\"480\" \/>\n\t<meta property=\"og:image:height\" content=\"290\" \/>\n\t<meta property=\"og:image:type\" content=\"image\/jpeg\" \/>\n<meta name=\"author\" content=\"hudo\" \/>\n<meta name=\"twitter:card\" content=\"summary_large_image\" \/>\n<meta name=\"twitter:creator\" content=\"@hudo_si\" \/>\n<meta name=\"twitter:site\" content=\"@hudo_si\" \/>\n<meta name=\"twitter:label1\" content=\"Written by\" \/>\n\t<meta name=\"twitter:data1\" content=\"hudo\" \/>\n\t<meta name=\"twitter:label2\" content=\"Est. reading time\" \/>\n\t<meta name=\"twitter:data2\" content=\"1 minuta\" \/>\n<script type=\"application\/ld+json\" class=\"yoast-schema-graph\">{\"@context\":\"https:\/\/schema.org\",\"@graph\":[{\"@type\":\"Article\",\"@id\":\"https:\/\/hudo.com\/si\/aktualno\/giani-cara-dalje-in-dvomljivcem-masi-usta\/#article\",\"isPartOf\":{\"@id\":\"https:\/\/hudo.com\/si\/aktualno\/giani-cara-dalje-in-dvomljivcem-masi-usta\/\"},\"author\":{\"name\":\"hudo\",\"@id\":\"https:\/\/hudo.com\/si\/#\/schema\/person\/601cf3379633985b20f7e50f2bb47707\"},\"headline\":\"Giani \u010dara dalje in dvomljivcem ma\u0161i usta\",\"datePublished\":\"2017-08-31T08:00:00+00:00\",\"dateModified\":\"2017-08-31T08:00:00+00:00\",\"mainEntityOfPage\":{\"@id\":\"https:\/\/hudo.com\/si\/aktualno\/giani-cara-dalje-in-dvomljivcem-masi-usta\/\"},\"wordCount\":154,\"publisher\":{\"@id\":\"https:\/\/hudo.com\/si\/#organization\"},\"articleSection\":[\"Aktualno\"],\"inLanguage\":\"sl-SI\"},{\"@type\":\"WebPage\",\"@id\":\"https:\/\/hudo.com\/si\/aktualno\/giani-cara-dalje-in-dvomljivcem-masi-usta\/\",\"url\":\"https:\/\/hudo.com\/si\/aktualno\/giani-cara-dalje-in-dvomljivcem-masi-usta\/\",\"name\":\"Giani \u010dara dalje in dvomljivcem ma\u0161i usta - Hudo Slovenija\",\"isPartOf\":{\"@id\":\"https:\/\/hudo.com\/si\/#website\"},\"datePublished\":\"2017-08-31T08:00:00+00:00\",\"dateModified\":\"2017-08-31T08:00:00+00:00\",\"breadcrumb\":{\"@id\":\"https:\/\/hudo.com\/si\/aktualno\/giani-cara-dalje-in-dvomljivcem-masi-usta\/#breadcrumb\"},\"inLanguage\":\"sl-SI\",\"potentialAction\":[{\"@type\":\"ReadAction\",\"target\":[\"https:\/\/hudo.com\/si\/aktualno\/giani-cara-dalje-in-dvomljivcem-masi-usta\/\"]}]},{\"@type\":\"BreadcrumbList\",\"@id\":\"https:\/\/hudo.com\/si\/aktualno\/giani-cara-dalje-in-dvomljivcem-masi-usta\/#breadcrumb\",\"itemListElement\":[{\"@type\":\"ListItem\",\"position\":1,\"name\":\"Home\",\"item\":\"https:\/\/hudo.com\/si\/\"},{\"@type\":\"ListItem\",\"position\":2,\"name\":\"Giani \u010dara dalje in dvomljivcem ma\u0161i usta\"}]},{\"@type\":\"WebSite\",\"@id\":\"https:\/\/hudo.com\/si\/#website\",\"url\":\"https:\/\/hudo.com\/si\/\",\"name\":\"Hudo Slovenija\",\"description\":\"Vse novice iz Slovenije in sveta\",\"publisher\":{\"@id\":\"https:\/\/hudo.com\/si\/#organization\"},\"potentialAction\":[{\"@type\":\"SearchAction\",\"target\":{\"@type\":\"EntryPoint\",\"urlTemplate\":\"https:\/\/hudo.com\/si\/?s={search_term_string}\"},\"query-input\":\"required name=search_term_string\"}],\"inLanguage\":\"sl-SI\"},{\"@type\":\"Organization\",\"@id\":\"https:\/\/hudo.com\/si\/#organization\",\"name\":\"VSN Media\",\"url\":\"https:\/\/hudo.com\/si\/\",\"logo\":{\"@type\":\"ImageObject\",\"inLanguage\":\"sl-SI\",\"@id\":\"https:\/\/hudo.com\/si\/#\/schema\/logo\/image\/\",\"url\":\"https:\/\/hudo.com\/si\/wp-content\/uploads\/sites\/2\/2021\/03\/hudo-app-2.png\",\"contentUrl\":\"https:\/\/hudo.com\/si\/wp-content\/uploads\/sites\/2\/2021\/03\/hudo-app-2.png\",\"width\":2185,\"height\":2167,\"caption\":\"VSN Media\"},\"image\":{\"@id\":\"https:\/\/hudo.com\/si\/#\/schema\/logo\/image\/\"},\"sameAs\":[\"https:\/\/www.facebook.com\/hudo.si\",\"https:\/\/twitter.com\/hudo_si\"]},{\"@type\":\"Person\",\"@id\":\"https:\/\/hudo.com\/si\/#\/schema\/person\/601cf3379633985b20f7e50f2bb47707\",\"name\":\"hudo\",\"image\":{\"@type\":\"ImageObject\",\"inLanguage\":\"sl-SI\",\"@id\":\"https:\/\/hudo.com\/si\/#\/schema\/person\/image\/\",\"url\":\"https:\/\/secure.gravatar.com\/avatar\/c4ca25fa72cace7a696b52ff5db9e095?s=96&d=mm&r=g\",\"contentUrl\":\"https:\/\/secure.gravatar.com\/avatar\/c4ca25fa72cace7a696b52ff5db9e095?s=96&d=mm&r=g\",\"caption\":\"hudo\"},\"url\":\"https:\/\/hudo.com\/si\/author\/hudo\/\"}]}<\/script>\n<!-- \/ Yoast SEO plugin. -->","yoast_head_json":{"title":"Giani \u010dara dalje in dvomljivcem ma\u0161i usta - Hudo Slovenija","robots":{"index":"index","follow":"follow","max-snippet":"max-snippet:-1","max-image-preview":"max-image-preview:large","max-video-preview":"max-video-preview:-1"},"canonical":"https:\/\/hudo.com\/si\/aktualno\/giani-cara-dalje-in-dvomljivcem-masi-usta\/","og_locale":"sl_SI","og_type":"article","og_title":"Giani \u010dara dalje in dvomljivcem ma\u0161i usta - Hudo Slovenija","og_description":"Kategorija: Drugi \u0161porti Thu, 31 Aug 2017 12:00:00 +0200 Krakov \u2013 Do lani je \u010daral na selektorskem stol\u010dku Slovenije, zdaj \u2013 na odbojkarskem EP na Poljskem \u2013 \u010dara na klopi Nemcev, ki jih je brez poraza vodil skozi skupinski del in popeljal v \u010detrtfinale. Zadnje mesece, ko je \u017eel izklju\u010dno neuspehe, mu ni bilo lahko, a Italijan Andrea Giani utegne tudi letos zre\u017eirati novo senzacijo in upravi\u010diti selitev v Nem\u010dijo. Nekateri so zgolj nejeverno gledali, drugi so o\u010ditajo\u010de nanj kazali s prstom, ko je v za\u010detku leta izpregel z zelo uspe\u0161nega slovenskega konja in se preselil na nem\u0161kega. Je \u017ee vedel, zakaj. Na prvi pogled je bila njegova leto\u0161nja epizoda v tretjem kakovostnem razredu svetovne lige, zaradi katere si je prislu\u017eil tudi precej posmehov, popolnoma spodletela, a Giani je dobro vedel, kaj po\u010dne. Vedel je, da kon\u010dni razplet ne\u00a0...","og_url":"https:\/\/hudo.com\/si\/aktualno\/giani-cara-dalje-in-dvomljivcem-masi-usta\/","og_site_name":"Hudo Slovenija","article_publisher":"https:\/\/www.facebook.com\/hudo.si","article_published_time":"2017-08-31T08:00:00+00:00","og_image":[{"width":480,"height":290,"url":"https:\/\/hudo.com\/si\/wp-content\/uploads\/sites\/2\/2017\/08\/480x290_djvu_2176517_janezp_ho-evar-odbojka.jpeg","type":"image\/jpeg"}],"author":"hudo","twitter_card":"summary_large_image","twitter_creator":"@hudo_si","twitter_site":"@hudo_si","twitter_misc":{"Written by":"hudo","Est. reading time":"1 minuta"},"schema":{"@context":"https:\/\/schema.org","@graph":[{"@type":"Article","@id":"https:\/\/hudo.com\/si\/aktualno\/giani-cara-dalje-in-dvomljivcem-masi-usta\/#article","isPartOf":{"@id":"https:\/\/hudo.com\/si\/aktualno\/giani-cara-dalje-in-dvomljivcem-masi-usta\/"},"author":{"name":"hudo","@id":"https:\/\/hudo.com\/si\/#\/schema\/person\/601cf3379633985b20f7e50f2bb47707"},"headline":"Giani \u010dara dalje in dvomljivcem ma\u0161i usta","datePublished":"2017-08-31T08:00:00+00:00","dateModified":"2017-08-31T08:00:00+00:00","mainEntityOfPage":{"@id":"https:\/\/hudo.com\/si\/aktualno\/giani-cara-dalje-in-dvomljivcem-masi-usta\/"},"wordCount":154,"publisher":{"@id":"https:\/\/hudo.com\/si\/#organization"},"articleSection":["Aktualno"],"inLanguage":"sl-SI"},{"@type":"WebPage","@id":"https:\/\/hudo.com\/si\/aktualno\/giani-cara-dalje-in-dvomljivcem-masi-usta\/","url":"https:\/\/hudo.com\/si\/aktualno\/giani-cara-dalje-in-dvomljivcem-masi-usta\/","name":"Giani \u010dara dalje in dvomljivcem ma\u0161i usta - Hudo Slovenija","isPartOf":{"@id":"https:\/\/hudo.com\/si\/#website"},"datePublished":"2017-08-31T08:00:00+00:00","dateModified":"2017-08-31T08:00:00+00:00","breadcrumb":{"@id":"https:\/\/hudo.com\/si\/aktualno\/giani-cara-dalje-in-dvomljivcem-masi-usta\/#breadcrumb"},"inLanguage":"sl-SI","potentialAction":[{"@type":"ReadAction","target":["https:\/\/hudo.com\/si\/aktualno\/giani-cara-dalje-in-dvomljivcem-masi-usta\/"]}]},{"@type":"BreadcrumbList","@id":"https:\/\/hudo.com\/si\/aktualno\/giani-cara-dalje-in-dvomljivcem-masi-usta\/#breadcrumb","itemListElement":[{"@type":"ListItem","position":1,"name":"Home","item":"https:\/\/hudo.com\/si\/"},{"@type":"ListItem","position":2,"name":"Giani \u010dara dalje in dvomljivcem ma\u0161i usta"}]},{"@type":"WebSite","@id":"https:\/\/hudo.com\/si\/#website","url":"https:\/\/hudo.com\/si\/","name":"Hudo Slovenija","description":"Vse novice iz Slovenije in sveta","publisher":{"@id":"https:\/\/hudo.com\/si\/#organization"},"potentialAction":[{"@type":"SearchAction","target":{"@type":"EntryPoint","urlTemplate":"https:\/\/hudo.com\/si\/?s={search_term_string}"},"query-input":"required name=search_term_string"}],"inLanguage":"sl-SI"},{"@type":"Organization","@id":"https:\/\/hudo.com\/si\/#organization","name":"VSN Media","url":"https:\/\/hudo.com\/si\/","logo":{"@type":"ImageObject","inLanguage":"sl-SI","@id":"https:\/\/hudo.com\/si\/#\/schema\/logo\/image\/","url":"https:\/\/hudo.com\/si\/wp-content\/uploads\/sites\/2\/2021\/03\/hudo-app-2.png","contentUrl":"https:\/\/hudo.com\/si\/wp-content\/uploads\/sites\/2\/2021\/03\/hudo-app-2.png","width":2185,"height":2167,"caption":"VSN Media"},"image":{"@id":"https:\/\/hudo.com\/si\/#\/schema\/logo\/image\/"},"sameAs":["https:\/\/www.facebook.com\/hudo.si","https:\/\/twitter.com\/hudo_si"]},{"@type":"Person","@id":"https:\/\/hudo.com\/si\/#\/schema\/person\/601cf3379633985b20f7e50f2bb47707","name":"hudo","image":{"@type":"ImageObject","inLanguage":"sl-SI","@id":"https:\/\/hudo.com\/si\/#\/schema\/person\/image\/","url":"https:\/\/secure.gravatar.com\/avatar\/c4ca25fa72cace7a696b52ff5db9e095?s=96&d=mm&r=g","contentUrl":"https:\/\/secure.gravatar.com\/avatar\/c4ca25fa72cace7a696b52ff5db9e095?s=96&d=mm&r=g","caption":"hudo"},"url":"https:\/\/hudo.com\/si\/author\/hudo\/"}]}},"amp_enabled":true,"_links":{"self":[{"href":"https:\/\/hudo.com\/si\/wp-json\/wp\/v2\/posts\/293509"}],"collection":[{"href":"https:\/\/hudo.com\/si\/wp-json\/wp\/v2\/posts"}],"about":[{"href":"https:\/\/hudo.com\/si\/wp-json\/wp\/v2\/types\/post"}],"author":[{"embeddable":true,"href":"https:\/\/hudo.com\/si\/wp-json\/wp\/v2\/users\/1"}],"replies":[{"embeddable":true,"href":"https:\/\/hudo.com\/si\/wp-json\/wp\/v2\/comments?post=293509"}],"version-history":[{"count":0,"href":"https:\/\/hudo.com\/si\/wp-json\/wp\/v2\/posts\/293509\/revisions"}],"wp:attachment":[{"href":"https:\/\/hudo.com\/si\/wp-json\/wp\/v2\/media?parent=293509"}],"wp:term":[{"taxonomy":"category","embeddable":true,"href":"https:\/\/hudo.com\/si\/wp-json\/wp\/v2\/categories?post=293509"},{"taxonomy":"post_tag","embeddable":true,"href":"https:\/\/hudo.com\/si\/wp-json\/wp\/v2\/tags?post=293509"},{"taxonomy":"source","embeddable":true,"href":"https:\/\/hudo.com\/si\/wp-json\/wp\/v2\/source?post=293509"},{"taxonomy":"supertag","embeddable":true,"href":"https:\/\/hudo.com\/si\/wp-json\/wp\/v2\/supertag?post=293509"}],"curies":[{"name":"wp","href":"https:\/\/api.w.org\/{rel}","templated":true}]}}