{"id":293511,"date":"2017-08-31T09:57:00","date_gmt":"2017-08-31T07:57:00","guid":{"rendered":"http:\/\/hudo.com\/si\/2017\/08\/31\/zrusena-stavba-v-mumbaju-zahtevala-smrtne-zrtve\/"},"modified":"2017-08-31T09:57:00","modified_gmt":"2017-08-31T07:57:00","slug":"zrusena-stavba-v-mumbaju-zahtevala-smrtne-zrtve","status":"publish","type":"post","link":"https:\/\/hudo.com\/si\/aktualno\/zrusena-stavba-v-mumbaju-zahtevala-smrtne-zrtve\/","title":{"rendered":"Zru\u0161ena stavba v Mumbaju zahtevala smrtne \u017ertve"},"content":{"rendered":"<p>Kategorija: Globalno Thu, 31 Aug 2017 11:57:00 +0200  Mumbai \u2013 V dneh obilnih padavin in poplav iz indijske finan\u010dne prestolnice prihaja vest o zru\u0161itvi ve\u010dnadstropne stanovanjske stavbe v \u010detrti Bhendi Bazaar. \u017divljenje je izgubilo najmanj 11 ljudi, 24 so jih re\u0161ili, med njimi so tudi huje po\u0161kodovani. Kot poro\u010da britanski BBC, je do deset ljudi \u0161e vedno ujetih pod ru\u0161evanimi. Ta teden je po doslej znanih informacijah zaradi obilnega de\u017eevja v Mumbaju \u017eivljenje izgubilo ve\u010d kot 20 oseb. Re\u0161evalci se \u0161e vedno prebijajo do ujetih pod ru\u0161evinami. Foto: Rafiq Maqbool\/AP Zru\u0161enja stavb v predelih Indije, za katere je zna\u010dilna slaba infrastuktura, so v \u010dasu monsunskega obdobja pogosta, pi\u0161e francoska tiskovna agencija AFP. Julija je zru\u0161enje stavbe v mumbajski \u010detrti Ghatkopar zahtevala \u017eivljenja sedemnajstih ljudi, med njimi je bil tudi dojen\u010dek, leta 2013 pa so v Mumbaju ob poru\u0161enju stanovanjskega bloka zabele\u017eili\u00a0&#8230;<\/p>\n","protected":false},"excerpt":{"rendered":"<p>Kategorija: Globalno Thu, 31 Aug 2017 11:57:00 +0200  Mumbai \u2013 V dneh obilnih padavin in poplav iz indijske finan\u010dne prestolnice prihaja vest o zru\u0161itvi ve\u010dnadstropne stanovanjske stavbe v \u010detrti Bhendi Bazaar. \u017divljenje je izgubilo najmanj 11 ljudi, 24 so jih re\u0161ili, med njimi so tudi huje po\u0161kodovani. Kot poro\u010da britanski BBC, je do deset ljudi \u0161e vedno ujetih pod ru\u0161evanimi. Ta teden je po doslej znanih informacijah zaradi obilnega de\u017eevja v Mumbaju \u017eivljenje izgubilo ve\u010d kot 20 oseb. Re\u0161evalci se \u0161e vedno prebijajo do ujetih pod ru\u0161evinami. Foto: Rafiq Maqbool\/AP Zru\u0161enja stavb v predelih Indije, za katere je zna\u010dilna slaba infrastuktura, so v \u010dasu monsunskega obdobja pogosta, pi\u0161e francoska tiskovna agencija AFP. Julija je zru\u0161enje stavbe v mumbajski \u010detrti Ghatkopar zahtevala \u017eivljenja sedemnajstih ljudi, med njimi je bil tudi dojen\u010dek, leta 2013 pa so v Mumbaju ob poru\u0161enju stanovanjskega bloka zabele\u017eili\u00a0&#8230;<\/p>\n","protected":false},"author":1,"featured_media":0,"comment_status":"closed","ping_status":"closed","sticky":false,"template":"","format":"standard","meta":{"footnotes":""},"categories":[1179],"tags":[],"source":[1703],"supertag":[],"acf":[],"yoast_head":"<!-- This site is optimized with the Yoast SEO plugin v21.3 - https:\/\/yoast.com\/wordpress\/plugins\/seo\/ -->\n<title>Zru\u0161ena stavba v Mumbaju zahtevala smrtne \u017ertve - Hudo Slovenija<\/title>\n<meta name=\"robots\" content=\"index, follow, max-snippet:-1, max-image-preview:large, max-video-preview:-1\" \/>\n<link rel=\"canonical\" href=\"https:\/\/hudo.com\/si\/aktualno\/zrusena-stavba-v-mumbaju-zahtevala-smrtne-zrtve\/\" \/>\n<meta property=\"og:locale\" content=\"sl_SI\" \/>\n<meta property=\"og:type\" content=\"article\" \/>\n<meta property=\"og:title\" content=\"Zru\u0161ena stavba v Mumbaju zahtevala smrtne \u017ertve - Hudo Slovenija\" \/>\n<meta property=\"og:description\" content=\"Kategorija: Globalno Thu, 31 Aug 2017 11:57:00 +0200 Mumbai \u2013 V dneh obilnih padavin in poplav iz indijske finan\u010dne prestolnice prihaja vest o zru\u0161itvi ve\u010dnadstropne stanovanjske stavbe v \u010detrti Bhendi Bazaar. \u017divljenje je izgubilo najmanj 11 ljudi, 24 so jih re\u0161ili, med njimi so tudi huje po\u0161kodovani. Kot poro\u010da britanski BBC, je do deset ljudi \u0161e vedno ujetih pod ru\u0161evanimi. Ta teden je po doslej znanih informacijah zaradi obilnega de\u017eevja v Mumbaju \u017eivljenje izgubilo ve\u010d kot 20 oseb. Re\u0161evalci se \u0161e vedno prebijajo do ujetih pod ru\u0161evinami. Foto: Rafiq Maqbool\/AP Zru\u0161enja stavb v predelih Indije, za katere je zna\u010dilna slaba infrastuktura, so v \u010dasu monsunskega obdobja pogosta, pi\u0161e francoska tiskovna agencija AFP. Julija je zru\u0161enje stavbe v mumbajski \u010detrti Ghatkopar zahtevala \u017eivljenja sedemnajstih ljudi, med njimi je bil tudi dojen\u010dek, leta 2013 pa so v Mumbaju ob poru\u0161enju stanovanjskega bloka zabele\u017eili\u00a0...\" \/>\n<meta property=\"og:url\" content=\"https:\/\/hudo.com\/si\/aktualno\/zrusena-stavba-v-mumbaju-zahtevala-smrtne-zrtve\/\" \/>\n<meta property=\"og:site_name\" content=\"Hudo Slovenija\" \/>\n<meta property=\"article:publisher\" content=\"https:\/\/www.facebook.com\/hudo.si\" \/>\n<meta property=\"article:published_time\" content=\"2017-08-31T07:57:00+00:00\" \/>\n<meta property=\"og:image\" content=\"https:\/\/hudo.com\/si\/wp-content\/uploads\/sites\/2\/2017\/08\/480x290_AP_Pictures-20170831105432-01148600.jpeg\" \/>\n\t<meta property=\"og:image:width\" content=\"480\" \/>\n\t<meta property=\"og:image:height\" content=\"290\" \/>\n\t<meta property=\"og:image:type\" content=\"image\/jpeg\" \/>\n<meta name=\"author\" content=\"hudo\" \/>\n<meta name=\"twitter:card\" content=\"summary_large_image\" \/>\n<meta name=\"twitter:creator\" content=\"@hudo_si\" \/>\n<meta name=\"twitter:site\" content=\"@hudo_si\" \/>\n<meta name=\"twitter:label1\" content=\"Written by\" \/>\n\t<meta name=\"twitter:data1\" content=\"hudo\" \/>\n\t<meta name=\"twitter:label2\" content=\"Est. reading time\" \/>\n\t<meta name=\"twitter:data2\" content=\"1 minuta\" \/>\n<script type=\"application\/ld+json\" class=\"yoast-schema-graph\">{\"@context\":\"https:\/\/schema.org\",\"@graph\":[{\"@type\":\"Article\",\"@id\":\"https:\/\/hudo.com\/si\/aktualno\/zrusena-stavba-v-mumbaju-zahtevala-smrtne-zrtve\/#article\",\"isPartOf\":{\"@id\":\"https:\/\/hudo.com\/si\/aktualno\/zrusena-stavba-v-mumbaju-zahtevala-smrtne-zrtve\/\"},\"author\":{\"name\":\"hudo\",\"@id\":\"https:\/\/hudo.com\/si\/#\/schema\/person\/601cf3379633985b20f7e50f2bb47707\"},\"headline\":\"Zru\u0161ena stavba v Mumbaju zahtevala smrtne \u017ertve\",\"datePublished\":\"2017-08-31T07:57:00+00:00\",\"dateModified\":\"2017-08-31T07:57:00+00:00\",\"mainEntityOfPage\":{\"@id\":\"https:\/\/hudo.com\/si\/aktualno\/zrusena-stavba-v-mumbaju-zahtevala-smrtne-zrtve\/\"},\"wordCount\":158,\"publisher\":{\"@id\":\"https:\/\/hudo.com\/si\/#organization\"},\"articleSection\":[\"Aktualno\"],\"inLanguage\":\"sl-SI\"},{\"@type\":\"WebPage\",\"@id\":\"https:\/\/hudo.com\/si\/aktualno\/zrusena-stavba-v-mumbaju-zahtevala-smrtne-zrtve\/\",\"url\":\"https:\/\/hudo.com\/si\/aktualno\/zrusena-stavba-v-mumbaju-zahtevala-smrtne-zrtve\/\",\"name\":\"Zru\u0161ena stavba v Mumbaju zahtevala smrtne \u017ertve - Hudo Slovenija\",\"isPartOf\":{\"@id\":\"https:\/\/hudo.com\/si\/#website\"},\"datePublished\":\"2017-08-31T07:57:00+00:00\",\"dateModified\":\"2017-08-31T07:57:00+00:00\",\"breadcrumb\":{\"@id\":\"https:\/\/hudo.com\/si\/aktualno\/zrusena-stavba-v-mumbaju-zahtevala-smrtne-zrtve\/#breadcrumb\"},\"inLanguage\":\"sl-SI\",\"potentialAction\":[{\"@type\":\"ReadAction\",\"target\":[\"https:\/\/hudo.com\/si\/aktualno\/zrusena-stavba-v-mumbaju-zahtevala-smrtne-zrtve\/\"]}]},{\"@type\":\"BreadcrumbList\",\"@id\":\"https:\/\/hudo.com\/si\/aktualno\/zrusena-stavba-v-mumbaju-zahtevala-smrtne-zrtve\/#breadcrumb\",\"itemListElement\":[{\"@type\":\"ListItem\",\"position\":1,\"name\":\"Home\",\"item\":\"https:\/\/hudo.com\/si\/\"},{\"@type\":\"ListItem\",\"position\":2,\"name\":\"Zru\u0161ena stavba v Mumbaju zahtevala smrtne \u017ertve\"}]},{\"@type\":\"WebSite\",\"@id\":\"https:\/\/hudo.com\/si\/#website\",\"url\":\"https:\/\/hudo.com\/si\/\",\"name\":\"Hudo Slovenija\",\"description\":\"Vse novice iz Slovenije in sveta\",\"publisher\":{\"@id\":\"https:\/\/hudo.com\/si\/#organization\"},\"potentialAction\":[{\"@type\":\"SearchAction\",\"target\":{\"@type\":\"EntryPoint\",\"urlTemplate\":\"https:\/\/hudo.com\/si\/?s={search_term_string}\"},\"query-input\":\"required name=search_term_string\"}],\"inLanguage\":\"sl-SI\"},{\"@type\":\"Organization\",\"@id\":\"https:\/\/hudo.com\/si\/#organization\",\"name\":\"VSN Media\",\"url\":\"https:\/\/hudo.com\/si\/\",\"logo\":{\"@type\":\"ImageObject\",\"inLanguage\":\"sl-SI\",\"@id\":\"https:\/\/hudo.com\/si\/#\/schema\/logo\/image\/\",\"url\":\"https:\/\/hudo.com\/si\/wp-content\/uploads\/sites\/2\/2021\/03\/hudo-app-2.png\",\"contentUrl\":\"https:\/\/hudo.com\/si\/wp-content\/uploads\/sites\/2\/2021\/03\/hudo-app-2.png\",\"width\":2185,\"height\":2167,\"caption\":\"VSN Media\"},\"image\":{\"@id\":\"https:\/\/hudo.com\/si\/#\/schema\/logo\/image\/\"},\"sameAs\":[\"https:\/\/www.facebook.com\/hudo.si\",\"https:\/\/twitter.com\/hudo_si\"]},{\"@type\":\"Person\",\"@id\":\"https:\/\/hudo.com\/si\/#\/schema\/person\/601cf3379633985b20f7e50f2bb47707\",\"name\":\"hudo\",\"image\":{\"@type\":\"ImageObject\",\"inLanguage\":\"sl-SI\",\"@id\":\"https:\/\/hudo.com\/si\/#\/schema\/person\/image\/\",\"url\":\"https:\/\/secure.gravatar.com\/avatar\/c4ca25fa72cace7a696b52ff5db9e095?s=96&d=mm&r=g\",\"contentUrl\":\"https:\/\/secure.gravatar.com\/avatar\/c4ca25fa72cace7a696b52ff5db9e095?s=96&d=mm&r=g\",\"caption\":\"hudo\"},\"url\":\"https:\/\/hudo.com\/si\/author\/hudo\/\"}]}<\/script>\n<!-- \/ Yoast SEO plugin. -->","yoast_head_json":{"title":"Zru\u0161ena stavba v Mumbaju zahtevala smrtne \u017ertve - Hudo Slovenija","robots":{"index":"index","follow":"follow","max-snippet":"max-snippet:-1","max-image-preview":"max-image-preview:large","max-video-preview":"max-video-preview:-1"},"canonical":"https:\/\/hudo.com\/si\/aktualno\/zrusena-stavba-v-mumbaju-zahtevala-smrtne-zrtve\/","og_locale":"sl_SI","og_type":"article","og_title":"Zru\u0161ena stavba v Mumbaju zahtevala smrtne \u017ertve - Hudo Slovenija","og_description":"Kategorija: Globalno Thu, 31 Aug 2017 11:57:00 +0200 Mumbai \u2013 V dneh obilnih padavin in poplav iz indijske finan\u010dne prestolnice prihaja vest o zru\u0161itvi ve\u010dnadstropne stanovanjske stavbe v \u010detrti Bhendi Bazaar. \u017divljenje je izgubilo najmanj 11 ljudi, 24 so jih re\u0161ili, med njimi so tudi huje po\u0161kodovani. Kot poro\u010da britanski BBC, je do deset ljudi \u0161e vedno ujetih pod ru\u0161evanimi. Ta teden je po doslej znanih informacijah zaradi obilnega de\u017eevja v Mumbaju \u017eivljenje izgubilo ve\u010d kot 20 oseb. Re\u0161evalci se \u0161e vedno prebijajo do ujetih pod ru\u0161evinami. Foto: Rafiq Maqbool\/AP Zru\u0161enja stavb v predelih Indije, za katere je zna\u010dilna slaba infrastuktura, so v \u010dasu monsunskega obdobja pogosta, pi\u0161e francoska tiskovna agencija AFP. Julija je zru\u0161enje stavbe v mumbajski \u010detrti Ghatkopar zahtevala \u017eivljenja sedemnajstih ljudi, med njimi je bil tudi dojen\u010dek, leta 2013 pa so v Mumbaju ob poru\u0161enju stanovanjskega bloka zabele\u017eili\u00a0...","og_url":"https:\/\/hudo.com\/si\/aktualno\/zrusena-stavba-v-mumbaju-zahtevala-smrtne-zrtve\/","og_site_name":"Hudo Slovenija","article_publisher":"https:\/\/www.facebook.com\/hudo.si","article_published_time":"2017-08-31T07:57:00+00:00","og_image":[{"width":480,"height":290,"url":"https:\/\/hudo.com\/si\/wp-content\/uploads\/sites\/2\/2017\/08\/480x290_AP_Pictures-20170831105432-01148600.jpeg","type":"image\/jpeg"}],"author":"hudo","twitter_card":"summary_large_image","twitter_creator":"@hudo_si","twitter_site":"@hudo_si","twitter_misc":{"Written by":"hudo","Est. reading time":"1 minuta"},"schema":{"@context":"https:\/\/schema.org","@graph":[{"@type":"Article","@id":"https:\/\/hudo.com\/si\/aktualno\/zrusena-stavba-v-mumbaju-zahtevala-smrtne-zrtve\/#article","isPartOf":{"@id":"https:\/\/hudo.com\/si\/aktualno\/zrusena-stavba-v-mumbaju-zahtevala-smrtne-zrtve\/"},"author":{"name":"hudo","@id":"https:\/\/hudo.com\/si\/#\/schema\/person\/601cf3379633985b20f7e50f2bb47707"},"headline":"Zru\u0161ena stavba v Mumbaju zahtevala smrtne \u017ertve","datePublished":"2017-08-31T07:57:00+00:00","dateModified":"2017-08-31T07:57:00+00:00","mainEntityOfPage":{"@id":"https:\/\/hudo.com\/si\/aktualno\/zrusena-stavba-v-mumbaju-zahtevala-smrtne-zrtve\/"},"wordCount":158,"publisher":{"@id":"https:\/\/hudo.com\/si\/#organization"},"articleSection":["Aktualno"],"inLanguage":"sl-SI"},{"@type":"WebPage","@id":"https:\/\/hudo.com\/si\/aktualno\/zrusena-stavba-v-mumbaju-zahtevala-smrtne-zrtve\/","url":"https:\/\/hudo.com\/si\/aktualno\/zrusena-stavba-v-mumbaju-zahtevala-smrtne-zrtve\/","name":"Zru\u0161ena stavba v Mumbaju zahtevala smrtne \u017ertve - Hudo Slovenija","isPartOf":{"@id":"https:\/\/hudo.com\/si\/#website"},"datePublished":"2017-08-31T07:57:00+00:00","dateModified":"2017-08-31T07:57:00+00:00","breadcrumb":{"@id":"https:\/\/hudo.com\/si\/aktualno\/zrusena-stavba-v-mumbaju-zahtevala-smrtne-zrtve\/#breadcrumb"},"inLanguage":"sl-SI","potentialAction":[{"@type":"ReadAction","target":["https:\/\/hudo.com\/si\/aktualno\/zrusena-stavba-v-mumbaju-zahtevala-smrtne-zrtve\/"]}]},{"@type":"BreadcrumbList","@id":"https:\/\/hudo.com\/si\/aktualno\/zrusena-stavba-v-mumbaju-zahtevala-smrtne-zrtve\/#breadcrumb","itemListElement":[{"@type":"ListItem","position":1,"name":"Home","item":"https:\/\/hudo.com\/si\/"},{"@type":"ListItem","position":2,"name":"Zru\u0161ena stavba v Mumbaju zahtevala smrtne \u017ertve"}]},{"@type":"WebSite","@id":"https:\/\/hudo.com\/si\/#website","url":"https:\/\/hudo.com\/si\/","name":"Hudo Slovenija","description":"Vse novice iz Slovenije in sveta","publisher":{"@id":"https:\/\/hudo.com\/si\/#organization"},"potentialAction":[{"@type":"SearchAction","target":{"@type":"EntryPoint","urlTemplate":"https:\/\/hudo.com\/si\/?s={search_term_string}"},"query-input":"required name=search_term_string"}],"inLanguage":"sl-SI"},{"@type":"Organization","@id":"https:\/\/hudo.com\/si\/#organization","name":"VSN Media","url":"https:\/\/hudo.com\/si\/","logo":{"@type":"ImageObject","inLanguage":"sl-SI","@id":"https:\/\/hudo.com\/si\/#\/schema\/logo\/image\/","url":"https:\/\/hudo.com\/si\/wp-content\/uploads\/sites\/2\/2021\/03\/hudo-app-2.png","contentUrl":"https:\/\/hudo.com\/si\/wp-content\/uploads\/sites\/2\/2021\/03\/hudo-app-2.png","width":2185,"height":2167,"caption":"VSN Media"},"image":{"@id":"https:\/\/hudo.com\/si\/#\/schema\/logo\/image\/"},"sameAs":["https:\/\/www.facebook.com\/hudo.si","https:\/\/twitter.com\/hudo_si"]},{"@type":"Person","@id":"https:\/\/hudo.com\/si\/#\/schema\/person\/601cf3379633985b20f7e50f2bb47707","name":"hudo","image":{"@type":"ImageObject","inLanguage":"sl-SI","@id":"https:\/\/hudo.com\/si\/#\/schema\/person\/image\/","url":"https:\/\/secure.gravatar.com\/avatar\/c4ca25fa72cace7a696b52ff5db9e095?s=96&d=mm&r=g","contentUrl":"https:\/\/secure.gravatar.com\/avatar\/c4ca25fa72cace7a696b52ff5db9e095?s=96&d=mm&r=g","caption":"hudo"},"url":"https:\/\/hudo.com\/si\/author\/hudo\/"}]}},"amp_enabled":true,"_links":{"self":[{"href":"https:\/\/hudo.com\/si\/wp-json\/wp\/v2\/posts\/293511"}],"collection":[{"href":"https:\/\/hudo.com\/si\/wp-json\/wp\/v2\/posts"}],"about":[{"href":"https:\/\/hudo.com\/si\/wp-json\/wp\/v2\/types\/post"}],"author":[{"embeddable":true,"href":"https:\/\/hudo.com\/si\/wp-json\/wp\/v2\/users\/1"}],"replies":[{"embeddable":true,"href":"https:\/\/hudo.com\/si\/wp-json\/wp\/v2\/comments?post=293511"}],"version-history":[{"count":0,"href":"https:\/\/hudo.com\/si\/wp-json\/wp\/v2\/posts\/293511\/revisions"}],"wp:attachment":[{"href":"https:\/\/hudo.com\/si\/wp-json\/wp\/v2\/media?parent=293511"}],"wp:term":[{"taxonomy":"category","embeddable":true,"href":"https:\/\/hudo.com\/si\/wp-json\/wp\/v2\/categories?post=293511"},{"taxonomy":"post_tag","embeddable":true,"href":"https:\/\/hudo.com\/si\/wp-json\/wp\/v2\/tags?post=293511"},{"taxonomy":"source","embeddable":true,"href":"https:\/\/hudo.com\/si\/wp-json\/wp\/v2\/source?post=293511"},{"taxonomy":"supertag","embeddable":true,"href":"https:\/\/hudo.com\/si\/wp-json\/wp\/v2\/supertag?post=293511"}],"curies":[{"name":"wp","href":"https:\/\/api.w.org\/{rel}","templated":true}]}}