{"id":29419,"date":"2016-04-14T09:24:00","date_gmt":"2016-04-14T07:24:00","guid":{"rendered":"http:\/\/hudo.com\/si\/2016\/04\/14\/slabsa-napoved-rasti-nemskega-gospodarstva\/"},"modified":"2016-04-14T09:24:00","modified_gmt":"2016-04-14T07:24:00","slug":"slabsa-napoved-rasti-nemskega-gospodarstva","status":"publish","type":"post","link":"https:\/\/hudo.com\/si\/aktualno\/slabsa-napoved-rasti-nemskega-gospodarstva\/","title":{"rendered":"Slab\u0161a napoved rasti nem\u0161kega gospodarstva"},"content":{"rendered":"<p>Kategorija: Finance Thu, 14 Apr 2016 11:24:00 +0200  M\u00fcnchen &#8211; Nem\u0161ki bruto doma\u010di proizvod (BDP) bo letos narasel za 1,6 odstotka, v skupni gospodarski napovedi ocenjujejo \u0161tirje vodilni nem\u0161ki gospodarski in\u0161tituti, potem ko so \u0161e jeseni za leto 2016 napovedovali 1,8-odstotno gospodarsko rast. Poslab\u0161anje napovedi je izklju\u010dno posledica ohlajanja svetovnega gospodarstva ob koncu lanskega leta, so zapisali. \u00bbNem\u0161ko gospodarstvo je danes celo mo\u010dnej\u0161e kot lansko jesen,\u00ab je ocenil analitik pri Ifu Timo Wollmersh\u00e4user, ki je slab\u0161o napoved pripisal slab\u0161emu globalnemu poslovnemu okolju. Prihodnje leto naj bi rast dosegla 1,5 odstotka. Kaj poganja rast Rast gospodarstva bo \u0161e naprej poganjala doma\u010da potro\u0161nja, predvsem na ra\u010dun ve\u010dje zaposlenosti, rasti prihodkov in ve\u010dje kupne mo\u010di zaradi cenej\u0161ih energentov. \u0160tevilo delovno aktivnih ljudi v Nem\u010diji bo letos naraslo za pol milijona na 43,5 milijona, ocenjujejo in\u0161tituti. Pozitivni trendi na trgu dela se bodo nadaljevali tudi prihodnje\u00a0&#8230;<\/p>\n","protected":false},"excerpt":{"rendered":"<p>Kategorija: Finance Thu, 14 Apr 2016 11:24:00 +0200  M\u00fcnchen &#8211; Nem\u0161ki bruto doma\u010di proizvod (BDP) bo letos narasel za 1,6 odstotka, v skupni gospodarski napovedi ocenjujejo \u0161tirje vodilni nem\u0161ki gospodarski in\u0161tituti, potem ko so \u0161e jeseni za leto 2016 napovedovali 1,8-odstotno gospodarsko rast. Poslab\u0161anje napovedi je izklju\u010dno posledica ohlajanja svetovnega gospodarstva ob koncu lanskega leta, so zapisali. \u00bbNem\u0161ko gospodarstvo je danes celo mo\u010dnej\u0161e kot lansko jesen,\u00ab je ocenil analitik pri Ifu Timo Wollmersh\u00e4user, ki je slab\u0161o napoved pripisal slab\u0161emu globalnemu poslovnemu okolju. Prihodnje leto naj bi rast dosegla 1,5 odstotka. Kaj poganja rast Rast gospodarstva bo \u0161e naprej poganjala doma\u010da potro\u0161nja, predvsem na ra\u010dun ve\u010dje zaposlenosti, rasti prihodkov in ve\u010dje kupne mo\u010di zaradi cenej\u0161ih energentov. \u0160tevilo delovno aktivnih ljudi v Nem\u010diji bo letos naraslo za pol milijona na 43,5 milijona, ocenjujejo in\u0161tituti. Pozitivni trendi na trgu dela se bodo nadaljevali tudi prihodnje\u00a0&#8230;<\/p>\n","protected":false},"author":1,"featured_media":0,"comment_status":"closed","ping_status":"closed","sticky":false,"template":"","format":"standard","meta":{"footnotes":""},"categories":[1179],"tags":[],"source":[4511],"supertag":[],"acf":[],"yoast_head":"<!-- This site is optimized with the Yoast SEO plugin v21.3 - https:\/\/yoast.com\/wordpress\/plugins\/seo\/ -->\n<title>Slab\u0161a napoved rasti nem\u0161kega gospodarstva - Hudo Slovenija<\/title>\n<meta name=\"robots\" content=\"index, follow, max-snippet:-1, max-image-preview:large, max-video-preview:-1\" \/>\n<link rel=\"canonical\" href=\"https:\/\/hudo.com\/si\/aktualno\/slabsa-napoved-rasti-nemskega-gospodarstva\/\" \/>\n<meta property=\"og:locale\" content=\"sl_SI\" \/>\n<meta property=\"og:type\" content=\"article\" \/>\n<meta property=\"og:title\" content=\"Slab\u0161a napoved rasti nem\u0161kega gospodarstva - Hudo Slovenija\" \/>\n<meta property=\"og:description\" content=\"Kategorija: Finance Thu, 14 Apr 2016 11:24:00 +0200 M\u00fcnchen - Nem\u0161ki bruto doma\u010di proizvod (BDP) bo letos narasel za 1,6 odstotka, v skupni gospodarski napovedi ocenjujejo \u0161tirje vodilni nem\u0161ki gospodarski in\u0161tituti, potem ko so \u0161e jeseni za leto 2016 napovedovali 1,8-odstotno gospodarsko rast. Poslab\u0161anje napovedi je izklju\u010dno posledica ohlajanja svetovnega gospodarstva ob koncu lanskega leta, so zapisali. \u00bbNem\u0161ko gospodarstvo je danes celo mo\u010dnej\u0161e kot lansko jesen,\u00ab je ocenil analitik pri Ifu Timo Wollmersh\u00e4user, ki je slab\u0161o napoved pripisal slab\u0161emu globalnemu poslovnemu okolju. Prihodnje leto naj bi rast dosegla 1,5 odstotka. Kaj poganja rast Rast gospodarstva bo \u0161e naprej poganjala doma\u010da potro\u0161nja, predvsem na ra\u010dun ve\u010dje zaposlenosti, rasti prihodkov in ve\u010dje kupne mo\u010di zaradi cenej\u0161ih energentov. \u0160tevilo delovno aktivnih ljudi v Nem\u010diji bo letos naraslo za pol milijona na 43,5 milijona, ocenjujejo in\u0161tituti. Pozitivni trendi na trgu dela se bodo nadaljevali tudi prihodnje\u00a0...\" \/>\n<meta property=\"og:url\" content=\"https:\/\/hudo.com\/si\/aktualno\/slabsa-napoved-rasti-nemskega-gospodarstva\/\" \/>\n<meta property=\"og:site_name\" content=\"Hudo Slovenija\" \/>\n<meta property=\"article:publisher\" content=\"https:\/\/www.facebook.com\/hudo.si\" \/>\n<meta property=\"article:published_time\" content=\"2016-04-14T07:24:00+00:00\" \/>\n<meta property=\"og:image\" content=\"https:\/\/hudo.com\/si\/wp-content\/uploads\/sites\/2\/2016\/04\/480x290_Reuters_Pictures-20160413100723-00659900.jpeg\" \/>\n\t<meta property=\"og:image:width\" content=\"480\" \/>\n\t<meta property=\"og:image:height\" content=\"290\" \/>\n\t<meta property=\"og:image:type\" content=\"image\/jpeg\" \/>\n<meta name=\"author\" content=\"hudo\" \/>\n<meta name=\"twitter:card\" content=\"summary_large_image\" \/>\n<meta name=\"twitter:creator\" content=\"@hudo_si\" \/>\n<meta name=\"twitter:site\" content=\"@hudo_si\" \/>\n<meta name=\"twitter:label1\" content=\"Written by\" \/>\n\t<meta name=\"twitter:data1\" content=\"hudo\" \/>\n\t<meta name=\"twitter:label2\" content=\"Est. reading time\" \/>\n\t<meta name=\"twitter:data2\" content=\"1 minuta\" \/>\n<script type=\"application\/ld+json\" class=\"yoast-schema-graph\">{\"@context\":\"https:\/\/schema.org\",\"@graph\":[{\"@type\":\"Article\",\"@id\":\"https:\/\/hudo.com\/si\/aktualno\/slabsa-napoved-rasti-nemskega-gospodarstva\/#article\",\"isPartOf\":{\"@id\":\"https:\/\/hudo.com\/si\/aktualno\/slabsa-napoved-rasti-nemskega-gospodarstva\/\"},\"author\":{\"name\":\"hudo\",\"@id\":\"https:\/\/hudo.com\/si\/#\/schema\/person\/601cf3379633985b20f7e50f2bb47707\"},\"headline\":\"Slab\u0161a napoved rasti nem\u0161kega gospodarstva\",\"datePublished\":\"2016-04-14T07:24:00+00:00\",\"dateModified\":\"2016-04-14T07:24:00+00:00\",\"mainEntityOfPage\":{\"@id\":\"https:\/\/hudo.com\/si\/aktualno\/slabsa-napoved-rasti-nemskega-gospodarstva\/\"},\"wordCount\":163,\"publisher\":{\"@id\":\"https:\/\/hudo.com\/si\/#organization\"},\"articleSection\":[\"Aktualno\"],\"inLanguage\":\"sl-SI\"},{\"@type\":\"WebPage\",\"@id\":\"https:\/\/hudo.com\/si\/aktualno\/slabsa-napoved-rasti-nemskega-gospodarstva\/\",\"url\":\"https:\/\/hudo.com\/si\/aktualno\/slabsa-napoved-rasti-nemskega-gospodarstva\/\",\"name\":\"Slab\u0161a napoved rasti nem\u0161kega gospodarstva - Hudo Slovenija\",\"isPartOf\":{\"@id\":\"https:\/\/hudo.com\/si\/#website\"},\"datePublished\":\"2016-04-14T07:24:00+00:00\",\"dateModified\":\"2016-04-14T07:24:00+00:00\",\"breadcrumb\":{\"@id\":\"https:\/\/hudo.com\/si\/aktualno\/slabsa-napoved-rasti-nemskega-gospodarstva\/#breadcrumb\"},\"inLanguage\":\"sl-SI\",\"potentialAction\":[{\"@type\":\"ReadAction\",\"target\":[\"https:\/\/hudo.com\/si\/aktualno\/slabsa-napoved-rasti-nemskega-gospodarstva\/\"]}]},{\"@type\":\"BreadcrumbList\",\"@id\":\"https:\/\/hudo.com\/si\/aktualno\/slabsa-napoved-rasti-nemskega-gospodarstva\/#breadcrumb\",\"itemListElement\":[{\"@type\":\"ListItem\",\"position\":1,\"name\":\"Home\",\"item\":\"https:\/\/hudo.com\/si\/\"},{\"@type\":\"ListItem\",\"position\":2,\"name\":\"Slab\u0161a napoved rasti nem\u0161kega gospodarstva\"}]},{\"@type\":\"WebSite\",\"@id\":\"https:\/\/hudo.com\/si\/#website\",\"url\":\"https:\/\/hudo.com\/si\/\",\"name\":\"Hudo Slovenija\",\"description\":\"Vse novice iz Slovenije in sveta\",\"publisher\":{\"@id\":\"https:\/\/hudo.com\/si\/#organization\"},\"potentialAction\":[{\"@type\":\"SearchAction\",\"target\":{\"@type\":\"EntryPoint\",\"urlTemplate\":\"https:\/\/hudo.com\/si\/?s={search_term_string}\"},\"query-input\":\"required name=search_term_string\"}],\"inLanguage\":\"sl-SI\"},{\"@type\":\"Organization\",\"@id\":\"https:\/\/hudo.com\/si\/#organization\",\"name\":\"VSN Media\",\"url\":\"https:\/\/hudo.com\/si\/\",\"logo\":{\"@type\":\"ImageObject\",\"inLanguage\":\"sl-SI\",\"@id\":\"https:\/\/hudo.com\/si\/#\/schema\/logo\/image\/\",\"url\":\"https:\/\/hudo.com\/si\/wp-content\/uploads\/sites\/2\/2021\/03\/hudo-app-2.png\",\"contentUrl\":\"https:\/\/hudo.com\/si\/wp-content\/uploads\/sites\/2\/2021\/03\/hudo-app-2.png\",\"width\":2185,\"height\":2167,\"caption\":\"VSN Media\"},\"image\":{\"@id\":\"https:\/\/hudo.com\/si\/#\/schema\/logo\/image\/\"},\"sameAs\":[\"https:\/\/www.facebook.com\/hudo.si\",\"https:\/\/twitter.com\/hudo_si\"]},{\"@type\":\"Person\",\"@id\":\"https:\/\/hudo.com\/si\/#\/schema\/person\/601cf3379633985b20f7e50f2bb47707\",\"name\":\"hudo\",\"image\":{\"@type\":\"ImageObject\",\"inLanguage\":\"sl-SI\",\"@id\":\"https:\/\/hudo.com\/si\/#\/schema\/person\/image\/\",\"url\":\"https:\/\/secure.gravatar.com\/avatar\/c4ca25fa72cace7a696b52ff5db9e095?s=96&d=mm&r=g\",\"contentUrl\":\"https:\/\/secure.gravatar.com\/avatar\/c4ca25fa72cace7a696b52ff5db9e095?s=96&d=mm&r=g\",\"caption\":\"hudo\"},\"url\":\"https:\/\/hudo.com\/si\/author\/hudo\/\"}]}<\/script>\n<!-- \/ Yoast SEO plugin. -->","yoast_head_json":{"title":"Slab\u0161a napoved rasti nem\u0161kega gospodarstva - Hudo Slovenija","robots":{"index":"index","follow":"follow","max-snippet":"max-snippet:-1","max-image-preview":"max-image-preview:large","max-video-preview":"max-video-preview:-1"},"canonical":"https:\/\/hudo.com\/si\/aktualno\/slabsa-napoved-rasti-nemskega-gospodarstva\/","og_locale":"sl_SI","og_type":"article","og_title":"Slab\u0161a napoved rasti nem\u0161kega gospodarstva - Hudo Slovenija","og_description":"Kategorija: Finance Thu, 14 Apr 2016 11:24:00 +0200 M\u00fcnchen - Nem\u0161ki bruto doma\u010di proizvod (BDP) bo letos narasel za 1,6 odstotka, v skupni gospodarski napovedi ocenjujejo \u0161tirje vodilni nem\u0161ki gospodarski in\u0161tituti, potem ko so \u0161e jeseni za leto 2016 napovedovali 1,8-odstotno gospodarsko rast. Poslab\u0161anje napovedi je izklju\u010dno posledica ohlajanja svetovnega gospodarstva ob koncu lanskega leta, so zapisali. \u00bbNem\u0161ko gospodarstvo je danes celo mo\u010dnej\u0161e kot lansko jesen,\u00ab je ocenil analitik pri Ifu Timo Wollmersh\u00e4user, ki je slab\u0161o napoved pripisal slab\u0161emu globalnemu poslovnemu okolju. Prihodnje leto naj bi rast dosegla 1,5 odstotka. Kaj poganja rast Rast gospodarstva bo \u0161e naprej poganjala doma\u010da potro\u0161nja, predvsem na ra\u010dun ve\u010dje zaposlenosti, rasti prihodkov in ve\u010dje kupne mo\u010di zaradi cenej\u0161ih energentov. \u0160tevilo delovno aktivnih ljudi v Nem\u010diji bo letos naraslo za pol milijona na 43,5 milijona, ocenjujejo in\u0161tituti. Pozitivni trendi na trgu dela se bodo nadaljevali tudi prihodnje\u00a0...","og_url":"https:\/\/hudo.com\/si\/aktualno\/slabsa-napoved-rasti-nemskega-gospodarstva\/","og_site_name":"Hudo Slovenija","article_publisher":"https:\/\/www.facebook.com\/hudo.si","article_published_time":"2016-04-14T07:24:00+00:00","og_image":[{"width":480,"height":290,"url":"https:\/\/hudo.com\/si\/wp-content\/uploads\/sites\/2\/2016\/04\/480x290_Reuters_Pictures-20160413100723-00659900.jpeg","type":"image\/jpeg"}],"author":"hudo","twitter_card":"summary_large_image","twitter_creator":"@hudo_si","twitter_site":"@hudo_si","twitter_misc":{"Written by":"hudo","Est. reading time":"1 minuta"},"schema":{"@context":"https:\/\/schema.org","@graph":[{"@type":"Article","@id":"https:\/\/hudo.com\/si\/aktualno\/slabsa-napoved-rasti-nemskega-gospodarstva\/#article","isPartOf":{"@id":"https:\/\/hudo.com\/si\/aktualno\/slabsa-napoved-rasti-nemskega-gospodarstva\/"},"author":{"name":"hudo","@id":"https:\/\/hudo.com\/si\/#\/schema\/person\/601cf3379633985b20f7e50f2bb47707"},"headline":"Slab\u0161a napoved rasti nem\u0161kega gospodarstva","datePublished":"2016-04-14T07:24:00+00:00","dateModified":"2016-04-14T07:24:00+00:00","mainEntityOfPage":{"@id":"https:\/\/hudo.com\/si\/aktualno\/slabsa-napoved-rasti-nemskega-gospodarstva\/"},"wordCount":163,"publisher":{"@id":"https:\/\/hudo.com\/si\/#organization"},"articleSection":["Aktualno"],"inLanguage":"sl-SI"},{"@type":"WebPage","@id":"https:\/\/hudo.com\/si\/aktualno\/slabsa-napoved-rasti-nemskega-gospodarstva\/","url":"https:\/\/hudo.com\/si\/aktualno\/slabsa-napoved-rasti-nemskega-gospodarstva\/","name":"Slab\u0161a napoved rasti nem\u0161kega gospodarstva - Hudo Slovenija","isPartOf":{"@id":"https:\/\/hudo.com\/si\/#website"},"datePublished":"2016-04-14T07:24:00+00:00","dateModified":"2016-04-14T07:24:00+00:00","breadcrumb":{"@id":"https:\/\/hudo.com\/si\/aktualno\/slabsa-napoved-rasti-nemskega-gospodarstva\/#breadcrumb"},"inLanguage":"sl-SI","potentialAction":[{"@type":"ReadAction","target":["https:\/\/hudo.com\/si\/aktualno\/slabsa-napoved-rasti-nemskega-gospodarstva\/"]}]},{"@type":"BreadcrumbList","@id":"https:\/\/hudo.com\/si\/aktualno\/slabsa-napoved-rasti-nemskega-gospodarstva\/#breadcrumb","itemListElement":[{"@type":"ListItem","position":1,"name":"Home","item":"https:\/\/hudo.com\/si\/"},{"@type":"ListItem","position":2,"name":"Slab\u0161a napoved rasti nem\u0161kega gospodarstva"}]},{"@type":"WebSite","@id":"https:\/\/hudo.com\/si\/#website","url":"https:\/\/hudo.com\/si\/","name":"Hudo Slovenija","description":"Vse novice iz Slovenije in sveta","publisher":{"@id":"https:\/\/hudo.com\/si\/#organization"},"potentialAction":[{"@type":"SearchAction","target":{"@type":"EntryPoint","urlTemplate":"https:\/\/hudo.com\/si\/?s={search_term_string}"},"query-input":"required name=search_term_string"}],"inLanguage":"sl-SI"},{"@type":"Organization","@id":"https:\/\/hudo.com\/si\/#organization","name":"VSN Media","url":"https:\/\/hudo.com\/si\/","logo":{"@type":"ImageObject","inLanguage":"sl-SI","@id":"https:\/\/hudo.com\/si\/#\/schema\/logo\/image\/","url":"https:\/\/hudo.com\/si\/wp-content\/uploads\/sites\/2\/2021\/03\/hudo-app-2.png","contentUrl":"https:\/\/hudo.com\/si\/wp-content\/uploads\/sites\/2\/2021\/03\/hudo-app-2.png","width":2185,"height":2167,"caption":"VSN Media"},"image":{"@id":"https:\/\/hudo.com\/si\/#\/schema\/logo\/image\/"},"sameAs":["https:\/\/www.facebook.com\/hudo.si","https:\/\/twitter.com\/hudo_si"]},{"@type":"Person","@id":"https:\/\/hudo.com\/si\/#\/schema\/person\/601cf3379633985b20f7e50f2bb47707","name":"hudo","image":{"@type":"ImageObject","inLanguage":"sl-SI","@id":"https:\/\/hudo.com\/si\/#\/schema\/person\/image\/","url":"https:\/\/secure.gravatar.com\/avatar\/c4ca25fa72cace7a696b52ff5db9e095?s=96&d=mm&r=g","contentUrl":"https:\/\/secure.gravatar.com\/avatar\/c4ca25fa72cace7a696b52ff5db9e095?s=96&d=mm&r=g","caption":"hudo"},"url":"https:\/\/hudo.com\/si\/author\/hudo\/"}]}},"amp_enabled":true,"_links":{"self":[{"href":"https:\/\/hudo.com\/si\/wp-json\/wp\/v2\/posts\/29419"}],"collection":[{"href":"https:\/\/hudo.com\/si\/wp-json\/wp\/v2\/posts"}],"about":[{"href":"https:\/\/hudo.com\/si\/wp-json\/wp\/v2\/types\/post"}],"author":[{"embeddable":true,"href":"https:\/\/hudo.com\/si\/wp-json\/wp\/v2\/users\/1"}],"replies":[{"embeddable":true,"href":"https:\/\/hudo.com\/si\/wp-json\/wp\/v2\/comments?post=29419"}],"version-history":[{"count":0,"href":"https:\/\/hudo.com\/si\/wp-json\/wp\/v2\/posts\/29419\/revisions"}],"wp:attachment":[{"href":"https:\/\/hudo.com\/si\/wp-json\/wp\/v2\/media?parent=29419"}],"wp:term":[{"taxonomy":"category","embeddable":true,"href":"https:\/\/hudo.com\/si\/wp-json\/wp\/v2\/categories?post=29419"},{"taxonomy":"post_tag","embeddable":true,"href":"https:\/\/hudo.com\/si\/wp-json\/wp\/v2\/tags?post=29419"},{"taxonomy":"source","embeddable":true,"href":"https:\/\/hudo.com\/si\/wp-json\/wp\/v2\/source?post=29419"},{"taxonomy":"supertag","embeddable":true,"href":"https:\/\/hudo.com\/si\/wp-json\/wp\/v2\/supertag?post=29419"}],"curies":[{"name":"wp","href":"https:\/\/api.w.org\/{rel}","templated":true}]}}