{"id":294256,"date":"2017-09-01T14:46:00","date_gmt":"2017-09-01T12:46:00","guid":{"rendered":"http:\/\/hudo.com\/si\/2017\/09\/01\/dokler-bo-konjunktura-v-nemciji-bo-tudi-v-sloveniji\/"},"modified":"2017-09-01T14:46:00","modified_gmt":"2017-09-01T12:46:00","slug":"dokler-bo-konjunktura-v-nemciji-bo-tudi-v-sloveniji","status":"publish","type":"post","link":"https:\/\/hudo.com\/si\/aktualno\/dokler-bo-konjunktura-v-nemciji-bo-tudi-v-sloveniji\/","title":{"rendered":"Dokler bo konjunktura v Nem\u010diji, bo tudi v Sloveniji"},"content":{"rendered":"<p>Gospodarsko rast v Sloveniji spodbuja ve\u010d dejavnikov. Eden od glavnih je izvoz, ki se je v drugem \u010detrtletju okrepil za 8,3 odstotka. Za majhno izvozno usmerjeno gospodarstvo, kot je slovensko, je to normalno. To pa tudi pomeni, da je uspe\u0161nost tak\u0161nih gospodarstev v najve\u010dji meri odvisna od zunanjih dejavnikov. Uspe\u0161nost slovenskega gospodarstva je v najve\u010dji meri odvisna od uspe\u0161nosti nem\u0161kega, saj je Nem\u010dija glavna gospodarska partnerica slovenskih podjetij.   Slovensko gospodarstvo je v najve\u010dji meri odvisno od glavne gospodarska partnerice slovenskih podjetij &#8211; Nem\u010dije    Nem\u0161ki bruto doma\u010di proizvod (BDP) se je v drugem \u010detrtletju letos po prvih podatkih nem\u0161kega dr\u017eavnega statisti\u010dnega urada pove\u010dal za 0,6 odstotka, kar je enako rasti v obmo\u010dju evra. Ekonomisti so ra\u010dunali, da bo nem\u0161ka rast dosegla 0,7 odstotka. Manj\u0161a rast od predvidene je po njihovi oceni posledica zmanj\u0161anja izvoza. Padec junijskega izvoza nem\u0161kih podjetij je bil najve\u010dji v zadnjih dveh letih. Kljub temu je raven nem\u0161kega izvoza \u0161e vedno visoka, zato analitiki niso vznemirjeni. Posebej so Nemci zadovoljni s trgovanjem z drugimi dr\u017eavami z evrom. Junija letos se je nem\u0161ki izvoz v druge dr\u017eave z evrom v primerjavi z junijem 2016 pove\u010dal za 2,7 odstotka. Rast pla\u010d in doma\u010de potro\u0161nje Drugi pomembni dejavnik slovenske gospodarske rasti je rast doma\u010de potro\u0161nje, ki je bila sicer v drugem \u010detrtletju zmernej\u0161a kot v prvih treh mesecih letos. Potro\u0161nja gospodinjstev, ki je najpomembnej\u0161a komponenta doma\u010dega tro\u0161enja, se je od aprila do junija pove\u010dala za 3,2 odstotka in h gospodarski rasti prispevala 1,7 odstotne to\u010dke, kar je manj kot v prvem \u010detrtletju, ko je njen prispevek zna\u0161al 2,1 odstotka, so izra\u010dunali na dr\u017eavnem statisti\u010dnem uradu. Po podatkih Urada za makroekonomske analize in razvoj (UMAR) je rast zaposlenosti eden od klju\u010dnih dejavnikov za rast zasebne potro\u0161nje. Po podatkih statisti\u010dnega urada je bilo v Sloveniji v drugem \u010detrtletju letos zaposlenih 983 tiso\u010d oseb, kar je 2,8 odstot<\/p>\n","protected":false},"excerpt":{"rendered":"<p>Gospodarsko rast v Sloveniji spodbuja ve\u010d dejavnikov. Eden od glavnih je izvoz, ki se je v drugem \u010detrtletju okrepil za 8,3 odstotka. Za majhno izvozno usmerjeno gospodarstvo, kot je slovensko, je to normalno. To pa tudi pomeni, da je uspe\u0161nost tak\u0161nih gospodarstev v najve\u010dji meri odvisna od zunanjih dejavnikov. Uspe\u0161nost slovenskega gospodarstva je v najve\u010dji meri odvisna od uspe\u0161nosti nem\u0161kega, saj je Nem\u010dija glavna gospodarska partnerica slovenskih podjetij.   Slovensko gospodarstvo je v najve\u010dji meri odvisno od glavne gospodarska partnerice slovenskih podjetij &#8211; Nem\u010dije    Nem\u0161ki bruto doma\u010di proizvod (BDP) se je v drugem \u010detrtletju letos po prvih podatkih nem\u0161kega dr\u017eavnega statisti\u010dnega urada pove\u010dal za 0,6 odstotka, kar je enako rasti v obmo\u010dju evra. Ekonomisti so ra\u010dunali, da bo nem\u0161ka rast dosegla 0,7 odstotka. Manj\u0161a rast od predvidene je po njihovi oceni posledica zmanj\u0161anja izvoza. Padec junijskega izvoza nem\u0161kih podjetij je bil najve\u010dji v zadnjih dveh letih. Kljub temu je raven nem\u0161kega izvoza \u0161e vedno visoka, zato analitiki niso vznemirjeni. Posebej so Nemci zadovoljni s trgovanjem z drugimi dr\u017eavami z evrom. Junija letos se je nem\u0161ki izvoz v druge dr\u017eave z evrom v primerjavi z junijem 2016 pove\u010dal za 2,7 odstotka. Rast pla\u010d in doma\u010de potro\u0161nje Drugi pomembni dejavnik slovenske gospodarske rasti je rast doma\u010de potro\u0161nje, ki je bila sicer v drugem \u010detrtletju zmernej\u0161a kot v prvih treh mesecih letos. Potro\u0161nja gospodinjstev, ki je najpomembnej\u0161a komponenta doma\u010dega tro\u0161enja, se je od aprila do junija pove\u010dala za 3,2 odstotka in h gospodarski rasti prispevala 1,7 odstotne to\u010dke, kar je manj kot v prvem \u010detrtletju, ko je njen prispevek zna\u0161al 2,1 odstotka, so izra\u010dunali na dr\u017eavnem statisti\u010dnem uradu. Po podatkih Urada za makroekonomske analize in razvoj (UMAR) je rast zaposlenosti eden od klju\u010dnih dejavnikov za rast zasebne potro\u0161nje. Po podatkih statisti\u010dnega urada je bilo v Sloveniji v drugem \u010detrtletju letos zaposlenih 983 tiso\u010d oseb, kar je 2,8 odstot<\/p>\n","protected":false},"author":1,"featured_media":0,"comment_status":"closed","ping_status":"closed","sticky":false,"template":"","format":"standard","meta":{"footnotes":""},"categories":[1179],"tags":[],"source":[1711],"supertag":[],"acf":[],"yoast_head":"<!-- This site is optimized with the Yoast SEO plugin v21.3 - https:\/\/yoast.com\/wordpress\/plugins\/seo\/ -->\n<title>Dokler bo konjunktura v Nem\u010diji, bo tudi v Sloveniji - Hudo Slovenija<\/title>\n<meta name=\"robots\" content=\"index, follow, max-snippet:-1, max-image-preview:large, max-video-preview:-1\" \/>\n<link rel=\"canonical\" href=\"https:\/\/hudo.com\/si\/aktualno\/dokler-bo-konjunktura-v-nemciji-bo-tudi-v-sloveniji\/\" \/>\n<meta property=\"og:locale\" content=\"sl_SI\" \/>\n<meta property=\"og:type\" content=\"article\" \/>\n<meta property=\"og:title\" content=\"Dokler bo konjunktura v Nem\u010diji, bo tudi v Sloveniji - Hudo Slovenija\" \/>\n<meta property=\"og:description\" content=\"Gospodarsko rast v Sloveniji spodbuja ve\u010d dejavnikov. Eden od glavnih je izvoz, ki se je v drugem \u010detrtletju okrepil za 8,3 odstotka. Za majhno izvozno usmerjeno gospodarstvo, kot je slovensko, je to normalno. To pa tudi pomeni, da je uspe\u0161nost tak\u0161nih gospodarstev v najve\u010dji meri odvisna od zunanjih dejavnikov. Uspe\u0161nost slovenskega gospodarstva je v najve\u010dji meri odvisna od uspe\u0161nosti nem\u0161kega, saj je Nem\u010dija glavna gospodarska partnerica slovenskih podjetij.  Slovensko gospodarstvo je v najve\u010dji meri odvisno od glavne gospodarska partnerice slovenskih podjetij - Nem\u010dije  Nem\u0161ki bruto doma\u010di proizvod (BDP) se je v drugem \u010detrtletju letos po prvih podatkih nem\u0161kega dr\u017eavnega statisti\u010dnega urada pove\u010dal za 0,6 odstotka, kar je enako rasti v obmo\u010dju evra. Ekonomisti so ra\u010dunali, da bo nem\u0161ka rast dosegla 0,7 odstotka. Manj\u0161a rast od predvidene je po njihovi oceni posledica zmanj\u0161anja izvoza. Padec junijskega izvoza nem\u0161kih podjetij je bil najve\u010dji v zadnjih dveh letih. Kljub temu je raven nem\u0161kega izvoza \u0161e vedno visoka, zato analitiki niso vznemirjeni. Posebej so Nemci zadovoljni s trgovanjem z drugimi dr\u017eavami z evrom. Junija letos se je nem\u0161ki izvoz v druge dr\u017eave z evrom v primerjavi z junijem 2016 pove\u010dal za 2,7 odstotka. Rast pla\u010d in doma\u010de potro\u0161nje Drugi pomembni dejavnik slovenske gospodarske rasti je rast doma\u010de potro\u0161nje, ki je bila sicer v drugem \u010detrtletju zmernej\u0161a kot v prvih treh mesecih letos. Potro\u0161nja gospodinjstev, ki je najpomembnej\u0161a komponenta doma\u010dega tro\u0161enja, se je od aprila do junija pove\u010dala za 3,2 odstotka in h gospodarski rasti prispevala 1,7 odstotne to\u010dke, kar je manj kot v prvem \u010detrtletju, ko je njen prispevek zna\u0161al 2,1 odstotka, so izra\u010dunali na dr\u017eavnem statisti\u010dnem uradu. Po podatkih Urada za makroekonomske analize in razvoj (UMAR) je rast zaposlenosti eden od klju\u010dnih dejavnikov za rast zasebne potro\u0161nje. Po podatkih statisti\u010dnega urada je bilo v Sloveniji v drugem \u010detrtletju letos zaposlenih 983 tiso\u010d oseb, kar je 2,8 odstot\" \/>\n<meta property=\"og:url\" content=\"https:\/\/hudo.com\/si\/aktualno\/dokler-bo-konjunktura-v-nemciji-bo-tudi-v-sloveniji\/\" \/>\n<meta property=\"og:site_name\" content=\"Hudo Slovenija\" \/>\n<meta property=\"article:publisher\" content=\"https:\/\/www.facebook.com\/hudo.si\" \/>\n<meta property=\"article:published_time\" content=\"2017-09-01T12:46:00+00:00\" \/>\n<meta property=\"og:image\" content=\"https:\/\/hudo.com\/si\/wp-content\/uploads\/sites\/2\/2017\/09\/2973912-300.jpg\" \/>\n\t<meta property=\"og:image:width\" content=\"450\" \/>\n\t<meta property=\"og:image:height\" content=\"281\" \/>\n\t<meta property=\"og:image:type\" content=\"image\/jpeg\" \/>\n<meta name=\"author\" content=\"hudo\" \/>\n<meta name=\"twitter:card\" content=\"summary_large_image\" \/>\n<meta name=\"twitter:creator\" content=\"@hudo_si\" \/>\n<meta name=\"twitter:site\" content=\"@hudo_si\" \/>\n<meta name=\"twitter:label1\" content=\"Written by\" \/>\n\t<meta name=\"twitter:data1\" content=\"hudo\" \/>\n\t<meta name=\"twitter:label2\" content=\"Est. reading time\" \/>\n\t<meta name=\"twitter:data2\" content=\"2 minuti\" \/>\n<script type=\"application\/ld+json\" class=\"yoast-schema-graph\">{\"@context\":\"https:\/\/schema.org\",\"@graph\":[{\"@type\":\"Article\",\"@id\":\"https:\/\/hudo.com\/si\/aktualno\/dokler-bo-konjunktura-v-nemciji-bo-tudi-v-sloveniji\/#article\",\"isPartOf\":{\"@id\":\"https:\/\/hudo.com\/si\/aktualno\/dokler-bo-konjunktura-v-nemciji-bo-tudi-v-sloveniji\/\"},\"author\":{\"name\":\"hudo\",\"@id\":\"https:\/\/hudo.com\/si\/#\/schema\/person\/601cf3379633985b20f7e50f2bb47707\"},\"headline\":\"Dokler bo konjunktura v Nem\u010diji, bo tudi v Sloveniji\",\"datePublished\":\"2017-09-01T12:46:00+00:00\",\"dateModified\":\"2017-09-01T12:46:00+00:00\",\"mainEntityOfPage\":{\"@id\":\"https:\/\/hudo.com\/si\/aktualno\/dokler-bo-konjunktura-v-nemciji-bo-tudi-v-sloveniji\/\"},\"wordCount\":350,\"publisher\":{\"@id\":\"https:\/\/hudo.com\/si\/#organization\"},\"articleSection\":[\"Aktualno\"],\"inLanguage\":\"sl-SI\"},{\"@type\":\"WebPage\",\"@id\":\"https:\/\/hudo.com\/si\/aktualno\/dokler-bo-konjunktura-v-nemciji-bo-tudi-v-sloveniji\/\",\"url\":\"https:\/\/hudo.com\/si\/aktualno\/dokler-bo-konjunktura-v-nemciji-bo-tudi-v-sloveniji\/\",\"name\":\"Dokler bo konjunktura v Nem\u010diji, bo tudi v Sloveniji - Hudo Slovenija\",\"isPartOf\":{\"@id\":\"https:\/\/hudo.com\/si\/#website\"},\"datePublished\":\"2017-09-01T12:46:00+00:00\",\"dateModified\":\"2017-09-01T12:46:00+00:00\",\"breadcrumb\":{\"@id\":\"https:\/\/hudo.com\/si\/aktualno\/dokler-bo-konjunktura-v-nemciji-bo-tudi-v-sloveniji\/#breadcrumb\"},\"inLanguage\":\"sl-SI\",\"potentialAction\":[{\"@type\":\"ReadAction\",\"target\":[\"https:\/\/hudo.com\/si\/aktualno\/dokler-bo-konjunktura-v-nemciji-bo-tudi-v-sloveniji\/\"]}]},{\"@type\":\"BreadcrumbList\",\"@id\":\"https:\/\/hudo.com\/si\/aktualno\/dokler-bo-konjunktura-v-nemciji-bo-tudi-v-sloveniji\/#breadcrumb\",\"itemListElement\":[{\"@type\":\"ListItem\",\"position\":1,\"name\":\"Home\",\"item\":\"https:\/\/hudo.com\/si\/\"},{\"@type\":\"ListItem\",\"position\":2,\"name\":\"Dokler bo konjunktura v Nem\u010diji, bo tudi v Sloveniji\"}]},{\"@type\":\"WebSite\",\"@id\":\"https:\/\/hudo.com\/si\/#website\",\"url\":\"https:\/\/hudo.com\/si\/\",\"name\":\"Hudo Slovenija\",\"description\":\"Vse novice iz Slovenije in sveta\",\"publisher\":{\"@id\":\"https:\/\/hudo.com\/si\/#organization\"},\"potentialAction\":[{\"@type\":\"SearchAction\",\"target\":{\"@type\":\"EntryPoint\",\"urlTemplate\":\"https:\/\/hudo.com\/si\/?s={search_term_string}\"},\"query-input\":\"required name=search_term_string\"}],\"inLanguage\":\"sl-SI\"},{\"@type\":\"Organization\",\"@id\":\"https:\/\/hudo.com\/si\/#organization\",\"name\":\"VSN Media\",\"url\":\"https:\/\/hudo.com\/si\/\",\"logo\":{\"@type\":\"ImageObject\",\"inLanguage\":\"sl-SI\",\"@id\":\"https:\/\/hudo.com\/si\/#\/schema\/logo\/image\/\",\"url\":\"https:\/\/hudo.com\/si\/wp-content\/uploads\/sites\/2\/2021\/03\/hudo-app-2.png\",\"contentUrl\":\"https:\/\/hudo.com\/si\/wp-content\/uploads\/sites\/2\/2021\/03\/hudo-app-2.png\",\"width\":2185,\"height\":2167,\"caption\":\"VSN Media\"},\"image\":{\"@id\":\"https:\/\/hudo.com\/si\/#\/schema\/logo\/image\/\"},\"sameAs\":[\"https:\/\/www.facebook.com\/hudo.si\",\"https:\/\/twitter.com\/hudo_si\"]},{\"@type\":\"Person\",\"@id\":\"https:\/\/hudo.com\/si\/#\/schema\/person\/601cf3379633985b20f7e50f2bb47707\",\"name\":\"hudo\",\"image\":{\"@type\":\"ImageObject\",\"inLanguage\":\"sl-SI\",\"@id\":\"https:\/\/hudo.com\/si\/#\/schema\/person\/image\/\",\"url\":\"https:\/\/secure.gravatar.com\/avatar\/c4ca25fa72cace7a696b52ff5db9e095?s=96&d=mm&r=g\",\"contentUrl\":\"https:\/\/secure.gravatar.com\/avatar\/c4ca25fa72cace7a696b52ff5db9e095?s=96&d=mm&r=g\",\"caption\":\"hudo\"},\"url\":\"https:\/\/hudo.com\/si\/author\/hudo\/\"}]}<\/script>\n<!-- \/ Yoast SEO plugin. -->","yoast_head_json":{"title":"Dokler bo konjunktura v Nem\u010diji, bo tudi v Sloveniji - Hudo Slovenija","robots":{"index":"index","follow":"follow","max-snippet":"max-snippet:-1","max-image-preview":"max-image-preview:large","max-video-preview":"max-video-preview:-1"},"canonical":"https:\/\/hudo.com\/si\/aktualno\/dokler-bo-konjunktura-v-nemciji-bo-tudi-v-sloveniji\/","og_locale":"sl_SI","og_type":"article","og_title":"Dokler bo konjunktura v Nem\u010diji, bo tudi v Sloveniji - Hudo Slovenija","og_description":"Gospodarsko rast v Sloveniji spodbuja ve\u010d dejavnikov. Eden od glavnih je izvoz, ki se je v drugem \u010detrtletju okrepil za 8,3 odstotka. Za majhno izvozno usmerjeno gospodarstvo, kot je slovensko, je to normalno. To pa tudi pomeni, da je uspe\u0161nost tak\u0161nih gospodarstev v najve\u010dji meri odvisna od zunanjih dejavnikov. Uspe\u0161nost slovenskega gospodarstva je v najve\u010dji meri odvisna od uspe\u0161nosti nem\u0161kega, saj je Nem\u010dija glavna gospodarska partnerica slovenskih podjetij.  Slovensko gospodarstvo je v najve\u010dji meri odvisno od glavne gospodarska partnerice slovenskih podjetij - Nem\u010dije  Nem\u0161ki bruto doma\u010di proizvod (BDP) se je v drugem \u010detrtletju letos po prvih podatkih nem\u0161kega dr\u017eavnega statisti\u010dnega urada pove\u010dal za 0,6 odstotka, kar je enako rasti v obmo\u010dju evra. Ekonomisti so ra\u010dunali, da bo nem\u0161ka rast dosegla 0,7 odstotka. Manj\u0161a rast od predvidene je po njihovi oceni posledica zmanj\u0161anja izvoza. Padec junijskega izvoza nem\u0161kih podjetij je bil najve\u010dji v zadnjih dveh letih. Kljub temu je raven nem\u0161kega izvoza \u0161e vedno visoka, zato analitiki niso vznemirjeni. Posebej so Nemci zadovoljni s trgovanjem z drugimi dr\u017eavami z evrom. Junija letos se je nem\u0161ki izvoz v druge dr\u017eave z evrom v primerjavi z junijem 2016 pove\u010dal za 2,7 odstotka. Rast pla\u010d in doma\u010de potro\u0161nje Drugi pomembni dejavnik slovenske gospodarske rasti je rast doma\u010de potro\u0161nje, ki je bila sicer v drugem \u010detrtletju zmernej\u0161a kot v prvih treh mesecih letos. Potro\u0161nja gospodinjstev, ki je najpomembnej\u0161a komponenta doma\u010dega tro\u0161enja, se je od aprila do junija pove\u010dala za 3,2 odstotka in h gospodarski rasti prispevala 1,7 odstotne to\u010dke, kar je manj kot v prvem \u010detrtletju, ko je njen prispevek zna\u0161al 2,1 odstotka, so izra\u010dunali na dr\u017eavnem statisti\u010dnem uradu. Po podatkih Urada za makroekonomske analize in razvoj (UMAR) je rast zaposlenosti eden od klju\u010dnih dejavnikov za rast zasebne potro\u0161nje. Po podatkih statisti\u010dnega urada je bilo v Sloveniji v drugem \u010detrtletju letos zaposlenih 983 tiso\u010d oseb, kar je 2,8 odstot","og_url":"https:\/\/hudo.com\/si\/aktualno\/dokler-bo-konjunktura-v-nemciji-bo-tudi-v-sloveniji\/","og_site_name":"Hudo Slovenija","article_publisher":"https:\/\/www.facebook.com\/hudo.si","article_published_time":"2017-09-01T12:46:00+00:00","og_image":[{"width":450,"height":281,"url":"https:\/\/hudo.com\/si\/wp-content\/uploads\/sites\/2\/2017\/09\/2973912-300.jpg","type":"image\/jpeg"}],"author":"hudo","twitter_card":"summary_large_image","twitter_creator":"@hudo_si","twitter_site":"@hudo_si","twitter_misc":{"Written by":"hudo","Est. reading time":"2 minuti"},"schema":{"@context":"https:\/\/schema.org","@graph":[{"@type":"Article","@id":"https:\/\/hudo.com\/si\/aktualno\/dokler-bo-konjunktura-v-nemciji-bo-tudi-v-sloveniji\/#article","isPartOf":{"@id":"https:\/\/hudo.com\/si\/aktualno\/dokler-bo-konjunktura-v-nemciji-bo-tudi-v-sloveniji\/"},"author":{"name":"hudo","@id":"https:\/\/hudo.com\/si\/#\/schema\/person\/601cf3379633985b20f7e50f2bb47707"},"headline":"Dokler bo konjunktura v Nem\u010diji, bo tudi v Sloveniji","datePublished":"2017-09-01T12:46:00+00:00","dateModified":"2017-09-01T12:46:00+00:00","mainEntityOfPage":{"@id":"https:\/\/hudo.com\/si\/aktualno\/dokler-bo-konjunktura-v-nemciji-bo-tudi-v-sloveniji\/"},"wordCount":350,"publisher":{"@id":"https:\/\/hudo.com\/si\/#organization"},"articleSection":["Aktualno"],"inLanguage":"sl-SI"},{"@type":"WebPage","@id":"https:\/\/hudo.com\/si\/aktualno\/dokler-bo-konjunktura-v-nemciji-bo-tudi-v-sloveniji\/","url":"https:\/\/hudo.com\/si\/aktualno\/dokler-bo-konjunktura-v-nemciji-bo-tudi-v-sloveniji\/","name":"Dokler bo konjunktura v Nem\u010diji, bo tudi v Sloveniji - Hudo Slovenija","isPartOf":{"@id":"https:\/\/hudo.com\/si\/#website"},"datePublished":"2017-09-01T12:46:00+00:00","dateModified":"2017-09-01T12:46:00+00:00","breadcrumb":{"@id":"https:\/\/hudo.com\/si\/aktualno\/dokler-bo-konjunktura-v-nemciji-bo-tudi-v-sloveniji\/#breadcrumb"},"inLanguage":"sl-SI","potentialAction":[{"@type":"ReadAction","target":["https:\/\/hudo.com\/si\/aktualno\/dokler-bo-konjunktura-v-nemciji-bo-tudi-v-sloveniji\/"]}]},{"@type":"BreadcrumbList","@id":"https:\/\/hudo.com\/si\/aktualno\/dokler-bo-konjunktura-v-nemciji-bo-tudi-v-sloveniji\/#breadcrumb","itemListElement":[{"@type":"ListItem","position":1,"name":"Home","item":"https:\/\/hudo.com\/si\/"},{"@type":"ListItem","position":2,"name":"Dokler bo konjunktura v Nem\u010diji, bo tudi v Sloveniji"}]},{"@type":"WebSite","@id":"https:\/\/hudo.com\/si\/#website","url":"https:\/\/hudo.com\/si\/","name":"Hudo Slovenija","description":"Vse novice iz Slovenije in sveta","publisher":{"@id":"https:\/\/hudo.com\/si\/#organization"},"potentialAction":[{"@type":"SearchAction","target":{"@type":"EntryPoint","urlTemplate":"https:\/\/hudo.com\/si\/?s={search_term_string}"},"query-input":"required name=search_term_string"}],"inLanguage":"sl-SI"},{"@type":"Organization","@id":"https:\/\/hudo.com\/si\/#organization","name":"VSN Media","url":"https:\/\/hudo.com\/si\/","logo":{"@type":"ImageObject","inLanguage":"sl-SI","@id":"https:\/\/hudo.com\/si\/#\/schema\/logo\/image\/","url":"https:\/\/hudo.com\/si\/wp-content\/uploads\/sites\/2\/2021\/03\/hudo-app-2.png","contentUrl":"https:\/\/hudo.com\/si\/wp-content\/uploads\/sites\/2\/2021\/03\/hudo-app-2.png","width":2185,"height":2167,"caption":"VSN Media"},"image":{"@id":"https:\/\/hudo.com\/si\/#\/schema\/logo\/image\/"},"sameAs":["https:\/\/www.facebook.com\/hudo.si","https:\/\/twitter.com\/hudo_si"]},{"@type":"Person","@id":"https:\/\/hudo.com\/si\/#\/schema\/person\/601cf3379633985b20f7e50f2bb47707","name":"hudo","image":{"@type":"ImageObject","inLanguage":"sl-SI","@id":"https:\/\/hudo.com\/si\/#\/schema\/person\/image\/","url":"https:\/\/secure.gravatar.com\/avatar\/c4ca25fa72cace7a696b52ff5db9e095?s=96&d=mm&r=g","contentUrl":"https:\/\/secure.gravatar.com\/avatar\/c4ca25fa72cace7a696b52ff5db9e095?s=96&d=mm&r=g","caption":"hudo"},"url":"https:\/\/hudo.com\/si\/author\/hudo\/"}]}},"amp_enabled":true,"_links":{"self":[{"href":"https:\/\/hudo.com\/si\/wp-json\/wp\/v2\/posts\/294256"}],"collection":[{"href":"https:\/\/hudo.com\/si\/wp-json\/wp\/v2\/posts"}],"about":[{"href":"https:\/\/hudo.com\/si\/wp-json\/wp\/v2\/types\/post"}],"author":[{"embeddable":true,"href":"https:\/\/hudo.com\/si\/wp-json\/wp\/v2\/users\/1"}],"replies":[{"embeddable":true,"href":"https:\/\/hudo.com\/si\/wp-json\/wp\/v2\/comments?post=294256"}],"version-history":[{"count":0,"href":"https:\/\/hudo.com\/si\/wp-json\/wp\/v2\/posts\/294256\/revisions"}],"wp:attachment":[{"href":"https:\/\/hudo.com\/si\/wp-json\/wp\/v2\/media?parent=294256"}],"wp:term":[{"taxonomy":"category","embeddable":true,"href":"https:\/\/hudo.com\/si\/wp-json\/wp\/v2\/categories?post=294256"},{"taxonomy":"post_tag","embeddable":true,"href":"https:\/\/hudo.com\/si\/wp-json\/wp\/v2\/tags?post=294256"},{"taxonomy":"source","embeddable":true,"href":"https:\/\/hudo.com\/si\/wp-json\/wp\/v2\/source?post=294256"},{"taxonomy":"supertag","embeddable":true,"href":"https:\/\/hudo.com\/si\/wp-json\/wp\/v2\/supertag?post=294256"}],"curies":[{"name":"wp","href":"https:\/\/api.w.org\/{rel}","templated":true}]}}