{"id":294258,"date":"2017-09-01T14:23:00","date_gmt":"2017-09-01T12:23:00","guid":{"rendered":"http:\/\/hudo.com\/si\/2017\/09\/01\/19-letni-slovenec-umrl-v-blizini-nekdanjega-mejnega-prehoda-skofije\/"},"modified":"2017-09-01T14:23:00","modified_gmt":"2017-09-01T12:23:00","slug":"19-letni-slovenec-umrl-v-blizini-nekdanjega-mejnega-prehoda-skofije","status":"publish","type":"post","link":"https:\/\/hudo.com\/si\/aktualno\/19-letni-slovenec-umrl-v-blizini-nekdanjega-mejnega-prehoda-skofije\/","title":{"rendered":"19-letni Slovenec umrl v bli\u017eini nekdanjega mejnega prehoda \u0160kofije"},"content":{"rendered":"<p>V hudi prometni nesre\u010di v \u010detrtek zve\u010der v bli\u017eini nekdanjega mejnega prehoda \u0160kofije v smeri proti Trstu je 51-letni voznik avtomobila s slovensko registrsko povozil 19-letnega slovenskega dr\u017eavljana, ki je pre\u010dkal cesto. Pe\u0161ec je zaradi po\u0161kodb na kraju nesre\u010de umrl, poro\u010da tr\u017ea\u0161ki \u010dasnik Il Piccolo. Nesre\u010da se je zgodila 200 metrov od nekdanjega mejnega prehoda s Slovenijo, na italijanski strani, pred odcepom na avtocesto za Lakoti\u0161\u010de v smeri Trsta. Voznik pe\u0161ca po poro\u010danju \u010dasnika na tem delu ceste, ki je slabo razsvetljen, ni videl. Po tr\u010denju so sicer na kraj nesre\u010de takoj prispeli tr\u017ea\u0161ki policisti, re\u0161evalci in cestni delavci, vendar je pe\u0161ec \u0161e pred njihovim prihodom zaradi po\u0161kodb umrl. Nesre\u010do preiskujejo italijanski policisti.<\/p>\n","protected":false},"excerpt":{"rendered":"<p>V hudi prometni nesre\u010di v \u010detrtek zve\u010der v bli\u017eini nekdanjega mejnega prehoda \u0160kofije v smeri proti Trstu je 51-letni voznik avtomobila s slovensko registrsko povozil 19-letnega slovenskega dr\u017eavljana, ki je pre\u010dkal cesto. Pe\u0161ec je zaradi po\u0161kodb na kraju nesre\u010de umrl, poro\u010da tr\u017ea\u0161ki \u010dasnik Il Piccolo. Nesre\u010da se je zgodila 200 metrov od nekdanjega mejnega prehoda s Slovenijo, na italijanski strani, pred odcepom na avtocesto za Lakoti\u0161\u010de v smeri Trsta. Voznik pe\u0161ca po poro\u010danju \u010dasnika na tem delu ceste, ki je slabo razsvetljen, ni videl. Po tr\u010denju so sicer na kraj nesre\u010de takoj prispeli tr\u017ea\u0161ki policisti, re\u0161evalci in cestni delavci, vendar je pe\u0161ec \u0161e pred njihovim prihodom zaradi po\u0161kodb umrl. Nesre\u010do preiskujejo italijanski policisti.<\/p>\n","protected":false},"author":1,"featured_media":0,"comment_status":"closed","ping_status":"closed","sticky":false,"template":"","format":"standard","meta":{"footnotes":""},"categories":[1179],"tags":[],"source":[1711],"supertag":[],"acf":[],"yoast_head":"<!-- This site is optimized with the Yoast SEO plugin v21.3 - https:\/\/yoast.com\/wordpress\/plugins\/seo\/ -->\n<title>19-letni Slovenec umrl v bli\u017eini nekdanjega mejnega prehoda \u0160kofije - Hudo Slovenija<\/title>\n<meta name=\"robots\" content=\"index, follow, max-snippet:-1, max-image-preview:large, max-video-preview:-1\" \/>\n<link rel=\"canonical\" href=\"https:\/\/hudo.com\/si\/aktualno\/19-letni-slovenec-umrl-v-blizini-nekdanjega-mejnega-prehoda-skofije\/\" \/>\n<meta property=\"og:locale\" content=\"sl_SI\" \/>\n<meta property=\"og:type\" content=\"article\" \/>\n<meta property=\"og:title\" content=\"19-letni Slovenec umrl v bli\u017eini nekdanjega mejnega prehoda \u0160kofije - Hudo Slovenija\" \/>\n<meta property=\"og:description\" content=\"V hudi prometni nesre\u010di v \u010detrtek zve\u010der v bli\u017eini nekdanjega mejnega prehoda \u0160kofije v smeri proti Trstu je 51-letni voznik avtomobila s slovensko registrsko povozil 19-letnega slovenskega dr\u017eavljana, ki je pre\u010dkal cesto. Pe\u0161ec je zaradi po\u0161kodb na kraju nesre\u010de umrl, poro\u010da tr\u017ea\u0161ki \u010dasnik Il Piccolo. Nesre\u010da se je zgodila 200 metrov od nekdanjega mejnega prehoda s Slovenijo, na italijanski strani, pred odcepom na avtocesto za Lakoti\u0161\u010de v smeri Trsta. Voznik pe\u0161ca po poro\u010danju \u010dasnika na tem delu ceste, ki je slabo razsvetljen, ni videl. Po tr\u010denju so sicer na kraj nesre\u010de takoj prispeli tr\u017ea\u0161ki policisti, re\u0161evalci in cestni delavci, vendar je pe\u0161ec \u0161e pred njihovim prihodom zaradi po\u0161kodb umrl. Nesre\u010do preiskujejo italijanski policisti.\" \/>\n<meta property=\"og:url\" content=\"https:\/\/hudo.com\/si\/aktualno\/19-letni-slovenec-umrl-v-blizini-nekdanjega-mejnega-prehoda-skofije\/\" \/>\n<meta property=\"og:site_name\" content=\"Hudo Slovenija\" \/>\n<meta property=\"article:publisher\" content=\"https:\/\/www.facebook.com\/hudo.si\" \/>\n<meta property=\"article:published_time\" content=\"2017-09-01T12:23:00+00:00\" \/>\n<meta property=\"og:image\" content=\"https:\/\/hudo.com\/si\/wp-content\/uploads\/sites\/2\/2017\/09\/3389186-300.jpg\" \/>\n\t<meta property=\"og:image:width\" content=\"450\" \/>\n\t<meta property=\"og:image:height\" content=\"300\" \/>\n\t<meta property=\"og:image:type\" content=\"image\/jpeg\" \/>\n<meta name=\"author\" content=\"hudo\" \/>\n<meta name=\"twitter:card\" content=\"summary_large_image\" \/>\n<meta name=\"twitter:creator\" content=\"@hudo_si\" \/>\n<meta name=\"twitter:site\" content=\"@hudo_si\" \/>\n<meta name=\"twitter:label1\" content=\"Written by\" \/>\n\t<meta name=\"twitter:data1\" content=\"hudo\" \/>\n\t<meta name=\"twitter:label2\" content=\"Est. reading time\" \/>\n\t<meta name=\"twitter:data2\" content=\"1 minuta\" \/>\n<script type=\"application\/ld+json\" class=\"yoast-schema-graph\">{\"@context\":\"https:\/\/schema.org\",\"@graph\":[{\"@type\":\"Article\",\"@id\":\"https:\/\/hudo.com\/si\/aktualno\/19-letni-slovenec-umrl-v-blizini-nekdanjega-mejnega-prehoda-skofije\/#article\",\"isPartOf\":{\"@id\":\"https:\/\/hudo.com\/si\/aktualno\/19-letni-slovenec-umrl-v-blizini-nekdanjega-mejnega-prehoda-skofije\/\"},\"author\":{\"name\":\"hudo\",\"@id\":\"https:\/\/hudo.com\/si\/#\/schema\/person\/601cf3379633985b20f7e50f2bb47707\"},\"headline\":\"19-letni Slovenec umrl v bli\u017eini nekdanjega mejnega prehoda \u0160kofije\",\"datePublished\":\"2017-09-01T12:23:00+00:00\",\"dateModified\":\"2017-09-01T12:23:00+00:00\",\"mainEntityOfPage\":{\"@id\":\"https:\/\/hudo.com\/si\/aktualno\/19-letni-slovenec-umrl-v-blizini-nekdanjega-mejnega-prehoda-skofije\/\"},\"wordCount\":145,\"publisher\":{\"@id\":\"https:\/\/hudo.com\/si\/#organization\"},\"articleSection\":[\"Aktualno\"],\"inLanguage\":\"sl-SI\"},{\"@type\":\"WebPage\",\"@id\":\"https:\/\/hudo.com\/si\/aktualno\/19-letni-slovenec-umrl-v-blizini-nekdanjega-mejnega-prehoda-skofije\/\",\"url\":\"https:\/\/hudo.com\/si\/aktualno\/19-letni-slovenec-umrl-v-blizini-nekdanjega-mejnega-prehoda-skofije\/\",\"name\":\"19-letni Slovenec umrl v bli\u017eini nekdanjega mejnega prehoda \u0160kofije - Hudo Slovenija\",\"isPartOf\":{\"@id\":\"https:\/\/hudo.com\/si\/#website\"},\"datePublished\":\"2017-09-01T12:23:00+00:00\",\"dateModified\":\"2017-09-01T12:23:00+00:00\",\"breadcrumb\":{\"@id\":\"https:\/\/hudo.com\/si\/aktualno\/19-letni-slovenec-umrl-v-blizini-nekdanjega-mejnega-prehoda-skofije\/#breadcrumb\"},\"inLanguage\":\"sl-SI\",\"potentialAction\":[{\"@type\":\"ReadAction\",\"target\":[\"https:\/\/hudo.com\/si\/aktualno\/19-letni-slovenec-umrl-v-blizini-nekdanjega-mejnega-prehoda-skofije\/\"]}]},{\"@type\":\"BreadcrumbList\",\"@id\":\"https:\/\/hudo.com\/si\/aktualno\/19-letni-slovenec-umrl-v-blizini-nekdanjega-mejnega-prehoda-skofije\/#breadcrumb\",\"itemListElement\":[{\"@type\":\"ListItem\",\"position\":1,\"name\":\"Home\",\"item\":\"https:\/\/hudo.com\/si\/\"},{\"@type\":\"ListItem\",\"position\":2,\"name\":\"19-letni Slovenec umrl v bli\u017eini nekdanjega mejnega prehoda \u0160kofije\"}]},{\"@type\":\"WebSite\",\"@id\":\"https:\/\/hudo.com\/si\/#website\",\"url\":\"https:\/\/hudo.com\/si\/\",\"name\":\"Hudo Slovenija\",\"description\":\"Vse novice iz Slovenije in sveta\",\"publisher\":{\"@id\":\"https:\/\/hudo.com\/si\/#organization\"},\"potentialAction\":[{\"@type\":\"SearchAction\",\"target\":{\"@type\":\"EntryPoint\",\"urlTemplate\":\"https:\/\/hudo.com\/si\/?s={search_term_string}\"},\"query-input\":\"required name=search_term_string\"}],\"inLanguage\":\"sl-SI\"},{\"@type\":\"Organization\",\"@id\":\"https:\/\/hudo.com\/si\/#organization\",\"name\":\"VSN Media\",\"url\":\"https:\/\/hudo.com\/si\/\",\"logo\":{\"@type\":\"ImageObject\",\"inLanguage\":\"sl-SI\",\"@id\":\"https:\/\/hudo.com\/si\/#\/schema\/logo\/image\/\",\"url\":\"https:\/\/hudo.com\/si\/wp-content\/uploads\/sites\/2\/2021\/03\/hudo-app-2.png\",\"contentUrl\":\"https:\/\/hudo.com\/si\/wp-content\/uploads\/sites\/2\/2021\/03\/hudo-app-2.png\",\"width\":2185,\"height\":2167,\"caption\":\"VSN Media\"},\"image\":{\"@id\":\"https:\/\/hudo.com\/si\/#\/schema\/logo\/image\/\"},\"sameAs\":[\"https:\/\/www.facebook.com\/hudo.si\",\"https:\/\/twitter.com\/hudo_si\"]},{\"@type\":\"Person\",\"@id\":\"https:\/\/hudo.com\/si\/#\/schema\/person\/601cf3379633985b20f7e50f2bb47707\",\"name\":\"hudo\",\"image\":{\"@type\":\"ImageObject\",\"inLanguage\":\"sl-SI\",\"@id\":\"https:\/\/hudo.com\/si\/#\/schema\/person\/image\/\",\"url\":\"https:\/\/secure.gravatar.com\/avatar\/c4ca25fa72cace7a696b52ff5db9e095?s=96&d=mm&r=g\",\"contentUrl\":\"https:\/\/secure.gravatar.com\/avatar\/c4ca25fa72cace7a696b52ff5db9e095?s=96&d=mm&r=g\",\"caption\":\"hudo\"},\"url\":\"https:\/\/hudo.com\/si\/author\/hudo\/\"}]}<\/script>\n<!-- \/ Yoast SEO plugin. -->","yoast_head_json":{"title":"19-letni Slovenec umrl v bli\u017eini nekdanjega mejnega prehoda \u0160kofije - Hudo Slovenija","robots":{"index":"index","follow":"follow","max-snippet":"max-snippet:-1","max-image-preview":"max-image-preview:large","max-video-preview":"max-video-preview:-1"},"canonical":"https:\/\/hudo.com\/si\/aktualno\/19-letni-slovenec-umrl-v-blizini-nekdanjega-mejnega-prehoda-skofije\/","og_locale":"sl_SI","og_type":"article","og_title":"19-letni Slovenec umrl v bli\u017eini nekdanjega mejnega prehoda \u0160kofije - Hudo Slovenija","og_description":"V hudi prometni nesre\u010di v \u010detrtek zve\u010der v bli\u017eini nekdanjega mejnega prehoda \u0160kofije v smeri proti Trstu je 51-letni voznik avtomobila s slovensko registrsko povozil 19-letnega slovenskega dr\u017eavljana, ki je pre\u010dkal cesto. Pe\u0161ec je zaradi po\u0161kodb na kraju nesre\u010de umrl, poro\u010da tr\u017ea\u0161ki \u010dasnik Il Piccolo. Nesre\u010da se je zgodila 200 metrov od nekdanjega mejnega prehoda s Slovenijo, na italijanski strani, pred odcepom na avtocesto za Lakoti\u0161\u010de v smeri Trsta. Voznik pe\u0161ca po poro\u010danju \u010dasnika na tem delu ceste, ki je slabo razsvetljen, ni videl. Po tr\u010denju so sicer na kraj nesre\u010de takoj prispeli tr\u017ea\u0161ki policisti, re\u0161evalci in cestni delavci, vendar je pe\u0161ec \u0161e pred njihovim prihodom zaradi po\u0161kodb umrl. Nesre\u010do preiskujejo italijanski policisti.","og_url":"https:\/\/hudo.com\/si\/aktualno\/19-letni-slovenec-umrl-v-blizini-nekdanjega-mejnega-prehoda-skofije\/","og_site_name":"Hudo Slovenija","article_publisher":"https:\/\/www.facebook.com\/hudo.si","article_published_time":"2017-09-01T12:23:00+00:00","og_image":[{"width":450,"height":300,"url":"https:\/\/hudo.com\/si\/wp-content\/uploads\/sites\/2\/2017\/09\/3389186-300.jpg","type":"image\/jpeg"}],"author":"hudo","twitter_card":"summary_large_image","twitter_creator":"@hudo_si","twitter_site":"@hudo_si","twitter_misc":{"Written by":"hudo","Est. reading time":"1 minuta"},"schema":{"@context":"https:\/\/schema.org","@graph":[{"@type":"Article","@id":"https:\/\/hudo.com\/si\/aktualno\/19-letni-slovenec-umrl-v-blizini-nekdanjega-mejnega-prehoda-skofije\/#article","isPartOf":{"@id":"https:\/\/hudo.com\/si\/aktualno\/19-letni-slovenec-umrl-v-blizini-nekdanjega-mejnega-prehoda-skofije\/"},"author":{"name":"hudo","@id":"https:\/\/hudo.com\/si\/#\/schema\/person\/601cf3379633985b20f7e50f2bb47707"},"headline":"19-letni Slovenec umrl v bli\u017eini nekdanjega mejnega prehoda \u0160kofije","datePublished":"2017-09-01T12:23:00+00:00","dateModified":"2017-09-01T12:23:00+00:00","mainEntityOfPage":{"@id":"https:\/\/hudo.com\/si\/aktualno\/19-letni-slovenec-umrl-v-blizini-nekdanjega-mejnega-prehoda-skofije\/"},"wordCount":145,"publisher":{"@id":"https:\/\/hudo.com\/si\/#organization"},"articleSection":["Aktualno"],"inLanguage":"sl-SI"},{"@type":"WebPage","@id":"https:\/\/hudo.com\/si\/aktualno\/19-letni-slovenec-umrl-v-blizini-nekdanjega-mejnega-prehoda-skofije\/","url":"https:\/\/hudo.com\/si\/aktualno\/19-letni-slovenec-umrl-v-blizini-nekdanjega-mejnega-prehoda-skofije\/","name":"19-letni Slovenec umrl v bli\u017eini nekdanjega mejnega prehoda \u0160kofije - Hudo Slovenija","isPartOf":{"@id":"https:\/\/hudo.com\/si\/#website"},"datePublished":"2017-09-01T12:23:00+00:00","dateModified":"2017-09-01T12:23:00+00:00","breadcrumb":{"@id":"https:\/\/hudo.com\/si\/aktualno\/19-letni-slovenec-umrl-v-blizini-nekdanjega-mejnega-prehoda-skofije\/#breadcrumb"},"inLanguage":"sl-SI","potentialAction":[{"@type":"ReadAction","target":["https:\/\/hudo.com\/si\/aktualno\/19-letni-slovenec-umrl-v-blizini-nekdanjega-mejnega-prehoda-skofije\/"]}]},{"@type":"BreadcrumbList","@id":"https:\/\/hudo.com\/si\/aktualno\/19-letni-slovenec-umrl-v-blizini-nekdanjega-mejnega-prehoda-skofije\/#breadcrumb","itemListElement":[{"@type":"ListItem","position":1,"name":"Home","item":"https:\/\/hudo.com\/si\/"},{"@type":"ListItem","position":2,"name":"19-letni Slovenec umrl v bli\u017eini nekdanjega mejnega prehoda \u0160kofije"}]},{"@type":"WebSite","@id":"https:\/\/hudo.com\/si\/#website","url":"https:\/\/hudo.com\/si\/","name":"Hudo Slovenija","description":"Vse novice iz Slovenije in sveta","publisher":{"@id":"https:\/\/hudo.com\/si\/#organization"},"potentialAction":[{"@type":"SearchAction","target":{"@type":"EntryPoint","urlTemplate":"https:\/\/hudo.com\/si\/?s={search_term_string}"},"query-input":"required name=search_term_string"}],"inLanguage":"sl-SI"},{"@type":"Organization","@id":"https:\/\/hudo.com\/si\/#organization","name":"VSN Media","url":"https:\/\/hudo.com\/si\/","logo":{"@type":"ImageObject","inLanguage":"sl-SI","@id":"https:\/\/hudo.com\/si\/#\/schema\/logo\/image\/","url":"https:\/\/hudo.com\/si\/wp-content\/uploads\/sites\/2\/2021\/03\/hudo-app-2.png","contentUrl":"https:\/\/hudo.com\/si\/wp-content\/uploads\/sites\/2\/2021\/03\/hudo-app-2.png","width":2185,"height":2167,"caption":"VSN Media"},"image":{"@id":"https:\/\/hudo.com\/si\/#\/schema\/logo\/image\/"},"sameAs":["https:\/\/www.facebook.com\/hudo.si","https:\/\/twitter.com\/hudo_si"]},{"@type":"Person","@id":"https:\/\/hudo.com\/si\/#\/schema\/person\/601cf3379633985b20f7e50f2bb47707","name":"hudo","image":{"@type":"ImageObject","inLanguage":"sl-SI","@id":"https:\/\/hudo.com\/si\/#\/schema\/person\/image\/","url":"https:\/\/secure.gravatar.com\/avatar\/c4ca25fa72cace7a696b52ff5db9e095?s=96&d=mm&r=g","contentUrl":"https:\/\/secure.gravatar.com\/avatar\/c4ca25fa72cace7a696b52ff5db9e095?s=96&d=mm&r=g","caption":"hudo"},"url":"https:\/\/hudo.com\/si\/author\/hudo\/"}]}},"amp_enabled":true,"_links":{"self":[{"href":"https:\/\/hudo.com\/si\/wp-json\/wp\/v2\/posts\/294258"}],"collection":[{"href":"https:\/\/hudo.com\/si\/wp-json\/wp\/v2\/posts"}],"about":[{"href":"https:\/\/hudo.com\/si\/wp-json\/wp\/v2\/types\/post"}],"author":[{"embeddable":true,"href":"https:\/\/hudo.com\/si\/wp-json\/wp\/v2\/users\/1"}],"replies":[{"embeddable":true,"href":"https:\/\/hudo.com\/si\/wp-json\/wp\/v2\/comments?post=294258"}],"version-history":[{"count":0,"href":"https:\/\/hudo.com\/si\/wp-json\/wp\/v2\/posts\/294258\/revisions"}],"wp:attachment":[{"href":"https:\/\/hudo.com\/si\/wp-json\/wp\/v2\/media?parent=294258"}],"wp:term":[{"taxonomy":"category","embeddable":true,"href":"https:\/\/hudo.com\/si\/wp-json\/wp\/v2\/categories?post=294258"},{"taxonomy":"post_tag","embeddable":true,"href":"https:\/\/hudo.com\/si\/wp-json\/wp\/v2\/tags?post=294258"},{"taxonomy":"source","embeddable":true,"href":"https:\/\/hudo.com\/si\/wp-json\/wp\/v2\/source?post=294258"},{"taxonomy":"supertag","embeddable":true,"href":"https:\/\/hudo.com\/si\/wp-json\/wp\/v2\/supertag?post=294258"}],"curies":[{"name":"wp","href":"https:\/\/api.w.org\/{rel}","templated":true}]}}