{"id":294894,"date":"2017-09-04T08:10:00","date_gmt":"2017-09-04T06:10:00","guid":{"rendered":"http:\/\/hudo.com\/si\/2017\/09\/04\/popovic-bo-kandidiral-za-predsednika\/"},"modified":"2017-09-04T08:10:00","modified_gmt":"2017-09-04T06:10:00","slug":"popovic-bo-kandidiral-za-predsednika","status":"publish","type":"post","link":"https:\/\/hudo.com\/si\/aktualno\/popovic-bo-kandidiral-za-predsednika\/","title":{"rendered":"Popovi\u010d bo kandidiral za predsednika"},"content":{"rendered":"<p>Kategorija: Slovenija Mon, 04 Sep 2017 10:10:00 +0200  Koprski \u017eupan Boris Popovi\u010d je napovedal kandidaturo za predsednika dr\u017eave. Za Primorske novice je potrdil, da bo danes za\u010del zbirati 3000 podpisov volivcev, potrebnih za podporo kandidaturi. Vlo\u017eil jo bo kot kandidat svoje zunajparlamentarne stranke Slovenija za vedno. Kaj je prispevalo k njegovi odlo\u010ditvi za kandidaturo, v nedeljo \u0161e ni hotel razkriti. Napoveduje, da bo ve\u010d znanega v prihodnjih dneh. Tudi na ob\u010dini \u017eupanove namere, da se poda v predsedni\u0161ko tekmo, \u0161e niso komentirali. Popovi\u010d je sicer tudi v preteklih letih ve\u010dkrat kandidiral za dr\u017eavne funkcije, s svojo stranko pa je nastopal v koalicijah ali samostojno na parlamentarnih volitvah. V zadnjih dveh mandatih je tudi zasedal polo\u017eaj \u010dlana dr\u017eavnega sveta, navaja \u010dasnik. Seznam predsedni\u0161kih kandidatov oziroma tistih, ki si to \u017eelijo biti, se tako \u0161e podalj\u0161uje. Danes za\u010denja zbiranje podpisov tudi aktualni predsednik\u00a0&#8230;<\/p>\n","protected":false},"excerpt":{"rendered":"<p>Kategorija: Slovenija Mon, 04 Sep 2017 10:10:00 +0200  Koprski \u017eupan Boris Popovi\u010d je napovedal kandidaturo za predsednika dr\u017eave. Za Primorske novice je potrdil, da bo danes za\u010del zbirati 3000 podpisov volivcev, potrebnih za podporo kandidaturi. Vlo\u017eil jo bo kot kandidat svoje zunajparlamentarne stranke Slovenija za vedno. Kaj je prispevalo k njegovi odlo\u010ditvi za kandidaturo, v nedeljo \u0161e ni hotel razkriti. Napoveduje, da bo ve\u010d znanega v prihodnjih dneh. Tudi na ob\u010dini \u017eupanove namere, da se poda v predsedni\u0161ko tekmo, \u0161e niso komentirali. Popovi\u010d je sicer tudi v preteklih letih ve\u010dkrat kandidiral za dr\u017eavne funkcije, s svojo stranko pa je nastopal v koalicijah ali samostojno na parlamentarnih volitvah. V zadnjih dveh mandatih je tudi zasedal polo\u017eaj \u010dlana dr\u017eavnega sveta, navaja \u010dasnik. Seznam predsedni\u0161kih kandidatov oziroma tistih, ki si to \u017eelijo biti, se tako \u0161e podalj\u0161uje. Danes za\u010denja zbiranje podpisov tudi aktualni predsednik\u00a0&#8230;<\/p>\n","protected":false},"author":1,"featured_media":0,"comment_status":"closed","ping_status":"closed","sticky":false,"template":"","format":"standard","meta":{"footnotes":""},"categories":[1179],"tags":[],"source":[1703],"supertag":[],"acf":[],"yoast_head":"<!-- This site is optimized with the Yoast SEO plugin v21.3 - https:\/\/yoast.com\/wordpress\/plugins\/seo\/ -->\n<title>Popovi\u010d bo kandidiral za predsednika - Hudo Slovenija<\/title>\n<meta name=\"robots\" content=\"index, follow, max-snippet:-1, max-image-preview:large, max-video-preview:-1\" \/>\n<link rel=\"canonical\" href=\"https:\/\/hudo.com\/si\/aktualno\/popovic-bo-kandidiral-za-predsednika\/\" \/>\n<meta property=\"og:locale\" content=\"sl_SI\" \/>\n<meta property=\"og:type\" content=\"article\" \/>\n<meta property=\"og:title\" content=\"Popovi\u010d bo kandidiral za predsednika - Hudo Slovenija\" \/>\n<meta property=\"og:description\" content=\"Kategorija: Slovenija Mon, 04 Sep 2017 10:10:00 +0200 Koprski \u017eupan Boris Popovi\u010d je napovedal kandidaturo za predsednika dr\u017eave. Za Primorske novice je potrdil, da bo danes za\u010del zbirati 3000 podpisov volivcev, potrebnih za podporo kandidaturi. Vlo\u017eil jo bo kot kandidat svoje zunajparlamentarne stranke Slovenija za vedno. Kaj je prispevalo k njegovi odlo\u010ditvi za kandidaturo, v nedeljo \u0161e ni hotel razkriti. Napoveduje, da bo ve\u010d znanega v prihodnjih dneh. Tudi na ob\u010dini \u017eupanove namere, da se poda v predsedni\u0161ko tekmo, \u0161e niso komentirali. Popovi\u010d je sicer tudi v preteklih letih ve\u010dkrat kandidiral za dr\u017eavne funkcije, s svojo stranko pa je nastopal v koalicijah ali samostojno na parlamentarnih volitvah. V zadnjih dveh mandatih je tudi zasedal polo\u017eaj \u010dlana dr\u017eavnega sveta, navaja \u010dasnik. Seznam predsedni\u0161kih kandidatov oziroma tistih, ki si to \u017eelijo biti, se tako \u0161e podalj\u0161uje. Danes za\u010denja zbiranje podpisov tudi aktualni predsednik\u00a0...\" \/>\n<meta property=\"og:url\" content=\"https:\/\/hudo.com\/si\/aktualno\/popovic-bo-kandidiral-za-predsednika\/\" \/>\n<meta property=\"og:site_name\" content=\"Hudo Slovenija\" \/>\n<meta property=\"article:publisher\" content=\"https:\/\/www.facebook.com\/hudo.si\" \/>\n<meta property=\"article:published_time\" content=\"2017-09-04T06:10:00+00:00\" \/>\n<meta property=\"og:image\" content=\"https:\/\/hudo.com\/si\/wp-content\/uploads\/sites\/2\/2017\/09\/480x290_djvu_1278342_padenis_bsa-TCM.jpeg\" \/>\n\t<meta property=\"og:image:width\" content=\"480\" \/>\n\t<meta property=\"og:image:height\" content=\"290\" \/>\n\t<meta property=\"og:image:type\" content=\"image\/jpeg\" \/>\n<meta name=\"author\" content=\"hudo\" \/>\n<meta name=\"twitter:card\" content=\"summary_large_image\" \/>\n<meta name=\"twitter:creator\" content=\"@hudo_si\" \/>\n<meta name=\"twitter:site\" content=\"@hudo_si\" \/>\n<meta name=\"twitter:label1\" content=\"Written by\" \/>\n\t<meta name=\"twitter:data1\" content=\"hudo\" \/>\n\t<meta name=\"twitter:label2\" content=\"Est. reading time\" \/>\n\t<meta name=\"twitter:data2\" content=\"1 minuta\" \/>\n<script type=\"application\/ld+json\" class=\"yoast-schema-graph\">{\"@context\":\"https:\/\/schema.org\",\"@graph\":[{\"@type\":\"Article\",\"@id\":\"https:\/\/hudo.com\/si\/aktualno\/popovic-bo-kandidiral-za-predsednika\/#article\",\"isPartOf\":{\"@id\":\"https:\/\/hudo.com\/si\/aktualno\/popovic-bo-kandidiral-za-predsednika\/\"},\"author\":{\"name\":\"hudo\",\"@id\":\"https:\/\/hudo.com\/si\/#\/schema\/person\/601cf3379633985b20f7e50f2bb47707\"},\"headline\":\"Popovi\u010d bo kandidiral za predsednika\",\"datePublished\":\"2017-09-04T06:10:00+00:00\",\"dateModified\":\"2017-09-04T06:10:00+00:00\",\"mainEntityOfPage\":{\"@id\":\"https:\/\/hudo.com\/si\/aktualno\/popovic-bo-kandidiral-za-predsednika\/\"},\"wordCount\":154,\"publisher\":{\"@id\":\"https:\/\/hudo.com\/si\/#organization\"},\"articleSection\":[\"Aktualno\"],\"inLanguage\":\"sl-SI\"},{\"@type\":\"WebPage\",\"@id\":\"https:\/\/hudo.com\/si\/aktualno\/popovic-bo-kandidiral-za-predsednika\/\",\"url\":\"https:\/\/hudo.com\/si\/aktualno\/popovic-bo-kandidiral-za-predsednika\/\",\"name\":\"Popovi\u010d bo kandidiral za predsednika - Hudo Slovenija\",\"isPartOf\":{\"@id\":\"https:\/\/hudo.com\/si\/#website\"},\"datePublished\":\"2017-09-04T06:10:00+00:00\",\"dateModified\":\"2017-09-04T06:10:00+00:00\",\"breadcrumb\":{\"@id\":\"https:\/\/hudo.com\/si\/aktualno\/popovic-bo-kandidiral-za-predsednika\/#breadcrumb\"},\"inLanguage\":\"sl-SI\",\"potentialAction\":[{\"@type\":\"ReadAction\",\"target\":[\"https:\/\/hudo.com\/si\/aktualno\/popovic-bo-kandidiral-za-predsednika\/\"]}]},{\"@type\":\"BreadcrumbList\",\"@id\":\"https:\/\/hudo.com\/si\/aktualno\/popovic-bo-kandidiral-za-predsednika\/#breadcrumb\",\"itemListElement\":[{\"@type\":\"ListItem\",\"position\":1,\"name\":\"Home\",\"item\":\"https:\/\/hudo.com\/si\/\"},{\"@type\":\"ListItem\",\"position\":2,\"name\":\"Popovi\u010d bo kandidiral za predsednika\"}]},{\"@type\":\"WebSite\",\"@id\":\"https:\/\/hudo.com\/si\/#website\",\"url\":\"https:\/\/hudo.com\/si\/\",\"name\":\"Hudo Slovenija\",\"description\":\"Vse novice iz Slovenije in sveta\",\"publisher\":{\"@id\":\"https:\/\/hudo.com\/si\/#organization\"},\"potentialAction\":[{\"@type\":\"SearchAction\",\"target\":{\"@type\":\"EntryPoint\",\"urlTemplate\":\"https:\/\/hudo.com\/si\/?s={search_term_string}\"},\"query-input\":\"required name=search_term_string\"}],\"inLanguage\":\"sl-SI\"},{\"@type\":\"Organization\",\"@id\":\"https:\/\/hudo.com\/si\/#organization\",\"name\":\"VSN Media\",\"url\":\"https:\/\/hudo.com\/si\/\",\"logo\":{\"@type\":\"ImageObject\",\"inLanguage\":\"sl-SI\",\"@id\":\"https:\/\/hudo.com\/si\/#\/schema\/logo\/image\/\",\"url\":\"https:\/\/hudo.com\/si\/wp-content\/uploads\/sites\/2\/2021\/03\/hudo-app-2.png\",\"contentUrl\":\"https:\/\/hudo.com\/si\/wp-content\/uploads\/sites\/2\/2021\/03\/hudo-app-2.png\",\"width\":2185,\"height\":2167,\"caption\":\"VSN Media\"},\"image\":{\"@id\":\"https:\/\/hudo.com\/si\/#\/schema\/logo\/image\/\"},\"sameAs\":[\"https:\/\/www.facebook.com\/hudo.si\",\"https:\/\/twitter.com\/hudo_si\"]},{\"@type\":\"Person\",\"@id\":\"https:\/\/hudo.com\/si\/#\/schema\/person\/601cf3379633985b20f7e50f2bb47707\",\"name\":\"hudo\",\"image\":{\"@type\":\"ImageObject\",\"inLanguage\":\"sl-SI\",\"@id\":\"https:\/\/hudo.com\/si\/#\/schema\/person\/image\/\",\"url\":\"https:\/\/secure.gravatar.com\/avatar\/c4ca25fa72cace7a696b52ff5db9e095?s=96&d=mm&r=g\",\"contentUrl\":\"https:\/\/secure.gravatar.com\/avatar\/c4ca25fa72cace7a696b52ff5db9e095?s=96&d=mm&r=g\",\"caption\":\"hudo\"},\"url\":\"https:\/\/hudo.com\/si\/author\/hudo\/\"}]}<\/script>\n<!-- \/ Yoast SEO plugin. -->","yoast_head_json":{"title":"Popovi\u010d bo kandidiral za predsednika - Hudo Slovenija","robots":{"index":"index","follow":"follow","max-snippet":"max-snippet:-1","max-image-preview":"max-image-preview:large","max-video-preview":"max-video-preview:-1"},"canonical":"https:\/\/hudo.com\/si\/aktualno\/popovic-bo-kandidiral-za-predsednika\/","og_locale":"sl_SI","og_type":"article","og_title":"Popovi\u010d bo kandidiral za predsednika - Hudo Slovenija","og_description":"Kategorija: Slovenija Mon, 04 Sep 2017 10:10:00 +0200 Koprski \u017eupan Boris Popovi\u010d je napovedal kandidaturo za predsednika dr\u017eave. Za Primorske novice je potrdil, da bo danes za\u010del zbirati 3000 podpisov volivcev, potrebnih za podporo kandidaturi. Vlo\u017eil jo bo kot kandidat svoje zunajparlamentarne stranke Slovenija za vedno. Kaj je prispevalo k njegovi odlo\u010ditvi za kandidaturo, v nedeljo \u0161e ni hotel razkriti. Napoveduje, da bo ve\u010d znanega v prihodnjih dneh. Tudi na ob\u010dini \u017eupanove namere, da se poda v predsedni\u0161ko tekmo, \u0161e niso komentirali. Popovi\u010d je sicer tudi v preteklih letih ve\u010dkrat kandidiral za dr\u017eavne funkcije, s svojo stranko pa je nastopal v koalicijah ali samostojno na parlamentarnih volitvah. V zadnjih dveh mandatih je tudi zasedal polo\u017eaj \u010dlana dr\u017eavnega sveta, navaja \u010dasnik. Seznam predsedni\u0161kih kandidatov oziroma tistih, ki si to \u017eelijo biti, se tako \u0161e podalj\u0161uje. Danes za\u010denja zbiranje podpisov tudi aktualni predsednik\u00a0...","og_url":"https:\/\/hudo.com\/si\/aktualno\/popovic-bo-kandidiral-za-predsednika\/","og_site_name":"Hudo Slovenija","article_publisher":"https:\/\/www.facebook.com\/hudo.si","article_published_time":"2017-09-04T06:10:00+00:00","og_image":[{"width":480,"height":290,"url":"https:\/\/hudo.com\/si\/wp-content\/uploads\/sites\/2\/2017\/09\/480x290_djvu_1278342_padenis_bsa-TCM.jpeg","type":"image\/jpeg"}],"author":"hudo","twitter_card":"summary_large_image","twitter_creator":"@hudo_si","twitter_site":"@hudo_si","twitter_misc":{"Written by":"hudo","Est. reading time":"1 minuta"},"schema":{"@context":"https:\/\/schema.org","@graph":[{"@type":"Article","@id":"https:\/\/hudo.com\/si\/aktualno\/popovic-bo-kandidiral-za-predsednika\/#article","isPartOf":{"@id":"https:\/\/hudo.com\/si\/aktualno\/popovic-bo-kandidiral-za-predsednika\/"},"author":{"name":"hudo","@id":"https:\/\/hudo.com\/si\/#\/schema\/person\/601cf3379633985b20f7e50f2bb47707"},"headline":"Popovi\u010d bo kandidiral za predsednika","datePublished":"2017-09-04T06:10:00+00:00","dateModified":"2017-09-04T06:10:00+00:00","mainEntityOfPage":{"@id":"https:\/\/hudo.com\/si\/aktualno\/popovic-bo-kandidiral-za-predsednika\/"},"wordCount":154,"publisher":{"@id":"https:\/\/hudo.com\/si\/#organization"},"articleSection":["Aktualno"],"inLanguage":"sl-SI"},{"@type":"WebPage","@id":"https:\/\/hudo.com\/si\/aktualno\/popovic-bo-kandidiral-za-predsednika\/","url":"https:\/\/hudo.com\/si\/aktualno\/popovic-bo-kandidiral-za-predsednika\/","name":"Popovi\u010d bo kandidiral za predsednika - Hudo Slovenija","isPartOf":{"@id":"https:\/\/hudo.com\/si\/#website"},"datePublished":"2017-09-04T06:10:00+00:00","dateModified":"2017-09-04T06:10:00+00:00","breadcrumb":{"@id":"https:\/\/hudo.com\/si\/aktualno\/popovic-bo-kandidiral-za-predsednika\/#breadcrumb"},"inLanguage":"sl-SI","potentialAction":[{"@type":"ReadAction","target":["https:\/\/hudo.com\/si\/aktualno\/popovic-bo-kandidiral-za-predsednika\/"]}]},{"@type":"BreadcrumbList","@id":"https:\/\/hudo.com\/si\/aktualno\/popovic-bo-kandidiral-za-predsednika\/#breadcrumb","itemListElement":[{"@type":"ListItem","position":1,"name":"Home","item":"https:\/\/hudo.com\/si\/"},{"@type":"ListItem","position":2,"name":"Popovi\u010d bo kandidiral za predsednika"}]},{"@type":"WebSite","@id":"https:\/\/hudo.com\/si\/#website","url":"https:\/\/hudo.com\/si\/","name":"Hudo Slovenija","description":"Vse novice iz Slovenije in sveta","publisher":{"@id":"https:\/\/hudo.com\/si\/#organization"},"potentialAction":[{"@type":"SearchAction","target":{"@type":"EntryPoint","urlTemplate":"https:\/\/hudo.com\/si\/?s={search_term_string}"},"query-input":"required name=search_term_string"}],"inLanguage":"sl-SI"},{"@type":"Organization","@id":"https:\/\/hudo.com\/si\/#organization","name":"VSN Media","url":"https:\/\/hudo.com\/si\/","logo":{"@type":"ImageObject","inLanguage":"sl-SI","@id":"https:\/\/hudo.com\/si\/#\/schema\/logo\/image\/","url":"https:\/\/hudo.com\/si\/wp-content\/uploads\/sites\/2\/2021\/03\/hudo-app-2.png","contentUrl":"https:\/\/hudo.com\/si\/wp-content\/uploads\/sites\/2\/2021\/03\/hudo-app-2.png","width":2185,"height":2167,"caption":"VSN Media"},"image":{"@id":"https:\/\/hudo.com\/si\/#\/schema\/logo\/image\/"},"sameAs":["https:\/\/www.facebook.com\/hudo.si","https:\/\/twitter.com\/hudo_si"]},{"@type":"Person","@id":"https:\/\/hudo.com\/si\/#\/schema\/person\/601cf3379633985b20f7e50f2bb47707","name":"hudo","image":{"@type":"ImageObject","inLanguage":"sl-SI","@id":"https:\/\/hudo.com\/si\/#\/schema\/person\/image\/","url":"https:\/\/secure.gravatar.com\/avatar\/c4ca25fa72cace7a696b52ff5db9e095?s=96&d=mm&r=g","contentUrl":"https:\/\/secure.gravatar.com\/avatar\/c4ca25fa72cace7a696b52ff5db9e095?s=96&d=mm&r=g","caption":"hudo"},"url":"https:\/\/hudo.com\/si\/author\/hudo\/"}]}},"amp_enabled":true,"_links":{"self":[{"href":"https:\/\/hudo.com\/si\/wp-json\/wp\/v2\/posts\/294894"}],"collection":[{"href":"https:\/\/hudo.com\/si\/wp-json\/wp\/v2\/posts"}],"about":[{"href":"https:\/\/hudo.com\/si\/wp-json\/wp\/v2\/types\/post"}],"author":[{"embeddable":true,"href":"https:\/\/hudo.com\/si\/wp-json\/wp\/v2\/users\/1"}],"replies":[{"embeddable":true,"href":"https:\/\/hudo.com\/si\/wp-json\/wp\/v2\/comments?post=294894"}],"version-history":[{"count":0,"href":"https:\/\/hudo.com\/si\/wp-json\/wp\/v2\/posts\/294894\/revisions"}],"wp:attachment":[{"href":"https:\/\/hudo.com\/si\/wp-json\/wp\/v2\/media?parent=294894"}],"wp:term":[{"taxonomy":"category","embeddable":true,"href":"https:\/\/hudo.com\/si\/wp-json\/wp\/v2\/categories?post=294894"},{"taxonomy":"post_tag","embeddable":true,"href":"https:\/\/hudo.com\/si\/wp-json\/wp\/v2\/tags?post=294894"},{"taxonomy":"source","embeddable":true,"href":"https:\/\/hudo.com\/si\/wp-json\/wp\/v2\/source?post=294894"},{"taxonomy":"supertag","embeddable":true,"href":"https:\/\/hudo.com\/si\/wp-json\/wp\/v2\/supertag?post=294894"}],"curies":[{"name":"wp","href":"https:\/\/api.w.org\/{rel}","templated":true}]}}