{"id":294898,"date":"2017-09-04T08:00:00","date_gmt":"2017-09-04T06:00:00","guid":{"rendered":"http:\/\/hudo.com\/si\/2017\/09\/04\/delavstvu-gre-vedno-slabse-vlada-mizi\/"},"modified":"2017-09-04T08:00:00","modified_gmt":"2017-09-04T06:00:00","slug":"delavstvu-gre-vedno-slabse-vlada-mizi","status":"publish","type":"post","link":"https:\/\/hudo.com\/si\/aktualno\/delavstvu-gre-vedno-slabse-vlada-mizi\/","title":{"rendered":"Delavstvu gre vedno slab\u0161e, vlada mi\u017ei"},"content":{"rendered":"<p>Kategorija: Slovenija Mon, 04 Sep 2017 10:00:00 +0200  Ljubljana \u2013 Danes se bodo nadaljevala pogajanja med vlado in sindikati javnega sektorja.\u00ad O tem, pred kak\u0161nimi\u00ad izzivi\u00ad so pogajalci in vlada, smo se pogovarjali s predsednikom Svobodnega sindikata Slovenije\u00ad in sekretarjem sindikata poklicnih gasilcev Davidom \u0160varcem. Pred kak\u0161no sindikalno jesenjo smo? Kar zadeva sindikalne pritiske, ki bi se v jeseni lahko zgodili, je \u017ee Evropska konfederacija sindikatov to leto razglasila za mednarodno leto boja za zvi\u0161anje pla\u010d. Se pravi, da so vsaj evropski sindikati znotraj vrednostno in politi\u010dno razdeljene Evrope na\u0161li skupno to\u010dko? Tako je. Gospodarske krize je konec, zato so pobude in zahteve za zvi\u0161anje pla\u010d, \u010demur seveda kapital zelo nerad prisluhne, zelo utemeljene. Temu boju smo se pridru\u017eili tudi industrijski in storitveni sindikati, ki delujemo znotraj Zveze svobodnih sindikatov Slovenije. Osredoto\u010dili smo se na zahteve po\u00a0&#8230;<\/p>\n","protected":false},"excerpt":{"rendered":"<p>Kategorija: Slovenija Mon, 04 Sep 2017 10:00:00 +0200  Ljubljana \u2013 Danes se bodo nadaljevala pogajanja med vlado in sindikati javnega sektorja.\u00ad O tem, pred kak\u0161nimi\u00ad izzivi\u00ad so pogajalci in vlada, smo se pogovarjali s predsednikom Svobodnega sindikata Slovenije\u00ad in sekretarjem sindikata poklicnih gasilcev Davidom \u0160varcem. Pred kak\u0161no sindikalno jesenjo smo? Kar zadeva sindikalne pritiske, ki bi se v jeseni lahko zgodili, je \u017ee Evropska konfederacija sindikatov to leto razglasila za mednarodno leto boja za zvi\u0161anje pla\u010d. Se pravi, da so vsaj evropski sindikati znotraj vrednostno in politi\u010dno razdeljene Evrope na\u0161li skupno to\u010dko? Tako je. Gospodarske krize je konec, zato so pobude in zahteve za zvi\u0161anje pla\u010d, \u010demur seveda kapital zelo nerad prisluhne, zelo utemeljene. Temu boju smo se pridru\u017eili tudi industrijski in storitveni sindikati, ki delujemo znotraj Zveze svobodnih sindikatov Slovenije. Osredoto\u010dili smo se na zahteve po\u00a0&#8230;<\/p>\n","protected":false},"author":1,"featured_media":0,"comment_status":"closed","ping_status":"closed","sticky":false,"template":"","format":"standard","meta":{"footnotes":""},"categories":[1179],"tags":[],"source":[1703],"supertag":[],"acf":[],"yoast_head":"<!-- This site is optimized with the Yoast SEO plugin v21.3 - https:\/\/yoast.com\/wordpress\/plugins\/seo\/ -->\n<title>Delavstvu gre vedno slab\u0161e, vlada mi\u017ei - Hudo Slovenija<\/title>\n<meta name=\"robots\" content=\"index, follow, max-snippet:-1, max-image-preview:large, max-video-preview:-1\" \/>\n<link rel=\"canonical\" href=\"https:\/\/hudo.com\/si\/aktualno\/delavstvu-gre-vedno-slabse-vlada-mizi\/\" \/>\n<meta property=\"og:locale\" content=\"sl_SI\" \/>\n<meta property=\"og:type\" content=\"article\" \/>\n<meta property=\"og:title\" content=\"Delavstvu gre vedno slab\u0161e, vlada mi\u017ei - Hudo Slovenija\" \/>\n<meta property=\"og:description\" content=\"Kategorija: Slovenija Mon, 04 Sep 2017 10:00:00 +0200 Ljubljana \u2013 Danes se bodo nadaljevala pogajanja med vlado in sindikati javnega sektorja.\u00ad O tem, pred kak\u0161nimi\u00ad izzivi\u00ad so pogajalci in vlada, smo se pogovarjali s predsednikom Svobodnega sindikata Slovenije\u00ad in sekretarjem sindikata poklicnih gasilcev Davidom \u0160varcem. Pred kak\u0161no sindikalno jesenjo smo? Kar zadeva sindikalne pritiske, ki bi se v jeseni lahko zgodili, je \u017ee Evropska konfederacija sindikatov to leto razglasila za mednarodno leto boja za zvi\u0161anje pla\u010d. Se pravi, da so vsaj evropski sindikati znotraj vrednostno in politi\u010dno razdeljene Evrope na\u0161li skupno to\u010dko? Tako je. Gospodarske krize je konec, zato so pobude in zahteve za zvi\u0161anje pla\u010d, \u010demur seveda kapital zelo nerad prisluhne, zelo utemeljene. Temu boju smo se pridru\u017eili tudi industrijski in storitveni sindikati, ki delujemo znotraj Zveze svobodnih sindikatov Slovenije. Osredoto\u010dili smo se na zahteve po\u00a0...\" \/>\n<meta property=\"og:url\" content=\"https:\/\/hudo.com\/si\/aktualno\/delavstvu-gre-vedno-slabse-vlada-mizi\/\" \/>\n<meta property=\"og:site_name\" content=\"Hudo Slovenija\" \/>\n<meta property=\"article:publisher\" content=\"https:\/\/www.facebook.com\/hudo.si\" \/>\n<meta property=\"article:published_time\" content=\"2017-09-04T06:00:00+00:00\" \/>\n<meta property=\"og:image\" content=\"https:\/\/hudo.com\/si\/wp-content\/uploads\/sites\/2\/2017\/09\/480x290_4_stran__Delo_Foto_20170831.1_hires0.jpeg\" \/>\n\t<meta property=\"og:image:width\" content=\"480\" \/>\n\t<meta property=\"og:image:height\" content=\"290\" \/>\n\t<meta property=\"og:image:type\" content=\"image\/jpeg\" \/>\n<meta name=\"author\" content=\"hudo\" \/>\n<meta name=\"twitter:card\" content=\"summary_large_image\" \/>\n<meta name=\"twitter:creator\" content=\"@hudo_si\" \/>\n<meta name=\"twitter:site\" content=\"@hudo_si\" \/>\n<meta name=\"twitter:label1\" content=\"Written by\" \/>\n\t<meta name=\"twitter:data1\" content=\"hudo\" \/>\n\t<meta name=\"twitter:label2\" content=\"Est. reading time\" \/>\n\t<meta name=\"twitter:data2\" content=\"1 minuta\" \/>\n<script type=\"application\/ld+json\" class=\"yoast-schema-graph\">{\"@context\":\"https:\/\/schema.org\",\"@graph\":[{\"@type\":\"Article\",\"@id\":\"https:\/\/hudo.com\/si\/aktualno\/delavstvu-gre-vedno-slabse-vlada-mizi\/#article\",\"isPartOf\":{\"@id\":\"https:\/\/hudo.com\/si\/aktualno\/delavstvu-gre-vedno-slabse-vlada-mizi\/\"},\"author\":{\"name\":\"hudo\",\"@id\":\"https:\/\/hudo.com\/si\/#\/schema\/person\/601cf3379633985b20f7e50f2bb47707\"},\"headline\":\"Delavstvu gre vedno slab\u0161e, vlada mi\u017ei\",\"datePublished\":\"2017-09-04T06:00:00+00:00\",\"dateModified\":\"2017-09-04T06:00:00+00:00\",\"mainEntityOfPage\":{\"@id\":\"https:\/\/hudo.com\/si\/aktualno\/delavstvu-gre-vedno-slabse-vlada-mizi\/\"},\"wordCount\":149,\"publisher\":{\"@id\":\"https:\/\/hudo.com\/si\/#organization\"},\"articleSection\":[\"Aktualno\"],\"inLanguage\":\"sl-SI\"},{\"@type\":\"WebPage\",\"@id\":\"https:\/\/hudo.com\/si\/aktualno\/delavstvu-gre-vedno-slabse-vlada-mizi\/\",\"url\":\"https:\/\/hudo.com\/si\/aktualno\/delavstvu-gre-vedno-slabse-vlada-mizi\/\",\"name\":\"Delavstvu gre vedno slab\u0161e, vlada mi\u017ei - Hudo Slovenija\",\"isPartOf\":{\"@id\":\"https:\/\/hudo.com\/si\/#website\"},\"datePublished\":\"2017-09-04T06:00:00+00:00\",\"dateModified\":\"2017-09-04T06:00:00+00:00\",\"breadcrumb\":{\"@id\":\"https:\/\/hudo.com\/si\/aktualno\/delavstvu-gre-vedno-slabse-vlada-mizi\/#breadcrumb\"},\"inLanguage\":\"sl-SI\",\"potentialAction\":[{\"@type\":\"ReadAction\",\"target\":[\"https:\/\/hudo.com\/si\/aktualno\/delavstvu-gre-vedno-slabse-vlada-mizi\/\"]}]},{\"@type\":\"BreadcrumbList\",\"@id\":\"https:\/\/hudo.com\/si\/aktualno\/delavstvu-gre-vedno-slabse-vlada-mizi\/#breadcrumb\",\"itemListElement\":[{\"@type\":\"ListItem\",\"position\":1,\"name\":\"Home\",\"item\":\"https:\/\/hudo.com\/si\/\"},{\"@type\":\"ListItem\",\"position\":2,\"name\":\"Delavstvu gre vedno slab\u0161e, vlada mi\u017ei\"}]},{\"@type\":\"WebSite\",\"@id\":\"https:\/\/hudo.com\/si\/#website\",\"url\":\"https:\/\/hudo.com\/si\/\",\"name\":\"Hudo Slovenija\",\"description\":\"Vse novice iz Slovenije in sveta\",\"publisher\":{\"@id\":\"https:\/\/hudo.com\/si\/#organization\"},\"potentialAction\":[{\"@type\":\"SearchAction\",\"target\":{\"@type\":\"EntryPoint\",\"urlTemplate\":\"https:\/\/hudo.com\/si\/?s={search_term_string}\"},\"query-input\":\"required name=search_term_string\"}],\"inLanguage\":\"sl-SI\"},{\"@type\":\"Organization\",\"@id\":\"https:\/\/hudo.com\/si\/#organization\",\"name\":\"VSN Media\",\"url\":\"https:\/\/hudo.com\/si\/\",\"logo\":{\"@type\":\"ImageObject\",\"inLanguage\":\"sl-SI\",\"@id\":\"https:\/\/hudo.com\/si\/#\/schema\/logo\/image\/\",\"url\":\"https:\/\/hudo.com\/si\/wp-content\/uploads\/sites\/2\/2021\/03\/hudo-app-2.png\",\"contentUrl\":\"https:\/\/hudo.com\/si\/wp-content\/uploads\/sites\/2\/2021\/03\/hudo-app-2.png\",\"width\":2185,\"height\":2167,\"caption\":\"VSN Media\"},\"image\":{\"@id\":\"https:\/\/hudo.com\/si\/#\/schema\/logo\/image\/\"},\"sameAs\":[\"https:\/\/www.facebook.com\/hudo.si\",\"https:\/\/twitter.com\/hudo_si\"]},{\"@type\":\"Person\",\"@id\":\"https:\/\/hudo.com\/si\/#\/schema\/person\/601cf3379633985b20f7e50f2bb47707\",\"name\":\"hudo\",\"image\":{\"@type\":\"ImageObject\",\"inLanguage\":\"sl-SI\",\"@id\":\"https:\/\/hudo.com\/si\/#\/schema\/person\/image\/\",\"url\":\"https:\/\/secure.gravatar.com\/avatar\/c4ca25fa72cace7a696b52ff5db9e095?s=96&d=mm&r=g\",\"contentUrl\":\"https:\/\/secure.gravatar.com\/avatar\/c4ca25fa72cace7a696b52ff5db9e095?s=96&d=mm&r=g\",\"caption\":\"hudo\"},\"url\":\"https:\/\/hudo.com\/si\/author\/hudo\/\"}]}<\/script>\n<!-- \/ Yoast SEO plugin. -->","yoast_head_json":{"title":"Delavstvu gre vedno slab\u0161e, vlada mi\u017ei - Hudo Slovenija","robots":{"index":"index","follow":"follow","max-snippet":"max-snippet:-1","max-image-preview":"max-image-preview:large","max-video-preview":"max-video-preview:-1"},"canonical":"https:\/\/hudo.com\/si\/aktualno\/delavstvu-gre-vedno-slabse-vlada-mizi\/","og_locale":"sl_SI","og_type":"article","og_title":"Delavstvu gre vedno slab\u0161e, vlada mi\u017ei - Hudo Slovenija","og_description":"Kategorija: Slovenija Mon, 04 Sep 2017 10:00:00 +0200 Ljubljana \u2013 Danes se bodo nadaljevala pogajanja med vlado in sindikati javnega sektorja.\u00ad O tem, pred kak\u0161nimi\u00ad izzivi\u00ad so pogajalci in vlada, smo se pogovarjali s predsednikom Svobodnega sindikata Slovenije\u00ad in sekretarjem sindikata poklicnih gasilcev Davidom \u0160varcem. Pred kak\u0161no sindikalno jesenjo smo? Kar zadeva sindikalne pritiske, ki bi se v jeseni lahko zgodili, je \u017ee Evropska konfederacija sindikatov to leto razglasila za mednarodno leto boja za zvi\u0161anje pla\u010d. Se pravi, da so vsaj evropski sindikati znotraj vrednostno in politi\u010dno razdeljene Evrope na\u0161li skupno to\u010dko? Tako je. Gospodarske krize je konec, zato so pobude in zahteve za zvi\u0161anje pla\u010d, \u010demur seveda kapital zelo nerad prisluhne, zelo utemeljene. Temu boju smo se pridru\u017eili tudi industrijski in storitveni sindikati, ki delujemo znotraj Zveze svobodnih sindikatov Slovenije. Osredoto\u010dili smo se na zahteve po\u00a0...","og_url":"https:\/\/hudo.com\/si\/aktualno\/delavstvu-gre-vedno-slabse-vlada-mizi\/","og_site_name":"Hudo Slovenija","article_publisher":"https:\/\/www.facebook.com\/hudo.si","article_published_time":"2017-09-04T06:00:00+00:00","og_image":[{"width":480,"height":290,"url":"https:\/\/hudo.com\/si\/wp-content\/uploads\/sites\/2\/2017\/09\/480x290_4_stran__Delo_Foto_20170831.1_hires0.jpeg","type":"image\/jpeg"}],"author":"hudo","twitter_card":"summary_large_image","twitter_creator":"@hudo_si","twitter_site":"@hudo_si","twitter_misc":{"Written by":"hudo","Est. reading time":"1 minuta"},"schema":{"@context":"https:\/\/schema.org","@graph":[{"@type":"Article","@id":"https:\/\/hudo.com\/si\/aktualno\/delavstvu-gre-vedno-slabse-vlada-mizi\/#article","isPartOf":{"@id":"https:\/\/hudo.com\/si\/aktualno\/delavstvu-gre-vedno-slabse-vlada-mizi\/"},"author":{"name":"hudo","@id":"https:\/\/hudo.com\/si\/#\/schema\/person\/601cf3379633985b20f7e50f2bb47707"},"headline":"Delavstvu gre vedno slab\u0161e, vlada mi\u017ei","datePublished":"2017-09-04T06:00:00+00:00","dateModified":"2017-09-04T06:00:00+00:00","mainEntityOfPage":{"@id":"https:\/\/hudo.com\/si\/aktualno\/delavstvu-gre-vedno-slabse-vlada-mizi\/"},"wordCount":149,"publisher":{"@id":"https:\/\/hudo.com\/si\/#organization"},"articleSection":["Aktualno"],"inLanguage":"sl-SI"},{"@type":"WebPage","@id":"https:\/\/hudo.com\/si\/aktualno\/delavstvu-gre-vedno-slabse-vlada-mizi\/","url":"https:\/\/hudo.com\/si\/aktualno\/delavstvu-gre-vedno-slabse-vlada-mizi\/","name":"Delavstvu gre vedno slab\u0161e, vlada mi\u017ei - Hudo Slovenija","isPartOf":{"@id":"https:\/\/hudo.com\/si\/#website"},"datePublished":"2017-09-04T06:00:00+00:00","dateModified":"2017-09-04T06:00:00+00:00","breadcrumb":{"@id":"https:\/\/hudo.com\/si\/aktualno\/delavstvu-gre-vedno-slabse-vlada-mizi\/#breadcrumb"},"inLanguage":"sl-SI","potentialAction":[{"@type":"ReadAction","target":["https:\/\/hudo.com\/si\/aktualno\/delavstvu-gre-vedno-slabse-vlada-mizi\/"]}]},{"@type":"BreadcrumbList","@id":"https:\/\/hudo.com\/si\/aktualno\/delavstvu-gre-vedno-slabse-vlada-mizi\/#breadcrumb","itemListElement":[{"@type":"ListItem","position":1,"name":"Home","item":"https:\/\/hudo.com\/si\/"},{"@type":"ListItem","position":2,"name":"Delavstvu gre vedno slab\u0161e, vlada mi\u017ei"}]},{"@type":"WebSite","@id":"https:\/\/hudo.com\/si\/#website","url":"https:\/\/hudo.com\/si\/","name":"Hudo Slovenija","description":"Vse novice iz Slovenije in sveta","publisher":{"@id":"https:\/\/hudo.com\/si\/#organization"},"potentialAction":[{"@type":"SearchAction","target":{"@type":"EntryPoint","urlTemplate":"https:\/\/hudo.com\/si\/?s={search_term_string}"},"query-input":"required name=search_term_string"}],"inLanguage":"sl-SI"},{"@type":"Organization","@id":"https:\/\/hudo.com\/si\/#organization","name":"VSN Media","url":"https:\/\/hudo.com\/si\/","logo":{"@type":"ImageObject","inLanguage":"sl-SI","@id":"https:\/\/hudo.com\/si\/#\/schema\/logo\/image\/","url":"https:\/\/hudo.com\/si\/wp-content\/uploads\/sites\/2\/2021\/03\/hudo-app-2.png","contentUrl":"https:\/\/hudo.com\/si\/wp-content\/uploads\/sites\/2\/2021\/03\/hudo-app-2.png","width":2185,"height":2167,"caption":"VSN Media"},"image":{"@id":"https:\/\/hudo.com\/si\/#\/schema\/logo\/image\/"},"sameAs":["https:\/\/www.facebook.com\/hudo.si","https:\/\/twitter.com\/hudo_si"]},{"@type":"Person","@id":"https:\/\/hudo.com\/si\/#\/schema\/person\/601cf3379633985b20f7e50f2bb47707","name":"hudo","image":{"@type":"ImageObject","inLanguage":"sl-SI","@id":"https:\/\/hudo.com\/si\/#\/schema\/person\/image\/","url":"https:\/\/secure.gravatar.com\/avatar\/c4ca25fa72cace7a696b52ff5db9e095?s=96&d=mm&r=g","contentUrl":"https:\/\/secure.gravatar.com\/avatar\/c4ca25fa72cace7a696b52ff5db9e095?s=96&d=mm&r=g","caption":"hudo"},"url":"https:\/\/hudo.com\/si\/author\/hudo\/"}]}},"amp_enabled":true,"_links":{"self":[{"href":"https:\/\/hudo.com\/si\/wp-json\/wp\/v2\/posts\/294898"}],"collection":[{"href":"https:\/\/hudo.com\/si\/wp-json\/wp\/v2\/posts"}],"about":[{"href":"https:\/\/hudo.com\/si\/wp-json\/wp\/v2\/types\/post"}],"author":[{"embeddable":true,"href":"https:\/\/hudo.com\/si\/wp-json\/wp\/v2\/users\/1"}],"replies":[{"embeddable":true,"href":"https:\/\/hudo.com\/si\/wp-json\/wp\/v2\/comments?post=294898"}],"version-history":[{"count":0,"href":"https:\/\/hudo.com\/si\/wp-json\/wp\/v2\/posts\/294898\/revisions"}],"wp:attachment":[{"href":"https:\/\/hudo.com\/si\/wp-json\/wp\/v2\/media?parent=294898"}],"wp:term":[{"taxonomy":"category","embeddable":true,"href":"https:\/\/hudo.com\/si\/wp-json\/wp\/v2\/categories?post=294898"},{"taxonomy":"post_tag","embeddable":true,"href":"https:\/\/hudo.com\/si\/wp-json\/wp\/v2\/tags?post=294898"},{"taxonomy":"source","embeddable":true,"href":"https:\/\/hudo.com\/si\/wp-json\/wp\/v2\/source?post=294898"},{"taxonomy":"supertag","embeddable":true,"href":"https:\/\/hudo.com\/si\/wp-json\/wp\/v2\/supertag?post=294898"}],"curies":[{"name":"wp","href":"https:\/\/api.w.org\/{rel}","templated":true}]}}