{"id":294938,"date":"2017-09-04T06:00:00","date_gmt":"2017-09-04T04:00:00","guid":{"rendered":"http:\/\/hudo.com\/si\/2017\/09\/04\/cigav-oce-je-bil-vecji-zlocinec\/"},"modified":"2017-09-04T06:00:00","modified_gmt":"2017-09-04T04:00:00","slug":"cigav-oce-je-bil-vecji-zlocinec","status":"publish","type":"post","link":"https:\/\/hudo.com\/si\/aktualno\/cigav-oce-je-bil-vecji-zlocinec\/","title":{"rendered":"\u010cigav o\u010de je bil ve\u010dji zlo\u010dinec?"},"content":{"rendered":"<p>Kategorija: Sose\u0161\u010dina Mon, 04 Sep 2017 08:00:00 +0200  Zagreb \u2013 \u00bbIslamski terorizem, kakr\u0161nega imamo danes v Evropi, se je za\u010del v devetdesetih letih prej\u0161njega stoletja z Izetbegovi\u0107evimi mud\u017eahedini,\u00ab je izjavil saborski poslanec HDZ Miroslav Tu\u0111man v intervjuju za Globus pred predstavitvijo svoje nove knjige Druga stran Rubikona \u2013 politi\u010dna strategija Alije Izetbegovi\u0107a. Sin prvega hrva\u0161kega predsednika je opozoril, da so med vojno \u00bbpod neposrednim Izetbegovi\u0107evim poveljstvom mud\u017eahedini iz muslimanskih brigad med vzkliki &#8216;Allahu akbar&#8217; [bog je velik] izvedli petdeset obredov sekanja glave\u00ab. Nekateri od njih so sodelovali tudi pri napadu na Svetovno trgovinsko sredi\u0161\u010de, nato je Izetbegovi\u0107 odstopil, je opozoril Tu\u0111man mlaj\u0161i in napovedal, \u00bbda lahko pri\u010dakujemo nadaljnjo radikalizacijo, \u010de bo v BiH prevladalo njegovo mnenje, da je vera pomembnej\u0161a od naroda\u00ab. Alijo Izetbegovi\u0107a je vzel v bran bo\u0161nja\u0161ki \u010dlan predsedstva BiH in njegov sin Bakir. Seveda\u00a0&#8230;<\/p>\n","protected":false},"excerpt":{"rendered":"<p>Kategorija: Sose\u0161\u010dina Mon, 04 Sep 2017 08:00:00 +0200  Zagreb \u2013 \u00bbIslamski terorizem, kakr\u0161nega imamo danes v Evropi, se je za\u010del v devetdesetih letih prej\u0161njega stoletja z Izetbegovi\u0107evimi mud\u017eahedini,\u00ab je izjavil saborski poslanec HDZ Miroslav Tu\u0111man v intervjuju za Globus pred predstavitvijo svoje nove knjige Druga stran Rubikona \u2013 politi\u010dna strategija Alije Izetbegovi\u0107a. Sin prvega hrva\u0161kega predsednika je opozoril, da so med vojno \u00bbpod neposrednim Izetbegovi\u0107evim poveljstvom mud\u017eahedini iz muslimanskih brigad med vzkliki &#8216;Allahu akbar&#8217; [bog je velik] izvedli petdeset obredov sekanja glave\u00ab. Nekateri od njih so sodelovali tudi pri napadu na Svetovno trgovinsko sredi\u0161\u010de, nato je Izetbegovi\u0107 odstopil, je opozoril Tu\u0111man mlaj\u0161i in napovedal, \u00bbda lahko pri\u010dakujemo nadaljnjo radikalizacijo, \u010de bo v BiH prevladalo njegovo mnenje, da je vera pomembnej\u0161a od naroda\u00ab. Alijo Izetbegovi\u0107a je vzel v bran bo\u0161nja\u0161ki \u010dlan predsedstva BiH in njegov sin Bakir. Seveda\u00a0&#8230;<\/p>\n","protected":false},"author":1,"featured_media":0,"comment_status":"closed","ping_status":"closed","sticky":false,"template":"","format":"standard","meta":{"footnotes":""},"categories":[1179],"tags":[],"source":[1703],"supertag":[],"acf":[],"yoast_head":"<!-- This site is optimized with the Yoast SEO plugin v21.3 - https:\/\/yoast.com\/wordpress\/plugins\/seo\/ -->\n<title>\u010cigav o\u010de je bil ve\u010dji zlo\u010dinec? - Hudo Slovenija<\/title>\n<meta name=\"robots\" content=\"index, follow, max-snippet:-1, max-image-preview:large, max-video-preview:-1\" \/>\n<link rel=\"canonical\" href=\"https:\/\/hudo.com\/si\/aktualno\/cigav-oce-je-bil-vecji-zlocinec\/\" \/>\n<meta property=\"og:locale\" content=\"sl_SI\" \/>\n<meta property=\"og:type\" content=\"article\" \/>\n<meta property=\"og:title\" content=\"\u010cigav o\u010de je bil ve\u010dji zlo\u010dinec? - Hudo Slovenija\" \/>\n<meta property=\"og:description\" content=\"Kategorija: Sose\u0161\u010dina Mon, 04 Sep 2017 08:00:00 +0200 Zagreb \u2013 \u00bbIslamski terorizem, kakr\u0161nega imamo danes v Evropi, se je za\u010del v devetdesetih letih prej\u0161njega stoletja z Izetbegovi\u0107evimi mud\u017eahedini,\u00ab je izjavil saborski poslanec HDZ Miroslav Tu\u0111man v intervjuju za Globus pred predstavitvijo svoje nove knjige Druga stran Rubikona \u2013 politi\u010dna strategija Alije Izetbegovi\u0107a. Sin prvega hrva\u0161kega predsednika je opozoril, da so med vojno \u00bbpod neposrednim Izetbegovi\u0107evim poveljstvom mud\u017eahedini iz muslimanskih brigad med vzkliki &#039;Allahu akbar&#039; [bog je velik] izvedli petdeset obredov sekanja glave\u00ab. Nekateri od njih so sodelovali tudi pri napadu na Svetovno trgovinsko sredi\u0161\u010de, nato je Izetbegovi\u0107 odstopil, je opozoril Tu\u0111man mlaj\u0161i in napovedal, \u00bbda lahko pri\u010dakujemo nadaljnjo radikalizacijo, \u010de bo v BiH prevladalo njegovo mnenje, da je vera pomembnej\u0161a od naroda\u00ab. Alijo Izetbegovi\u0107a je vzel v bran bo\u0161nja\u0161ki \u010dlan predsedstva BiH in njegov sin Bakir. Seveda\u00a0...\" \/>\n<meta property=\"og:url\" content=\"https:\/\/hudo.com\/si\/aktualno\/cigav-oce-je-bil-vecji-zlocinec\/\" \/>\n<meta property=\"og:site_name\" content=\"Hudo Slovenija\" \/>\n<meta property=\"article:publisher\" content=\"https:\/\/www.facebook.com\/hudo.si\" \/>\n<meta property=\"article:published_time\" content=\"2017-09-04T04:00:00+00:00\" \/>\n<meta property=\"og:image\" content=\"https:\/\/hudo.com\/si\/wp-content\/uploads\/sites\/2\/2017\/09\/480x290_Sobotna__djvu_9947_irenast__hires0.jpeg\" \/>\n\t<meta property=\"og:image:width\" content=\"480\" \/>\n\t<meta property=\"og:image:height\" content=\"290\" \/>\n\t<meta property=\"og:image:type\" content=\"image\/jpeg\" \/>\n<meta name=\"author\" content=\"hudo\" \/>\n<meta name=\"twitter:card\" content=\"summary_large_image\" \/>\n<meta name=\"twitter:creator\" content=\"@hudo_si\" \/>\n<meta name=\"twitter:site\" content=\"@hudo_si\" \/>\n<meta name=\"twitter:label1\" content=\"Written by\" \/>\n\t<meta name=\"twitter:data1\" content=\"hudo\" \/>\n\t<meta name=\"twitter:label2\" content=\"Est. reading time\" \/>\n\t<meta name=\"twitter:data2\" content=\"1 minuta\" \/>\n<script type=\"application\/ld+json\" class=\"yoast-schema-graph\">{\"@context\":\"https:\/\/schema.org\",\"@graph\":[{\"@type\":\"Article\",\"@id\":\"https:\/\/hudo.com\/si\/aktualno\/cigav-oce-je-bil-vecji-zlocinec\/#article\",\"isPartOf\":{\"@id\":\"https:\/\/hudo.com\/si\/aktualno\/cigav-oce-je-bil-vecji-zlocinec\/\"},\"author\":{\"name\":\"hudo\",\"@id\":\"https:\/\/hudo.com\/si\/#\/schema\/person\/601cf3379633985b20f7e50f2bb47707\"},\"headline\":\"\u010cigav o\u010de je bil ve\u010dji zlo\u010dinec?\",\"datePublished\":\"2017-09-04T04:00:00+00:00\",\"dateModified\":\"2017-09-04T04:00:00+00:00\",\"mainEntityOfPage\":{\"@id\":\"https:\/\/hudo.com\/si\/aktualno\/cigav-oce-je-bil-vecji-zlocinec\/\"},\"wordCount\":160,\"publisher\":{\"@id\":\"https:\/\/hudo.com\/si\/#organization\"},\"articleSection\":[\"Aktualno\"],\"inLanguage\":\"sl-SI\"},{\"@type\":\"WebPage\",\"@id\":\"https:\/\/hudo.com\/si\/aktualno\/cigav-oce-je-bil-vecji-zlocinec\/\",\"url\":\"https:\/\/hudo.com\/si\/aktualno\/cigav-oce-je-bil-vecji-zlocinec\/\",\"name\":\"\u010cigav o\u010de je bil ve\u010dji zlo\u010dinec? - Hudo Slovenija\",\"isPartOf\":{\"@id\":\"https:\/\/hudo.com\/si\/#website\"},\"datePublished\":\"2017-09-04T04:00:00+00:00\",\"dateModified\":\"2017-09-04T04:00:00+00:00\",\"breadcrumb\":{\"@id\":\"https:\/\/hudo.com\/si\/aktualno\/cigav-oce-je-bil-vecji-zlocinec\/#breadcrumb\"},\"inLanguage\":\"sl-SI\",\"potentialAction\":[{\"@type\":\"ReadAction\",\"target\":[\"https:\/\/hudo.com\/si\/aktualno\/cigav-oce-je-bil-vecji-zlocinec\/\"]}]},{\"@type\":\"BreadcrumbList\",\"@id\":\"https:\/\/hudo.com\/si\/aktualno\/cigav-oce-je-bil-vecji-zlocinec\/#breadcrumb\",\"itemListElement\":[{\"@type\":\"ListItem\",\"position\":1,\"name\":\"Home\",\"item\":\"https:\/\/hudo.com\/si\/\"},{\"@type\":\"ListItem\",\"position\":2,\"name\":\"\u010cigav o\u010de je bil ve\u010dji zlo\u010dinec?\"}]},{\"@type\":\"WebSite\",\"@id\":\"https:\/\/hudo.com\/si\/#website\",\"url\":\"https:\/\/hudo.com\/si\/\",\"name\":\"Hudo Slovenija\",\"description\":\"Vse novice iz Slovenije in sveta\",\"publisher\":{\"@id\":\"https:\/\/hudo.com\/si\/#organization\"},\"potentialAction\":[{\"@type\":\"SearchAction\",\"target\":{\"@type\":\"EntryPoint\",\"urlTemplate\":\"https:\/\/hudo.com\/si\/?s={search_term_string}\"},\"query-input\":\"required name=search_term_string\"}],\"inLanguage\":\"sl-SI\"},{\"@type\":\"Organization\",\"@id\":\"https:\/\/hudo.com\/si\/#organization\",\"name\":\"VSN Media\",\"url\":\"https:\/\/hudo.com\/si\/\",\"logo\":{\"@type\":\"ImageObject\",\"inLanguage\":\"sl-SI\",\"@id\":\"https:\/\/hudo.com\/si\/#\/schema\/logo\/image\/\",\"url\":\"https:\/\/hudo.com\/si\/wp-content\/uploads\/sites\/2\/2021\/03\/hudo-app-2.png\",\"contentUrl\":\"https:\/\/hudo.com\/si\/wp-content\/uploads\/sites\/2\/2021\/03\/hudo-app-2.png\",\"width\":2185,\"height\":2167,\"caption\":\"VSN Media\"},\"image\":{\"@id\":\"https:\/\/hudo.com\/si\/#\/schema\/logo\/image\/\"},\"sameAs\":[\"https:\/\/www.facebook.com\/hudo.si\",\"https:\/\/twitter.com\/hudo_si\"]},{\"@type\":\"Person\",\"@id\":\"https:\/\/hudo.com\/si\/#\/schema\/person\/601cf3379633985b20f7e50f2bb47707\",\"name\":\"hudo\",\"image\":{\"@type\":\"ImageObject\",\"inLanguage\":\"sl-SI\",\"@id\":\"https:\/\/hudo.com\/si\/#\/schema\/person\/image\/\",\"url\":\"https:\/\/secure.gravatar.com\/avatar\/c4ca25fa72cace7a696b52ff5db9e095?s=96&d=mm&r=g\",\"contentUrl\":\"https:\/\/secure.gravatar.com\/avatar\/c4ca25fa72cace7a696b52ff5db9e095?s=96&d=mm&r=g\",\"caption\":\"hudo\"},\"url\":\"https:\/\/hudo.com\/si\/author\/hudo\/\"}]}<\/script>\n<!-- \/ Yoast SEO plugin. -->","yoast_head_json":{"title":"\u010cigav o\u010de je bil ve\u010dji zlo\u010dinec? - Hudo Slovenija","robots":{"index":"index","follow":"follow","max-snippet":"max-snippet:-1","max-image-preview":"max-image-preview:large","max-video-preview":"max-video-preview:-1"},"canonical":"https:\/\/hudo.com\/si\/aktualno\/cigav-oce-je-bil-vecji-zlocinec\/","og_locale":"sl_SI","og_type":"article","og_title":"\u010cigav o\u010de je bil ve\u010dji zlo\u010dinec? - Hudo Slovenija","og_description":"Kategorija: Sose\u0161\u010dina Mon, 04 Sep 2017 08:00:00 +0200 Zagreb \u2013 \u00bbIslamski terorizem, kakr\u0161nega imamo danes v Evropi, se je za\u010del v devetdesetih letih prej\u0161njega stoletja z Izetbegovi\u0107evimi mud\u017eahedini,\u00ab je izjavil saborski poslanec HDZ Miroslav Tu\u0111man v intervjuju za Globus pred predstavitvijo svoje nove knjige Druga stran Rubikona \u2013 politi\u010dna strategija Alije Izetbegovi\u0107a. Sin prvega hrva\u0161kega predsednika je opozoril, da so med vojno \u00bbpod neposrednim Izetbegovi\u0107evim poveljstvom mud\u017eahedini iz muslimanskih brigad med vzkliki 'Allahu akbar' [bog je velik] izvedli petdeset obredov sekanja glave\u00ab. Nekateri od njih so sodelovali tudi pri napadu na Svetovno trgovinsko sredi\u0161\u010de, nato je Izetbegovi\u0107 odstopil, je opozoril Tu\u0111man mlaj\u0161i in napovedal, \u00bbda lahko pri\u010dakujemo nadaljnjo radikalizacijo, \u010de bo v BiH prevladalo njegovo mnenje, da je vera pomembnej\u0161a od naroda\u00ab. Alijo Izetbegovi\u0107a je vzel v bran bo\u0161nja\u0161ki \u010dlan predsedstva BiH in njegov sin Bakir. Seveda\u00a0...","og_url":"https:\/\/hudo.com\/si\/aktualno\/cigav-oce-je-bil-vecji-zlocinec\/","og_site_name":"Hudo Slovenija","article_publisher":"https:\/\/www.facebook.com\/hudo.si","article_published_time":"2017-09-04T04:00:00+00:00","og_image":[{"width":480,"height":290,"url":"https:\/\/hudo.com\/si\/wp-content\/uploads\/sites\/2\/2017\/09\/480x290_Sobotna__djvu_9947_irenast__hires0.jpeg","type":"image\/jpeg"}],"author":"hudo","twitter_card":"summary_large_image","twitter_creator":"@hudo_si","twitter_site":"@hudo_si","twitter_misc":{"Written by":"hudo","Est. reading time":"1 minuta"},"schema":{"@context":"https:\/\/schema.org","@graph":[{"@type":"Article","@id":"https:\/\/hudo.com\/si\/aktualno\/cigav-oce-je-bil-vecji-zlocinec\/#article","isPartOf":{"@id":"https:\/\/hudo.com\/si\/aktualno\/cigav-oce-je-bil-vecji-zlocinec\/"},"author":{"name":"hudo","@id":"https:\/\/hudo.com\/si\/#\/schema\/person\/601cf3379633985b20f7e50f2bb47707"},"headline":"\u010cigav o\u010de je bil ve\u010dji zlo\u010dinec?","datePublished":"2017-09-04T04:00:00+00:00","dateModified":"2017-09-04T04:00:00+00:00","mainEntityOfPage":{"@id":"https:\/\/hudo.com\/si\/aktualno\/cigav-oce-je-bil-vecji-zlocinec\/"},"wordCount":160,"publisher":{"@id":"https:\/\/hudo.com\/si\/#organization"},"articleSection":["Aktualno"],"inLanguage":"sl-SI"},{"@type":"WebPage","@id":"https:\/\/hudo.com\/si\/aktualno\/cigav-oce-je-bil-vecji-zlocinec\/","url":"https:\/\/hudo.com\/si\/aktualno\/cigav-oce-je-bil-vecji-zlocinec\/","name":"\u010cigav o\u010de je bil ve\u010dji zlo\u010dinec? - Hudo Slovenija","isPartOf":{"@id":"https:\/\/hudo.com\/si\/#website"},"datePublished":"2017-09-04T04:00:00+00:00","dateModified":"2017-09-04T04:00:00+00:00","breadcrumb":{"@id":"https:\/\/hudo.com\/si\/aktualno\/cigav-oce-je-bil-vecji-zlocinec\/#breadcrumb"},"inLanguage":"sl-SI","potentialAction":[{"@type":"ReadAction","target":["https:\/\/hudo.com\/si\/aktualno\/cigav-oce-je-bil-vecji-zlocinec\/"]}]},{"@type":"BreadcrumbList","@id":"https:\/\/hudo.com\/si\/aktualno\/cigav-oce-je-bil-vecji-zlocinec\/#breadcrumb","itemListElement":[{"@type":"ListItem","position":1,"name":"Home","item":"https:\/\/hudo.com\/si\/"},{"@type":"ListItem","position":2,"name":"\u010cigav o\u010de je bil ve\u010dji zlo\u010dinec?"}]},{"@type":"WebSite","@id":"https:\/\/hudo.com\/si\/#website","url":"https:\/\/hudo.com\/si\/","name":"Hudo Slovenija","description":"Vse novice iz Slovenije in sveta","publisher":{"@id":"https:\/\/hudo.com\/si\/#organization"},"potentialAction":[{"@type":"SearchAction","target":{"@type":"EntryPoint","urlTemplate":"https:\/\/hudo.com\/si\/?s={search_term_string}"},"query-input":"required name=search_term_string"}],"inLanguage":"sl-SI"},{"@type":"Organization","@id":"https:\/\/hudo.com\/si\/#organization","name":"VSN Media","url":"https:\/\/hudo.com\/si\/","logo":{"@type":"ImageObject","inLanguage":"sl-SI","@id":"https:\/\/hudo.com\/si\/#\/schema\/logo\/image\/","url":"https:\/\/hudo.com\/si\/wp-content\/uploads\/sites\/2\/2021\/03\/hudo-app-2.png","contentUrl":"https:\/\/hudo.com\/si\/wp-content\/uploads\/sites\/2\/2021\/03\/hudo-app-2.png","width":2185,"height":2167,"caption":"VSN Media"},"image":{"@id":"https:\/\/hudo.com\/si\/#\/schema\/logo\/image\/"},"sameAs":["https:\/\/www.facebook.com\/hudo.si","https:\/\/twitter.com\/hudo_si"]},{"@type":"Person","@id":"https:\/\/hudo.com\/si\/#\/schema\/person\/601cf3379633985b20f7e50f2bb47707","name":"hudo","image":{"@type":"ImageObject","inLanguage":"sl-SI","@id":"https:\/\/hudo.com\/si\/#\/schema\/person\/image\/","url":"https:\/\/secure.gravatar.com\/avatar\/c4ca25fa72cace7a696b52ff5db9e095?s=96&d=mm&r=g","contentUrl":"https:\/\/secure.gravatar.com\/avatar\/c4ca25fa72cace7a696b52ff5db9e095?s=96&d=mm&r=g","caption":"hudo"},"url":"https:\/\/hudo.com\/si\/author\/hudo\/"}]}},"amp_enabled":true,"_links":{"self":[{"href":"https:\/\/hudo.com\/si\/wp-json\/wp\/v2\/posts\/294938"}],"collection":[{"href":"https:\/\/hudo.com\/si\/wp-json\/wp\/v2\/posts"}],"about":[{"href":"https:\/\/hudo.com\/si\/wp-json\/wp\/v2\/types\/post"}],"author":[{"embeddable":true,"href":"https:\/\/hudo.com\/si\/wp-json\/wp\/v2\/users\/1"}],"replies":[{"embeddable":true,"href":"https:\/\/hudo.com\/si\/wp-json\/wp\/v2\/comments?post=294938"}],"version-history":[{"count":0,"href":"https:\/\/hudo.com\/si\/wp-json\/wp\/v2\/posts\/294938\/revisions"}],"wp:attachment":[{"href":"https:\/\/hudo.com\/si\/wp-json\/wp\/v2\/media?parent=294938"}],"wp:term":[{"taxonomy":"category","embeddable":true,"href":"https:\/\/hudo.com\/si\/wp-json\/wp\/v2\/categories?post=294938"},{"taxonomy":"post_tag","embeddable":true,"href":"https:\/\/hudo.com\/si\/wp-json\/wp\/v2\/tags?post=294938"},{"taxonomy":"source","embeddable":true,"href":"https:\/\/hudo.com\/si\/wp-json\/wp\/v2\/source?post=294938"},{"taxonomy":"supertag","embeddable":true,"href":"https:\/\/hudo.com\/si\/wp-json\/wp\/v2\/supertag?post=294938"}],"curies":[{"name":"wp","href":"https:\/\/api.w.org\/{rel}","templated":true}]}}