{"id":295342,"date":"2017-09-05T08:11:00","date_gmt":"2017-09-05T06:11:00","guid":{"rendered":"http:\/\/hudo.com\/si\/2017\/09\/05\/revoz-od-septembra-vodi-kaan-ozkan\/"},"modified":"2017-09-05T08:11:00","modified_gmt":"2017-09-05T06:11:00","slug":"revoz-od-septembra-vodi-kaan-ozkan","status":"publish","type":"post","link":"https:\/\/hudo.com\/si\/aktualno\/revoz-od-septembra-vodi-kaan-ozkan\/","title":{"rendered":"Revoz od septembra vodi Kaan Ozkan"},"content":{"rendered":"<p>Kategorija: Podjetja Tue, 05 Sep 2017 10:11:00 +0200  Novo mesto \u2212 Novome\u0161ki Revoz je v petek dobil novega predsednika uprave in direktorja tovarne Kaana Ozkana, ki je na tem mestu nasledil Raynalda Jolyja. Ta po 13 mesecih vodenja novome\u0161ke tovarne odhaja v Pariz, kjer bo direktor u\u010dinkovitosti mehanskih tovarn skupine Renault. Ozkan prihaja iz tur\u0161ke Burse, kjer je bil direktor Renaultove tovarne za sestavo vozil. Iz Revoza so danes sporo\u010dili, da Ozkan prevzema vodenje Revoza v obdobju, ko so uspe\u0161no kon\u010dali projekt za\u010detka proizvodnje tretjega modela v tej tovarni oziroma clia 4 in ko proizvodna obratuje z najve\u010djo zmogljivostjo. Z okrepitvijo proizvodnje pa so v Revozu ob\u010dutno pove\u010dali \u0161tevilo sodelavcev, so pristavili. Ozkan je ob nastopu v Revozu povedal, da je imenovanje na to mesto sprejel z velikim veseljem, saj je novome\u0161ka tovarna znotraj Renaulta znana kot ena najbolj\u0161ih. \u00bbPrepri\u010dan\u00a0&#8230;<\/p>\n","protected":false},"excerpt":{"rendered":"<p>Kategorija: Podjetja Tue, 05 Sep 2017 10:11:00 +0200  Novo mesto \u2212 Novome\u0161ki Revoz je v petek dobil novega predsednika uprave in direktorja tovarne Kaana Ozkana, ki je na tem mestu nasledil Raynalda Jolyja. Ta po 13 mesecih vodenja novome\u0161ke tovarne odhaja v Pariz, kjer bo direktor u\u010dinkovitosti mehanskih tovarn skupine Renault. Ozkan prihaja iz tur\u0161ke Burse, kjer je bil direktor Renaultove tovarne za sestavo vozil. Iz Revoza so danes sporo\u010dili, da Ozkan prevzema vodenje Revoza v obdobju, ko so uspe\u0161no kon\u010dali projekt za\u010detka proizvodnje tretjega modela v tej tovarni oziroma clia 4 in ko proizvodna obratuje z najve\u010djo zmogljivostjo. Z okrepitvijo proizvodnje pa so v Revozu ob\u010dutno pove\u010dali \u0161tevilo sodelavcev, so pristavili. Ozkan je ob nastopu v Revozu povedal, da je imenovanje na to mesto sprejel z velikim veseljem, saj je novome\u0161ka tovarna znotraj Renaulta znana kot ena najbolj\u0161ih. \u00bbPrepri\u010dan\u00a0&#8230;<\/p>\n","protected":false},"author":1,"featured_media":0,"comment_status":"closed","ping_status":"closed","sticky":false,"template":"","format":"standard","meta":{"footnotes":""},"categories":[1179],"tags":[],"source":[1703],"supertag":[],"acf":[],"yoast_head":"<!-- This site is optimized with the Yoast SEO plugin v21.3 - https:\/\/yoast.com\/wordpress\/plugins\/seo\/ -->\n<title>Revoz od septembra vodi Kaan Ozkan - Hudo Slovenija<\/title>\n<meta name=\"robots\" content=\"index, follow, max-snippet:-1, max-image-preview:large, max-video-preview:-1\" \/>\n<link rel=\"canonical\" href=\"https:\/\/hudo.com\/si\/aktualno\/revoz-od-septembra-vodi-kaan-ozkan\/\" \/>\n<meta property=\"og:locale\" content=\"sl_SI\" \/>\n<meta property=\"og:type\" content=\"article\" \/>\n<meta property=\"og:title\" content=\"Revoz od septembra vodi Kaan Ozkan - Hudo Slovenija\" \/>\n<meta property=\"og:description\" content=\"Kategorija: Podjetja Tue, 05 Sep 2017 10:11:00 +0200 Novo mesto \u2212 Novome\u0161ki Revoz je v petek dobil novega predsednika uprave in direktorja tovarne Kaana Ozkana, ki je na tem mestu nasledil Raynalda Jolyja. Ta po 13 mesecih vodenja novome\u0161ke tovarne odhaja v Pariz, kjer bo direktor u\u010dinkovitosti mehanskih tovarn skupine Renault. Ozkan prihaja iz tur\u0161ke Burse, kjer je bil direktor Renaultove tovarne za sestavo vozil. Iz Revoza so danes sporo\u010dili, da Ozkan prevzema vodenje Revoza v obdobju, ko so uspe\u0161no kon\u010dali projekt za\u010detka proizvodnje tretjega modela v tej tovarni oziroma clia 4 in ko proizvodna obratuje z najve\u010djo zmogljivostjo. Z okrepitvijo proizvodnje pa so v Revozu ob\u010dutno pove\u010dali \u0161tevilo sodelavcev, so pristavili. Ozkan je ob nastopu v Revozu povedal, da je imenovanje na to mesto sprejel z velikim veseljem, saj je novome\u0161ka tovarna znotraj Renaulta znana kot ena najbolj\u0161ih. \u00bbPrepri\u010dan\u00a0...\" \/>\n<meta property=\"og:url\" content=\"https:\/\/hudo.com\/si\/aktualno\/revoz-od-septembra-vodi-kaan-ozkan\/\" \/>\n<meta property=\"og:site_name\" content=\"Hudo Slovenija\" \/>\n<meta property=\"article:publisher\" content=\"https:\/\/www.facebook.com\/hudo.si\" \/>\n<meta property=\"article:published_time\" content=\"2017-09-05T06:11:00+00:00\" \/>\n<meta property=\"og:image\" content=\"https:\/\/hudo.com\/si\/wp-content\/uploads\/sites\/2\/2017\/09\/480x290_djvu_2264706_pavlinb_gbo-Revoz.jpeg\" \/>\n\t<meta property=\"og:image:width\" content=\"480\" \/>\n\t<meta property=\"og:image:height\" content=\"290\" \/>\n\t<meta property=\"og:image:type\" content=\"image\/jpeg\" \/>\n<meta name=\"author\" content=\"hudo\" \/>\n<meta name=\"twitter:card\" content=\"summary_large_image\" \/>\n<meta name=\"twitter:creator\" content=\"@hudo_si\" \/>\n<meta name=\"twitter:site\" content=\"@hudo_si\" \/>\n<meta name=\"twitter:label1\" content=\"Written by\" \/>\n\t<meta name=\"twitter:data1\" content=\"hudo\" \/>\n\t<meta name=\"twitter:label2\" content=\"Est. reading time\" \/>\n\t<meta name=\"twitter:data2\" content=\"1 minuta\" \/>\n<script type=\"application\/ld+json\" class=\"yoast-schema-graph\">{\"@context\":\"https:\/\/schema.org\",\"@graph\":[{\"@type\":\"Article\",\"@id\":\"https:\/\/hudo.com\/si\/aktualno\/revoz-od-septembra-vodi-kaan-ozkan\/#article\",\"isPartOf\":{\"@id\":\"https:\/\/hudo.com\/si\/aktualno\/revoz-od-septembra-vodi-kaan-ozkan\/\"},\"author\":{\"name\":\"hudo\",\"@id\":\"https:\/\/hudo.com\/si\/#\/schema\/person\/601cf3379633985b20f7e50f2bb47707\"},\"headline\":\"Revoz od septembra vodi Kaan Ozkan\",\"datePublished\":\"2017-09-05T06:11:00+00:00\",\"dateModified\":\"2017-09-05T06:11:00+00:00\",\"mainEntityOfPage\":{\"@id\":\"https:\/\/hudo.com\/si\/aktualno\/revoz-od-septembra-vodi-kaan-ozkan\/\"},\"wordCount\":153,\"publisher\":{\"@id\":\"https:\/\/hudo.com\/si\/#organization\"},\"articleSection\":[\"Aktualno\"],\"inLanguage\":\"sl-SI\"},{\"@type\":\"WebPage\",\"@id\":\"https:\/\/hudo.com\/si\/aktualno\/revoz-od-septembra-vodi-kaan-ozkan\/\",\"url\":\"https:\/\/hudo.com\/si\/aktualno\/revoz-od-septembra-vodi-kaan-ozkan\/\",\"name\":\"Revoz od septembra vodi Kaan Ozkan - Hudo Slovenija\",\"isPartOf\":{\"@id\":\"https:\/\/hudo.com\/si\/#website\"},\"datePublished\":\"2017-09-05T06:11:00+00:00\",\"dateModified\":\"2017-09-05T06:11:00+00:00\",\"breadcrumb\":{\"@id\":\"https:\/\/hudo.com\/si\/aktualno\/revoz-od-septembra-vodi-kaan-ozkan\/#breadcrumb\"},\"inLanguage\":\"sl-SI\",\"potentialAction\":[{\"@type\":\"ReadAction\",\"target\":[\"https:\/\/hudo.com\/si\/aktualno\/revoz-od-septembra-vodi-kaan-ozkan\/\"]}]},{\"@type\":\"BreadcrumbList\",\"@id\":\"https:\/\/hudo.com\/si\/aktualno\/revoz-od-septembra-vodi-kaan-ozkan\/#breadcrumb\",\"itemListElement\":[{\"@type\":\"ListItem\",\"position\":1,\"name\":\"Home\",\"item\":\"https:\/\/hudo.com\/si\/\"},{\"@type\":\"ListItem\",\"position\":2,\"name\":\"Revoz od septembra vodi Kaan Ozkan\"}]},{\"@type\":\"WebSite\",\"@id\":\"https:\/\/hudo.com\/si\/#website\",\"url\":\"https:\/\/hudo.com\/si\/\",\"name\":\"Hudo Slovenija\",\"description\":\"Vse novice iz Slovenije in sveta\",\"publisher\":{\"@id\":\"https:\/\/hudo.com\/si\/#organization\"},\"potentialAction\":[{\"@type\":\"SearchAction\",\"target\":{\"@type\":\"EntryPoint\",\"urlTemplate\":\"https:\/\/hudo.com\/si\/?s={search_term_string}\"},\"query-input\":\"required name=search_term_string\"}],\"inLanguage\":\"sl-SI\"},{\"@type\":\"Organization\",\"@id\":\"https:\/\/hudo.com\/si\/#organization\",\"name\":\"VSN Media\",\"url\":\"https:\/\/hudo.com\/si\/\",\"logo\":{\"@type\":\"ImageObject\",\"inLanguage\":\"sl-SI\",\"@id\":\"https:\/\/hudo.com\/si\/#\/schema\/logo\/image\/\",\"url\":\"https:\/\/hudo.com\/si\/wp-content\/uploads\/sites\/2\/2021\/03\/hudo-app-2.png\",\"contentUrl\":\"https:\/\/hudo.com\/si\/wp-content\/uploads\/sites\/2\/2021\/03\/hudo-app-2.png\",\"width\":2185,\"height\":2167,\"caption\":\"VSN Media\"},\"image\":{\"@id\":\"https:\/\/hudo.com\/si\/#\/schema\/logo\/image\/\"},\"sameAs\":[\"https:\/\/www.facebook.com\/hudo.si\",\"https:\/\/twitter.com\/hudo_si\"]},{\"@type\":\"Person\",\"@id\":\"https:\/\/hudo.com\/si\/#\/schema\/person\/601cf3379633985b20f7e50f2bb47707\",\"name\":\"hudo\",\"image\":{\"@type\":\"ImageObject\",\"inLanguage\":\"sl-SI\",\"@id\":\"https:\/\/hudo.com\/si\/#\/schema\/person\/image\/\",\"url\":\"https:\/\/secure.gravatar.com\/avatar\/c4ca25fa72cace7a696b52ff5db9e095?s=96&d=mm&r=g\",\"contentUrl\":\"https:\/\/secure.gravatar.com\/avatar\/c4ca25fa72cace7a696b52ff5db9e095?s=96&d=mm&r=g\",\"caption\":\"hudo\"},\"url\":\"https:\/\/hudo.com\/si\/author\/hudo\/\"}]}<\/script>\n<!-- \/ Yoast SEO plugin. -->","yoast_head_json":{"title":"Revoz od septembra vodi Kaan Ozkan - Hudo Slovenija","robots":{"index":"index","follow":"follow","max-snippet":"max-snippet:-1","max-image-preview":"max-image-preview:large","max-video-preview":"max-video-preview:-1"},"canonical":"https:\/\/hudo.com\/si\/aktualno\/revoz-od-septembra-vodi-kaan-ozkan\/","og_locale":"sl_SI","og_type":"article","og_title":"Revoz od septembra vodi Kaan Ozkan - Hudo Slovenija","og_description":"Kategorija: Podjetja Tue, 05 Sep 2017 10:11:00 +0200 Novo mesto \u2212 Novome\u0161ki Revoz je v petek dobil novega predsednika uprave in direktorja tovarne Kaana Ozkana, ki je na tem mestu nasledil Raynalda Jolyja. Ta po 13 mesecih vodenja novome\u0161ke tovarne odhaja v Pariz, kjer bo direktor u\u010dinkovitosti mehanskih tovarn skupine Renault. Ozkan prihaja iz tur\u0161ke Burse, kjer je bil direktor Renaultove tovarne za sestavo vozil. Iz Revoza so danes sporo\u010dili, da Ozkan prevzema vodenje Revoza v obdobju, ko so uspe\u0161no kon\u010dali projekt za\u010detka proizvodnje tretjega modela v tej tovarni oziroma clia 4 in ko proizvodna obratuje z najve\u010djo zmogljivostjo. Z okrepitvijo proizvodnje pa so v Revozu ob\u010dutno pove\u010dali \u0161tevilo sodelavcev, so pristavili. Ozkan je ob nastopu v Revozu povedal, da je imenovanje na to mesto sprejel z velikim veseljem, saj je novome\u0161ka tovarna znotraj Renaulta znana kot ena najbolj\u0161ih. \u00bbPrepri\u010dan\u00a0...","og_url":"https:\/\/hudo.com\/si\/aktualno\/revoz-od-septembra-vodi-kaan-ozkan\/","og_site_name":"Hudo Slovenija","article_publisher":"https:\/\/www.facebook.com\/hudo.si","article_published_time":"2017-09-05T06:11:00+00:00","og_image":[{"width":480,"height":290,"url":"https:\/\/hudo.com\/si\/wp-content\/uploads\/sites\/2\/2017\/09\/480x290_djvu_2264706_pavlinb_gbo-Revoz.jpeg","type":"image\/jpeg"}],"author":"hudo","twitter_card":"summary_large_image","twitter_creator":"@hudo_si","twitter_site":"@hudo_si","twitter_misc":{"Written by":"hudo","Est. reading time":"1 minuta"},"schema":{"@context":"https:\/\/schema.org","@graph":[{"@type":"Article","@id":"https:\/\/hudo.com\/si\/aktualno\/revoz-od-septembra-vodi-kaan-ozkan\/#article","isPartOf":{"@id":"https:\/\/hudo.com\/si\/aktualno\/revoz-od-septembra-vodi-kaan-ozkan\/"},"author":{"name":"hudo","@id":"https:\/\/hudo.com\/si\/#\/schema\/person\/601cf3379633985b20f7e50f2bb47707"},"headline":"Revoz od septembra vodi Kaan Ozkan","datePublished":"2017-09-05T06:11:00+00:00","dateModified":"2017-09-05T06:11:00+00:00","mainEntityOfPage":{"@id":"https:\/\/hudo.com\/si\/aktualno\/revoz-od-septembra-vodi-kaan-ozkan\/"},"wordCount":153,"publisher":{"@id":"https:\/\/hudo.com\/si\/#organization"},"articleSection":["Aktualno"],"inLanguage":"sl-SI"},{"@type":"WebPage","@id":"https:\/\/hudo.com\/si\/aktualno\/revoz-od-septembra-vodi-kaan-ozkan\/","url":"https:\/\/hudo.com\/si\/aktualno\/revoz-od-septembra-vodi-kaan-ozkan\/","name":"Revoz od septembra vodi Kaan Ozkan - Hudo Slovenija","isPartOf":{"@id":"https:\/\/hudo.com\/si\/#website"},"datePublished":"2017-09-05T06:11:00+00:00","dateModified":"2017-09-05T06:11:00+00:00","breadcrumb":{"@id":"https:\/\/hudo.com\/si\/aktualno\/revoz-od-septembra-vodi-kaan-ozkan\/#breadcrumb"},"inLanguage":"sl-SI","potentialAction":[{"@type":"ReadAction","target":["https:\/\/hudo.com\/si\/aktualno\/revoz-od-septembra-vodi-kaan-ozkan\/"]}]},{"@type":"BreadcrumbList","@id":"https:\/\/hudo.com\/si\/aktualno\/revoz-od-septembra-vodi-kaan-ozkan\/#breadcrumb","itemListElement":[{"@type":"ListItem","position":1,"name":"Home","item":"https:\/\/hudo.com\/si\/"},{"@type":"ListItem","position":2,"name":"Revoz od septembra vodi Kaan Ozkan"}]},{"@type":"WebSite","@id":"https:\/\/hudo.com\/si\/#website","url":"https:\/\/hudo.com\/si\/","name":"Hudo Slovenija","description":"Vse novice iz Slovenije in sveta","publisher":{"@id":"https:\/\/hudo.com\/si\/#organization"},"potentialAction":[{"@type":"SearchAction","target":{"@type":"EntryPoint","urlTemplate":"https:\/\/hudo.com\/si\/?s={search_term_string}"},"query-input":"required name=search_term_string"}],"inLanguage":"sl-SI"},{"@type":"Organization","@id":"https:\/\/hudo.com\/si\/#organization","name":"VSN Media","url":"https:\/\/hudo.com\/si\/","logo":{"@type":"ImageObject","inLanguage":"sl-SI","@id":"https:\/\/hudo.com\/si\/#\/schema\/logo\/image\/","url":"https:\/\/hudo.com\/si\/wp-content\/uploads\/sites\/2\/2021\/03\/hudo-app-2.png","contentUrl":"https:\/\/hudo.com\/si\/wp-content\/uploads\/sites\/2\/2021\/03\/hudo-app-2.png","width":2185,"height":2167,"caption":"VSN Media"},"image":{"@id":"https:\/\/hudo.com\/si\/#\/schema\/logo\/image\/"},"sameAs":["https:\/\/www.facebook.com\/hudo.si","https:\/\/twitter.com\/hudo_si"]},{"@type":"Person","@id":"https:\/\/hudo.com\/si\/#\/schema\/person\/601cf3379633985b20f7e50f2bb47707","name":"hudo","image":{"@type":"ImageObject","inLanguage":"sl-SI","@id":"https:\/\/hudo.com\/si\/#\/schema\/person\/image\/","url":"https:\/\/secure.gravatar.com\/avatar\/c4ca25fa72cace7a696b52ff5db9e095?s=96&d=mm&r=g","contentUrl":"https:\/\/secure.gravatar.com\/avatar\/c4ca25fa72cace7a696b52ff5db9e095?s=96&d=mm&r=g","caption":"hudo"},"url":"https:\/\/hudo.com\/si\/author\/hudo\/"}]}},"amp_enabled":true,"_links":{"self":[{"href":"https:\/\/hudo.com\/si\/wp-json\/wp\/v2\/posts\/295342"}],"collection":[{"href":"https:\/\/hudo.com\/si\/wp-json\/wp\/v2\/posts"}],"about":[{"href":"https:\/\/hudo.com\/si\/wp-json\/wp\/v2\/types\/post"}],"author":[{"embeddable":true,"href":"https:\/\/hudo.com\/si\/wp-json\/wp\/v2\/users\/1"}],"replies":[{"embeddable":true,"href":"https:\/\/hudo.com\/si\/wp-json\/wp\/v2\/comments?post=295342"}],"version-history":[{"count":0,"href":"https:\/\/hudo.com\/si\/wp-json\/wp\/v2\/posts\/295342\/revisions"}],"wp:attachment":[{"href":"https:\/\/hudo.com\/si\/wp-json\/wp\/v2\/media?parent=295342"}],"wp:term":[{"taxonomy":"category","embeddable":true,"href":"https:\/\/hudo.com\/si\/wp-json\/wp\/v2\/categories?post=295342"},{"taxonomy":"post_tag","embeddable":true,"href":"https:\/\/hudo.com\/si\/wp-json\/wp\/v2\/tags?post=295342"},{"taxonomy":"source","embeddable":true,"href":"https:\/\/hudo.com\/si\/wp-json\/wp\/v2\/source?post=295342"},{"taxonomy":"supertag","embeddable":true,"href":"https:\/\/hudo.com\/si\/wp-json\/wp\/v2\/supertag?post=295342"}],"curies":[{"name":"wp","href":"https:\/\/api.w.org\/{rel}","templated":true}]}}