{"id":295401,"date":"2017-09-05T10:00:00","date_gmt":"2017-09-05T08:00:00","guid":{"rendered":"http:\/\/hudo.com\/si\/2017\/09\/05\/prepoved-resevanja-iz-morja-je-krsitev-mednarodnega-prava\/"},"modified":"2017-09-05T10:00:00","modified_gmt":"2017-09-05T08:00:00","slug":"prepoved-resevanja-iz-morja-je-krsitev-mednarodnega-prava","status":"publish","type":"post","link":"https:\/\/hudo.com\/si\/aktualno\/prepoved-resevanja-iz-morja-je-krsitev-mednarodnega-prava\/","title":{"rendered":"Prepoved re\u0161evanja iz morja je kr\u0161itev mednarodnega prava"},"content":{"rendered":"<p>Kategorija: Evropa Tue, 05 Sep 2017 12:00:00 +0200  Te dni minevata\u00a0dve leti, odkar je nem\u0161ka kanclerka Angela Merkel izrekla dobrodo\u0161lico beguncem in spro\u017eila do zdaj najhuj\u0161i naval beguncev v Evropo. Kanclerka je \u00bbnapako\u00ab, o kateri \u0161e vedno trdi, da ni bila napaka, potem \u00bbpopravila\u00ab s spornim begunskim dogovorom z Erdo\u011fanovo Tur\u010dijo in s pomo\u010djo\u00a0balkanskih dr\u017eav, ki so z bode\u010dimi \u017eicami zagradile\u00a0balkansko begunsko pot. Kar je bilo po mnenju pravnikov v nasprotju z mednarodnim humanitarnim pravom. Kljub temu pa se dve leti po teh dogodkih zgodba ponavlja.Za podoben na\u010din\u00a0ukrepanja proti beguncem, ki jim sama ni ve\u010d kos, se je to poletje\u00a0odlo\u010dila tudi druga najve\u010dja ustanovna \u010dlanica Evropske unije Italija. Ker je\u00a0po zaprtju balkanske poti postala cilj ve\u010dine\u00a0beguncev iz severne Afrike, je\u00a0povsem razsuto Libijo (ob tihem soglasju in podpori EU) razglasila za \u00bbtretjo varno dr\u017eavo\u00ab.\u00a0Vanjo je po novem\u00a0mogo\u010de brez pomisleka\u00a0&#8230;<\/p>\n","protected":false},"excerpt":{"rendered":"<p>Kategorija: Evropa Tue, 05 Sep 2017 12:00:00 +0200  Te dni minevata\u00a0dve leti, odkar je nem\u0161ka kanclerka Angela Merkel izrekla dobrodo\u0161lico beguncem in spro\u017eila do zdaj najhuj\u0161i naval beguncev v Evropo. Kanclerka je \u00bbnapako\u00ab, o kateri \u0161e vedno trdi, da ni bila napaka, potem \u00bbpopravila\u00ab s spornim begunskim dogovorom z Erdo\u011fanovo Tur\u010dijo in s pomo\u010djo\u00a0balkanskih dr\u017eav, ki so z bode\u010dimi \u017eicami zagradile\u00a0balkansko begunsko pot. Kar je bilo po mnenju pravnikov v nasprotju z mednarodnim humanitarnim pravom. Kljub temu pa se dve leti po teh dogodkih zgodba ponavlja.Za podoben na\u010din\u00a0ukrepanja proti beguncem, ki jim sama ni ve\u010d kos, se je to poletje\u00a0odlo\u010dila tudi druga najve\u010dja ustanovna \u010dlanica Evropske unije Italija. Ker je\u00a0po zaprtju balkanske poti postala cilj ve\u010dine\u00a0beguncev iz severne Afrike, je\u00a0povsem razsuto Libijo (ob tihem soglasju in podpori EU) razglasila za \u00bbtretjo varno dr\u017eavo\u00ab.\u00a0Vanjo je po novem\u00a0mogo\u010de brez pomisleka\u00a0&#8230;<\/p>\n","protected":false},"author":1,"featured_media":0,"comment_status":"closed","ping_status":"closed","sticky":false,"template":"","format":"standard","meta":{"footnotes":""},"categories":[1179],"tags":[],"source":[1703],"supertag":[],"acf":[],"yoast_head":"<!-- This site is optimized with the Yoast SEO plugin v21.3 - https:\/\/yoast.com\/wordpress\/plugins\/seo\/ -->\n<title>Prepoved re\u0161evanja iz morja je kr\u0161itev mednarodnega prava - Hudo Slovenija<\/title>\n<meta name=\"robots\" content=\"index, follow, max-snippet:-1, max-image-preview:large, max-video-preview:-1\" \/>\n<link rel=\"canonical\" href=\"https:\/\/hudo.com\/si\/aktualno\/prepoved-resevanja-iz-morja-je-krsitev-mednarodnega-prava\/\" \/>\n<meta property=\"og:locale\" content=\"sl_SI\" \/>\n<meta property=\"og:type\" content=\"article\" \/>\n<meta property=\"og:title\" content=\"Prepoved re\u0161evanja iz morja je kr\u0161itev mednarodnega prava - Hudo Slovenija\" \/>\n<meta property=\"og:description\" content=\"Kategorija: Evropa Tue, 05 Sep 2017 12:00:00 +0200 Te dni minevata\u00a0dve leti, odkar je nem\u0161ka kanclerka Angela Merkel izrekla dobrodo\u0161lico beguncem in spro\u017eila do zdaj najhuj\u0161i naval beguncev v Evropo. Kanclerka je \u00bbnapako\u00ab, o kateri \u0161e vedno trdi, da ni bila napaka, potem \u00bbpopravila\u00ab s spornim begunskim dogovorom z Erdo\u011fanovo Tur\u010dijo in s pomo\u010djo\u00a0balkanskih dr\u017eav, ki so z bode\u010dimi \u017eicami zagradile\u00a0balkansko begunsko pot. Kar je bilo po mnenju pravnikov v nasprotju z mednarodnim humanitarnim pravom. Kljub temu pa se dve leti po teh dogodkih zgodba ponavlja.Za podoben na\u010din\u00a0ukrepanja proti beguncem, ki jim sama ni ve\u010d kos, se je to poletje\u00a0odlo\u010dila tudi druga najve\u010dja ustanovna \u010dlanica Evropske unije Italija. Ker je\u00a0po zaprtju balkanske poti postala cilj ve\u010dine\u00a0beguncev iz severne Afrike, je\u00a0povsem razsuto Libijo (ob tihem soglasju in podpori EU) razglasila za \u00bbtretjo varno dr\u017eavo\u00ab.\u00a0Vanjo je po novem\u00a0mogo\u010de brez pomisleka\u00a0...\" \/>\n<meta property=\"og:url\" content=\"https:\/\/hudo.com\/si\/aktualno\/prepoved-resevanja-iz-morja-je-krsitev-mednarodnega-prava\/\" \/>\n<meta property=\"og:site_name\" content=\"Hudo Slovenija\" \/>\n<meta property=\"article:publisher\" content=\"https:\/\/www.facebook.com\/hudo.si\" \/>\n<meta property=\"article:published_time\" content=\"2017-09-05T08:00:00+00:00\" \/>\n<meta property=\"og:image\" content=\"https:\/\/hudo.com\/si\/wp-content\/uploads\/sites\/2\/2017\/09\/480x290_djvu_2470155_matkok_ap-Europe-Migrants.jpeg\" \/>\n\t<meta property=\"og:image:width\" content=\"480\" \/>\n\t<meta property=\"og:image:height\" content=\"290\" \/>\n\t<meta property=\"og:image:type\" content=\"image\/jpeg\" \/>\n<meta name=\"author\" content=\"hudo\" \/>\n<meta name=\"twitter:card\" content=\"summary_large_image\" \/>\n<meta name=\"twitter:creator\" content=\"@hudo_si\" \/>\n<meta name=\"twitter:site\" content=\"@hudo_si\" \/>\n<meta name=\"twitter:label1\" content=\"Written by\" \/>\n\t<meta name=\"twitter:data1\" content=\"hudo\" \/>\n\t<meta name=\"twitter:label2\" content=\"Est. reading time\" \/>\n\t<meta name=\"twitter:data2\" content=\"1 minuta\" \/>\n<script type=\"application\/ld+json\" class=\"yoast-schema-graph\">{\"@context\":\"https:\/\/schema.org\",\"@graph\":[{\"@type\":\"Article\",\"@id\":\"https:\/\/hudo.com\/si\/aktualno\/prepoved-resevanja-iz-morja-je-krsitev-mednarodnega-prava\/#article\",\"isPartOf\":{\"@id\":\"https:\/\/hudo.com\/si\/aktualno\/prepoved-resevanja-iz-morja-je-krsitev-mednarodnega-prava\/\"},\"author\":{\"name\":\"hudo\",\"@id\":\"https:\/\/hudo.com\/si\/#\/schema\/person\/601cf3379633985b20f7e50f2bb47707\"},\"headline\":\"Prepoved re\u0161evanja iz morja je kr\u0161itev mednarodnega prava\",\"datePublished\":\"2017-09-05T08:00:00+00:00\",\"dateModified\":\"2017-09-05T08:00:00+00:00\",\"mainEntityOfPage\":{\"@id\":\"https:\/\/hudo.com\/si\/aktualno\/prepoved-resevanja-iz-morja-je-krsitev-mednarodnega-prava\/\"},\"wordCount\":170,\"publisher\":{\"@id\":\"https:\/\/hudo.com\/si\/#organization\"},\"articleSection\":[\"Aktualno\"],\"inLanguage\":\"sl-SI\"},{\"@type\":\"WebPage\",\"@id\":\"https:\/\/hudo.com\/si\/aktualno\/prepoved-resevanja-iz-morja-je-krsitev-mednarodnega-prava\/\",\"url\":\"https:\/\/hudo.com\/si\/aktualno\/prepoved-resevanja-iz-morja-je-krsitev-mednarodnega-prava\/\",\"name\":\"Prepoved re\u0161evanja iz morja je kr\u0161itev mednarodnega prava - Hudo Slovenija\",\"isPartOf\":{\"@id\":\"https:\/\/hudo.com\/si\/#website\"},\"datePublished\":\"2017-09-05T08:00:00+00:00\",\"dateModified\":\"2017-09-05T08:00:00+00:00\",\"breadcrumb\":{\"@id\":\"https:\/\/hudo.com\/si\/aktualno\/prepoved-resevanja-iz-morja-je-krsitev-mednarodnega-prava\/#breadcrumb\"},\"inLanguage\":\"sl-SI\",\"potentialAction\":[{\"@type\":\"ReadAction\",\"target\":[\"https:\/\/hudo.com\/si\/aktualno\/prepoved-resevanja-iz-morja-je-krsitev-mednarodnega-prava\/\"]}]},{\"@type\":\"BreadcrumbList\",\"@id\":\"https:\/\/hudo.com\/si\/aktualno\/prepoved-resevanja-iz-morja-je-krsitev-mednarodnega-prava\/#breadcrumb\",\"itemListElement\":[{\"@type\":\"ListItem\",\"position\":1,\"name\":\"Home\",\"item\":\"https:\/\/hudo.com\/si\/\"},{\"@type\":\"ListItem\",\"position\":2,\"name\":\"Prepoved re\u0161evanja iz morja je kr\u0161itev mednarodnega prava\"}]},{\"@type\":\"WebSite\",\"@id\":\"https:\/\/hudo.com\/si\/#website\",\"url\":\"https:\/\/hudo.com\/si\/\",\"name\":\"Hudo Slovenija\",\"description\":\"Vse novice iz Slovenije in sveta\",\"publisher\":{\"@id\":\"https:\/\/hudo.com\/si\/#organization\"},\"potentialAction\":[{\"@type\":\"SearchAction\",\"target\":{\"@type\":\"EntryPoint\",\"urlTemplate\":\"https:\/\/hudo.com\/si\/?s={search_term_string}\"},\"query-input\":\"required name=search_term_string\"}],\"inLanguage\":\"sl-SI\"},{\"@type\":\"Organization\",\"@id\":\"https:\/\/hudo.com\/si\/#organization\",\"name\":\"VSN Media\",\"url\":\"https:\/\/hudo.com\/si\/\",\"logo\":{\"@type\":\"ImageObject\",\"inLanguage\":\"sl-SI\",\"@id\":\"https:\/\/hudo.com\/si\/#\/schema\/logo\/image\/\",\"url\":\"https:\/\/hudo.com\/si\/wp-content\/uploads\/sites\/2\/2021\/03\/hudo-app-2.png\",\"contentUrl\":\"https:\/\/hudo.com\/si\/wp-content\/uploads\/sites\/2\/2021\/03\/hudo-app-2.png\",\"width\":2185,\"height\":2167,\"caption\":\"VSN Media\"},\"image\":{\"@id\":\"https:\/\/hudo.com\/si\/#\/schema\/logo\/image\/\"},\"sameAs\":[\"https:\/\/www.facebook.com\/hudo.si\",\"https:\/\/twitter.com\/hudo_si\"]},{\"@type\":\"Person\",\"@id\":\"https:\/\/hudo.com\/si\/#\/schema\/person\/601cf3379633985b20f7e50f2bb47707\",\"name\":\"hudo\",\"image\":{\"@type\":\"ImageObject\",\"inLanguage\":\"sl-SI\",\"@id\":\"https:\/\/hudo.com\/si\/#\/schema\/person\/image\/\",\"url\":\"https:\/\/secure.gravatar.com\/avatar\/c4ca25fa72cace7a696b52ff5db9e095?s=96&d=mm&r=g\",\"contentUrl\":\"https:\/\/secure.gravatar.com\/avatar\/c4ca25fa72cace7a696b52ff5db9e095?s=96&d=mm&r=g\",\"caption\":\"hudo\"},\"url\":\"https:\/\/hudo.com\/si\/author\/hudo\/\"}]}<\/script>\n<!-- \/ Yoast SEO plugin. -->","yoast_head_json":{"title":"Prepoved re\u0161evanja iz morja je kr\u0161itev mednarodnega prava - Hudo Slovenija","robots":{"index":"index","follow":"follow","max-snippet":"max-snippet:-1","max-image-preview":"max-image-preview:large","max-video-preview":"max-video-preview:-1"},"canonical":"https:\/\/hudo.com\/si\/aktualno\/prepoved-resevanja-iz-morja-je-krsitev-mednarodnega-prava\/","og_locale":"sl_SI","og_type":"article","og_title":"Prepoved re\u0161evanja iz morja je kr\u0161itev mednarodnega prava - Hudo Slovenija","og_description":"Kategorija: Evropa Tue, 05 Sep 2017 12:00:00 +0200 Te dni minevata\u00a0dve leti, odkar je nem\u0161ka kanclerka Angela Merkel izrekla dobrodo\u0161lico beguncem in spro\u017eila do zdaj najhuj\u0161i naval beguncev v Evropo. Kanclerka je \u00bbnapako\u00ab, o kateri \u0161e vedno trdi, da ni bila napaka, potem \u00bbpopravila\u00ab s spornim begunskim dogovorom z Erdo\u011fanovo Tur\u010dijo in s pomo\u010djo\u00a0balkanskih dr\u017eav, ki so z bode\u010dimi \u017eicami zagradile\u00a0balkansko begunsko pot. Kar je bilo po mnenju pravnikov v nasprotju z mednarodnim humanitarnim pravom. Kljub temu pa se dve leti po teh dogodkih zgodba ponavlja.Za podoben na\u010din\u00a0ukrepanja proti beguncem, ki jim sama ni ve\u010d kos, se je to poletje\u00a0odlo\u010dila tudi druga najve\u010dja ustanovna \u010dlanica Evropske unije Italija. Ker je\u00a0po zaprtju balkanske poti postala cilj ve\u010dine\u00a0beguncev iz severne Afrike, je\u00a0povsem razsuto Libijo (ob tihem soglasju in podpori EU) razglasila za \u00bbtretjo varno dr\u017eavo\u00ab.\u00a0Vanjo je po novem\u00a0mogo\u010de brez pomisleka\u00a0...","og_url":"https:\/\/hudo.com\/si\/aktualno\/prepoved-resevanja-iz-morja-je-krsitev-mednarodnega-prava\/","og_site_name":"Hudo Slovenija","article_publisher":"https:\/\/www.facebook.com\/hudo.si","article_published_time":"2017-09-05T08:00:00+00:00","og_image":[{"width":480,"height":290,"url":"https:\/\/hudo.com\/si\/wp-content\/uploads\/sites\/2\/2017\/09\/480x290_djvu_2470155_matkok_ap-Europe-Migrants.jpeg","type":"image\/jpeg"}],"author":"hudo","twitter_card":"summary_large_image","twitter_creator":"@hudo_si","twitter_site":"@hudo_si","twitter_misc":{"Written by":"hudo","Est. reading time":"1 minuta"},"schema":{"@context":"https:\/\/schema.org","@graph":[{"@type":"Article","@id":"https:\/\/hudo.com\/si\/aktualno\/prepoved-resevanja-iz-morja-je-krsitev-mednarodnega-prava\/#article","isPartOf":{"@id":"https:\/\/hudo.com\/si\/aktualno\/prepoved-resevanja-iz-morja-je-krsitev-mednarodnega-prava\/"},"author":{"name":"hudo","@id":"https:\/\/hudo.com\/si\/#\/schema\/person\/601cf3379633985b20f7e50f2bb47707"},"headline":"Prepoved re\u0161evanja iz morja je kr\u0161itev mednarodnega prava","datePublished":"2017-09-05T08:00:00+00:00","dateModified":"2017-09-05T08:00:00+00:00","mainEntityOfPage":{"@id":"https:\/\/hudo.com\/si\/aktualno\/prepoved-resevanja-iz-morja-je-krsitev-mednarodnega-prava\/"},"wordCount":170,"publisher":{"@id":"https:\/\/hudo.com\/si\/#organization"},"articleSection":["Aktualno"],"inLanguage":"sl-SI"},{"@type":"WebPage","@id":"https:\/\/hudo.com\/si\/aktualno\/prepoved-resevanja-iz-morja-je-krsitev-mednarodnega-prava\/","url":"https:\/\/hudo.com\/si\/aktualno\/prepoved-resevanja-iz-morja-je-krsitev-mednarodnega-prava\/","name":"Prepoved re\u0161evanja iz morja je kr\u0161itev mednarodnega prava - Hudo Slovenija","isPartOf":{"@id":"https:\/\/hudo.com\/si\/#website"},"datePublished":"2017-09-05T08:00:00+00:00","dateModified":"2017-09-05T08:00:00+00:00","breadcrumb":{"@id":"https:\/\/hudo.com\/si\/aktualno\/prepoved-resevanja-iz-morja-je-krsitev-mednarodnega-prava\/#breadcrumb"},"inLanguage":"sl-SI","potentialAction":[{"@type":"ReadAction","target":["https:\/\/hudo.com\/si\/aktualno\/prepoved-resevanja-iz-morja-je-krsitev-mednarodnega-prava\/"]}]},{"@type":"BreadcrumbList","@id":"https:\/\/hudo.com\/si\/aktualno\/prepoved-resevanja-iz-morja-je-krsitev-mednarodnega-prava\/#breadcrumb","itemListElement":[{"@type":"ListItem","position":1,"name":"Home","item":"https:\/\/hudo.com\/si\/"},{"@type":"ListItem","position":2,"name":"Prepoved re\u0161evanja iz morja je kr\u0161itev mednarodnega prava"}]},{"@type":"WebSite","@id":"https:\/\/hudo.com\/si\/#website","url":"https:\/\/hudo.com\/si\/","name":"Hudo Slovenija","description":"Vse novice iz Slovenije in sveta","publisher":{"@id":"https:\/\/hudo.com\/si\/#organization"},"potentialAction":[{"@type":"SearchAction","target":{"@type":"EntryPoint","urlTemplate":"https:\/\/hudo.com\/si\/?s={search_term_string}"},"query-input":"required name=search_term_string"}],"inLanguage":"sl-SI"},{"@type":"Organization","@id":"https:\/\/hudo.com\/si\/#organization","name":"VSN Media","url":"https:\/\/hudo.com\/si\/","logo":{"@type":"ImageObject","inLanguage":"sl-SI","@id":"https:\/\/hudo.com\/si\/#\/schema\/logo\/image\/","url":"https:\/\/hudo.com\/si\/wp-content\/uploads\/sites\/2\/2021\/03\/hudo-app-2.png","contentUrl":"https:\/\/hudo.com\/si\/wp-content\/uploads\/sites\/2\/2021\/03\/hudo-app-2.png","width":2185,"height":2167,"caption":"VSN Media"},"image":{"@id":"https:\/\/hudo.com\/si\/#\/schema\/logo\/image\/"},"sameAs":["https:\/\/www.facebook.com\/hudo.si","https:\/\/twitter.com\/hudo_si"]},{"@type":"Person","@id":"https:\/\/hudo.com\/si\/#\/schema\/person\/601cf3379633985b20f7e50f2bb47707","name":"hudo","image":{"@type":"ImageObject","inLanguage":"sl-SI","@id":"https:\/\/hudo.com\/si\/#\/schema\/person\/image\/","url":"https:\/\/secure.gravatar.com\/avatar\/c4ca25fa72cace7a696b52ff5db9e095?s=96&d=mm&r=g","contentUrl":"https:\/\/secure.gravatar.com\/avatar\/c4ca25fa72cace7a696b52ff5db9e095?s=96&d=mm&r=g","caption":"hudo"},"url":"https:\/\/hudo.com\/si\/author\/hudo\/"}]}},"amp_enabled":true,"_links":{"self":[{"href":"https:\/\/hudo.com\/si\/wp-json\/wp\/v2\/posts\/295401"}],"collection":[{"href":"https:\/\/hudo.com\/si\/wp-json\/wp\/v2\/posts"}],"about":[{"href":"https:\/\/hudo.com\/si\/wp-json\/wp\/v2\/types\/post"}],"author":[{"embeddable":true,"href":"https:\/\/hudo.com\/si\/wp-json\/wp\/v2\/users\/1"}],"replies":[{"embeddable":true,"href":"https:\/\/hudo.com\/si\/wp-json\/wp\/v2\/comments?post=295401"}],"version-history":[{"count":0,"href":"https:\/\/hudo.com\/si\/wp-json\/wp\/v2\/posts\/295401\/revisions"}],"wp:attachment":[{"href":"https:\/\/hudo.com\/si\/wp-json\/wp\/v2\/media?parent=295401"}],"wp:term":[{"taxonomy":"category","embeddable":true,"href":"https:\/\/hudo.com\/si\/wp-json\/wp\/v2\/categories?post=295401"},{"taxonomy":"post_tag","embeddable":true,"href":"https:\/\/hudo.com\/si\/wp-json\/wp\/v2\/tags?post=295401"},{"taxonomy":"source","embeddable":true,"href":"https:\/\/hudo.com\/si\/wp-json\/wp\/v2\/source?post=295401"},{"taxonomy":"supertag","embeddable":true,"href":"https:\/\/hudo.com\/si\/wp-json\/wp\/v2\/supertag?post=295401"}],"curies":[{"name":"wp","href":"https:\/\/api.w.org\/{rel}","templated":true}]}}