{"id":295820,"date":"2017-09-06T08:19:27","date_gmt":"2017-09-06T06:19:27","guid":{"rendered":"http:\/\/hudo.com\/si\/2017\/09\/06\/reki-muri-grozi-ekoloski-propad-zaradi-gradnje-kar-osmih-hidroelektrarn\/"},"modified":"2017-09-06T08:19:27","modified_gmt":"2017-09-06T06:19:27","slug":"reki-muri-grozi-ekoloski-propad-zaradi-gradnje-kar-osmih-hidroelektrarn","status":"publish","type":"post","link":"https:\/\/hudo.com\/si\/aktualno\/mnenja\/reki-muri-grozi-ekoloski-propad-zaradi-gradnje-kar-osmih-hidroelektrarn\/","title":{"rendered":"Reki Muri grozi ekolo\u0161ki propad zaradi gradnje kar osmih (!) hidroelektrarn"},"content":{"rendered":"<p class=\"m_-7761266896902810085gmail-MsoNormalCxSpMiddle\"><b><span lang=\"SL\">Ljubljana<\/span><\/b><span lang=\"SL\"> \u2013 WWF, mednarodna organizacija za varstvo narave, in koalicija nevladnih organizacij &#8211; slovenska Zveza dru\u0161tev Moja Mura, Dru\u0161tvo za preu\u010devanje rib Slovenije (DPRS), zdru\u017eenih v kampanji Re\u0161imo Muro!, skupaj z avstrijskim Naturschutzbundom, mad\u017earsko Drava Federation in hrva\u0161ko organizacijo ZEUS, so danes objavili mednarodno peticijo za ohranitev reke Mure v Sloveniji.<\/span><\/p>\n<p class=\"m_-7761266896902810085gmail-MsoNormalCxSpMiddle\"><span lang=\"SL\">Na ve\u010d kot 50 kilometrov dragocenih re\u010dnih prostranstev se na\u010drtuje zajezitev z osmimi hidroelektrarnami. Projekt predstavlja resno gro\u017enjo za najve\u010dje in najbolje ohranjene poplavne gozdove v osr\u010dju \u00bbEvropske Amazonke\u00ab, ogromnega za\u0161\u010ditenega obre\u010dnega podro\u010dja, ki bo postal del UNESCO-vega obmo\u010dja biosfere, raz\u0161irjajo\u010dega se preko Slovenije, Avstrije, Mad\u017earske, Hrva\u0161ke in Srbije.<\/span><\/p>\n<p class=\"m_-7761266896902810085gmail-MsoNormalCxSpMiddle\"><img loading=\"lazy\" decoding=\"async\" class=\"alignnone size-full wp-image-205646\" src=\"http:\/\/moski.hudo.com\/wp-content\/uploads\/2017\/09\/nacrtovane-hidroelektrarne-na-reki-muri-wwf.jpg\" alt=\"\" width=\"2092\" height=\"1345\" srcset=\"http:\/\/moski.hudo.com\/wp-content\/uploads\/2017\/09\/nacrtovane-hidroelektrarne-na-reki-muri-wwf.jpg 2092w, http:\/\/moski.hudo.com\/wp-content\/uploads\/2017\/09\/nacrtovane-hidroelektrarne-na-reki-muri-wwf-320x206.jpg 320w, http:\/\/moski.hudo.com\/wp-content\/uploads\/2017\/09\/nacrtovane-hidroelektrarne-na-reki-muri-wwf-768x494.jpg 768w, http:\/\/moski.hudo.com\/wp-content\/uploads\/2017\/09\/nacrtovane-hidroelektrarne-na-reki-muri-wwf-660x424.jpg 660w\" sizes=\"(max-width: 2092px) 100vw, 2092px\" \/><\/p>\n<p class=\"m_-7761266896902810085gmail-MsoNormalCxSpMiddle\"><span lang=\"SL\">Iz WWF in partnerskih nevladnih organizacij so sporo\u010dili, da okoljevarstveniki ne bodo dopustili uni\u010denja reke Mure in pozvali vse zainteresirane v Sloveniji in sosednjih dr\u017eavah, da ukrepajo in podpi\u0161ejo peticijo Ireni Majcen, slovenski ministrici za okolje in prostor, na strani <\/span><span lang=\"EN-US\"><a href=\"http:\/\/www.amazon-of-europe.com\/\" target=\"_blank\" data-saferedirecturl=\"https:\/\/www.google.com\/url?hl=en&amp;q=http:\/\/www.amazon-of-europe.com\/&amp;source=gmail&amp;ust=1504771723048000&amp;usg=AFQjCNEoMJnk6BxpHyHcVBhvVcNTB9M3Bg\"><span lang=\"SL\">www.amazon-of-europe.com<\/span><\/a><\/span><span lang=\"SL\"> in s tem prispevajo k zaustavitvi izgradnje jezov<\/span><\/p>\n<h2 class=\"m_-7761266896902810085gmail-MsoNormalCxSpMiddle\">Slovenija bi\u00a0lahko odprla\u00a0Pandorino skrinjico<\/h2>\n<p class=\"m_-7761266896902810085gmail-MsoNormalCxSpMiddle\">\u00bbOdlo\u010ditev o izgradnji prvega jezu na Muri pri Hrastje-Moti je tik pred zdajci. Ta projekt je le `odpiralec vrat` za izgradnjo sedem naslednjih jezov,\u00ab pravi <b>Arno Mohl<\/b> iz WWF. Zdru\u017eenje nevladnih organizacij svari, da na\u010drtovana zajezitev kr\u0161i nacionalno in evropsko zakonodajo ter da se ministrica Majcen ne sme vdati hidroenergetskemu lobiju, temve\u010d pove\u010da prizadevanja za za\u0161\u010dito tega obmo\u010dja.<\/p>\n<figure>\n\t\t\t\t\t<img loading=\"lazy\" decoding=\"async\" width=\"660\" height=\"320\" src=\"data:image\/gif;base64,R0lGODlhAQABAAAAACH5BAEKAAEALAAAAAABAAEAAAICTAEAOw==\" class=\"lazyload\" data-src=\"http:\/\/moski.hudo.com\/wp-content\/uploads\/2017\/09\/crna-storklja-mario-romulic_www.romulic.com_.jpg-320x155.jpg\" data-srcset=\"http:\/\/moski.hudo.com\/wp-content\/uploads\/2017\/09\/crna-storklja-mario-romulic_www.romulic.com_.jpg-660x320.jpg 660w,http:\/\/moski.hudo.com\/wp-content\/uploads\/2017\/09\/crna-storklja-mario-romulic_www.romulic.com_.jpg-320x155.jpg 330w\" sizes=\"(max-width: 660px) 100vw, 660px\"\/><figcaption>\u010crna \u0161torklja bo izgubila svoj dom, \u010de ne prepre\u010dimo uni\u010denja Mure (foto Mario Romuli\u010d)<\/figcaption><\/figure>\n<p class=\"m_-7761266896902810085gmail-MsoNormalCxSpMiddle\"><span lang=\"SL\">Izgradnja osmih hidroelektrarn bi vplivala negativno na odsek Mure skozi ravnice Pomurja v severovzhodni Sloveniji. Ta je del EU varovanih obmo\u010dij omre\u017eja Natura 2000, ustanovljena za varstvo ob\u010dutljivih habitatov posebnih vrst, kot so orel belorepec, \u010drna \u0161torklja in vidra. Reka Mura in Pomurje je prav tako najbolj pomembna lokacija za ribje vrste in tu najdemo redke vrste, kot je sulec.<\/span><\/p>\n<figure>\n\t\t\t\t\t<img loading=\"lazy\" decoding=\"async\" width=\"660\" height=\"320\" src=\"data:image\/gif;base64,R0lGODlhAQABAAAAACH5BAEKAAEALAAAAAABAAEAAAICTAEAOw==\" class=\"lazyload\" data-src=\"http:\/\/moski.hudo.com\/wp-content\/uploads\/2017\/09\/orel-belorepec-mario-romulic_www.romulic.com_-320x155.jpg\" data-srcset=\"http:\/\/moski.hudo.com\/wp-content\/uploads\/2017\/09\/orel-belorepec-mario-romulic_www.romulic.com_-660x320.jpg 660w,http:\/\/moski.hudo.com\/wp-content\/uploads\/2017\/09\/orel-belorepec-mario-romulic_www.romulic.com_-320x155.jpg 330w\" sizes=\"(max-width: 660px) 100vw, 660px\"\/><figcaption>Orel belorepec (foto: Mario Romuli\u010d)<\/figcaption><\/figure>\n<p class=\"m_-7761266896902810085gmail-MsoNormalCxSpMiddle\"><span lang=\"SL\">\u00bbPoro\u010dilo o presoji vplivov na okolje prvega na\u010drtovanega jezu v Hrastje-Moti je \u017ee ugotovilo, da bi izgradnja jezu povzro\u010dila preveliko \u0161kodo naravi. Pri\u010dakujemo, da bo jez Hrastje-Mota, kakor tudi ostalih sedem na\u010drtovanih jezov, odlo\u010dno zavrnilo ministrstvo za okolje in prostor,\u00ab je sporo\u010dila <b>Andreja Slamer\u0161ek<\/b>, koordinatorica kampanje \u00bbRe\u0161imo Muro!\u00ab.<\/span><\/p>\n<h2 class=\"m_-7761266896902810085gmail-MsoNormalCxSpMiddle\">Grozljiv primer brezbri\u017enosti do naravne dedi\u0161\u010dine<\/h2>\n<p class=\"m_-7761266896902810085gmail-MsoNormalCxSpMiddle\"><span lang=\"SL\">\u0160e ve\u010d, hidroelektrarna Hrastje-Mota bi bila prva hidroelektrarna tega tipa, zgrajena v Natura 2000 obmo\u010dju in bi predstavljala grozljiv primer, kateremu bi mu lahko sledili na drugih dragocenih rekah povsod po Evropi. Edinstvene reke, kot je reka Mura v Sloveniji, so v Evropi postale prava redkost in bi jih morali zavarovati za prihodnje generacije.<\/span><\/p>\n<blockquote>\n<p class=\"m_-7761266896902810085gmail-MsoNormalCxSpMiddle\"><span lang=\"SL\">\u00bbZahtevamo, da politi\u010dni voditelji obravnavajo reko in ohranjena mokri\u0161\u010da kot del nacionalne za\u0161\u010dite, zdravja in ekonomskega uspeha,\u00ab pravi <b>Stojan Habjani\u010d<\/b>, predsednik Zveze dru\u0161tev Moja Mura. \u00bbNamesto uni\u010denja na\u0161e reke Mure, ki je tako pomembna za naravo in ljudi v regiji, je treba poudariti uporabo alternativ, okolju prijaznih energetskih re\u0161itev, ki \u017ee obstajajo.\u00ab<\/span><\/p>\n<\/blockquote>\n<p class=\"m_-7761266896902810085gmail-MsoNormalCxSpMiddle\"><span lang=\"SL\">HE Hrastje-Mota bi imela tudi nepovratne negativne posledice na avstrijske, hrva\u0161ke in mad\u017earske odseke reke Mure, ki so prav tako pod za\u0161\u010dito Natura 2000. Jez bi prekinil obmo\u010dja prosto teko\u010de reke in ogro\u017eenim vrstam rib onemogo\u010dil migracije. Zaradi poglabljanja re\u010dnega dna bi se su\u0161ili poplavni gozdovi, mrtvice in kmetijske povr\u0161ine, zaradi izginjanja naravnih zadr\u017eevalnih povr\u0161in pa bi se pove\u010dale mo\u017enosti poplav za dolvodne skupnosti.<\/span><\/p>\n<blockquote>\n<p class=\"m_-7761266896902810085gmail-MsoNormalCxSpMiddle\"><span lang=\"SL\">\u00bbHE Hrastje-Mota ne bi le ogrozila enkratnega habitata in vrste v Sloveniji, temve\u010d bi povzro\u010dilo okoljsko katastrofo tudi v sosednjih dr\u017eavah. Verjamemo, da ministrica Majcen tega ne bo dopustila,\u00ab je rekel Mohl.<\/span><\/p>\n<\/blockquote>\n<p class=\"m_-7761266896902810085gmail-MsoNormalCxSpMiddle\"><span lang=\"SL\">Lansko leto je slovensko Ministrstvo za okolje in prostor, z mo\u010dno podporo slovenske Vlade, ob\u0161irna poplavna obmo\u010dja ob slovenski reki Muri nominiralo za del 5-dr\u017eavnega UNESCO obmo\u010dja biosfere \u00bbMura-Drava-Donava\u00ab, ki povezuje Slovenijo, Avstrijo, Mad\u017earsko, Hrva\u0161ko in Srbijo. Obmo\u010dje se zaradi svoje izjemne naravne lepote in biolo\u0161ke raznolikosti upravi\u010deno imenuje \u00bbEvropska Amazonka\u00ab. Na\u010drtovani boom hidroelektrarn na reki Muri je v ostrem nasprotovanju s trdno zavezanostjo ministrstva in slovenske vlade za zagotovitev mednarodne za\u0161\u010dite tega obmo\u010dja.<\/span><\/p>\n<blockquote>\n<p class=\"m_-7761266896902810085gmail-MsoNormalCxSpMiddle\"><span lang=\"SL\">\u00bbPopolnoma nesmiselno je uni\u010diti nedotaknjeno re\u010dno krajino ob dejstvu, da stotine milijonov evrov porabljajo povsod po Evropski uniji za restavracijo obre\u010dnih obmo\u010dij, kar se je izkazalo za najbolj\u0161i varovalni ukrep pred poplavami, ki poleg tega omogo\u010da tudi trajnostni razvoj lokalnega okolja,\u00ab je zaklju\u010dil Mohl.<\/span><\/p>\n<\/blockquote>\n<p class=\"m_-7761266896902810085gmail-MsoNormalCxSpMiddle\"><span lang=\"SL\">WWF, Zveza dru\u0161tev Moja Mura, Dru\u0161tvo za preu\u010devanje rib Slovenije in partnerske organizacije iz sosednjih dr\u017eav \u0161e\u00a0 zadnji\u010d pozivajo ministrico Majcen, da ohrani reko Muro in ne dopusti uni\u010denja teh naravnih habitatov, ki varujejo pred poplavami in so temelj trajnostnega razvoja regije.<\/span><\/p>\n<p class=\"m_-7761266896902810085gmail-MsoNormalCxSpMiddle\"><strong><span lang=\"SL\">Peticijo lahko podpi\u0161ete na: <\/span><span style=\"text-decoration: underline;\"><span lang=\"EN-US\"><a href=\"http:\/\/www.amazon-of-europe.com\/\" target=\"_blank\" data-saferedirecturl=\"https:\/\/www.google.com\/url?hl=en&amp;q=http:\/\/www.amazon-of-europe.com\/&amp;source=gmail&amp;ust=1504771723049000&amp;usg=AFQjCNF407pHDaZkzGH4jSUPkBu0xEcRSQ\"><span lang=\"SL\">www.amazon-of-europe.com<\/span><\/a><\/span><\/span><\/strong><\/p>\n<p>The post <a rel=\"nofollow\" href=\"http:\/\/moski.hudo.com\/aktualno\/reki-muri-grozi-ekoloski-propad-zaradi-gradnje-kar-osmih-hidroelektrarn\/\">Reki Muri grozi ekolo\u0161ki propad zaradi gradnje kar osmih (!) hidroelektrarn<\/a> appeared first on <a rel=\"nofollow\" href=\"http:\/\/moski.hudo.com\">Mo\u0161ki.si<\/a>.<\/p>\n","protected":false},"excerpt":{"rendered":"<p>WWF in nevladne organizacije pri\u010dele mednarodno peticijo proti uni\u010denju slovenskega dela \u00bbEvropske Amazonke\u00ab <\/p>\n<p>The post <a rel=\"nofollow\" href=\"http:\/\/moski.hudo.com\/aktualno\/reki-muri-grozi-ekoloski-propad-zaradi-gradnje-kar-osmih-hidroelektrarn\/\">Reki Muri grozi ekolo\u0161ki propad zaradi gradnje kar osmih (!) hidroelektrarn<\/a> appeared first on <a rel=\"nofollow\" href=\"http:\/\/moski.hudo.com\">Mo\u0161ki.si<\/a>.<\/p>\n","protected":false},"author":1,"featured_media":0,"comment_status":"closed","ping_status":"closed","sticky":false,"template":"","format":"standard","meta":{"footnotes":""},"categories":[1605],"tags":[2171,9435,9436,1595],"source":[1607,1518],"supertag":[],"acf":[],"yoast_head":"<!-- This site is optimized with the Yoast SEO plugin v21.3 - https:\/\/yoast.com\/wordpress\/plugins\/seo\/ -->\n<title>Reki Muri grozi ekolo\u0161ki propad zaradi gradnje kar osmih (!) hidroelektrarn - Hudo Slovenija<\/title>\n<meta name=\"robots\" content=\"index, follow, max-snippet:-1, max-image-preview:large, max-video-preview:-1\" \/>\n<link rel=\"canonical\" href=\"https:\/\/hudo.com\/si\/aktualno\/mnenja\/reki-muri-grozi-ekoloski-propad-zaradi-gradnje-kar-osmih-hidroelektrarn\/\" \/>\n<meta property=\"og:locale\" content=\"sl_SI\" \/>\n<meta property=\"og:type\" content=\"article\" \/>\n<meta property=\"og:title\" content=\"Reki Muri grozi ekolo\u0161ki propad zaradi gradnje kar osmih (!) hidroelektrarn - Hudo Slovenija\" \/>\n<meta property=\"og:description\" content=\"WWF in nevladne organizacije pri\u010dele mednarodno peticijo proti uni\u010denju slovenskega dela \u00bbEvropske Amazonke\u00ab The post Reki Muri grozi ekolo\u0161ki propad zaradi gradnje kar osmih (!) hidroelektrarn appeared first on Mo\u0161ki.si.\" \/>\n<meta property=\"og:url\" content=\"https:\/\/hudo.com\/si\/aktualno\/mnenja\/reki-muri-grozi-ekoloski-propad-zaradi-gradnje-kar-osmih-hidroelektrarn\/\" \/>\n<meta property=\"og:site_name\" content=\"Hudo Slovenija\" \/>\n<meta property=\"article:publisher\" content=\"https:\/\/www.facebook.com\/hudo.si\" \/>\n<meta property=\"article:published_time\" content=\"2017-09-06T06:19:27+00:00\" \/>\n<meta property=\"og:image\" content=\"https:\/\/hudo.com\/si\/wp-content\/uploads\/sites\/2\/2017\/09\/mura-pri-hrastje-mota-slov-2-g.-safarek-1024x682.jpg\" \/>\n\t<meta property=\"og:image:width\" content=\"1024\" \/>\n\t<meta property=\"og:image:height\" content=\"682\" \/>\n\t<meta property=\"og:image:type\" content=\"image\/jpeg\" \/>\n<meta name=\"author\" content=\"hudo\" \/>\n<meta name=\"twitter:card\" content=\"summary_large_image\" \/>\n<meta name=\"twitter:creator\" content=\"@hudo_si\" \/>\n<meta name=\"twitter:site\" content=\"@hudo_si\" \/>\n<meta name=\"twitter:label1\" content=\"Written by\" \/>\n\t<meta name=\"twitter:data1\" content=\"hudo\" \/>\n\t<meta name=\"twitter:label2\" content=\"Est. reading time\" \/>\n\t<meta name=\"twitter:data2\" content=\"4 minute\" \/>\n<script type=\"application\/ld+json\" class=\"yoast-schema-graph\">{\"@context\":\"https:\/\/schema.org\",\"@graph\":[{\"@type\":\"Article\",\"@id\":\"https:\/\/hudo.com\/si\/aktualno\/mnenja\/reki-muri-grozi-ekoloski-propad-zaradi-gradnje-kar-osmih-hidroelektrarn\/#article\",\"isPartOf\":{\"@id\":\"https:\/\/hudo.com\/si\/aktualno\/mnenja\/reki-muri-grozi-ekoloski-propad-zaradi-gradnje-kar-osmih-hidroelektrarn\/\"},\"author\":{\"name\":\"hudo\",\"@id\":\"https:\/\/hudo.com\/si\/#\/schema\/person\/601cf3379633985b20f7e50f2bb47707\"},\"headline\":\"Reki Muri grozi ekolo\u0161ki propad zaradi gradnje kar osmih (!) hidroelektrarn\",\"datePublished\":\"2017-09-06T06:19:27+00:00\",\"dateModified\":\"2017-09-06T06:19:27+00:00\",\"mainEntityOfPage\":{\"@id\":\"https:\/\/hudo.com\/si\/aktualno\/mnenja\/reki-muri-grozi-ekoloski-propad-zaradi-gradnje-kar-osmih-hidroelektrarn\/\"},\"wordCount\":838,\"publisher\":{\"@id\":\"https:\/\/hudo.com\/si\/#organization\"},\"keywords\":[\"ekologija\",\"hidroelektrarne\",\"reka Mura\",\"Slovenija\"],\"articleSection\":[\"Mnenja\"],\"inLanguage\":\"sl-SI\"},{\"@type\":\"WebPage\",\"@id\":\"https:\/\/hudo.com\/si\/aktualno\/mnenja\/reki-muri-grozi-ekoloski-propad-zaradi-gradnje-kar-osmih-hidroelektrarn\/\",\"url\":\"https:\/\/hudo.com\/si\/aktualno\/mnenja\/reki-muri-grozi-ekoloski-propad-zaradi-gradnje-kar-osmih-hidroelektrarn\/\",\"name\":\"Reki Muri grozi ekolo\u0161ki propad zaradi gradnje kar osmih (!) hidroelektrarn - Hudo Slovenija\",\"isPartOf\":{\"@id\":\"https:\/\/hudo.com\/si\/#website\"},\"datePublished\":\"2017-09-06T06:19:27+00:00\",\"dateModified\":\"2017-09-06T06:19:27+00:00\",\"breadcrumb\":{\"@id\":\"https:\/\/hudo.com\/si\/aktualno\/mnenja\/reki-muri-grozi-ekoloski-propad-zaradi-gradnje-kar-osmih-hidroelektrarn\/#breadcrumb\"},\"inLanguage\":\"sl-SI\",\"potentialAction\":[{\"@type\":\"ReadAction\",\"target\":[\"https:\/\/hudo.com\/si\/aktualno\/mnenja\/reki-muri-grozi-ekoloski-propad-zaradi-gradnje-kar-osmih-hidroelektrarn\/\"]}]},{\"@type\":\"BreadcrumbList\",\"@id\":\"https:\/\/hudo.com\/si\/aktualno\/mnenja\/reki-muri-grozi-ekoloski-propad-zaradi-gradnje-kar-osmih-hidroelektrarn\/#breadcrumb\",\"itemListElement\":[{\"@type\":\"ListItem\",\"position\":1,\"name\":\"Home\",\"item\":\"https:\/\/hudo.com\/si\/\"},{\"@type\":\"ListItem\",\"position\":2,\"name\":\"Reki Muri grozi ekolo\u0161ki propad zaradi gradnje kar osmih (!) hidroelektrarn\"}]},{\"@type\":\"WebSite\",\"@id\":\"https:\/\/hudo.com\/si\/#website\",\"url\":\"https:\/\/hudo.com\/si\/\",\"name\":\"Hudo Slovenija\",\"description\":\"Vse novice iz Slovenije in sveta\",\"publisher\":{\"@id\":\"https:\/\/hudo.com\/si\/#organization\"},\"potentialAction\":[{\"@type\":\"SearchAction\",\"target\":{\"@type\":\"EntryPoint\",\"urlTemplate\":\"https:\/\/hudo.com\/si\/?s={search_term_string}\"},\"query-input\":\"required name=search_term_string\"}],\"inLanguage\":\"sl-SI\"},{\"@type\":\"Organization\",\"@id\":\"https:\/\/hudo.com\/si\/#organization\",\"name\":\"VSN Media\",\"url\":\"https:\/\/hudo.com\/si\/\",\"logo\":{\"@type\":\"ImageObject\",\"inLanguage\":\"sl-SI\",\"@id\":\"https:\/\/hudo.com\/si\/#\/schema\/logo\/image\/\",\"url\":\"https:\/\/hudo.com\/si\/wp-content\/uploads\/sites\/2\/2021\/03\/hudo-app-2.png\",\"contentUrl\":\"https:\/\/hudo.com\/si\/wp-content\/uploads\/sites\/2\/2021\/03\/hudo-app-2.png\",\"width\":2185,\"height\":2167,\"caption\":\"VSN Media\"},\"image\":{\"@id\":\"https:\/\/hudo.com\/si\/#\/schema\/logo\/image\/\"},\"sameAs\":[\"https:\/\/www.facebook.com\/hudo.si\",\"https:\/\/twitter.com\/hudo_si\"]},{\"@type\":\"Person\",\"@id\":\"https:\/\/hudo.com\/si\/#\/schema\/person\/601cf3379633985b20f7e50f2bb47707\",\"name\":\"hudo\",\"image\":{\"@type\":\"ImageObject\",\"inLanguage\":\"sl-SI\",\"@id\":\"https:\/\/hudo.com\/si\/#\/schema\/person\/image\/\",\"url\":\"https:\/\/secure.gravatar.com\/avatar\/c4ca25fa72cace7a696b52ff5db9e095?s=96&d=mm&r=g\",\"contentUrl\":\"https:\/\/secure.gravatar.com\/avatar\/c4ca25fa72cace7a696b52ff5db9e095?s=96&d=mm&r=g\",\"caption\":\"hudo\"},\"url\":\"https:\/\/hudo.com\/si\/author\/hudo\/\"}]}<\/script>\n<!-- \/ Yoast SEO plugin. -->","yoast_head_json":{"title":"Reki Muri grozi ekolo\u0161ki propad zaradi gradnje kar osmih (!) hidroelektrarn - Hudo Slovenija","robots":{"index":"index","follow":"follow","max-snippet":"max-snippet:-1","max-image-preview":"max-image-preview:large","max-video-preview":"max-video-preview:-1"},"canonical":"https:\/\/hudo.com\/si\/aktualno\/mnenja\/reki-muri-grozi-ekoloski-propad-zaradi-gradnje-kar-osmih-hidroelektrarn\/","og_locale":"sl_SI","og_type":"article","og_title":"Reki Muri grozi ekolo\u0161ki propad zaradi gradnje kar osmih (!) hidroelektrarn - Hudo Slovenija","og_description":"WWF in nevladne organizacije pri\u010dele mednarodno peticijo proti uni\u010denju slovenskega dela \u00bbEvropske Amazonke\u00ab The post Reki Muri grozi ekolo\u0161ki propad zaradi gradnje kar osmih (!) hidroelektrarn appeared first on Mo\u0161ki.si.","og_url":"https:\/\/hudo.com\/si\/aktualno\/mnenja\/reki-muri-grozi-ekoloski-propad-zaradi-gradnje-kar-osmih-hidroelektrarn\/","og_site_name":"Hudo Slovenija","article_publisher":"https:\/\/www.facebook.com\/hudo.si","article_published_time":"2017-09-06T06:19:27+00:00","og_image":[{"width":1024,"height":682,"url":"https:\/\/hudo.com\/si\/wp-content\/uploads\/sites\/2\/2017\/09\/mura-pri-hrastje-mota-slov-2-g.-safarek-1024x682.jpg","type":"image\/jpeg"}],"author":"hudo","twitter_card":"summary_large_image","twitter_creator":"@hudo_si","twitter_site":"@hudo_si","twitter_misc":{"Written by":"hudo","Est. reading time":"4 minute"},"schema":{"@context":"https:\/\/schema.org","@graph":[{"@type":"Article","@id":"https:\/\/hudo.com\/si\/aktualno\/mnenja\/reki-muri-grozi-ekoloski-propad-zaradi-gradnje-kar-osmih-hidroelektrarn\/#article","isPartOf":{"@id":"https:\/\/hudo.com\/si\/aktualno\/mnenja\/reki-muri-grozi-ekoloski-propad-zaradi-gradnje-kar-osmih-hidroelektrarn\/"},"author":{"name":"hudo","@id":"https:\/\/hudo.com\/si\/#\/schema\/person\/601cf3379633985b20f7e50f2bb47707"},"headline":"Reki Muri grozi ekolo\u0161ki propad zaradi gradnje kar osmih (!) hidroelektrarn","datePublished":"2017-09-06T06:19:27+00:00","dateModified":"2017-09-06T06:19:27+00:00","mainEntityOfPage":{"@id":"https:\/\/hudo.com\/si\/aktualno\/mnenja\/reki-muri-grozi-ekoloski-propad-zaradi-gradnje-kar-osmih-hidroelektrarn\/"},"wordCount":838,"publisher":{"@id":"https:\/\/hudo.com\/si\/#organization"},"keywords":["ekologija","hidroelektrarne","reka Mura","Slovenija"],"articleSection":["Mnenja"],"inLanguage":"sl-SI"},{"@type":"WebPage","@id":"https:\/\/hudo.com\/si\/aktualno\/mnenja\/reki-muri-grozi-ekoloski-propad-zaradi-gradnje-kar-osmih-hidroelektrarn\/","url":"https:\/\/hudo.com\/si\/aktualno\/mnenja\/reki-muri-grozi-ekoloski-propad-zaradi-gradnje-kar-osmih-hidroelektrarn\/","name":"Reki Muri grozi ekolo\u0161ki propad zaradi gradnje kar osmih (!) hidroelektrarn - Hudo Slovenija","isPartOf":{"@id":"https:\/\/hudo.com\/si\/#website"},"datePublished":"2017-09-06T06:19:27+00:00","dateModified":"2017-09-06T06:19:27+00:00","breadcrumb":{"@id":"https:\/\/hudo.com\/si\/aktualno\/mnenja\/reki-muri-grozi-ekoloski-propad-zaradi-gradnje-kar-osmih-hidroelektrarn\/#breadcrumb"},"inLanguage":"sl-SI","potentialAction":[{"@type":"ReadAction","target":["https:\/\/hudo.com\/si\/aktualno\/mnenja\/reki-muri-grozi-ekoloski-propad-zaradi-gradnje-kar-osmih-hidroelektrarn\/"]}]},{"@type":"BreadcrumbList","@id":"https:\/\/hudo.com\/si\/aktualno\/mnenja\/reki-muri-grozi-ekoloski-propad-zaradi-gradnje-kar-osmih-hidroelektrarn\/#breadcrumb","itemListElement":[{"@type":"ListItem","position":1,"name":"Home","item":"https:\/\/hudo.com\/si\/"},{"@type":"ListItem","position":2,"name":"Reki Muri grozi ekolo\u0161ki propad zaradi gradnje kar osmih (!) hidroelektrarn"}]},{"@type":"WebSite","@id":"https:\/\/hudo.com\/si\/#website","url":"https:\/\/hudo.com\/si\/","name":"Hudo Slovenija","description":"Vse novice iz Slovenije in sveta","publisher":{"@id":"https:\/\/hudo.com\/si\/#organization"},"potentialAction":[{"@type":"SearchAction","target":{"@type":"EntryPoint","urlTemplate":"https:\/\/hudo.com\/si\/?s={search_term_string}"},"query-input":"required name=search_term_string"}],"inLanguage":"sl-SI"},{"@type":"Organization","@id":"https:\/\/hudo.com\/si\/#organization","name":"VSN Media","url":"https:\/\/hudo.com\/si\/","logo":{"@type":"ImageObject","inLanguage":"sl-SI","@id":"https:\/\/hudo.com\/si\/#\/schema\/logo\/image\/","url":"https:\/\/hudo.com\/si\/wp-content\/uploads\/sites\/2\/2021\/03\/hudo-app-2.png","contentUrl":"https:\/\/hudo.com\/si\/wp-content\/uploads\/sites\/2\/2021\/03\/hudo-app-2.png","width":2185,"height":2167,"caption":"VSN Media"},"image":{"@id":"https:\/\/hudo.com\/si\/#\/schema\/logo\/image\/"},"sameAs":["https:\/\/www.facebook.com\/hudo.si","https:\/\/twitter.com\/hudo_si"]},{"@type":"Person","@id":"https:\/\/hudo.com\/si\/#\/schema\/person\/601cf3379633985b20f7e50f2bb47707","name":"hudo","image":{"@type":"ImageObject","inLanguage":"sl-SI","@id":"https:\/\/hudo.com\/si\/#\/schema\/person\/image\/","url":"https:\/\/secure.gravatar.com\/avatar\/c4ca25fa72cace7a696b52ff5db9e095?s=96&d=mm&r=g","contentUrl":"https:\/\/secure.gravatar.com\/avatar\/c4ca25fa72cace7a696b52ff5db9e095?s=96&d=mm&r=g","caption":"hudo"},"url":"https:\/\/hudo.com\/si\/author\/hudo\/"}]}},"amp_enabled":true,"_links":{"self":[{"href":"https:\/\/hudo.com\/si\/wp-json\/wp\/v2\/posts\/295820"}],"collection":[{"href":"https:\/\/hudo.com\/si\/wp-json\/wp\/v2\/posts"}],"about":[{"href":"https:\/\/hudo.com\/si\/wp-json\/wp\/v2\/types\/post"}],"author":[{"embeddable":true,"href":"https:\/\/hudo.com\/si\/wp-json\/wp\/v2\/users\/1"}],"replies":[{"embeddable":true,"href":"https:\/\/hudo.com\/si\/wp-json\/wp\/v2\/comments?post=295820"}],"version-history":[{"count":0,"href":"https:\/\/hudo.com\/si\/wp-json\/wp\/v2\/posts\/295820\/revisions"}],"wp:attachment":[{"href":"https:\/\/hudo.com\/si\/wp-json\/wp\/v2\/media?parent=295820"}],"wp:term":[{"taxonomy":"category","embeddable":true,"href":"https:\/\/hudo.com\/si\/wp-json\/wp\/v2\/categories?post=295820"},{"taxonomy":"post_tag","embeddable":true,"href":"https:\/\/hudo.com\/si\/wp-json\/wp\/v2\/tags?post=295820"},{"taxonomy":"source","embeddable":true,"href":"https:\/\/hudo.com\/si\/wp-json\/wp\/v2\/source?post=295820"},{"taxonomy":"supertag","embeddable":true,"href":"https:\/\/hudo.com\/si\/wp-json\/wp\/v2\/supertag?post=295820"}],"curies":[{"name":"wp","href":"https:\/\/api.w.org\/{rel}","templated":true}]}}