{"id":296774,"date":"2017-09-08T13:41:00","date_gmt":"2017-09-08T11:41:00","guid":{"rendered":"http:\/\/hudo.com\/si\/?p=296774"},"modified":"2017-09-08T13:41:00","modified_gmt":"2017-09-08T11:41:00","slug":"ljudmila-novak-kot-prva-vlozila-kandidaturo-za-predsedniske-volitve","status":"publish","type":"post","link":"https:\/\/hudo.com\/si\/aktualno\/ljudmila-novak-kot-prva-vlozila-kandidaturo-za-predsedniske-volitve\/","title":{"rendered":"Ljudmila Novak kot prva vlo\u017eila kandidaturo za predsedni\u0161ke volitve"},"content":{"rendered":"<div class=\"text\">\n<p>Kot je napovedala Novakova, bo kot predsednica spro\u017eala razprave in se tudi z vlado pogovarjala o tem, kaj te\u017ei dr\u017eavljane in na katerih podro\u010djih na\u0161a dr\u017eava ni dovolj pravi\u010dna in uspe\u0161na. Prizadevala si bo, da bodo zakoni za vse enako veljali, prav tako tudi za uspe\u0161no Slovenijo, v kateri bodo mladi na\u0161li in izkoristili svoje prilo\u017enosti. &#8220;Mladi imajo ogromno znanja, idej, vizijo in ker si \u017eelim, da bi Slovenija postala ena od najbolj uspe\u0161nih dr\u017eav na svetu, za kar ima potenciale, si bom za to prizadevala,&#8221; je dejala.<\/p>\n<p>Izpostavila je, da ima kot \u017eena, dr\u017eavljanka, mati, babica in predsednica stranke rada ljudi, \u017eivljenje in domovino Slovenijo, zato meni, da je lahko dobra predsednica vseh dr\u017eavljanov.<\/p>\n<p>Na vpra\u0161anje, ali se kaj boji drugih tekmecev oz. predvsem tekmic, ki jih je po napovedih vse ve\u010d, je odgovorila: &#8220;Veselim se, da so se tudi druge \u017eenske odlo\u010dile za kandidaturo in da bodo imeli slovenski dr\u017eavljani veliko mo\u017enosti za izbiro. Dr\u017eavljani bodo pa izbrali nekoga, za katerega bodo menili, da je najbolj primeren ali primerna.&#8221; Novakova tudi glede na odzive dr\u017eavljanov pri\u010dakuje uvrstitev v drugi krog.<\/p>\n<p>Glede \u0161pekulacij, da bi ji lahko glasove kradla tudi Angelca Likovi\u010d, ki je napovedala kandidaturo s podporo Gibanja za otroke in dru\u017eine, je Novakova odgovorila, da nih\u010de nikomur ne krade glasov. &#8220;Volivci se pa\u010d odlo\u010dajo po svoji presoji in vsakdo ima pravico, da kandidira, \u010de izpolnjuje pogoje,&#8221; je dodala.<\/p>\n<p>Poleg NSi je sicer med parlamentarnimi strankami svojega kandidata za zdaj dolo\u010dila le SMC, svet stranke je v \u010detrtek podprl kandidaturo njihove ministrice Maje Makovec Bren\u010di\u010d. SD je napovedala podporo aktualnemu predsedniku republike Borutu Pahorju, v nekaterih drugih strankah so pojasnili, da na volitvah ne bodo nastopili s svojim kandidatom, odlo\u010ditev najve\u010dje opozicijske stranke, SDS, pa je pri\u010dakovati v soboto. Prav tako nastop na volitvah napoveduje ve\u010d kandidatov zunajparlamentarnih strank in neodvisnih kandidatov.<\/p>\n<\/div>\n","protected":false},"excerpt":{"rendered":"<p>Predsednica NSi Ljudmila Novak je v spremstvu svoje ekipe na Dr\u017eavno volilno komisijo danes kot prva vlo\u017eila kandidaturo za predsednico republike. Njena prednostna naloga na tej funkciji bo delovati za to, da bo Slovenija pravi\u010dna dr\u017eava, saj vedno znova sre\u010duje ljudi, ki ne verjamejo, da je pravi\u010dna, je dejala mesec in pol pred volitvami.<\/p>\n","protected":false},"author":5,"featured_media":142327,"comment_status":"closed","ping_status":"closed","sticky":false,"template":"","format":"standard","meta":{"footnotes":""},"categories":[1179],"tags":[6490,4631,4804,1595],"source":[4511],"supertag":[],"acf":[],"yoast_head":"<!-- This site is optimized with the Yoast SEO plugin v21.3 - https:\/\/yoast.com\/wordpress\/plugins\/seo\/ -->\n<title>Ljudmila Novak kot prva vlo\u017eila kandidaturo za predsedni\u0161ke volitve - Hudo Slovenija<\/title>\n<meta name=\"robots\" content=\"index, follow, max-snippet:-1, max-image-preview:large, max-video-preview:-1\" \/>\n<link rel=\"canonical\" href=\"https:\/\/hudo.com\/si\/aktualno\/ljudmila-novak-kot-prva-vlozila-kandidaturo-za-predsedniske-volitve\/\" \/>\n<meta property=\"og:locale\" content=\"sl_SI\" \/>\n<meta property=\"og:type\" content=\"article\" \/>\n<meta property=\"og:title\" content=\"Ljudmila Novak kot prva vlo\u017eila kandidaturo za predsedni\u0161ke volitve - Hudo Slovenija\" \/>\n<meta property=\"og:description\" content=\"Predsednica NSi Ljudmila Novak je v spremstvu svoje ekipe na Dr\u017eavno volilno komisijo danes kot prva vlo\u017eila kandidaturo za predsednico republike. Njena prednostna naloga na tej funkciji bo delovati za to, da bo Slovenija pravi\u010dna dr\u017eava, saj vedno znova sre\u010duje ljudi, ki ne verjamejo, da je pravi\u010dna, je dejala mesec in pol pred volitvami.\" \/>\n<meta property=\"og:url\" content=\"https:\/\/hudo.com\/si\/aktualno\/ljudmila-novak-kot-prva-vlozila-kandidaturo-za-predsedniske-volitve\/\" \/>\n<meta property=\"og:site_name\" content=\"Hudo Slovenija\" \/>\n<meta property=\"article:publisher\" content=\"https:\/\/www.facebook.com\/hudo.si\" \/>\n<meta property=\"article:published_time\" content=\"2017-09-08T11:41:00+00:00\" \/>\n<meta property=\"og:image\" content=\"https:\/\/hudo.com\/si\/wp-content\/uploads\/sites\/2\/2016\/09\/20160126-00664941.jpg\" \/>\n\t<meta property=\"og:image:width\" content=\"640\" \/>\n\t<meta property=\"og:image:height\" content=\"424\" \/>\n\t<meta property=\"og:image:type\" content=\"image\/jpeg\" \/>\n<meta name=\"author\" content=\"A. G., STA\" \/>\n<meta name=\"twitter:card\" content=\"summary_large_image\" \/>\n<meta name=\"twitter:creator\" content=\"@hudo_si\" \/>\n<meta name=\"twitter:site\" content=\"@hudo_si\" \/>\n<meta name=\"twitter:label1\" content=\"Written by\" \/>\n\t<meta name=\"twitter:data1\" content=\"A. G., STA\" \/>\n\t<meta name=\"twitter:label2\" content=\"Est. reading time\" \/>\n\t<meta name=\"twitter:data2\" content=\"2 minuti\" \/>\n<script type=\"application\/ld+json\" class=\"yoast-schema-graph\">{\"@context\":\"https:\/\/schema.org\",\"@graph\":[{\"@type\":\"Article\",\"@id\":\"https:\/\/hudo.com\/si\/aktualno\/ljudmila-novak-kot-prva-vlozila-kandidaturo-za-predsedniske-volitve\/#article\",\"isPartOf\":{\"@id\":\"https:\/\/hudo.com\/si\/aktualno\/ljudmila-novak-kot-prva-vlozila-kandidaturo-za-predsedniske-volitve\/\"},\"author\":{\"name\":\"A. G., STA\",\"@id\":\"https:\/\/hudo.com\/si\/#\/schema\/person\/2391667a63ea075ba94f2f2dc6b77537\"},\"headline\":\"Ljudmila Novak kot prva vlo\u017eila kandidaturo za predsedni\u0161ke volitve\",\"datePublished\":\"2017-09-08T11:41:00+00:00\",\"dateModified\":\"2017-09-08T11:41:00+00:00\",\"mainEntityOfPage\":{\"@id\":\"https:\/\/hudo.com\/si\/aktualno\/ljudmila-novak-kot-prva-vlozila-kandidaturo-za-predsedniske-volitve\/\"},\"wordCount\":345,\"publisher\":{\"@id\":\"https:\/\/hudo.com\/si\/#organization\"},\"keywords\":[\"Ljudmila Novak\",\"NSi\",\"predsedni\u0161ke volitve\",\"Slovenija\"],\"articleSection\":[\"Aktualno\"],\"inLanguage\":\"sl-SI\"},{\"@type\":\"WebPage\",\"@id\":\"https:\/\/hudo.com\/si\/aktualno\/ljudmila-novak-kot-prva-vlozila-kandidaturo-za-predsedniske-volitve\/\",\"url\":\"https:\/\/hudo.com\/si\/aktualno\/ljudmila-novak-kot-prva-vlozila-kandidaturo-za-predsedniske-volitve\/\",\"name\":\"Ljudmila Novak kot prva vlo\u017eila kandidaturo za predsedni\u0161ke volitve - Hudo Slovenija\",\"isPartOf\":{\"@id\":\"https:\/\/hudo.com\/si\/#website\"},\"datePublished\":\"2017-09-08T11:41:00+00:00\",\"dateModified\":\"2017-09-08T11:41:00+00:00\",\"breadcrumb\":{\"@id\":\"https:\/\/hudo.com\/si\/aktualno\/ljudmila-novak-kot-prva-vlozila-kandidaturo-za-predsedniske-volitve\/#breadcrumb\"},\"inLanguage\":\"sl-SI\",\"potentialAction\":[{\"@type\":\"ReadAction\",\"target\":[\"https:\/\/hudo.com\/si\/aktualno\/ljudmila-novak-kot-prva-vlozila-kandidaturo-za-predsedniske-volitve\/\"]}]},{\"@type\":\"BreadcrumbList\",\"@id\":\"https:\/\/hudo.com\/si\/aktualno\/ljudmila-novak-kot-prva-vlozila-kandidaturo-za-predsedniske-volitve\/#breadcrumb\",\"itemListElement\":[{\"@type\":\"ListItem\",\"position\":1,\"name\":\"Home\",\"item\":\"https:\/\/hudo.com\/si\/\"},{\"@type\":\"ListItem\",\"position\":2,\"name\":\"Ljudmila Novak kot prva vlo\u017eila kandidaturo za predsedni\u0161ke volitve\"}]},{\"@type\":\"WebSite\",\"@id\":\"https:\/\/hudo.com\/si\/#website\",\"url\":\"https:\/\/hudo.com\/si\/\",\"name\":\"Hudo Slovenija\",\"description\":\"Vse novice iz Slovenije in sveta\",\"publisher\":{\"@id\":\"https:\/\/hudo.com\/si\/#organization\"},\"potentialAction\":[{\"@type\":\"SearchAction\",\"target\":{\"@type\":\"EntryPoint\",\"urlTemplate\":\"https:\/\/hudo.com\/si\/?s={search_term_string}\"},\"query-input\":\"required name=search_term_string\"}],\"inLanguage\":\"sl-SI\"},{\"@type\":\"Organization\",\"@id\":\"https:\/\/hudo.com\/si\/#organization\",\"name\":\"VSN Media\",\"url\":\"https:\/\/hudo.com\/si\/\",\"logo\":{\"@type\":\"ImageObject\",\"inLanguage\":\"sl-SI\",\"@id\":\"https:\/\/hudo.com\/si\/#\/schema\/logo\/image\/\",\"url\":\"https:\/\/hudo.com\/si\/wp-content\/uploads\/sites\/2\/2021\/03\/hudo-app-2.png\",\"contentUrl\":\"https:\/\/hudo.com\/si\/wp-content\/uploads\/sites\/2\/2021\/03\/hudo-app-2.png\",\"width\":2185,\"height\":2167,\"caption\":\"VSN Media\"},\"image\":{\"@id\":\"https:\/\/hudo.com\/si\/#\/schema\/logo\/image\/\"},\"sameAs\":[\"https:\/\/www.facebook.com\/hudo.si\",\"https:\/\/twitter.com\/hudo_si\"]},{\"@type\":\"Person\",\"@id\":\"https:\/\/hudo.com\/si\/#\/schema\/person\/2391667a63ea075ba94f2f2dc6b77537\",\"name\":\"A. G., STA\",\"image\":{\"@type\":\"ImageObject\",\"inLanguage\":\"sl-SI\",\"@id\":\"https:\/\/hudo.com\/si\/#\/schema\/person\/image\/\",\"url\":\"https:\/\/secure.gravatar.com\/avatar\/e13d22ac3e442658d5025fbbe6238a79?s=96&d=mm&r=g\",\"contentUrl\":\"https:\/\/secure.gravatar.com\/avatar\/e13d22ac3e442658d5025fbbe6238a79?s=96&d=mm&r=g\",\"caption\":\"A. G., STA\"},\"url\":\"https:\/\/hudo.com\/si\/author\/alenka\/\"}]}<\/script>\n<!-- \/ Yoast SEO plugin. -->","yoast_head_json":{"title":"Ljudmila Novak kot prva vlo\u017eila kandidaturo za predsedni\u0161ke volitve - Hudo Slovenija","robots":{"index":"index","follow":"follow","max-snippet":"max-snippet:-1","max-image-preview":"max-image-preview:large","max-video-preview":"max-video-preview:-1"},"canonical":"https:\/\/hudo.com\/si\/aktualno\/ljudmila-novak-kot-prva-vlozila-kandidaturo-za-predsedniske-volitve\/","og_locale":"sl_SI","og_type":"article","og_title":"Ljudmila Novak kot prva vlo\u017eila kandidaturo za predsedni\u0161ke volitve - Hudo Slovenija","og_description":"Predsednica NSi Ljudmila Novak je v spremstvu svoje ekipe na Dr\u017eavno volilno komisijo danes kot prva vlo\u017eila kandidaturo za predsednico republike. Njena prednostna naloga na tej funkciji bo delovati za to, da bo Slovenija pravi\u010dna dr\u017eava, saj vedno znova sre\u010duje ljudi, ki ne verjamejo, da je pravi\u010dna, je dejala mesec in pol pred volitvami.","og_url":"https:\/\/hudo.com\/si\/aktualno\/ljudmila-novak-kot-prva-vlozila-kandidaturo-za-predsedniske-volitve\/","og_site_name":"Hudo Slovenija","article_publisher":"https:\/\/www.facebook.com\/hudo.si","article_published_time":"2017-09-08T11:41:00+00:00","og_image":[{"width":640,"height":424,"url":"https:\/\/hudo.com\/si\/wp-content\/uploads\/sites\/2\/2016\/09\/20160126-00664941.jpg","type":"image\/jpeg"}],"author":"A. G., STA","twitter_card":"summary_large_image","twitter_creator":"@hudo_si","twitter_site":"@hudo_si","twitter_misc":{"Written by":"A. G., STA","Est. reading time":"2 minuti"},"schema":{"@context":"https:\/\/schema.org","@graph":[{"@type":"Article","@id":"https:\/\/hudo.com\/si\/aktualno\/ljudmila-novak-kot-prva-vlozila-kandidaturo-za-predsedniske-volitve\/#article","isPartOf":{"@id":"https:\/\/hudo.com\/si\/aktualno\/ljudmila-novak-kot-prva-vlozila-kandidaturo-za-predsedniske-volitve\/"},"author":{"name":"A. G., STA","@id":"https:\/\/hudo.com\/si\/#\/schema\/person\/2391667a63ea075ba94f2f2dc6b77537"},"headline":"Ljudmila Novak kot prva vlo\u017eila kandidaturo za predsedni\u0161ke volitve","datePublished":"2017-09-08T11:41:00+00:00","dateModified":"2017-09-08T11:41:00+00:00","mainEntityOfPage":{"@id":"https:\/\/hudo.com\/si\/aktualno\/ljudmila-novak-kot-prva-vlozila-kandidaturo-za-predsedniske-volitve\/"},"wordCount":345,"publisher":{"@id":"https:\/\/hudo.com\/si\/#organization"},"keywords":["Ljudmila Novak","NSi","predsedni\u0161ke volitve","Slovenija"],"articleSection":["Aktualno"],"inLanguage":"sl-SI"},{"@type":"WebPage","@id":"https:\/\/hudo.com\/si\/aktualno\/ljudmila-novak-kot-prva-vlozila-kandidaturo-za-predsedniske-volitve\/","url":"https:\/\/hudo.com\/si\/aktualno\/ljudmila-novak-kot-prva-vlozila-kandidaturo-za-predsedniske-volitve\/","name":"Ljudmila Novak kot prva vlo\u017eila kandidaturo za predsedni\u0161ke volitve - Hudo Slovenija","isPartOf":{"@id":"https:\/\/hudo.com\/si\/#website"},"datePublished":"2017-09-08T11:41:00+00:00","dateModified":"2017-09-08T11:41:00+00:00","breadcrumb":{"@id":"https:\/\/hudo.com\/si\/aktualno\/ljudmila-novak-kot-prva-vlozila-kandidaturo-za-predsedniske-volitve\/#breadcrumb"},"inLanguage":"sl-SI","potentialAction":[{"@type":"ReadAction","target":["https:\/\/hudo.com\/si\/aktualno\/ljudmila-novak-kot-prva-vlozila-kandidaturo-za-predsedniske-volitve\/"]}]},{"@type":"BreadcrumbList","@id":"https:\/\/hudo.com\/si\/aktualno\/ljudmila-novak-kot-prva-vlozila-kandidaturo-za-predsedniske-volitve\/#breadcrumb","itemListElement":[{"@type":"ListItem","position":1,"name":"Home","item":"https:\/\/hudo.com\/si\/"},{"@type":"ListItem","position":2,"name":"Ljudmila Novak kot prva vlo\u017eila kandidaturo za predsedni\u0161ke volitve"}]},{"@type":"WebSite","@id":"https:\/\/hudo.com\/si\/#website","url":"https:\/\/hudo.com\/si\/","name":"Hudo Slovenija","description":"Vse novice iz Slovenije in sveta","publisher":{"@id":"https:\/\/hudo.com\/si\/#organization"},"potentialAction":[{"@type":"SearchAction","target":{"@type":"EntryPoint","urlTemplate":"https:\/\/hudo.com\/si\/?s={search_term_string}"},"query-input":"required name=search_term_string"}],"inLanguage":"sl-SI"},{"@type":"Organization","@id":"https:\/\/hudo.com\/si\/#organization","name":"VSN Media","url":"https:\/\/hudo.com\/si\/","logo":{"@type":"ImageObject","inLanguage":"sl-SI","@id":"https:\/\/hudo.com\/si\/#\/schema\/logo\/image\/","url":"https:\/\/hudo.com\/si\/wp-content\/uploads\/sites\/2\/2021\/03\/hudo-app-2.png","contentUrl":"https:\/\/hudo.com\/si\/wp-content\/uploads\/sites\/2\/2021\/03\/hudo-app-2.png","width":2185,"height":2167,"caption":"VSN Media"},"image":{"@id":"https:\/\/hudo.com\/si\/#\/schema\/logo\/image\/"},"sameAs":["https:\/\/www.facebook.com\/hudo.si","https:\/\/twitter.com\/hudo_si"]},{"@type":"Person","@id":"https:\/\/hudo.com\/si\/#\/schema\/person\/2391667a63ea075ba94f2f2dc6b77537","name":"A. G., STA","image":{"@type":"ImageObject","inLanguage":"sl-SI","@id":"https:\/\/hudo.com\/si\/#\/schema\/person\/image\/","url":"https:\/\/secure.gravatar.com\/avatar\/e13d22ac3e442658d5025fbbe6238a79?s=96&d=mm&r=g","contentUrl":"https:\/\/secure.gravatar.com\/avatar\/e13d22ac3e442658d5025fbbe6238a79?s=96&d=mm&r=g","caption":"A. G., STA"},"url":"https:\/\/hudo.com\/si\/author\/alenka\/"}]}},"amp_enabled":true,"_links":{"self":[{"href":"https:\/\/hudo.com\/si\/wp-json\/wp\/v2\/posts\/296774"}],"collection":[{"href":"https:\/\/hudo.com\/si\/wp-json\/wp\/v2\/posts"}],"about":[{"href":"https:\/\/hudo.com\/si\/wp-json\/wp\/v2\/types\/post"}],"author":[{"embeddable":true,"href":"https:\/\/hudo.com\/si\/wp-json\/wp\/v2\/users\/5"}],"replies":[{"embeddable":true,"href":"https:\/\/hudo.com\/si\/wp-json\/wp\/v2\/comments?post=296774"}],"version-history":[{"count":1,"href":"https:\/\/hudo.com\/si\/wp-json\/wp\/v2\/posts\/296774\/revisions"}],"predecessor-version":[{"id":296775,"href":"https:\/\/hudo.com\/si\/wp-json\/wp\/v2\/posts\/296774\/revisions\/296775"}],"wp:featuredmedia":[{"embeddable":true,"href":"https:\/\/hudo.com\/si\/wp-json\/wp\/v2\/media\/142327"}],"wp:attachment":[{"href":"https:\/\/hudo.com\/si\/wp-json\/wp\/v2\/media?parent=296774"}],"wp:term":[{"taxonomy":"category","embeddable":true,"href":"https:\/\/hudo.com\/si\/wp-json\/wp\/v2\/categories?post=296774"},{"taxonomy":"post_tag","embeddable":true,"href":"https:\/\/hudo.com\/si\/wp-json\/wp\/v2\/tags?post=296774"},{"taxonomy":"source","embeddable":true,"href":"https:\/\/hudo.com\/si\/wp-json\/wp\/v2\/source?post=296774"},{"taxonomy":"supertag","embeddable":true,"href":"https:\/\/hudo.com\/si\/wp-json\/wp\/v2\/supertag?post=296774"}],"curies":[{"name":"wp","href":"https:\/\/api.w.org\/{rel}","templated":true}]}}